{"id":124419,"date":"2020-10-15T11:24:47","date_gmt":"2020-10-15T14:24:47","guid":{"rendered":"https:\/\/experienciadevida.com.ar\/portalurbano\/?p=124419"},"modified":"2020-10-15T11:25:19","modified_gmt":"2020-10-15T14:25:19","slug":"el-ministro-de-desarrollo-social-arroyo-dio-indicios-sobre-la-continuidad-del-ife","status":"publish","type":"post","link":"https:\/\/experienciadevida.com.ar\/portalurbano\/el-ministro-de-desarrollo-social-arroyo-dio-indicios-sobre-la-continuidad-del-ife\/","title":{"rendered":"El Ministro de desarrollo social, Arroyo dio indicios sobre la continuidad del IFE"},"content":{"rendered":"<div class=\"td_block_wrap tdb_single_subtitle tdi_72_78e td-pb-border-top td_block_template_1\" data-td-block-uid=\"tdi_72_78e\">\n<div class=\"tdb-block-inner td-fix-index\">\n<p>El <strong>ministro de Desarrollo Social<\/strong> asegur\u00f3 que \u201cest\u00e1 el compromiso de acompa\u00f1ar a los que menos tienen\u201d.<\/p>\n<p>Si bien todav\u00eda no est\u00e1 definido si el Gobierno nacional implementar\u00e1 una cuarta entrega del Ingreso Familiar de Emergencia (IFE), Daniel Arroyo dio indicios de que podr\u00eda pagarse al asegurar que \u201cest\u00e1 el compromiso de acompa\u00f1ar a los que menos tienen\u201d.<\/p>\n<p>\u201cSe pagaron tres IFE, que llegaron a unas 9 millones de familias en toda la Argentina\u201d, dijo el\u00a0<strong>ministro de desarrollo social<\/strong>, Daniel Arroyo. En esta l\u00ednea, agreg\u00f3: \u201cEl compromiso del Presidente y de todo el Gobierno es acompa\u00f1ar a los que menos tienen, pero sobre todo entre 3 y 4 millones de argentinos que se quedaron sin ingreso en el marco de la pandemia\u201d.<\/p>\n<p>\u201cSobre ese sector hay que trabajar\u201d, resalt\u00f3 el <strong>ministro de desarrollo social<\/strong>, pero, en l\u00ednea con lo que dijeron todos los funcionarios del Gobierno en los \u00faltimos d\u00edas, sentenci\u00f3: \u201cNo est\u00e1 definido a\u00fan c\u00f3mo continuamos con el IFE\u201d.<\/p>\n<p>D\u00edas atr\u00e1s, el presidente Alberto Fern\u00e1ndez tambi\u00e9n mencion\u00f3 que el Gobierno a\u00fan eval\u00faa si habr\u00e1 un IFE 4. Mientras analizaba el incremento del d\u00e9ficit primario, el mandatario sostuvo: \u201cEs muy posible que crezca a fin de a\u00f1o porque todav\u00eda seguimos pagando ATP, asignaciones y estamos viendo si no hace falta un IFE 4 para terminar el a\u00f1o tranquilos\u201d.<\/p>\n<\/div>\n<p>A mediados de septiembre Fernanda Raverta, directora ejecutiva de la Anses, dijo que el pago de la cuarta etapa del bono de $10.000 \u201cse est\u00e1 discutiendo y no est\u00e1 confirmado\u201d. Sin embargo, la funcionaria agreg\u00f3 que \u201cestamos viendo distintas propuestas y hay que ver c\u00f3mo evoluciona\u201d.<\/p>\n<p>El IFE comenz\u00f3 a pagarse en abril, en medio de la cuarentena estricta. Llega a 9 millones de personas y ya tuvo tres ediciones, cada una con un beneficio de $ 10.000. La \u00faltima tanda termin\u00f3 de pagarse a fines de septiembre y desde entonces el Gobierno viene prometiendo que la definici\u00f3n acerca de si habr\u00e1 un IFE 4 es inminente.<\/p>\n<p>Hasta ahora el bono alcanz\u00f3 a titulares de la Asignaci\u00f3n Universal por Hijo (AUH), a los desocupados y trabajadores informales, a las empleadas dom\u00e9sticas, a los monotributistas A y B y a los beneficiarios del plan Progresar. Las tres tandas del IFE le demandaron al Estado un gasto de $ 270.000 millones.<\/p>\n<p>Fuente: DIB<\/p>\n<\/div>\n","protected":false},"excerpt":{"rendered":"<p>El ministro de Desarrollo Social asegur\u00f3 que \u201cest\u00e1 el compromiso de acompa\u00f1ar a los que&#8230;<\/p>\n","protected":false},"author":1,"featured_media":124420,"comment_status":"closed","ping_status":"closed","sticky":false,"template":"","format":"standard","meta":{"content-type":""},"categories":[39],"tags":[],"nelio_content":{"isAutoShareEnabled":false,"autoShareEndMode":"default","automationSources":{"useContentSentences":true,"useSocialTemplates":true,"useCustomSentences":false,"customSentences":[]},"followers":[1],"suggestedReferences":[],"includedReferences":[],"efiUrl":"","efiAlt":"","highlights":[]},"yoast_head":"<!-- This site is optimized with the Yoast SEO plugin v20.7 - https:\/\/yoast.com\/wordpress\/plugins\/seo\/ -->\n<title>El Ministro de desarrollo social dio indicios sobre la continuidad del IFE<\/title>\n<meta name=\"description\" content=\"El ministro de Desarrollo Social asegur\u00f3 que \u201cest\u00e1 el compromiso de acompa\u00f1ar a los que menos tienen\u201d, piensan el cuarto IFE.\" \/>\n<meta name=\"robots\" content=\"index, follow, max-snippet:-1, max-image-preview:large, max-video-preview:-1\" \/>\n<link rel=\"canonical\" href=\"https:\/\/experienciadevida.com.ar\/portalurbano\/el-ministro-de-desarrollo-social-arroyo-dio-indicios-sobre-la-continuidad-del-ife\/\" \/>\n<meta property=\"og:locale\" content=\"es_ES\" \/>\n<meta property=\"og:type\" content=\"article\" \/>\n<meta property=\"og:title\" content=\"El Ministro de desarrollo social dio indicios sobre la continuidad del IFE\" \/>\n<meta property=\"og:description\" content=\"El ministro de Desarrollo Social asegur\u00f3 que \u201cest\u00e1 el compromiso de acompa\u00f1ar a los que menos tienen\u201d, piensan el cuarto IFE.\" \/>\n<meta property=\"og:url\" content=\"https:\/\/experienciadevida.com.ar\/portalurbano\/el-ministro-de-desarrollo-social-arroyo-dio-indicios-sobre-la-continuidad-del-ife\/\" \/>\n<meta property=\"article:publisher\" content=\"https:\/\/www.facebook.com\/Portal-Urbano-171542830093757\/\" \/>\n<meta property=\"article:published_time\" content=\"2020-10-15T14:24:47+00:00\" \/>\n<meta property=\"article:modified_time\" content=\"2020-10-15T14:25:19+00:00\" \/>\n<meta property=\"og:image\" content=\"https:\/\/experienciadevida.com.ar\/portalurbano\/wp-content\/uploads\/2020\/10\/Ministro-de-desarrollo-social.jpg\" \/>\n\t<meta property=\"og:image:width\" content=\"696\" \/>\n\t<meta property=\"og:image:height\" content=\"464\" \/>\n\t<meta property=\"og:image:type\" content=\"image\/jpeg\" \/>\n<meta name=\"author\" content=\"admpu17wp\" \/>\n<meta name=\"twitter:card\" content=\"summary_large_image\" \/>\n<meta name=\"twitter:creator\" content=\"@portalurbanook\" \/>\n<meta name=\"twitter:site\" content=\"@portalurbanook\" \/>\n<meta name=\"twitter:label1\" content=\"Escrito por\" \/>\n\t<meta name=\"twitter:data1\" content=\"admpu17wp\" \/>\n\t<meta name=\"twitter:label2\" content=\"Tiempo de lectura\" \/>\n\t<meta name=\"twitter:data2\" content=\"2 minutos\" \/>\n<script type=\"application\/ld+json\" class=\"yoast-schema-graph\">{\"@context\":\"https:\/\/schema.org\",\"@graph\":[{\"@type\":\"Article\",\"@id\":\"https:\/\/experienciadevida.com.ar\/portalurbano\/el-ministro-de-desarrollo-social-arroyo-dio-indicios-sobre-la-continuidad-del-ife\/#article\",\"isPartOf\":{\"@id\":\"https:\/\/experienciadevida.com.ar\/portalurbano\/el-ministro-de-desarrollo-social-arroyo-dio-indicios-sobre-la-continuidad-del-ife\/\"},\"author\":{\"name\":\"admpu17wp\",\"@id\":\"https:\/\/experienciadevida.com.ar\/portalurbano\/#\/schema\/person\/02dd326b1c4b056e9cc972486934a3a7\"},\"headline\":\"El Ministro de desarrollo social, Arroyo dio indicios sobre la continuidad del IFE\",\"datePublished\":\"2020-10-15T14:24:47+00:00\",\"dateModified\":\"2020-10-15T14:25:19+00:00\",\"mainEntityOfPage\":{\"@id\":\"https:\/\/experienciadevida.com.ar\/portalurbano\/el-ministro-de-desarrollo-social-arroyo-dio-indicios-sobre-la-continuidad-del-ife\/\"},\"wordCount\":405,\"publisher\":{\"@id\":\"https:\/\/experienciadevida.com.ar\/portalurbano\/#organization\"},\"articleSection\":[\"Naci\u00f3n\"],\"inLanguage\":\"es\"},{\"@type\":\"WebPage\",\"@id\":\"https:\/\/experienciadevida.com.ar\/portalurbano\/el-ministro-de-desarrollo-social-arroyo-dio-indicios-sobre-la-continuidad-del-ife\/\",\"url\":\"https:\/\/experienciadevida.com.ar\/portalurbano\/el-ministro-de-desarrollo-social-arroyo-dio-indicios-sobre-la-continuidad-del-ife\/\",\"name\":\"El Ministro de desarrollo social dio indicios sobre la continuidad del IFE\",\"isPartOf\":{\"@id\":\"https:\/\/experienciadevida.com.ar\/portalurbano\/#website\"},\"datePublished\":\"2020-10-15T14:24:47+00:00\",\"dateModified\":\"2020-10-15T14:25:19+00:00\",\"description\":\"El ministro de Desarrollo Social asegur\u00f3 que \u201cest\u00e1 el compromiso de acompa\u00f1ar a los que menos tienen\u201d, piensan el cuarto IFE.\",\"breadcrumb\":{\"@id\":\"https:\/\/experienciadevida.com.ar\/portalurbano\/el-ministro-de-desarrollo-social-arroyo-dio-indicios-sobre-la-continuidad-del-ife\/#breadcrumb\"},\"inLanguage\":\"es\",\"potentialAction\":[{\"@type\":\"ReadAction\",\"target\":[\"https:\/\/experienciadevida.com.ar\/portalurbano\/el-ministro-de-desarrollo-social-arroyo-dio-indicios-sobre-la-continuidad-del-ife\/\"]}]},{\"@type\":\"BreadcrumbList\",\"@id\":\"https:\/\/experienciadevida.com.ar\/portalurbano\/el-ministro-de-desarrollo-social-arroyo-dio-indicios-sobre-la-continuidad-del-ife\/#breadcrumb\",\"itemListElement\":[{\"@type\":\"ListItem\",\"position\":1,\"name\":\"Portada\",\"item\":\"https:\/\/experienciadevida.com.ar\/portalurbano\/\"},{\"@type\":\"ListItem\",\"position\":2,\"name\":\"El Ministro de desarrollo social, Arroyo dio indicios sobre la continuidad del IFE\"}]},{\"@type\":\"WebSite\",\"@id\":\"https:\/\/experienciadevida.com.ar\/portalurbano\/#website\",\"url\":\"https:\/\/experienciadevida.com.ar\/portalurbano\/\",\"name\":\"\",\"description\":\"\",\"publisher\":{\"@id\":\"https:\/\/experienciadevida.com.ar\/portalurbano\/#organization\"},\"potentialAction\":[{\"@type\":\"SearchAction\",\"target\":{\"@type\":\"EntryPoint\",\"urlTemplate\":\"https:\/\/experienciadevida.com.ar\/portalurbano\/?s={search_term_string}\"},\"query-input\":\"required name=search_term_string\"}],\"inLanguage\":\"es\"},{\"@type\":\"Organization\",\"@id\":\"https:\/\/experienciadevida.com.ar\/portalurbano\/#organization\",\"name\":\"Portal Urbano\",\"url\":\"https:\/\/experienciadevida.com.ar\/portalurbano\/\",\"logo\":{\"@type\":\"ImageObject\",\"inLanguage\":\"es\",\"@id\":\"https:\/\/experienciadevida.com.ar\/portalurbano\/#\/schema\/logo\/image\/\",\"url\":\"https:\/\/experienciadevida.com.ar\/portalurbano\/wp-content\/uploads\/2019\/09\/Logo-Original.png\",\"contentUrl\":\"https:\/\/experienciadevida.com.ar\/portalurbano\/wp-content\/uploads\/2019\/09\/Logo-Original.png\",\"width\":2236,\"height\":1216,\"caption\":\"Portal Urbano\"},\"image\":{\"@id\":\"https:\/\/experienciadevida.com.ar\/portalurbano\/#\/schema\/logo\/image\/\"},\"sameAs\":[\"https:\/\/www.facebook.com\/Portal-Urbano-171542830093757\/\",\"https:\/\/twitter.com\/portalurbanook\",\"https:\/\/www.instagram.com\/_portalurbano\/\",\"https:\/\/www.youtube.com\/channel\/UCXhagIfszH8KxFiOok79zbA?view_as=subscriber\"]},{\"@type\":\"Person\",\"@id\":\"https:\/\/experienciadevida.com.ar\/portalurbano\/#\/schema\/person\/02dd326b1c4b056e9cc972486934a3a7\",\"name\":\"admpu17wp\",\"image\":{\"@type\":\"ImageObject\",\"inLanguage\":\"es\",\"@id\":\"https:\/\/experienciadevida.com.ar\/portalurbano\/#\/schema\/person\/image\/\",\"url\":\"https:\/\/secure.gravatar.com\/avatar\/830d4c57adaae6630765e449a6908047?s=96&d=mm&r=g\",\"contentUrl\":\"https:\/\/secure.gravatar.com\/avatar\/830d4c57adaae6630765e449a6908047?s=96&d=mm&r=g\",\"caption\":\"admpu17wp\"}}]}<\/script>\n<!-- \/ Yoast SEO plugin. -->","yoast_head_json":{"title":"El Ministro de desarrollo social dio indicios sobre la continuidad del IFE","description":"El ministro de Desarrollo Social asegur\u00f3 que \u201cest\u00e1 el compromiso de acompa\u00f1ar a los que menos tienen\u201d, piensan el cuarto IFE.","robots":{"index":"index","follow":"follow","max-snippet":"max-snippet:-1","max-image-preview":"max-image-preview:large","max-video-preview":"max-video-preview:-1"},"canonical":"https:\/\/experienciadevida.com.ar\/portalurbano\/el-ministro-de-desarrollo-social-arroyo-dio-indicios-sobre-la-continuidad-del-ife\/","og_locale":"es_ES","og_type":"article","og_title":"El Ministro de desarrollo social dio indicios sobre la continuidad del IFE","og_description":"El ministro de Desarrollo Social asegur\u00f3 que \u201cest\u00e1 el compromiso de acompa\u00f1ar a los que menos tienen\u201d, piensan el cuarto IFE.","og_url":"https:\/\/experienciadevida.com.ar\/portalurbano\/el-ministro-de-desarrollo-social-arroyo-dio-indicios-sobre-la-continuidad-del-ife\/","article_publisher":"https:\/\/www.facebook.com\/Portal-Urbano-171542830093757\/","article_published_time":"2020-10-15T14:24:47+00:00","article_modified_time":"2020-10-15T14:25:19+00:00","og_image":[{"width":696,"height":464,"url":"https:\/\/experienciadevida.com.ar\/portalurbano\/wp-content\/uploads\/2020\/10\/Ministro-de-desarrollo-social.jpg","type":"image\/jpeg"}],"author":"admpu17wp","twitter_card":"summary_large_image","twitter_creator":"@portalurbanook","twitter_site":"@portalurbanook","twitter_misc":{"Escrito por":"admpu17wp","Tiempo de lectura":"2 minutos"},"schema":{"@context":"https:\/\/schema.org","@graph":[{"@type":"Article","@id":"https:\/\/experienciadevida.com.ar\/portalurbano\/el-ministro-de-desarrollo-social-arroyo-dio-indicios-sobre-la-continuidad-del-ife\/#article","isPartOf":{"@id":"https:\/\/experienciadevida.com.ar\/portalurbano\/el-ministro-de-desarrollo-social-arroyo-dio-indicios-sobre-la-continuidad-del-ife\/"},"author":{"name":"admpu17wp","@id":"https:\/\/experienciadevida.com.ar\/portalurbano\/#\/schema\/person\/02dd326b1c4b056e9cc972486934a3a7"},"headline":"El Ministro de desarrollo social, Arroyo dio indicios sobre la continuidad del IFE","datePublished":"2020-10-15T14:24:47+00:00","dateModified":"2020-10-15T14:25:19+00:00","mainEntityOfPage":{"@id":"https:\/\/experienciadevida.com.ar\/portalurbano\/el-ministro-de-desarrollo-social-arroyo-dio-indicios-sobre-la-continuidad-del-ife\/"},"wordCount":405,"publisher":{"@id":"https:\/\/experienciadevida.com.ar\/portalurbano\/#organization"},"articleSection":["Naci\u00f3n"],"inLanguage":"es"},{"@type":"WebPage","@id":"https:\/\/experienciadevida.com.ar\/portalurbano\/el-ministro-de-desarrollo-social-arroyo-dio-indicios-sobre-la-continuidad-del-ife\/","url":"https:\/\/experienciadevida.com.ar\/portalurbano\/el-ministro-de-desarrollo-social-arroyo-dio-indicios-sobre-la-continuidad-del-ife\/","name":"El Ministro de desarrollo social dio indicios sobre la continuidad del IFE","isPartOf":{"@id":"https:\/\/experienciadevida.com.ar\/portalurbano\/#website"},"datePublished":"2020-10-15T14:24:47+00:00","dateModified":"2020-10-15T14:25:19+00:00","description":"El ministro de Desarrollo Social asegur\u00f3 que \u201cest\u00e1 el compromiso de acompa\u00f1ar a los que menos tienen\u201d, piensan el cuarto IFE.","breadcrumb":{"@id":"https:\/\/experienciadevida.com.ar\/portalurbano\/el-ministro-de-desarrollo-social-arroyo-dio-indicios-sobre-la-continuidad-del-ife\/#breadcrumb"},"inLanguage":"es","potentialAction":[{"@type":"ReadAction","target":["https:\/\/experienciadevida.com.ar\/portalurbano\/el-ministro-de-desarrollo-social-arroyo-dio-indicios-sobre-la-continuidad-del-ife\/"]}]},{"@type":"BreadcrumbList","@id":"https:\/\/experienciadevida.com.ar\/portalurbano\/el-ministro-de-desarrollo-social-arroyo-dio-indicios-sobre-la-continuidad-del-ife\/#breadcrumb","itemListElement":[{"@type":"ListItem","position":1,"name":"Portada","item":"https:\/\/experienciadevida.com.ar\/portalurbano\/"},{"@type":"ListItem","position":2,"name":"El Ministro de desarrollo social, Arroyo dio indicios sobre la continuidad del IFE"}]},{"@type":"WebSite","@id":"https:\/\/experienciadevida.com.ar\/portalurbano\/#website","url":"https:\/\/experienciadevida.com.ar\/portalurbano\/","name":"","description":"","publisher":{"@id":"https:\/\/experienciadevida.com.ar\/portalurbano\/#organization"},"potentialAction":[{"@type":"SearchAction","target":{"@type":"EntryPoint","urlTemplate":"https:\/\/experienciadevida.com.ar\/portalurbano\/?s={search_term_string}"},"query-input":"required name=search_term_string"}],"inLanguage":"es"},{"@type":"Organization","@id":"https:\/\/experienciadevida.com.ar\/portalurbano\/#organization","name":"Portal Urbano","url":"https:\/\/experienciadevida.com.ar\/portalurbano\/","logo":{"@type":"ImageObject","inLanguage":"es","@id":"https:\/\/experienciadevida.com.ar\/portalurbano\/#\/schema\/logo\/image\/","url":"https:\/\/experienciadevida.com.ar\/portalurbano\/wp-content\/uploads\/2019\/09\/Logo-Original.png","contentUrl":"https:\/\/experienciadevida.com.ar\/portalurbano\/wp-content\/uploads\/2019\/09\/Logo-Original.png","width":2236,"height":1216,"caption":"Portal Urbano"},"image":{"@id":"https:\/\/experienciadevida.com.ar\/portalurbano\/#\/schema\/logo\/image\/"},"sameAs":["https:\/\/www.facebook.com\/Portal-Urbano-171542830093757\/","https:\/\/twitter.com\/portalurbanook","https:\/\/www.instagram.com\/_portalurbano\/","https:\/\/www.youtube.com\/channel\/UCXhagIfszH8KxFiOok79zbA?view_as=subscriber"]},{"@type":"Person","@id":"https:\/\/experienciadevida.com.ar\/portalurbano\/#\/schema\/person\/02dd326b1c4b056e9cc972486934a3a7","name":"admpu17wp","image":{"@type":"ImageObject","inLanguage":"es","@id":"https:\/\/experienciadevida.com.ar\/portalurbano\/#\/schema\/person\/image\/","url":"https:\/\/secure.gravatar.com\/avatar\/830d4c57adaae6630765e449a6908047?s=96&d=mm&r=g","contentUrl":"https:\/\/secure.gravatar.com\/avatar\/830d4c57adaae6630765e449a6908047?s=96&d=mm&r=g","caption":"admpu17wp"}}]}},"featured_image_urls":{"full":["https:\/\/experienciadevida.com.ar\/portalurbano\/wp-content\/uploads\/2020\/10\/Ministro-de-desarrollo-social.jpg",696,464,false],"thumbnail":["https:\/\/experienciadevida.com.ar\/portalurbano\/wp-content\/uploads\/2020\/10\/Ministro-de-desarrollo-social-150x150.jpg",150,150,true],"medium":["https:\/\/experienciadevida.com.ar\/portalurbano\/wp-content\/uploads\/2020\/10\/Ministro-de-desarrollo-social-300x200.jpg",300,200,true],"medium_large":["https:\/\/experienciadevida.com.ar\/portalurbano\/wp-content\/uploads\/2020\/10\/Ministro-de-desarrollo-social.jpg",640,427,false],"large":["https:\/\/experienciadevida.com.ar\/portalurbano\/wp-content\/uploads\/2020\/10\/Ministro-de-desarrollo-social.jpg",640,427,false],"ug_big":["https:\/\/experienciadevida.com.ar\/portalurbano\/wp-content\/uploads\/2020\/10\/Ministro-de-desarrollo-social.jpg",696,464,false],"1536x1536":["https:\/\/experienciadevida.com.ar\/portalurbano\/wp-content\/uploads\/2020\/10\/Ministro-de-desarrollo-social.jpg",696,464,false],"2048x2048":["https:\/\/experienciadevida.com.ar\/portalurbano\/wp-content\/uploads\/2020\/10\/Ministro-de-desarrollo-social.jpg",696,464,false],"newsever-slider-full":["https:\/\/experienciadevida.com.ar\/portalurbano\/wp-content\/uploads\/2020\/10\/Ministro-de-desarrollo-social.jpg",696,464,false],"newsever-featured":["https:\/\/experienciadevida.com.ar\/portalurbano\/wp-content\/uploads\/2020\/10\/Ministro-de-desarrollo-social.jpg",696,464,false],"newsever-medium":["https:\/\/experienciadevida.com.ar\/portalurbano\/wp-content\/uploads\/2020\/10\/Ministro-de-desarrollo-social.jpg",696,464,false],"web-stories-poster-portrait":["https:\/\/experienciadevida.com.ar\/portalurbano\/wp-content\/uploads\/2020\/10\/Ministro-de-desarrollo-social.jpg",640,427,false],"web-stories-publisher-logo":["https:\/\/experienciadevida.com.ar\/portalurbano\/wp-content\/uploads\/2020\/10\/Ministro-de-desarrollo-social.jpg",96,64,false],"web-stories-thumbnail":["https:\/\/experienciadevida.com.ar\/portalurbano\/wp-content\/uploads\/2020\/10\/Ministro-de-desarrollo-social.jpg",150,100,false]},"author_info":{"display_name":"admpu17wp","author_link":"https:\/\/experienciadevida.com.ar\/portalurbano\/author\/admpu17wp\/"},"category_info":"<a href=\"https:\/\/experienciadevida.com.ar\/portalurbano\/category\/nacion\/\" rel=\"category tag\">Naci\u00f3n<\/a>","tag_info":"Naci\u00f3n","comment_count":"0","amp_enabled":true,"_links":{"self":[{"href":"https:\/\/experienciadevida.com.ar\/portalurbano\/wp-json\/wp\/v2\/posts\/124419"}],"collection":[{"href":"https:\/\/experienciadevida.com.ar\/portalurbano\/wp-json\/wp\/v2\/posts"}],"about":[{"href":"https:\/\/experienciadevida.com.ar\/portalurbano\/wp-json\/wp\/v2\/types\/post"}],"author":[{"embeddable":true,"href":"https:\/\/experienciadevida.com.ar\/portalurbano\/wp-json\/wp\/v2\/users\/1"}],"replies":[{"embeddable":true,"href":"https:\/\/experienciadevida.com.ar\/portalurbano\/wp-json\/wp\/v2\/comments?post=124419"}],"version-history":[{"count":2,"href":"https:\/\/experienciadevida.com.ar\/portalurbano\/wp-json\/wp\/v2\/posts\/124419\/revisions"}],"predecessor-version":[{"id":124422,"href":"https:\/\/experienciadevida.com.ar\/portalurbano\/wp-json\/wp\/v2\/posts\/124419\/revisions\/124422"}],"wp:featuredmedia":[{"embeddable":true,"href":"https:\/\/experienciadevida.com.ar\/portalurbano\/wp-json\/wp\/v2\/media\/124420"}],"wp:attachment":[{"href":"https:\/\/experienciadevida.com.ar\/portalurbano\/wp-json\/wp\/v2\/media?parent=124419"}],"wp:term":[{"taxonomy":"category","embeddable":true,"href":"https:\/\/experienciadevida.com.ar\/portalurbano\/wp-json\/wp\/v2\/categories?post=124419"},{"taxonomy":"post_tag","embeddable":true,"href":"https:\/\/experienciadevida.com.ar\/portalurbano\/wp-json\/wp\/v2\/tags?post=124419"}],"curies":[{"name":"wp","href":"https:\/\/api.w.org\/{rel}","templated":true}]}}