{"id":124359,"date":"2020-10-14T17:53:10","date_gmt":"2020-10-14T20:53:10","guid":{"rendered":"https:\/\/experienciadevida.com.ar\/portalurbano\/?p=124359"},"modified":"2020-10-14T17:53:41","modified_gmt":"2020-10-14T20:53:41","slug":"el-ministro-mario-meoni-anuncio-el-retorno-de-los-vuelos-de-cabotaje","status":"publish","type":"post","link":"https:\/\/experienciadevida.com.ar\/portalurbano\/el-ministro-mario-meoni-anuncio-el-retorno-de-los-vuelos-de-cabotaje\/","title":{"rendered":"El ministro Mario Meoni anunci\u00f3 el retorno de los vuelos de cabotaje"},"content":{"rendered":"<p>El Ministerio Mario Meoni anunci\u00f3 el retorno de los\u00a0<strong>vuelos de cabotaje<\/strong>, tendr\u00e1n prioridad personal sanitario y personas que deban realizarse tratamientos m\u00e9dicos. Las frecuencias ir\u00e1n aumentando paulatinamente.<\/p>\n<p>El ministro de Transporte, Mario Meoni anunci\u00f3 hoy oficialmente el retorno de los vuelos regulares dentro del pa\u00eds a partir de la publicaci\u00f3n de la respectiva resoluci\u00f3n, lo que se estar\u00e1 concretando ma\u00f1ana o a m\u00e1s tardar el viernes.<\/p>\n<p>El anuncio lo formul\u00f3 el funcionario esta tarde en el Aeroparque Jorge Newbery, acompa\u00f1ado por el Ministro de Turismo, Mat\u00edas Lammens; la Ministra de Seguridad, Sabrina Frederic y la titular de la Administraci\u00f3n Nacional de Aviaci\u00f3n Civil (ANAC).<\/p>\n<p>La prioridad de los <strong>vuelos de cabotaje<\/strong> ser\u00e1 para \u201cpersonal sanitario y personas que deban viajar pare realizarse tratamientos m\u00e9dicos, junto con sus acompa\u00f1antes si fuera necesario\u201d.<\/p>\n<p>La frecuencia de <strong>vuelos de cabotaje<\/strong> ir\u00e1 creciendo de forma paulatina. \u201cPre pandemia hab\u00eda 2.700 viajes que sal\u00edan todos los d\u00edas dela Ciudad de Buenos Aires, esas frecuencias se ir\u00e1n aumentando en funci\u00f3n de la habilitaci\u00f3n que vayan dando las autoridades de las distintas provincias\u201d, explic\u00f3 Meoni.<\/p>\n<p>\u201cEst\u00e1 todo dispuesto en Argentina para volver a tener conectividad, entendiendo que estamos en una situaci\u00f3n cr\u00edtica en algunos lugares por la pandemia pero en muchos otros lugares como el AMBA la situaci\u00f3n epidemiol\u00f3gica tiende a mejorar notoriamente\u201d, preci\u00f3 el ministro.<\/p>\n<p>Por su parte, la Ministra Frederic agradeci\u00f3 el trabajo de la Polic\u00eda de Seguridad Aeroportuaria \u201cque en todo momento estuvo a la altura de las circunstancias\u201d respecto a la pandemia, as\u00ed tambi\u00e9n por \u201csu colaboraci\u00f3n en la elaboraci\u00f3n de los protocolos para dar inicio a los <strong>vuelos de cabotaje<\/strong>\u201d.<\/p>\n<p>Frederic aprovech\u00f3 para anunciar el blanqueo del salario de esta fuerza, que ven\u00eda manteniendo un reclamo, y dijo que tendr\u00e1 el mismo proceso que el del resto de las fuerzas federales. La Ministra dese\u00f3 que esto \u201csalga lo mejor posible\u201d para reacticvar las actividades econ\u00f3micas en el pa\u00eds.<\/p>\n<p>Lammens subray\u00f3 \u201cla importancia de este d\u00eda\u201d y se\u00f1al\u00f3 que es \u201cun gran paso adelante\u201d a pesar de que todav\u00eda no puedan viajar turistas. El Ministro de Turismo recalc\u00f3 lo importante que ha sido \u201cel desarrollo de los protocolos para que no haya ning\u00fan tipo de riesgo de contagio para quienes tomen los vuelos a partir de ahora\u201d, ni para los turistas cuando puedan llegar a hacerlo en un futuro. \u201cUn pa\u00eds como el nuestro necesita estar conectado y nos invita a pensar en un panorama de pos pandemia\u201d, reflexion\u00f3 Lammens.<\/p>\n<p>Fuente: DIB<\/p>\n","protected":false},"excerpt":{"rendered":"<p>El Ministerio Mario Meoni anunci\u00f3 el retorno de los\u00a0vuelos de cabotaje, tendr\u00e1n prioridad personal sanitario&#8230;<\/p>\n","protected":false},"author":1,"featured_media":124360,"comment_status":"closed","ping_status":"closed","sticky":false,"template":"","format":"standard","meta":{"content-type":""},"categories":[39],"tags":[],"nelio_content":{"isAutoShareEnabled":false,"autoShareEndMode":"default","automationSources":{"useContentSentences":true,"useSocialTemplates":true,"useCustomSentences":false,"customSentences":[]},"followers":[1],"suggestedReferences":[],"includedReferences":[],"efiUrl":"","efiAlt":"","highlights":[]},"yoast_head":"<!-- This site is optimized with the Yoast SEO plugin v20.7 - https:\/\/yoast.com\/wordpress\/plugins\/seo\/ -->\n<title>El Ministro Meoni anunci\u00f3 el retorno de los vuelos de cabotaje<\/title>\n<meta name=\"description\" content=\"Mario Meoni anunci\u00f3 el retorno de los\u00a0vuelos de cabotaje, tendr\u00e1n prioridad personal sanitario y personas que hagan un tratamiento.\" \/>\n<meta name=\"robots\" content=\"index, follow, max-snippet:-1, max-image-preview:large, max-video-preview:-1\" \/>\n<link rel=\"canonical\" href=\"https:\/\/experienciadevida.com.ar\/portalurbano\/el-ministro-mario-meoni-anuncio-el-retorno-de-los-vuelos-de-cabotaje\/\" \/>\n<meta property=\"og:locale\" content=\"es_ES\" \/>\n<meta property=\"og:type\" content=\"article\" \/>\n<meta property=\"og:title\" content=\"El Ministro Meoni anunci\u00f3 el retorno de los vuelos de cabotaje\" \/>\n<meta property=\"og:description\" content=\"Mario Meoni anunci\u00f3 el retorno de los\u00a0vuelos de cabotaje, tendr\u00e1n prioridad personal sanitario y personas que hagan un tratamiento.\" \/>\n<meta property=\"og:url\" content=\"https:\/\/experienciadevida.com.ar\/portalurbano\/el-ministro-mario-meoni-anuncio-el-retorno-de-los-vuelos-de-cabotaje\/\" \/>\n<meta property=\"article:publisher\" content=\"https:\/\/www.facebook.com\/Portal-Urbano-171542830093757\/\" \/>\n<meta property=\"article:published_time\" content=\"2020-10-14T20:53:10+00:00\" \/>\n<meta property=\"article:modified_time\" content=\"2020-10-14T20:53:41+00:00\" \/>\n<meta property=\"og:image\" content=\"https:\/\/experienciadevida.com.ar\/portalurbano\/wp-content\/uploads\/2020\/10\/Vuelos-de-cabotaje.png\" \/>\n\t<meta property=\"og:image:width\" content=\"696\" \/>\n\t<meta property=\"og:image:height\" content=\"392\" \/>\n\t<meta property=\"og:image:type\" content=\"image\/png\" \/>\n<meta name=\"author\" content=\"admpu17wp\" \/>\n<meta name=\"twitter:card\" content=\"summary_large_image\" \/>\n<meta name=\"twitter:creator\" content=\"@portalurbanook\" \/>\n<meta name=\"twitter:site\" content=\"@portalurbanook\" \/>\n<meta name=\"twitter:label1\" content=\"Escrito por\" \/>\n\t<meta name=\"twitter:data1\" content=\"admpu17wp\" \/>\n\t<meta name=\"twitter:label2\" content=\"Tiempo de lectura\" \/>\n\t<meta name=\"twitter:data2\" content=\"2 minutos\" \/>\n<script type=\"application\/ld+json\" class=\"yoast-schema-graph\">{\"@context\":\"https:\/\/schema.org\",\"@graph\":[{\"@type\":\"Article\",\"@id\":\"https:\/\/experienciadevida.com.ar\/portalurbano\/el-ministro-mario-meoni-anuncio-el-retorno-de-los-vuelos-de-cabotaje\/#article\",\"isPartOf\":{\"@id\":\"https:\/\/experienciadevida.com.ar\/portalurbano\/el-ministro-mario-meoni-anuncio-el-retorno-de-los-vuelos-de-cabotaje\/\"},\"author\":{\"name\":\"admpu17wp\",\"@id\":\"https:\/\/experienciadevida.com.ar\/portalurbano\/#\/schema\/person\/02dd326b1c4b056e9cc972486934a3a7\"},\"headline\":\"El ministro Mario Meoni anunci\u00f3 el retorno de los vuelos de cabotaje\",\"datePublished\":\"2020-10-14T20:53:10+00:00\",\"dateModified\":\"2020-10-14T20:53:41+00:00\",\"mainEntityOfPage\":{\"@id\":\"https:\/\/experienciadevida.com.ar\/portalurbano\/el-ministro-mario-meoni-anuncio-el-retorno-de-los-vuelos-de-cabotaje\/\"},\"wordCount\":457,\"publisher\":{\"@id\":\"https:\/\/experienciadevida.com.ar\/portalurbano\/#organization\"},\"articleSection\":[\"Naci\u00f3n\"],\"inLanguage\":\"es\"},{\"@type\":\"WebPage\",\"@id\":\"https:\/\/experienciadevida.com.ar\/portalurbano\/el-ministro-mario-meoni-anuncio-el-retorno-de-los-vuelos-de-cabotaje\/\",\"url\":\"https:\/\/experienciadevida.com.ar\/portalurbano\/el-ministro-mario-meoni-anuncio-el-retorno-de-los-vuelos-de-cabotaje\/\",\"name\":\"El Ministro Meoni anunci\u00f3 el retorno de los vuelos de cabotaje\",\"isPartOf\":{\"@id\":\"https:\/\/experienciadevida.com.ar\/portalurbano\/#website\"},\"datePublished\":\"2020-10-14T20:53:10+00:00\",\"dateModified\":\"2020-10-14T20:53:41+00:00\",\"description\":\"Mario Meoni anunci\u00f3 el retorno de los\u00a0vuelos de cabotaje, tendr\u00e1n prioridad personal sanitario y personas que hagan un tratamiento.\",\"breadcrumb\":{\"@id\":\"https:\/\/experienciadevida.com.ar\/portalurbano\/el-ministro-mario-meoni-anuncio-el-retorno-de-los-vuelos-de-cabotaje\/#breadcrumb\"},\"inLanguage\":\"es\",\"potentialAction\":[{\"@type\":\"ReadAction\",\"target\":[\"https:\/\/experienciadevida.com.ar\/portalurbano\/el-ministro-mario-meoni-anuncio-el-retorno-de-los-vuelos-de-cabotaje\/\"]}]},{\"@type\":\"BreadcrumbList\",\"@id\":\"https:\/\/experienciadevida.com.ar\/portalurbano\/el-ministro-mario-meoni-anuncio-el-retorno-de-los-vuelos-de-cabotaje\/#breadcrumb\",\"itemListElement\":[{\"@type\":\"ListItem\",\"position\":1,\"name\":\"Portada\",\"item\":\"https:\/\/experienciadevida.com.ar\/portalurbano\/\"},{\"@type\":\"ListItem\",\"position\":2,\"name\":\"El ministro Mario Meoni anunci\u00f3 el retorno de los vuelos de cabotaje\"}]},{\"@type\":\"WebSite\",\"@id\":\"https:\/\/experienciadevida.com.ar\/portalurbano\/#website\",\"url\":\"https:\/\/experienciadevida.com.ar\/portalurbano\/\",\"name\":\"\",\"description\":\"\",\"publisher\":{\"@id\":\"https:\/\/experienciadevida.com.ar\/portalurbano\/#organization\"},\"potentialAction\":[{\"@type\":\"SearchAction\",\"target\":{\"@type\":\"EntryPoint\",\"urlTemplate\":\"https:\/\/experienciadevida.com.ar\/portalurbano\/?s={search_term_string}\"},\"query-input\":\"required name=search_term_string\"}],\"inLanguage\":\"es\"},{\"@type\":\"Organization\",\"@id\":\"https:\/\/experienciadevida.com.ar\/portalurbano\/#organization\",\"name\":\"Portal Urbano\",\"url\":\"https:\/\/experienciadevida.com.ar\/portalurbano\/\",\"logo\":{\"@type\":\"ImageObject\",\"inLanguage\":\"es\",\"@id\":\"https:\/\/experienciadevida.com.ar\/portalurbano\/#\/schema\/logo\/image\/\",\"url\":\"https:\/\/experienciadevida.com.ar\/portalurbano\/wp-content\/uploads\/2019\/09\/Logo-Original.png\",\"contentUrl\":\"https:\/\/experienciadevida.com.ar\/portalurbano\/wp-content\/uploads\/2019\/09\/Logo-Original.png\",\"width\":2236,\"height\":1216,\"caption\":\"Portal Urbano\"},\"image\":{\"@id\":\"https:\/\/experienciadevida.com.ar\/portalurbano\/#\/schema\/logo\/image\/\"},\"sameAs\":[\"https:\/\/www.facebook.com\/Portal-Urbano-171542830093757\/\",\"https:\/\/twitter.com\/portalurbanook\",\"https:\/\/www.instagram.com\/_portalurbano\/\",\"https:\/\/www.youtube.com\/channel\/UCXhagIfszH8KxFiOok79zbA?view_as=subscriber\"]},{\"@type\":\"Person\",\"@id\":\"https:\/\/experienciadevida.com.ar\/portalurbano\/#\/schema\/person\/02dd326b1c4b056e9cc972486934a3a7\",\"name\":\"admpu17wp\",\"image\":{\"@type\":\"ImageObject\",\"inLanguage\":\"es\",\"@id\":\"https:\/\/experienciadevida.com.ar\/portalurbano\/#\/schema\/person\/image\/\",\"url\":\"https:\/\/secure.gravatar.com\/avatar\/830d4c57adaae6630765e449a6908047?s=96&d=mm&r=g\",\"contentUrl\":\"https:\/\/secure.gravatar.com\/avatar\/830d4c57adaae6630765e449a6908047?s=96&d=mm&r=g\",\"caption\":\"admpu17wp\"}}]}<\/script>\n<!-- \/ Yoast SEO plugin. -->","yoast_head_json":{"title":"El Ministro Meoni anunci\u00f3 el retorno de los vuelos de cabotaje","description":"Mario Meoni anunci\u00f3 el retorno de los\u00a0vuelos de cabotaje, tendr\u00e1n prioridad personal sanitario y personas que hagan un tratamiento.","robots":{"index":"index","follow":"follow","max-snippet":"max-snippet:-1","max-image-preview":"max-image-preview:large","max-video-preview":"max-video-preview:-1"},"canonical":"https:\/\/experienciadevida.com.ar\/portalurbano\/el-ministro-mario-meoni-anuncio-el-retorno-de-los-vuelos-de-cabotaje\/","og_locale":"es_ES","og_type":"article","og_title":"El Ministro Meoni anunci\u00f3 el retorno de los vuelos de cabotaje","og_description":"Mario Meoni anunci\u00f3 el retorno de los\u00a0vuelos de cabotaje, tendr\u00e1n prioridad personal sanitario y personas que hagan un tratamiento.","og_url":"https:\/\/experienciadevida.com.ar\/portalurbano\/el-ministro-mario-meoni-anuncio-el-retorno-de-los-vuelos-de-cabotaje\/","article_publisher":"https:\/\/www.facebook.com\/Portal-Urbano-171542830093757\/","article_published_time":"2020-10-14T20:53:10+00:00","article_modified_time":"2020-10-14T20:53:41+00:00","og_image":[{"width":696,"height":392,"url":"https:\/\/experienciadevida.com.ar\/portalurbano\/wp-content\/uploads\/2020\/10\/Vuelos-de-cabotaje.png","type":"image\/png"}],"author":"admpu17wp","twitter_card":"summary_large_image","twitter_creator":"@portalurbanook","twitter_site":"@portalurbanook","twitter_misc":{"Escrito por":"admpu17wp","Tiempo de lectura":"2 minutos"},"schema":{"@context":"https:\/\/schema.org","@graph":[{"@type":"Article","@id":"https:\/\/experienciadevida.com.ar\/portalurbano\/el-ministro-mario-meoni-anuncio-el-retorno-de-los-vuelos-de-cabotaje\/#article","isPartOf":{"@id":"https:\/\/experienciadevida.com.ar\/portalurbano\/el-ministro-mario-meoni-anuncio-el-retorno-de-los-vuelos-de-cabotaje\/"},"author":{"name":"admpu17wp","@id":"https:\/\/experienciadevida.com.ar\/portalurbano\/#\/schema\/person\/02dd326b1c4b056e9cc972486934a3a7"},"headline":"El ministro Mario Meoni anunci\u00f3 el retorno de los vuelos de cabotaje","datePublished":"2020-10-14T20:53:10+00:00","dateModified":"2020-10-14T20:53:41+00:00","mainEntityOfPage":{"@id":"https:\/\/experienciadevida.com.ar\/portalurbano\/el-ministro-mario-meoni-anuncio-el-retorno-de-los-vuelos-de-cabotaje\/"},"wordCount":457,"publisher":{"@id":"https:\/\/experienciadevida.com.ar\/portalurbano\/#organization"},"articleSection":["Naci\u00f3n"],"inLanguage":"es"},{"@type":"WebPage","@id":"https:\/\/experienciadevida.com.ar\/portalurbano\/el-ministro-mario-meoni-anuncio-el-retorno-de-los-vuelos-de-cabotaje\/","url":"https:\/\/experienciadevida.com.ar\/portalurbano\/el-ministro-mario-meoni-anuncio-el-retorno-de-los-vuelos-de-cabotaje\/","name":"El Ministro Meoni anunci\u00f3 el retorno de los vuelos de cabotaje","isPartOf":{"@id":"https:\/\/experienciadevida.com.ar\/portalurbano\/#website"},"datePublished":"2020-10-14T20:53:10+00:00","dateModified":"2020-10-14T20:53:41+00:00","description":"Mario Meoni anunci\u00f3 el retorno de los\u00a0vuelos de cabotaje, tendr\u00e1n prioridad personal sanitario y personas que hagan un tratamiento.","breadcrumb":{"@id":"https:\/\/experienciadevida.com.ar\/portalurbano\/el-ministro-mario-meoni-anuncio-el-retorno-de-los-vuelos-de-cabotaje\/#breadcrumb"},"inLanguage":"es","potentialAction":[{"@type":"ReadAction","target":["https:\/\/experienciadevida.com.ar\/portalurbano\/el-ministro-mario-meoni-anuncio-el-retorno-de-los-vuelos-de-cabotaje\/"]}]},{"@type":"BreadcrumbList","@id":"https:\/\/experienciadevida.com.ar\/portalurbano\/el-ministro-mario-meoni-anuncio-el-retorno-de-los-vuelos-de-cabotaje\/#breadcrumb","itemListElement":[{"@type":"ListItem","position":1,"name":"Portada","item":"https:\/\/experienciadevida.com.ar\/portalurbano\/"},{"@type":"ListItem","position":2,"name":"El ministro Mario Meoni anunci\u00f3 el retorno de los vuelos de cabotaje"}]},{"@type":"WebSite","@id":"https:\/\/experienciadevida.com.ar\/portalurbano\/#website","url":"https:\/\/experienciadevida.com.ar\/portalurbano\/","name":"","description":"","publisher":{"@id":"https:\/\/experienciadevida.com.ar\/portalurbano\/#organization"},"potentialAction":[{"@type":"SearchAction","target":{"@type":"EntryPoint","urlTemplate":"https:\/\/experienciadevida.com.ar\/portalurbano\/?s={search_term_string}"},"query-input":"required name=search_term_string"}],"inLanguage":"es"},{"@type":"Organization","@id":"https:\/\/experienciadevida.com.ar\/portalurbano\/#organization","name":"Portal Urbano","url":"https:\/\/experienciadevida.com.ar\/portalurbano\/","logo":{"@type":"ImageObject","inLanguage":"es","@id":"https:\/\/experienciadevida.com.ar\/portalurbano\/#\/schema\/logo\/image\/","url":"https:\/\/experienciadevida.com.ar\/portalurbano\/wp-content\/uploads\/2019\/09\/Logo-Original.png","contentUrl":"https:\/\/experienciadevida.com.ar\/portalurbano\/wp-content\/uploads\/2019\/09\/Logo-Original.png","width":2236,"height":1216,"caption":"Portal Urbano"},"image":{"@id":"https:\/\/experienciadevida.com.ar\/portalurbano\/#\/schema\/logo\/image\/"},"sameAs":["https:\/\/www.facebook.com\/Portal-Urbano-171542830093757\/","https:\/\/twitter.com\/portalurbanook","https:\/\/www.instagram.com\/_portalurbano\/","https:\/\/www.youtube.com\/channel\/UCXhagIfszH8KxFiOok79zbA?view_as=subscriber"]},{"@type":"Person","@id":"https:\/\/experienciadevida.com.ar\/portalurbano\/#\/schema\/person\/02dd326b1c4b056e9cc972486934a3a7","name":"admpu17wp","image":{"@type":"ImageObject","inLanguage":"es","@id":"https:\/\/experienciadevida.com.ar\/portalurbano\/#\/schema\/person\/image\/","url":"https:\/\/secure.gravatar.com\/avatar\/830d4c57adaae6630765e449a6908047?s=96&d=mm&r=g","contentUrl":"https:\/\/secure.gravatar.com\/avatar\/830d4c57adaae6630765e449a6908047?s=96&d=mm&r=g","caption":"admpu17wp"}}]}},"featured_image_urls":{"full":["https:\/\/experienciadevida.com.ar\/portalurbano\/wp-content\/uploads\/2020\/10\/Vuelos-de-cabotaje.png",696,392,false],"thumbnail":["https:\/\/experienciadevida.com.ar\/portalurbano\/wp-content\/uploads\/2020\/10\/Vuelos-de-cabotaje-150x150.png",150,150,true],"medium":["https:\/\/experienciadevida.com.ar\/portalurbano\/wp-content\/uploads\/2020\/10\/Vuelos-de-cabotaje-300x169.png",300,169,true],"medium_large":["https:\/\/experienciadevida.com.ar\/portalurbano\/wp-content\/uploads\/2020\/10\/Vuelos-de-cabotaje.png",640,360,false],"large":["https:\/\/experienciadevida.com.ar\/portalurbano\/wp-content\/uploads\/2020\/10\/Vuelos-de-cabotaje.png",640,360,false],"ug_big":["https:\/\/experienciadevida.com.ar\/portalurbano\/wp-content\/uploads\/2020\/10\/Vuelos-de-cabotaje.png",696,392,false],"1536x1536":["https:\/\/experienciadevida.com.ar\/portalurbano\/wp-content\/uploads\/2020\/10\/Vuelos-de-cabotaje.png",696,392,false],"2048x2048":["https:\/\/experienciadevida.com.ar\/portalurbano\/wp-content\/uploads\/2020\/10\/Vuelos-de-cabotaje.png",696,392,false],"newsever-slider-full":["https:\/\/experienciadevida.com.ar\/portalurbano\/wp-content\/uploads\/2020\/10\/Vuelos-de-cabotaje.png",696,392,false],"newsever-featured":["https:\/\/experienciadevida.com.ar\/portalurbano\/wp-content\/uploads\/2020\/10\/Vuelos-de-cabotaje.png",696,392,false],"newsever-medium":["https:\/\/experienciadevida.com.ar\/portalurbano\/wp-content\/uploads\/2020\/10\/Vuelos-de-cabotaje.png",696,392,false],"web-stories-poster-portrait":["https:\/\/experienciadevida.com.ar\/portalurbano\/wp-content\/uploads\/2020\/10\/Vuelos-de-cabotaje.png",640,360,false],"web-stories-publisher-logo":["https:\/\/experienciadevida.com.ar\/portalurbano\/wp-content\/uploads\/2020\/10\/Vuelos-de-cabotaje.png",96,54,false],"web-stories-thumbnail":["https:\/\/experienciadevida.com.ar\/portalurbano\/wp-content\/uploads\/2020\/10\/Vuelos-de-cabotaje.png",150,84,false]},"author_info":{"display_name":"admpu17wp","author_link":"https:\/\/experienciadevida.com.ar\/portalurbano\/author\/admpu17wp\/"},"category_info":"<a href=\"https:\/\/experienciadevida.com.ar\/portalurbano\/category\/nacion\/\" rel=\"category tag\">Naci\u00f3n<\/a>","tag_info":"Naci\u00f3n","comment_count":"0","amp_enabled":true,"_links":{"self":[{"href":"https:\/\/experienciadevida.com.ar\/portalurbano\/wp-json\/wp\/v2\/posts\/124359"}],"collection":[{"href":"https:\/\/experienciadevida.com.ar\/portalurbano\/wp-json\/wp\/v2\/posts"}],"about":[{"href":"https:\/\/experienciadevida.com.ar\/portalurbano\/wp-json\/wp\/v2\/types\/post"}],"author":[{"embeddable":true,"href":"https:\/\/experienciadevida.com.ar\/portalurbano\/wp-json\/wp\/v2\/users\/1"}],"replies":[{"embeddable":true,"href":"https:\/\/experienciadevida.com.ar\/portalurbano\/wp-json\/wp\/v2\/comments?post=124359"}],"version-history":[{"count":1,"href":"https:\/\/experienciadevida.com.ar\/portalurbano\/wp-json\/wp\/v2\/posts\/124359\/revisions"}],"predecessor-version":[{"id":124361,"href":"https:\/\/experienciadevida.com.ar\/portalurbano\/wp-json\/wp\/v2\/posts\/124359\/revisions\/124361"}],"wp:featuredmedia":[{"embeddable":true,"href":"https:\/\/experienciadevida.com.ar\/portalurbano\/wp-json\/wp\/v2\/media\/124360"}],"wp:attachment":[{"href":"https:\/\/experienciadevida.com.ar\/portalurbano\/wp-json\/wp\/v2\/media?parent=124359"}],"wp:term":[{"taxonomy":"category","embeddable":true,"href":"https:\/\/experienciadevida.com.ar\/portalurbano\/wp-json\/wp\/v2\/categories?post=124359"},{"taxonomy":"post_tag","embeddable":true,"href":"https:\/\/experienciadevida.com.ar\/portalurbano\/wp-json\/wp\/v2\/tags?post=124359"}],"curies":[{"name":"wp","href":"https:\/\/api.w.org\/{rel}","templated":true}]}}