{"id":124348,"date":"2020-10-14T16:32:05","date_gmt":"2020-10-14T19:32:05","guid":{"rendered":"https:\/\/experienciadevida.com.ar\/portalurbano\/?p=124348"},"modified":"2020-10-14T16:32:45","modified_gmt":"2020-10-14T19:32:45","slug":"el-presidente-alberto-fernandez-descarto-devaluar-y-aseguro-que-jamas-tocaria-los-depositos-de-la-gente","status":"publish","type":"post","link":"https:\/\/experienciadevida.com.ar\/portalurbano\/el-presidente-alberto-fernandez-descarto-devaluar-y-aseguro-que-jamas-tocaria-los-depositos-de-la-gente\/","title":{"rendered":"El Presidente Alberto Fern\u00e1ndez descart\u00f3 devaluar y asegur\u00f3 que jam\u00e1s tocar\u00eda los dep\u00f3sitos de la gente"},"content":{"rendered":"<div class=\"td_block_wrap tdb_single_subtitle tdi_72_f23 td-pb-border-top td_block_template_1\" data-td-block-uid=\"tdi_72_f23\">\n<div class=\"tdb-block-inner td-fix-index\">\n<p>Ante empresarios en IDEA, <strong>el Presidente Alberto Fern\u00e1ndez<\/strong> busc\u00f3 darle previsibilidad al sector privado. Defendi\u00f3 la reforma judicial y el desplazamiento de los jueces.<\/p>\n<\/div>\n<\/div>\n<div class=\"td_block_wrap tdb_single_date tdi_73_535 td-pb-border-top td_block_template_1 tdb-post-meta\" data-td-block-uid=\"tdi_73_535\">\n<p><strong>El presidente Alberto Fern\u00e1ndez<\/strong> abri\u00f3 este mi\u00e9rcoles de forma virtual el 56\u00b0 Coloquio del Instituto para el Desarrollo Empresarial de la Argentina (IDEA), pidi\u00f3 confianza al sector, habl\u00f3 de estabilidad cambiaria, de los dep\u00f3sitos de la gente en los bancos y tambi\u00e9n cuestion\u00f3 las movilizaciones opositoras y el rechazo de la oposici\u00f3n al proyecto oficial de reforma judicial.<\/p>\n<p>\u201cTenemos problemas y hoy mismo enfrentamos un problema por la falta de divisas que heredamos, por una desconfianza que se crea porque se repiten cosas que no son ciertas, desde los que plantean que se viene una devaluaci\u00f3n o que podemos quedarnos con los dep\u00f3sitos de la gente; jam\u00e1s har\u00eda semejante cosa\u201d, asegur\u00f3 en el coloquio que se desarrolla bajo el lema \u201cQu\u00e9 pa\u00eds queremos ser\u201d.<\/p>\n<p>Con un tono ameno, el jefe de Estado aprovech\u00f3 su intervenci\u00f3n para hacer una defensa de la estrategia que llev\u00f3 adelante el Gobierno frente a la pandemia de coronavirus y agradeci\u00f3 el esfuerzo de los empresarios. Sin embargo, tambi\u00e9n utiliz\u00f3 varios de los minutos de su exposici\u00f3n para defender la reforma judicial, el desplazamiento de los magistrados y volvi\u00f3 a arremeter contra las personas que se movilizaron el lunes.<\/p>\n<p>\u201cEl mayor flagelo es la intolerancia, la descalificaci\u00f3n del otro por no ser como yo, por no pensar como yo. Eso nos ha llevado a una Argentina dividida que no tira para el mismo lado. Esa Argentina dividida solo trae problemas. No hablo solo de la pol\u00edtica. Lo que hemos visto estos d\u00edas de marchas y marchas donde se plantean hasta protestas en domicilios particulares de jueces o de la vicepresidenta, o ac\u00e1 en la puerta de Olivos, con reclamos de la m\u00e1s variada especie, est\u00e1n repletos de agresi\u00f3n, de insultos y de maltratos\u2026 Ese pa\u00eds no funciona m\u00e1s\u201d, desarroll\u00f3. \u201cLo \u00fanico bueno en tanta tragedia es que tocamos el fondo del pozo\u201d, puntualiz\u00f3,\u00a0<strong>el presidente Alberto Fern\u00e1ndez<\/strong>.<\/p>\n<p>El Presidente tambi\u00e9n dedic\u00f3 una buena parte de su discurso a defender la reforma judicial: \u201cCuando nosotros planteamos cosas vinculadas a la Justicia no hacemos eso para buscar la impunidad de nadie ni para beneficiarnos, lo proponemos para que la Argentina recuperar una Justicia que se ha perdido\u201d.<\/p>\n<p>\u201cMe pregunto, \u00bfqu\u00e9 pensar\u00edan ustedes si las vacantes que hoy existen en el Poder Judicial yo las cubro con jueces amigos m\u00edos, cambi\u00e1ndolos de tribunal? \u00bfCreen que esa es una mejor Justicia? Eso es lo que nos pas\u00f3, lo que se hizo con el silencio c\u00f3mplice de muchos\u201d, remarc\u00f3\u00a0<strong>el presidente Alberto Fern\u00e1ndez<\/strong>.<\/p>\n<p>La pandemia<\/p>\n<p>Al comienzo de su discurso, el mandatario habl\u00f3 sobre el contexto provocado por la pandemia del coronavirus. Se\u00f1al\u00f3 que \u201cnadie ha podido salir indemne del colapso econ\u00f3mico\u201d y que \u201clos pa\u00edses que m\u00e1s celebran, celebran haber ganado un poquito\u201d.<\/p>\n<p>\u201cEl virus tambi\u00e9n se llev\u00f3 a cientos de empresas, han ca\u00eddo bonos en su cotizaci\u00f3n. Al d\u00eda de hoy no sabemos c\u00f3mo prevenirlo o curarlo. Volvimos a las pr\u00e1cticas m\u00e1s elementales de la medicina\u201d, dijo <strong>el presidente Alberto Fern\u00e1ndez<\/strong>, en defensa de las medidas de estricto aislamiento.<\/p>\n<p>\u201cMuy pocos concentran las riquezas y millones est\u00e1n en la pobreza. Merece un instante de reflexi\u00f3n. La Argentina era un pa\u00eds en terapia intensiva antes del coronavirus despu\u00e9s de haberse endeudado. Y permitieron que el dinero se fugue, unos 23.000 millones de d\u00f3lares. Cuando llegamos al Gobierno la Argentina estaba con 36 [por ciento] de pobreza y sin reservas. Hab\u00edan cerrado m\u00e1s de 25.000 pymes, que hab\u00eda potenciado la precarizaci\u00f3n del trabajo a partir del monotributo\u201d, se\u00f1al\u00f3 el Presidente, en referencia a la herencia que recibi\u00f3 de Mauricio Macri.<\/p>\n<p>Ante la agudizaci\u00f3n de la crisis econ\u00f3mica por la pandemia, defendi\u00f3 las pol\u00edticas oficiales de contenci\u00f3n, como el Ingreso Familiar de Emergencia (IFE), que alcanza hoy a 9.000.000 de beneficiarios. Tambi\u00e9n la ayuda a las empresas para afrontar el pago de los salarios. \u201cLlegamos a 236 mil empresas que quiz\u00e1s sin la ayuda del Estado no existir\u00edan. Tambi\u00e9n a que se mantengan 2 millones de empleos\u201d, dijo <strong>el presidente Alberto Fern\u00e1ndez<\/strong>.<\/p>\n<p>Y en ese sentido mand\u00f3 un mensaje a los empresarios, ya que muchos de ellos han cuestionado el rol del Gobierno en esta cuarentena. \u201cCada vez que lean que somos un Gobierno antiempresario, piensen en el ATP y piensen si alg\u00fan gobierno se preocup\u00f3 tanto por cuidar a las empresas, peque\u00f1as y medianas\u201d. \u201cQue no los confundan. Tenemos la oportunidad de levantarnos otra vez, Cuento con ustedes\u201d, les dijo a los empresarios participantes del encuentro, a quienes convoc\u00f3 a ponerle al capitalismo \u201cla cuota de solidaridad que necesita\u201d<\/p>\n<p>Fuente: DIB<\/p>\n<\/div>\n","protected":false},"excerpt":{"rendered":"<p>Ante empresarios en IDEA, el Presidente Alberto Fern\u00e1ndez busc\u00f3 darle previsibilidad al sector privado. Defendi\u00f3&#8230;<\/p>\n","protected":false},"author":1,"featured_media":115251,"comment_status":"closed","ping_status":"closed","sticky":false,"template":"","format":"standard","meta":{"content-type":""},"categories":[39],"tags":[],"nelio_content":{"isAutoShareEnabled":false,"autoShareEndMode":"default","automationSources":{"useContentSentences":true,"useSocialTemplates":true,"useCustomSentences":false,"customSentences":[]},"followers":[1],"suggestedReferences":[],"includedReferences":[],"efiUrl":"","efiAlt":"","highlights":[]},"yoast_head":"<!-- This site is optimized with the Yoast SEO plugin v20.7 - https:\/\/yoast.com\/wordpress\/plugins\/seo\/ -->\n<title>El Presidente Alberto Fern\u00e1ndez descart\u00f3 devaluar en Argentina<\/title>\n<meta name=\"description\" content=\"El presidente Alberto Fern\u00e1ndez descart\u00f3 devvaluar y aseguro que jam\u00e1s tocar\u00eda los dep\u00f3sitos de la gente y visibiliz\u00f3 al sector privado.\" \/>\n<meta name=\"robots\" content=\"index, follow, max-snippet:-1, max-image-preview:large, max-video-preview:-1\" \/>\n<link rel=\"canonical\" href=\"https:\/\/experienciadevida.com.ar\/portalurbano\/el-presidente-alberto-fernandez-descarto-devaluar-y-aseguro-que-jamas-tocaria-los-depositos-de-la-gente\/\" \/>\n<meta property=\"og:locale\" content=\"es_ES\" \/>\n<meta property=\"og:type\" content=\"article\" \/>\n<meta property=\"og:title\" content=\"El Presidente Alberto Fern\u00e1ndez descart\u00f3 devaluar en Argentina\" \/>\n<meta property=\"og:description\" content=\"El presidente Alberto Fern\u00e1ndez descart\u00f3 devvaluar y aseguro que jam\u00e1s tocar\u00eda los dep\u00f3sitos de la gente y visibiliz\u00f3 al sector privado.\" \/>\n<meta property=\"og:url\" content=\"https:\/\/experienciadevida.com.ar\/portalurbano\/el-presidente-alberto-fernandez-descarto-devaluar-y-aseguro-que-jamas-tocaria-los-depositos-de-la-gente\/\" \/>\n<meta property=\"article:publisher\" content=\"https:\/\/www.facebook.com\/Portal-Urbano-171542830093757\/\" \/>\n<meta property=\"article:published_time\" content=\"2020-10-14T19:32:05+00:00\" \/>\n<meta property=\"article:modified_time\" content=\"2020-10-14T19:32:45+00:00\" \/>\n<meta property=\"og:image\" content=\"https:\/\/experienciadevida.com.ar\/portalurbano\/wp-content\/uploads\/2020\/07\/FERNANDEZ-1-e1595013552102.jpg\" \/>\n\t<meta property=\"og:image:width\" content=\"765\" \/>\n\t<meta property=\"og:image:height\" content=\"413\" \/>\n\t<meta property=\"og:image:type\" content=\"image\/jpeg\" \/>\n<meta name=\"author\" content=\"admpu17wp\" \/>\n<meta name=\"twitter:card\" content=\"summary_large_image\" \/>\n<meta name=\"twitter:creator\" content=\"@portalurbanook\" \/>\n<meta name=\"twitter:site\" content=\"@portalurbanook\" \/>\n<meta name=\"twitter:label1\" content=\"Escrito por\" \/>\n\t<meta name=\"twitter:data1\" content=\"admpu17wp\" \/>\n\t<meta name=\"twitter:label2\" content=\"Tiempo de lectura\" \/>\n\t<meta name=\"twitter:data2\" content=\"4 minutos\" \/>\n<script type=\"application\/ld+json\" class=\"yoast-schema-graph\">{\"@context\":\"https:\/\/schema.org\",\"@graph\":[{\"@type\":\"Article\",\"@id\":\"https:\/\/experienciadevida.com.ar\/portalurbano\/el-presidente-alberto-fernandez-descarto-devaluar-y-aseguro-que-jamas-tocaria-los-depositos-de-la-gente\/#article\",\"isPartOf\":{\"@id\":\"https:\/\/experienciadevida.com.ar\/portalurbano\/el-presidente-alberto-fernandez-descarto-devaluar-y-aseguro-que-jamas-tocaria-los-depositos-de-la-gente\/\"},\"author\":{\"name\":\"admpu17wp\",\"@id\":\"https:\/\/experienciadevida.com.ar\/portalurbano\/#\/schema\/person\/02dd326b1c4b056e9cc972486934a3a7\"},\"headline\":\"El Presidente Alberto Fern\u00e1ndez descart\u00f3 devaluar y asegur\u00f3 que jam\u00e1s tocar\u00eda los dep\u00f3sitos de la gente\",\"datePublished\":\"2020-10-14T19:32:05+00:00\",\"dateModified\":\"2020-10-14T19:32:45+00:00\",\"mainEntityOfPage\":{\"@id\":\"https:\/\/experienciadevida.com.ar\/portalurbano\/el-presidente-alberto-fernandez-descarto-devaluar-y-aseguro-que-jamas-tocaria-los-depositos-de-la-gente\/\"},\"wordCount\":849,\"publisher\":{\"@id\":\"https:\/\/experienciadevida.com.ar\/portalurbano\/#organization\"},\"articleSection\":[\"Naci\u00f3n\"],\"inLanguage\":\"es\"},{\"@type\":\"WebPage\",\"@id\":\"https:\/\/experienciadevida.com.ar\/portalurbano\/el-presidente-alberto-fernandez-descarto-devaluar-y-aseguro-que-jamas-tocaria-los-depositos-de-la-gente\/\",\"url\":\"https:\/\/experienciadevida.com.ar\/portalurbano\/el-presidente-alberto-fernandez-descarto-devaluar-y-aseguro-que-jamas-tocaria-los-depositos-de-la-gente\/\",\"name\":\"El Presidente Alberto Fern\u00e1ndez descart\u00f3 devaluar en Argentina\",\"isPartOf\":{\"@id\":\"https:\/\/experienciadevida.com.ar\/portalurbano\/#website\"},\"datePublished\":\"2020-10-14T19:32:05+00:00\",\"dateModified\":\"2020-10-14T19:32:45+00:00\",\"description\":\"El presidente Alberto Fern\u00e1ndez descart\u00f3 devvaluar y aseguro que jam\u00e1s tocar\u00eda los dep\u00f3sitos de la gente y visibiliz\u00f3 al sector privado.\",\"breadcrumb\":{\"@id\":\"https:\/\/experienciadevida.com.ar\/portalurbano\/el-presidente-alberto-fernandez-descarto-devaluar-y-aseguro-que-jamas-tocaria-los-depositos-de-la-gente\/#breadcrumb\"},\"inLanguage\":\"es\",\"potentialAction\":[{\"@type\":\"ReadAction\",\"target\":[\"https:\/\/experienciadevida.com.ar\/portalurbano\/el-presidente-alberto-fernandez-descarto-devaluar-y-aseguro-que-jamas-tocaria-los-depositos-de-la-gente\/\"]}]},{\"@type\":\"BreadcrumbList\",\"@id\":\"https:\/\/experienciadevida.com.ar\/portalurbano\/el-presidente-alberto-fernandez-descarto-devaluar-y-aseguro-que-jamas-tocaria-los-depositos-de-la-gente\/#breadcrumb\",\"itemListElement\":[{\"@type\":\"ListItem\",\"position\":1,\"name\":\"Portada\",\"item\":\"https:\/\/experienciadevida.com.ar\/portalurbano\/\"},{\"@type\":\"ListItem\",\"position\":2,\"name\":\"El Presidente Alberto Fern\u00e1ndez descart\u00f3 devaluar y asegur\u00f3 que jam\u00e1s tocar\u00eda los dep\u00f3sitos de la gente\"}]},{\"@type\":\"WebSite\",\"@id\":\"https:\/\/experienciadevida.com.ar\/portalurbano\/#website\",\"url\":\"https:\/\/experienciadevida.com.ar\/portalurbano\/\",\"name\":\"\",\"description\":\"\",\"publisher\":{\"@id\":\"https:\/\/experienciadevida.com.ar\/portalurbano\/#organization\"},\"potentialAction\":[{\"@type\":\"SearchAction\",\"target\":{\"@type\":\"EntryPoint\",\"urlTemplate\":\"https:\/\/experienciadevida.com.ar\/portalurbano\/?s={search_term_string}\"},\"query-input\":\"required name=search_term_string\"}],\"inLanguage\":\"es\"},{\"@type\":\"Organization\",\"@id\":\"https:\/\/experienciadevida.com.ar\/portalurbano\/#organization\",\"name\":\"Portal Urbano\",\"url\":\"https:\/\/experienciadevida.com.ar\/portalurbano\/\",\"logo\":{\"@type\":\"ImageObject\",\"inLanguage\":\"es\",\"@id\":\"https:\/\/experienciadevida.com.ar\/portalurbano\/#\/schema\/logo\/image\/\",\"url\":\"https:\/\/experienciadevida.com.ar\/portalurbano\/wp-content\/uploads\/2019\/09\/Logo-Original.png\",\"contentUrl\":\"https:\/\/experienciadevida.com.ar\/portalurbano\/wp-content\/uploads\/2019\/09\/Logo-Original.png\",\"width\":2236,\"height\":1216,\"caption\":\"Portal Urbano\"},\"image\":{\"@id\":\"https:\/\/experienciadevida.com.ar\/portalurbano\/#\/schema\/logo\/image\/\"},\"sameAs\":[\"https:\/\/www.facebook.com\/Portal-Urbano-171542830093757\/\",\"https:\/\/twitter.com\/portalurbanook\",\"https:\/\/www.instagram.com\/_portalurbano\/\",\"https:\/\/www.youtube.com\/channel\/UCXhagIfszH8KxFiOok79zbA?view_as=subscriber\"]},{\"@type\":\"Person\",\"@id\":\"https:\/\/experienciadevida.com.ar\/portalurbano\/#\/schema\/person\/02dd326b1c4b056e9cc972486934a3a7\",\"name\":\"admpu17wp\",\"image\":{\"@type\":\"ImageObject\",\"inLanguage\":\"es\",\"@id\":\"https:\/\/experienciadevida.com.ar\/portalurbano\/#\/schema\/person\/image\/\",\"url\":\"https:\/\/secure.gravatar.com\/avatar\/830d4c57adaae6630765e449a6908047?s=96&d=mm&r=g\",\"contentUrl\":\"https:\/\/secure.gravatar.com\/avatar\/830d4c57adaae6630765e449a6908047?s=96&d=mm&r=g\",\"caption\":\"admpu17wp\"}}]}<\/script>\n<!-- \/ Yoast SEO plugin. -->","yoast_head_json":{"title":"El Presidente Alberto Fern\u00e1ndez descart\u00f3 devaluar en Argentina","description":"El presidente Alberto Fern\u00e1ndez descart\u00f3 devvaluar y aseguro que jam\u00e1s tocar\u00eda los dep\u00f3sitos de la gente y visibiliz\u00f3 al sector privado.","robots":{"index":"index","follow":"follow","max-snippet":"max-snippet:-1","max-image-preview":"max-image-preview:large","max-video-preview":"max-video-preview:-1"},"canonical":"https:\/\/experienciadevida.com.ar\/portalurbano\/el-presidente-alberto-fernandez-descarto-devaluar-y-aseguro-que-jamas-tocaria-los-depositos-de-la-gente\/","og_locale":"es_ES","og_type":"article","og_title":"El Presidente Alberto Fern\u00e1ndez descart\u00f3 devaluar en Argentina","og_description":"El presidente Alberto Fern\u00e1ndez descart\u00f3 devvaluar y aseguro que jam\u00e1s tocar\u00eda los dep\u00f3sitos de la gente y visibiliz\u00f3 al sector privado.","og_url":"https:\/\/experienciadevida.com.ar\/portalurbano\/el-presidente-alberto-fernandez-descarto-devaluar-y-aseguro-que-jamas-tocaria-los-depositos-de-la-gente\/","article_publisher":"https:\/\/www.facebook.com\/Portal-Urbano-171542830093757\/","article_published_time":"2020-10-14T19:32:05+00:00","article_modified_time":"2020-10-14T19:32:45+00:00","og_image":[{"width":765,"height":413,"url":"https:\/\/experienciadevida.com.ar\/portalurbano\/wp-content\/uploads\/2020\/07\/FERNANDEZ-1-e1595013552102.jpg","type":"image\/jpeg"}],"author":"admpu17wp","twitter_card":"summary_large_image","twitter_creator":"@portalurbanook","twitter_site":"@portalurbanook","twitter_misc":{"Escrito por":"admpu17wp","Tiempo de lectura":"4 minutos"},"schema":{"@context":"https:\/\/schema.org","@graph":[{"@type":"Article","@id":"https:\/\/experienciadevida.com.ar\/portalurbano\/el-presidente-alberto-fernandez-descarto-devaluar-y-aseguro-que-jamas-tocaria-los-depositos-de-la-gente\/#article","isPartOf":{"@id":"https:\/\/experienciadevida.com.ar\/portalurbano\/el-presidente-alberto-fernandez-descarto-devaluar-y-aseguro-que-jamas-tocaria-los-depositos-de-la-gente\/"},"author":{"name":"admpu17wp","@id":"https:\/\/experienciadevida.com.ar\/portalurbano\/#\/schema\/person\/02dd326b1c4b056e9cc972486934a3a7"},"headline":"El Presidente Alberto Fern\u00e1ndez descart\u00f3 devaluar y asegur\u00f3 que jam\u00e1s tocar\u00eda los dep\u00f3sitos de la gente","datePublished":"2020-10-14T19:32:05+00:00","dateModified":"2020-10-14T19:32:45+00:00","mainEntityOfPage":{"@id":"https:\/\/experienciadevida.com.ar\/portalurbano\/el-presidente-alberto-fernandez-descarto-devaluar-y-aseguro-que-jamas-tocaria-los-depositos-de-la-gente\/"},"wordCount":849,"publisher":{"@id":"https:\/\/experienciadevida.com.ar\/portalurbano\/#organization"},"articleSection":["Naci\u00f3n"],"inLanguage":"es"},{"@type":"WebPage","@id":"https:\/\/experienciadevida.com.ar\/portalurbano\/el-presidente-alberto-fernandez-descarto-devaluar-y-aseguro-que-jamas-tocaria-los-depositos-de-la-gente\/","url":"https:\/\/experienciadevida.com.ar\/portalurbano\/el-presidente-alberto-fernandez-descarto-devaluar-y-aseguro-que-jamas-tocaria-los-depositos-de-la-gente\/","name":"El Presidente Alberto Fern\u00e1ndez descart\u00f3 devaluar en Argentina","isPartOf":{"@id":"https:\/\/experienciadevida.com.ar\/portalurbano\/#website"},"datePublished":"2020-10-14T19:32:05+00:00","dateModified":"2020-10-14T19:32:45+00:00","description":"El presidente Alberto Fern\u00e1ndez descart\u00f3 devvaluar y aseguro que jam\u00e1s tocar\u00eda los dep\u00f3sitos de la gente y visibiliz\u00f3 al sector privado.","breadcrumb":{"@id":"https:\/\/experienciadevida.com.ar\/portalurbano\/el-presidente-alberto-fernandez-descarto-devaluar-y-aseguro-que-jamas-tocaria-los-depositos-de-la-gente\/#breadcrumb"},"inLanguage":"es","potentialAction":[{"@type":"ReadAction","target":["https:\/\/experienciadevida.com.ar\/portalurbano\/el-presidente-alberto-fernandez-descarto-devaluar-y-aseguro-que-jamas-tocaria-los-depositos-de-la-gente\/"]}]},{"@type":"BreadcrumbList","@id":"https:\/\/experienciadevida.com.ar\/portalurbano\/el-presidente-alberto-fernandez-descarto-devaluar-y-aseguro-que-jamas-tocaria-los-depositos-de-la-gente\/#breadcrumb","itemListElement":[{"@type":"ListItem","position":1,"name":"Portada","item":"https:\/\/experienciadevida.com.ar\/portalurbano\/"},{"@type":"ListItem","position":2,"name":"El Presidente Alberto Fern\u00e1ndez descart\u00f3 devaluar y asegur\u00f3 que jam\u00e1s tocar\u00eda los dep\u00f3sitos de la gente"}]},{"@type":"WebSite","@id":"https:\/\/experienciadevida.com.ar\/portalurbano\/#website","url":"https:\/\/experienciadevida.com.ar\/portalurbano\/","name":"","description":"","publisher":{"@id":"https:\/\/experienciadevida.com.ar\/portalurbano\/#organization"},"potentialAction":[{"@type":"SearchAction","target":{"@type":"EntryPoint","urlTemplate":"https:\/\/experienciadevida.com.ar\/portalurbano\/?s={search_term_string}"},"query-input":"required name=search_term_string"}],"inLanguage":"es"},{"@type":"Organization","@id":"https:\/\/experienciadevida.com.ar\/portalurbano\/#organization","name":"Portal Urbano","url":"https:\/\/experienciadevida.com.ar\/portalurbano\/","logo":{"@type":"ImageObject","inLanguage":"es","@id":"https:\/\/experienciadevida.com.ar\/portalurbano\/#\/schema\/logo\/image\/","url":"https:\/\/experienciadevida.com.ar\/portalurbano\/wp-content\/uploads\/2019\/09\/Logo-Original.png","contentUrl":"https:\/\/experienciadevida.com.ar\/portalurbano\/wp-content\/uploads\/2019\/09\/Logo-Original.png","width":2236,"height":1216,"caption":"Portal Urbano"},"image":{"@id":"https:\/\/experienciadevida.com.ar\/portalurbano\/#\/schema\/logo\/image\/"},"sameAs":["https:\/\/www.facebook.com\/Portal-Urbano-171542830093757\/","https:\/\/twitter.com\/portalurbanook","https:\/\/www.instagram.com\/_portalurbano\/","https:\/\/www.youtube.com\/channel\/UCXhagIfszH8KxFiOok79zbA?view_as=subscriber"]},{"@type":"Person","@id":"https:\/\/experienciadevida.com.ar\/portalurbano\/#\/schema\/person\/02dd326b1c4b056e9cc972486934a3a7","name":"admpu17wp","image":{"@type":"ImageObject","inLanguage":"es","@id":"https:\/\/experienciadevida.com.ar\/portalurbano\/#\/schema\/person\/image\/","url":"https:\/\/secure.gravatar.com\/avatar\/830d4c57adaae6630765e449a6908047?s=96&d=mm&r=g","contentUrl":"https:\/\/secure.gravatar.com\/avatar\/830d4c57adaae6630765e449a6908047?s=96&d=mm&r=g","caption":"admpu17wp"}}]}},"featured_image_urls":{"full":["https:\/\/experienciadevida.com.ar\/portalurbano\/wp-content\/uploads\/2020\/07\/FERNANDEZ-1-e1595013552102.jpg",765,413,false],"thumbnail":["https:\/\/experienciadevida.com.ar\/portalurbano\/wp-content\/uploads\/2020\/07\/FERNANDEZ-1-150x150.jpg",150,150,true],"medium":["https:\/\/experienciadevida.com.ar\/portalurbano\/wp-content\/uploads\/2020\/07\/FERNANDEZ-1-300x162.jpg",300,162,true],"medium_large":["https:\/\/experienciadevida.com.ar\/portalurbano\/wp-content\/uploads\/2020\/07\/FERNANDEZ-1-768x414.jpg",640,345,true],"large":["https:\/\/experienciadevida.com.ar\/portalurbano\/wp-content\/uploads\/2020\/07\/FERNANDEZ-1-1024x552.jpg",640,345,true],"ug_big":["https:\/\/experienciadevida.com.ar\/portalurbano\/wp-content\/uploads\/2020\/07\/FERNANDEZ-1-768x414.jpg",768,414,true],"1536x1536":["https:\/\/experienciadevida.com.ar\/portalurbano\/wp-content\/uploads\/2020\/07\/FERNANDEZ-1-e1595013552102.jpg",765,413,false],"2048x2048":["https:\/\/experienciadevida.com.ar\/portalurbano\/wp-content\/uploads\/2020\/07\/FERNANDEZ-1-e1595013552102.jpg",765,413,false],"newsever-slider-full":["https:\/\/experienciadevida.com.ar\/portalurbano\/wp-content\/uploads\/2020\/07\/FERNANDEZ-1-e1595013552102.jpg",765,413,false],"newsever-featured":["https:\/\/experienciadevida.com.ar\/portalurbano\/wp-content\/uploads\/2020\/07\/FERNANDEZ-1-e1595013552102.jpg",765,413,false],"newsever-medium":["https:\/\/experienciadevida.com.ar\/portalurbano\/wp-content\/uploads\/2020\/07\/FERNANDEZ-1-e1595013552102.jpg",720,389,false],"web-stories-poster-portrait":["https:\/\/experienciadevida.com.ar\/portalurbano\/wp-content\/uploads\/2020\/07\/FERNANDEZ-1-e1595013552102.jpg",640,346,false],"web-stories-publisher-logo":["https:\/\/experienciadevida.com.ar\/portalurbano\/wp-content\/uploads\/2020\/07\/FERNANDEZ-1-e1595013552102.jpg",96,52,false],"web-stories-thumbnail":["https:\/\/experienciadevida.com.ar\/portalurbano\/wp-content\/uploads\/2020\/07\/FERNANDEZ-1-e1595013552102.jpg",150,81,false]},"author_info":{"display_name":"admpu17wp","author_link":"https:\/\/experienciadevida.com.ar\/portalurbano\/author\/admpu17wp\/"},"category_info":"<a href=\"https:\/\/experienciadevida.com.ar\/portalurbano\/category\/nacion\/\" rel=\"category tag\">Naci\u00f3n<\/a>","tag_info":"Naci\u00f3n","comment_count":"0","amp_enabled":true,"_links":{"self":[{"href":"https:\/\/experienciadevida.com.ar\/portalurbano\/wp-json\/wp\/v2\/posts\/124348"}],"collection":[{"href":"https:\/\/experienciadevida.com.ar\/portalurbano\/wp-json\/wp\/v2\/posts"}],"about":[{"href":"https:\/\/experienciadevida.com.ar\/portalurbano\/wp-json\/wp\/v2\/types\/post"}],"author":[{"embeddable":true,"href":"https:\/\/experienciadevida.com.ar\/portalurbano\/wp-json\/wp\/v2\/users\/1"}],"replies":[{"embeddable":true,"href":"https:\/\/experienciadevida.com.ar\/portalurbano\/wp-json\/wp\/v2\/comments?post=124348"}],"version-history":[{"count":1,"href":"https:\/\/experienciadevida.com.ar\/portalurbano\/wp-json\/wp\/v2\/posts\/124348\/revisions"}],"predecessor-version":[{"id":124349,"href":"https:\/\/experienciadevida.com.ar\/portalurbano\/wp-json\/wp\/v2\/posts\/124348\/revisions\/124349"}],"wp:featuredmedia":[{"embeddable":true,"href":"https:\/\/experienciadevida.com.ar\/portalurbano\/wp-json\/wp\/v2\/media\/115251"}],"wp:attachment":[{"href":"https:\/\/experienciadevida.com.ar\/portalurbano\/wp-json\/wp\/v2\/media?parent=124348"}],"wp:term":[{"taxonomy":"category","embeddable":true,"href":"https:\/\/experienciadevida.com.ar\/portalurbano\/wp-json\/wp\/v2\/categories?post=124348"},{"taxonomy":"post_tag","embeddable":true,"href":"https:\/\/experienciadevida.com.ar\/portalurbano\/wp-json\/wp\/v2\/tags?post=124348"}],"curies":[{"name":"wp","href":"https:\/\/api.w.org\/{rel}","templated":true}]}}