{"id":124336,"date":"2020-10-14T14:21:55","date_gmt":"2020-10-14T17:21:55","guid":{"rendered":"https:\/\/experienciadevida.com.ar\/portalurbano\/?p=124336"},"modified":"2020-10-14T14:22:36","modified_gmt":"2020-10-14T17:22:36","slug":"programa-alimentario-pami-realizaran-un-tercer-pago-extraordinario","status":"publish","type":"post","link":"https:\/\/experienciadevida.com.ar\/portalurbano\/programa-alimentario-pami-realizaran-un-tercer-pago-extraordinario\/","title":{"rendered":"Programa alimentario PAMI: Realizar\u00e1n un tercer pago extraordinario"},"content":{"rendered":"<p>El director del PAMI, Jorge Garaiz, comunic\u00f3 que del\u00a0<strong>programa alimentario PAMI<\/strong>, habr\u00e1 un tercer pago extraordinario de $1.600 que recibir\u00e1n 2429 beneficiarios en Olavarr\u00eda a cambio de la habitual entrega de alimentos y ser\u00e1 depositado a trav\u00e9s de un convenio con la ANSES.<\/p>\n<p>El titular de Pami local confirm\u00f3 que realizar\u00e1n, por tercera vez, un pago extraordinario en reemplazo del bols\u00f3n de alimentos que habitualmente se distribuyen a trav\u00e9s de Centros de Jubilados y Pensionados, que por la pandemia deben permanecer cerrados.<\/p>\n<p>La suma del valor del\u00a0<strong>programa alimentario PAMI<\/strong>, ser\u00e1 desde $1.600 y var\u00eda de acuerdo a la modalidad y a la zona geogr\u00e1fica y en Olavarr\u00eda alcanzar\u00e1 a 2429 afiliados. El monto se incorporar\u00e1 como concepto al recibo de haberes a trav\u00e9s de un convenio con la ANSES y ser\u00e1 depositado a partir de ma\u00f1ana.<\/p>\n<p>Con esa medida se busca garantizar la salud de las personas afiliadas, ya que les permite cumplir con el aislamiento preventivo; se trata de un puente entre la pol\u00edtica social y la pol\u00edtica sanitaria del Instituto con el objetivo de adaptar el programa en el contexto de la pandemia.<\/p>\n<p>El cronograma completo de pagos del\u00a0<strong>programa alimentario PAMI\u00a0<\/strong>ser\u00e1 seg\u00fan terminaci\u00f3n de DNI y tipo de jubilaci\u00f3n percibida:<\/p>\n<p><a href=\"https:\/\/experienciadevida.com.ar\/portalurbano\/programa-alimentario-pami-realizaran-un-tercer-pago-extraordinario\/programa-alimentario-pami\/\" rel=\"attachment wp-att-124337\"><img decoding=\"async\" class=\"alignnone size-full wp-image-124337\" src=\"https:\/\/experienciadevida.com.ar\/portalurbano\/wp-content\/uploads\/2020\/10\/Programa-Alimentario-PAMI.jpg\" alt=\"Programa alimentario\" width=\"1280\" height=\"1280\" srcset=\"https:\/\/experienciadevida.com.ar\/portalurbano\/wp-content\/uploads\/2020\/10\/Programa-Alimentario-PAMI.jpg 1280w, https:\/\/experienciadevida.com.ar\/portalurbano\/wp-content\/uploads\/2020\/10\/Programa-Alimentario-PAMI-300x300.jpg 300w, https:\/\/experienciadevida.com.ar\/portalurbano\/wp-content\/uploads\/2020\/10\/Programa-Alimentario-PAMI-1024x1024.jpg 1024w, https:\/\/experienciadevida.com.ar\/portalurbano\/wp-content\/uploads\/2020\/10\/Programa-Alimentario-PAMI-150x150.jpg 150w, https:\/\/experienciadevida.com.ar\/portalurbano\/wp-content\/uploads\/2020\/10\/Programa-Alimentario-PAMI-768x768.jpg 768w\" sizes=\"(max-width: 1280px) 100vw, 1280px\" \/><\/a><\/p>\n<p><a href=\"https:\/\/experienciadevida.com.ar\/portalurbano\/programa-alimentario-pami-realizaran-un-tercer-pago-extraordinario\/programa-pami\/\" rel=\"attachment wp-att-124338\"><img decoding=\"async\" class=\"alignnone size-full wp-image-124338\" src=\"https:\/\/experienciadevida.com.ar\/portalurbano\/wp-content\/uploads\/2020\/10\/Programa-PAMI.jpg\" alt=\"\" width=\"1280\" height=\"1280\" srcset=\"https:\/\/experienciadevida.com.ar\/portalurbano\/wp-content\/uploads\/2020\/10\/Programa-PAMI.jpg 1280w, https:\/\/experienciadevida.com.ar\/portalurbano\/wp-content\/uploads\/2020\/10\/Programa-PAMI-300x300.jpg 300w, https:\/\/experienciadevida.com.ar\/portalurbano\/wp-content\/uploads\/2020\/10\/Programa-PAMI-1024x1024.jpg 1024w, https:\/\/experienciadevida.com.ar\/portalurbano\/wp-content\/uploads\/2020\/10\/Programa-PAMI-150x150.jpg 150w, https:\/\/experienciadevida.com.ar\/portalurbano\/wp-content\/uploads\/2020\/10\/Programa-PAMI-768x768.jpg 768w\" sizes=\"(max-width: 1280px) 100vw, 1280px\" \/><\/a><\/p>\n<p><a href=\"https:\/\/experienciadevida.com.ar\/portalurbano\/programa-alimentario-pami-realizaran-un-tercer-pago-extraordinario\/pago-del-programa-alimentario\/\" rel=\"attachment wp-att-124339\"><img decoding=\"async\" class=\"alignnone size-full wp-image-124339\" src=\"https:\/\/experienciadevida.com.ar\/portalurbano\/wp-content\/uploads\/2020\/10\/Pago-del-programa-alimentario.jpg\" alt=\"Pago del programa alimentario \" width=\"1280\" height=\"1280\" srcset=\"https:\/\/experienciadevida.com.ar\/portalurbano\/wp-content\/uploads\/2020\/10\/Pago-del-programa-alimentario.jpg 1280w, https:\/\/experienciadevida.com.ar\/portalurbano\/wp-content\/uploads\/2020\/10\/Pago-del-programa-alimentario-300x300.jpg 300w, https:\/\/experienciadevida.com.ar\/portalurbano\/wp-content\/uploads\/2020\/10\/Pago-del-programa-alimentario-1024x1024.jpg 1024w, https:\/\/experienciadevida.com.ar\/portalurbano\/wp-content\/uploads\/2020\/10\/Pago-del-programa-alimentario-150x150.jpg 150w, https:\/\/experienciadevida.com.ar\/portalurbano\/wp-content\/uploads\/2020\/10\/Pago-del-programa-alimentario-768x768.jpg 768w\" sizes=\"(max-width: 1280px) 100vw, 1280px\" \/><\/a><\/p>\n","protected":false},"excerpt":{"rendered":"<p>El director del PAMI, Jorge Garaiz, comunic\u00f3 que del\u00a0programa alimentario PAMI, habr\u00e1 un tercer pago&#8230;<\/p>\n","protected":false},"author":1,"featured_media":98683,"comment_status":"closed","ping_status":"closed","sticky":false,"template":"","format":"standard","meta":{"content-type":""},"categories":[27,51],"tags":[],"nelio_content":{"isAutoShareEnabled":false,"autoShareEndMode":"default","automationSources":{"useContentSentences":true,"useSocialTemplates":true,"useCustomSentences":false,"customSentences":[]},"followers":[1],"suggestedReferences":[],"includedReferences":[],"efiUrl":"","efiAlt":"","highlights":[]},"yoast_head":"<!-- This site is optimized with the Yoast SEO plugin v20.7 - https:\/\/yoast.com\/wordpress\/plugins\/seo\/ -->\n<title>Programa alimentario PAMI: Realizar\u00e1n un tercer pago extraordinario<\/title>\n<meta name=\"description\" content=\"Del\u00a0programa alimentario PAMI, habr\u00e1 un tercer pago extraordinario de $1.600 que recibir\u00e1n 2429 beneficiarios de nuestra ciudad.\" \/>\n<meta name=\"robots\" content=\"index, follow, max-snippet:-1, max-image-preview:large, max-video-preview:-1\" \/>\n<link rel=\"canonical\" href=\"https:\/\/experienciadevida.com.ar\/portalurbano\/programa-alimentario-pami-realizaran-un-tercer-pago-extraordinario\/\" \/>\n<meta property=\"og:locale\" content=\"es_ES\" \/>\n<meta property=\"og:type\" content=\"article\" \/>\n<meta property=\"og:title\" content=\"Programa alimentario PAMI: Realizar\u00e1n un tercer pago extraordinario\" \/>\n<meta property=\"og:description\" content=\"Del\u00a0programa alimentario PAMI, habr\u00e1 un tercer pago extraordinario de $1.600 que recibir\u00e1n 2429 beneficiarios de nuestra ciudad.\" \/>\n<meta property=\"og:url\" content=\"https:\/\/experienciadevida.com.ar\/portalurbano\/programa-alimentario-pami-realizaran-un-tercer-pago-extraordinario\/\" \/>\n<meta property=\"article:publisher\" content=\"https:\/\/www.facebook.com\/Portal-Urbano-171542830093757\/\" \/>\n<meta property=\"article:published_time\" content=\"2020-10-14T17:21:55+00:00\" \/>\n<meta property=\"article:modified_time\" content=\"2020-10-14T17:22:36+00:00\" \/>\n<meta property=\"og:image\" content=\"https:\/\/experienciadevida.com.ar\/portalurbano\/wp-content\/uploads\/2020\/01\/pami_2-1.jpg\" \/>\n\t<meta property=\"og:image:width\" content=\"800\" \/>\n\t<meta property=\"og:image:height\" content=\"552\" \/>\n\t<meta property=\"og:image:type\" content=\"image\/jpeg\" \/>\n<meta name=\"author\" content=\"admpu17wp\" \/>\n<meta name=\"twitter:card\" content=\"summary_large_image\" \/>\n<meta name=\"twitter:creator\" content=\"@portalurbanook\" \/>\n<meta name=\"twitter:site\" content=\"@portalurbanook\" \/>\n<meta name=\"twitter:label1\" content=\"Escrito por\" \/>\n\t<meta name=\"twitter:data1\" content=\"admpu17wp\" \/>\n\t<meta name=\"twitter:label2\" content=\"Tiempo de lectura\" \/>\n\t<meta name=\"twitter:data2\" content=\"1 minuto\" \/>\n<script type=\"application\/ld+json\" class=\"yoast-schema-graph\">{\"@context\":\"https:\/\/schema.org\",\"@graph\":[{\"@type\":\"Article\",\"@id\":\"https:\/\/experienciadevida.com.ar\/portalurbano\/programa-alimentario-pami-realizaran-un-tercer-pago-extraordinario\/#article\",\"isPartOf\":{\"@id\":\"https:\/\/experienciadevida.com.ar\/portalurbano\/programa-alimentario-pami-realizaran-un-tercer-pago-extraordinario\/\"},\"author\":{\"name\":\"admpu17wp\",\"@id\":\"https:\/\/experienciadevida.com.ar\/portalurbano\/#\/schema\/person\/02dd326b1c4b056e9cc972486934a3a7\"},\"headline\":\"Programa alimentario PAMI: Realizar\u00e1n un tercer pago extraordinario\",\"datePublished\":\"2020-10-14T17:21:55+00:00\",\"dateModified\":\"2020-10-14T17:22:36+00:00\",\"mainEntityOfPage\":{\"@id\":\"https:\/\/experienciadevida.com.ar\/portalurbano\/programa-alimentario-pami-realizaran-un-tercer-pago-extraordinario\/\"},\"wordCount\":227,\"publisher\":{\"@id\":\"https:\/\/experienciadevida.com.ar\/portalurbano\/#organization\"},\"articleSection\":[\"Ciudad\",\"Destacadas\"],\"inLanguage\":\"es\"},{\"@type\":\"WebPage\",\"@id\":\"https:\/\/experienciadevida.com.ar\/portalurbano\/programa-alimentario-pami-realizaran-un-tercer-pago-extraordinario\/\",\"url\":\"https:\/\/experienciadevida.com.ar\/portalurbano\/programa-alimentario-pami-realizaran-un-tercer-pago-extraordinario\/\",\"name\":\"Programa alimentario PAMI: Realizar\u00e1n un tercer pago extraordinario\",\"isPartOf\":{\"@id\":\"https:\/\/experienciadevida.com.ar\/portalurbano\/#website\"},\"datePublished\":\"2020-10-14T17:21:55+00:00\",\"dateModified\":\"2020-10-14T17:22:36+00:00\",\"description\":\"Del\u00a0programa alimentario PAMI, habr\u00e1 un tercer pago extraordinario de $1.600 que recibir\u00e1n 2429 beneficiarios de nuestra ciudad.\",\"breadcrumb\":{\"@id\":\"https:\/\/experienciadevida.com.ar\/portalurbano\/programa-alimentario-pami-realizaran-un-tercer-pago-extraordinario\/#breadcrumb\"},\"inLanguage\":\"es\",\"potentialAction\":[{\"@type\":\"ReadAction\",\"target\":[\"https:\/\/experienciadevida.com.ar\/portalurbano\/programa-alimentario-pami-realizaran-un-tercer-pago-extraordinario\/\"]}]},{\"@type\":\"BreadcrumbList\",\"@id\":\"https:\/\/experienciadevida.com.ar\/portalurbano\/programa-alimentario-pami-realizaran-un-tercer-pago-extraordinario\/#breadcrumb\",\"itemListElement\":[{\"@type\":\"ListItem\",\"position\":1,\"name\":\"Portada\",\"item\":\"https:\/\/experienciadevida.com.ar\/portalurbano\/\"},{\"@type\":\"ListItem\",\"position\":2,\"name\":\"Programa alimentario PAMI: Realizar\u00e1n un tercer pago extraordinario\"}]},{\"@type\":\"WebSite\",\"@id\":\"https:\/\/experienciadevida.com.ar\/portalurbano\/#website\",\"url\":\"https:\/\/experienciadevida.com.ar\/portalurbano\/\",\"name\":\"\",\"description\":\"\",\"publisher\":{\"@id\":\"https:\/\/experienciadevida.com.ar\/portalurbano\/#organization\"},\"potentialAction\":[{\"@type\":\"SearchAction\",\"target\":{\"@type\":\"EntryPoint\",\"urlTemplate\":\"https:\/\/experienciadevida.com.ar\/portalurbano\/?s={search_term_string}\"},\"query-input\":\"required name=search_term_string\"}],\"inLanguage\":\"es\"},{\"@type\":\"Organization\",\"@id\":\"https:\/\/experienciadevida.com.ar\/portalurbano\/#organization\",\"name\":\"Portal Urbano\",\"url\":\"https:\/\/experienciadevida.com.ar\/portalurbano\/\",\"logo\":{\"@type\":\"ImageObject\",\"inLanguage\":\"es\",\"@id\":\"https:\/\/experienciadevida.com.ar\/portalurbano\/#\/schema\/logo\/image\/\",\"url\":\"https:\/\/experienciadevida.com.ar\/portalurbano\/wp-content\/uploads\/2019\/09\/Logo-Original.png\",\"contentUrl\":\"https:\/\/experienciadevida.com.ar\/portalurbano\/wp-content\/uploads\/2019\/09\/Logo-Original.png\",\"width\":2236,\"height\":1216,\"caption\":\"Portal Urbano\"},\"image\":{\"@id\":\"https:\/\/experienciadevida.com.ar\/portalurbano\/#\/schema\/logo\/image\/\"},\"sameAs\":[\"https:\/\/www.facebook.com\/Portal-Urbano-171542830093757\/\",\"https:\/\/twitter.com\/portalurbanook\",\"https:\/\/www.instagram.com\/_portalurbano\/\",\"https:\/\/www.youtube.com\/channel\/UCXhagIfszH8KxFiOok79zbA?view_as=subscriber\"]},{\"@type\":\"Person\",\"@id\":\"https:\/\/experienciadevida.com.ar\/portalurbano\/#\/schema\/person\/02dd326b1c4b056e9cc972486934a3a7\",\"name\":\"admpu17wp\",\"image\":{\"@type\":\"ImageObject\",\"inLanguage\":\"es\",\"@id\":\"https:\/\/experienciadevida.com.ar\/portalurbano\/#\/schema\/person\/image\/\",\"url\":\"https:\/\/secure.gravatar.com\/avatar\/830d4c57adaae6630765e449a6908047?s=96&d=mm&r=g\",\"contentUrl\":\"https:\/\/secure.gravatar.com\/avatar\/830d4c57adaae6630765e449a6908047?s=96&d=mm&r=g\",\"caption\":\"admpu17wp\"}}]}<\/script>\n<!-- \/ Yoast SEO plugin. -->","yoast_head_json":{"title":"Programa alimentario PAMI: Realizar\u00e1n un tercer pago extraordinario","description":"Del\u00a0programa alimentario PAMI, habr\u00e1 un tercer pago extraordinario de $1.600 que recibir\u00e1n 2429 beneficiarios de nuestra ciudad.","robots":{"index":"index","follow":"follow","max-snippet":"max-snippet:-1","max-image-preview":"max-image-preview:large","max-video-preview":"max-video-preview:-1"},"canonical":"https:\/\/experienciadevida.com.ar\/portalurbano\/programa-alimentario-pami-realizaran-un-tercer-pago-extraordinario\/","og_locale":"es_ES","og_type":"article","og_title":"Programa alimentario PAMI: Realizar\u00e1n un tercer pago extraordinario","og_description":"Del\u00a0programa alimentario PAMI, habr\u00e1 un tercer pago extraordinario de $1.600 que recibir\u00e1n 2429 beneficiarios de nuestra ciudad.","og_url":"https:\/\/experienciadevida.com.ar\/portalurbano\/programa-alimentario-pami-realizaran-un-tercer-pago-extraordinario\/","article_publisher":"https:\/\/www.facebook.com\/Portal-Urbano-171542830093757\/","article_published_time":"2020-10-14T17:21:55+00:00","article_modified_time":"2020-10-14T17:22:36+00:00","og_image":[{"width":800,"height":552,"url":"https:\/\/experienciadevida.com.ar\/portalurbano\/wp-content\/uploads\/2020\/01\/pami_2-1.jpg","type":"image\/jpeg"}],"author":"admpu17wp","twitter_card":"summary_large_image","twitter_creator":"@portalurbanook","twitter_site":"@portalurbanook","twitter_misc":{"Escrito por":"admpu17wp","Tiempo de lectura":"1 minuto"},"schema":{"@context":"https:\/\/schema.org","@graph":[{"@type":"Article","@id":"https:\/\/experienciadevida.com.ar\/portalurbano\/programa-alimentario-pami-realizaran-un-tercer-pago-extraordinario\/#article","isPartOf":{"@id":"https:\/\/experienciadevida.com.ar\/portalurbano\/programa-alimentario-pami-realizaran-un-tercer-pago-extraordinario\/"},"author":{"name":"admpu17wp","@id":"https:\/\/experienciadevida.com.ar\/portalurbano\/#\/schema\/person\/02dd326b1c4b056e9cc972486934a3a7"},"headline":"Programa alimentario PAMI: Realizar\u00e1n un tercer pago extraordinario","datePublished":"2020-10-14T17:21:55+00:00","dateModified":"2020-10-14T17:22:36+00:00","mainEntityOfPage":{"@id":"https:\/\/experienciadevida.com.ar\/portalurbano\/programa-alimentario-pami-realizaran-un-tercer-pago-extraordinario\/"},"wordCount":227,"publisher":{"@id":"https:\/\/experienciadevida.com.ar\/portalurbano\/#organization"},"articleSection":["Ciudad","Destacadas"],"inLanguage":"es"},{"@type":"WebPage","@id":"https:\/\/experienciadevida.com.ar\/portalurbano\/programa-alimentario-pami-realizaran-un-tercer-pago-extraordinario\/","url":"https:\/\/experienciadevida.com.ar\/portalurbano\/programa-alimentario-pami-realizaran-un-tercer-pago-extraordinario\/","name":"Programa alimentario PAMI: Realizar\u00e1n un tercer pago extraordinario","isPartOf":{"@id":"https:\/\/experienciadevida.com.ar\/portalurbano\/#website"},"datePublished":"2020-10-14T17:21:55+00:00","dateModified":"2020-10-14T17:22:36+00:00","description":"Del\u00a0programa alimentario PAMI, habr\u00e1 un tercer pago extraordinario de $1.600 que recibir\u00e1n 2429 beneficiarios de nuestra ciudad.","breadcrumb":{"@id":"https:\/\/experienciadevida.com.ar\/portalurbano\/programa-alimentario-pami-realizaran-un-tercer-pago-extraordinario\/#breadcrumb"},"inLanguage":"es","potentialAction":[{"@type":"ReadAction","target":["https:\/\/experienciadevida.com.ar\/portalurbano\/programa-alimentario-pami-realizaran-un-tercer-pago-extraordinario\/"]}]},{"@type":"BreadcrumbList","@id":"https:\/\/experienciadevida.com.ar\/portalurbano\/programa-alimentario-pami-realizaran-un-tercer-pago-extraordinario\/#breadcrumb","itemListElement":[{"@type":"ListItem","position":1,"name":"Portada","item":"https:\/\/experienciadevida.com.ar\/portalurbano\/"},{"@type":"ListItem","position":2,"name":"Programa alimentario PAMI: Realizar\u00e1n un tercer pago extraordinario"}]},{"@type":"WebSite","@id":"https:\/\/experienciadevida.com.ar\/portalurbano\/#website","url":"https:\/\/experienciadevida.com.ar\/portalurbano\/","name":"","description":"","publisher":{"@id":"https:\/\/experienciadevida.com.ar\/portalurbano\/#organization"},"potentialAction":[{"@type":"SearchAction","target":{"@type":"EntryPoint","urlTemplate":"https:\/\/experienciadevida.com.ar\/portalurbano\/?s={search_term_string}"},"query-input":"required name=search_term_string"}],"inLanguage":"es"},{"@type":"Organization","@id":"https:\/\/experienciadevida.com.ar\/portalurbano\/#organization","name":"Portal Urbano","url":"https:\/\/experienciadevida.com.ar\/portalurbano\/","logo":{"@type":"ImageObject","inLanguage":"es","@id":"https:\/\/experienciadevida.com.ar\/portalurbano\/#\/schema\/logo\/image\/","url":"https:\/\/experienciadevida.com.ar\/portalurbano\/wp-content\/uploads\/2019\/09\/Logo-Original.png","contentUrl":"https:\/\/experienciadevida.com.ar\/portalurbano\/wp-content\/uploads\/2019\/09\/Logo-Original.png","width":2236,"height":1216,"caption":"Portal Urbano"},"image":{"@id":"https:\/\/experienciadevida.com.ar\/portalurbano\/#\/schema\/logo\/image\/"},"sameAs":["https:\/\/www.facebook.com\/Portal-Urbano-171542830093757\/","https:\/\/twitter.com\/portalurbanook","https:\/\/www.instagram.com\/_portalurbano\/","https:\/\/www.youtube.com\/channel\/UCXhagIfszH8KxFiOok79zbA?view_as=subscriber"]},{"@type":"Person","@id":"https:\/\/experienciadevida.com.ar\/portalurbano\/#\/schema\/person\/02dd326b1c4b056e9cc972486934a3a7","name":"admpu17wp","image":{"@type":"ImageObject","inLanguage":"es","@id":"https:\/\/experienciadevida.com.ar\/portalurbano\/#\/schema\/person\/image\/","url":"https:\/\/secure.gravatar.com\/avatar\/830d4c57adaae6630765e449a6908047?s=96&d=mm&r=g","contentUrl":"https:\/\/secure.gravatar.com\/avatar\/830d4c57adaae6630765e449a6908047?s=96&d=mm&r=g","caption":"admpu17wp"}}]}},"featured_image_urls":{"full":["https:\/\/experienciadevida.com.ar\/portalurbano\/wp-content\/uploads\/2020\/01\/pami_2-1.jpg",800,552,false],"thumbnail":["https:\/\/experienciadevida.com.ar\/portalurbano\/wp-content\/uploads\/2020\/01\/pami_2-1-150x150.jpg",150,150,true],"medium":["https:\/\/experienciadevida.com.ar\/portalurbano\/wp-content\/uploads\/2020\/01\/pami_2-1-300x207.jpg",300,207,true],"medium_large":["https:\/\/experienciadevida.com.ar\/portalurbano\/wp-content\/uploads\/2020\/01\/pami_2-1-768x530.jpg",640,442,true],"large":["https:\/\/experienciadevida.com.ar\/portalurbano\/wp-content\/uploads\/2020\/01\/pami_2-1.jpg",640,442,false],"ug_big":["https:\/\/experienciadevida.com.ar\/portalurbano\/wp-content\/uploads\/2020\/01\/pami_2-1-768x530.jpg",768,530,true],"1536x1536":["https:\/\/experienciadevida.com.ar\/portalurbano\/wp-content\/uploads\/2020\/01\/pami_2-1.jpg",800,552,false],"2048x2048":["https:\/\/experienciadevida.com.ar\/portalurbano\/wp-content\/uploads\/2020\/01\/pami_2-1.jpg",800,552,false],"newsever-slider-full":["https:\/\/experienciadevida.com.ar\/portalurbano\/wp-content\/uploads\/2020\/01\/pami_2-1.jpg",800,552,false],"newsever-featured":["https:\/\/experienciadevida.com.ar\/portalurbano\/wp-content\/uploads\/2020\/01\/pami_2-1.jpg",800,552,false],"newsever-medium":["https:\/\/experienciadevida.com.ar\/portalurbano\/wp-content\/uploads\/2020\/01\/pami_2-1.jpg",688,475,false],"web-stories-poster-portrait":["https:\/\/experienciadevida.com.ar\/portalurbano\/wp-content\/uploads\/2020\/01\/pami_2-1.jpg",640,442,false],"web-stories-publisher-logo":["https:\/\/experienciadevida.com.ar\/portalurbano\/wp-content\/uploads\/2020\/01\/pami_2-1.jpg",96,66,false],"web-stories-thumbnail":["https:\/\/experienciadevida.com.ar\/portalurbano\/wp-content\/uploads\/2020\/01\/pami_2-1.jpg",150,104,false]},"author_info":{"display_name":"admpu17wp","author_link":"https:\/\/experienciadevida.com.ar\/portalurbano\/author\/admpu17wp\/"},"category_info":"<a href=\"https:\/\/experienciadevida.com.ar\/portalurbano\/category\/ciudad\/\" rel=\"category tag\">Ciudad<\/a> <a href=\"https:\/\/experienciadevida.com.ar\/portalurbano\/category\/destacadas\/\" rel=\"category tag\">Destacadas<\/a>","tag_info":"Destacadas","comment_count":"0","amp_enabled":true,"_links":{"self":[{"href":"https:\/\/experienciadevida.com.ar\/portalurbano\/wp-json\/wp\/v2\/posts\/124336"}],"collection":[{"href":"https:\/\/experienciadevida.com.ar\/portalurbano\/wp-json\/wp\/v2\/posts"}],"about":[{"href":"https:\/\/experienciadevida.com.ar\/portalurbano\/wp-json\/wp\/v2\/types\/post"}],"author":[{"embeddable":true,"href":"https:\/\/experienciadevida.com.ar\/portalurbano\/wp-json\/wp\/v2\/users\/1"}],"replies":[{"embeddable":true,"href":"https:\/\/experienciadevida.com.ar\/portalurbano\/wp-json\/wp\/v2\/comments?post=124336"}],"version-history":[{"count":2,"href":"https:\/\/experienciadevida.com.ar\/portalurbano\/wp-json\/wp\/v2\/posts\/124336\/revisions"}],"predecessor-version":[{"id":124342,"href":"https:\/\/experienciadevida.com.ar\/portalurbano\/wp-json\/wp\/v2\/posts\/124336\/revisions\/124342"}],"wp:featuredmedia":[{"embeddable":true,"href":"https:\/\/experienciadevida.com.ar\/portalurbano\/wp-json\/wp\/v2\/media\/98683"}],"wp:attachment":[{"href":"https:\/\/experienciadevida.com.ar\/portalurbano\/wp-json\/wp\/v2\/media?parent=124336"}],"wp:term":[{"taxonomy":"category","embeddable":true,"href":"https:\/\/experienciadevida.com.ar\/portalurbano\/wp-json\/wp\/v2\/categories?post=124336"},{"taxonomy":"post_tag","embeddable":true,"href":"https:\/\/experienciadevida.com.ar\/portalurbano\/wp-json\/wp\/v2\/tags?post=124336"}],"curies":[{"name":"wp","href":"https:\/\/api.w.org\/{rel}","templated":true}]}}