{"id":124323,"date":"2020-10-14T12:23:36","date_gmt":"2020-10-14T15:23:36","guid":{"rendered":"https:\/\/experienciadevida.com.ar\/portalurbano\/?p=124323"},"modified":"2020-10-14T12:25:01","modified_gmt":"2020-10-14T15:25:01","slug":"informan-un-promedio-alto-de-casos-diarios-de-coronavirus-en-los-ultimos-siete-dias","status":"publish","type":"post","link":"https:\/\/experienciadevida.com.ar\/portalurbano\/informan-un-promedio-alto-de-casos-diarios-de-coronavirus-en-los-ultimos-siete-dias\/","title":{"rendered":"Informan un promedio alto de  casos diarios de coronavirus en los \u00faltimos siete d\u00edas"},"content":{"rendered":"<div class=\"td_block_wrap tdb_single_subtitle tdi_72_749 td-pb-border-top td_block_template_1\" data-td-block-uid=\"tdi_72_749\">\n<div class=\"tdb-block-inner td-fix-index\">\n<p>La tasa de letalidad volvi\u00f3 a ubicarse en el 2,7%. Son 4.294 las personas que se encuentran internadas en unidades de terapia intensiva, adem\u00e1s informan un <strong>promedio alto de casos diarios.\u00a0<\/strong><\/p>\n<p>El Ministerio de Salud inform\u00f3 esta ma\u00f1ana un promedio diario de 13.413 casos de coronavirus en los \u00faltimos siete d\u00edas, con una tasa de mortalidad de 542 personas cada mill\u00f3n de habitantes y de letalidad del 2,7% sobre los casos confirmados.<\/p>\n<p>En el reporte oficial se indic\u00f3, adem\u00e1s, que fueron 13.305 los positivos de Covid-19\u00a0 que se reportaron ayer en la Argentina un <strong>promedio alto de casos diarios<\/strong>, con una tasa de incidencia de 2.021 cada 100.000 habitantes, 917.035 el total de infectados hasta el momento y 4.294 las personas que se encuentran internadas en unidades de terapia intensiva.<\/p>\n<p>Respecto de los pacientes que cursan la enfermedad en unidades de cuidados intensivos, el 38,8% se encuentran en la Ciudad y la Provincia de Buenos Aires, el 30,4% en C\u00f3rdoba y el 5,1% en Santa Fe.<\/p>\n<p>La ocupaci\u00f3n de camas de cuidados cr\u00edticos, m\u00e1s all\u00e1 de la dolencia que explique la internaci\u00f3n del paciente, a nivel nacional promedia 64,2%.<\/p>\n<p>Un total de 742.235 pacientes recibieron el alta, cifra que se corresponde con m\u00e1s del 80,9% de los casos reportados desde el inicio de la pandemia, en marzo pasado.<\/p>\n<p>Al encabezar el reporte federal que emite la autoridad sanitaria, la secretaria de Acceso a la Salud, Carla Vizzotti, se\u00f1al\u00f3 que \u201cla situaci\u00f3n epidemiol\u00f3gica viene siendo sostenida durante las \u00faltimas semanas en relaci\u00f3n a la estabilidad en el AMBA con acuerdos y planificaci\u00f3n de aperturas y, en el resto del pa\u00eds, este aumento del n\u00famero de casos\u201d.<\/p>\n<p>Fuente: DIB<\/p>\n<\/div>\n<\/div>\n","protected":false},"excerpt":{"rendered":"<p>La tasa de letalidad volvi\u00f3 a ubicarse en el 2,7%. Son 4.294 las personas que&#8230;<\/p>\n","protected":false},"author":1,"featured_media":123322,"comment_status":"closed","ping_status":"closed","sticky":false,"template":"","format":"standard","meta":{"content-type":""},"categories":[71,39],"tags":[],"nelio_content":{"isAutoShareEnabled":false,"autoShareEndMode":"default","automationSources":{"useContentSentences":true,"useSocialTemplates":true,"useCustomSentences":false,"customSentences":[]},"followers":[1],"suggestedReferences":[],"includedReferences":[],"efiUrl":"","efiAlt":"","highlights":[]},"yoast_head":"<!-- This site is optimized with the Yoast SEO plugin v20.7 - https:\/\/yoast.com\/wordpress\/plugins\/seo\/ -->\n<title>Informan un promedio alto de casos diarios de Coronavirus<\/title>\n<meta name=\"description\" content=\"Informan un promedio alto de casos diarios de coronavirus, en los \u00faltimos siete d\u00edas y la tasa de letalidad volvi\u00f3 a ubicarse en el 2,7%.\" \/>\n<meta name=\"robots\" content=\"index, follow, max-snippet:-1, max-image-preview:large, max-video-preview:-1\" \/>\n<link rel=\"canonical\" href=\"https:\/\/experienciadevida.com.ar\/portalurbano\/informan-un-promedio-alto-de-casos-diarios-de-coronavirus-en-los-ultimos-siete-dias\/\" \/>\n<meta property=\"og:locale\" content=\"es_ES\" \/>\n<meta property=\"og:type\" content=\"article\" \/>\n<meta property=\"og:title\" content=\"Informan un promedio alto de casos diarios de Coronavirus\" \/>\n<meta property=\"og:description\" content=\"Informan un promedio alto de casos diarios de coronavirus, en los \u00faltimos siete d\u00edas y la tasa de letalidad volvi\u00f3 a ubicarse en el 2,7%.\" \/>\n<meta property=\"og:url\" content=\"https:\/\/experienciadevida.com.ar\/portalurbano\/informan-un-promedio-alto-de-casos-diarios-de-coronavirus-en-los-ultimos-siete-dias\/\" \/>\n<meta property=\"article:publisher\" content=\"https:\/\/www.facebook.com\/Portal-Urbano-171542830093757\/\" \/>\n<meta property=\"article:published_time\" content=\"2020-10-14T15:23:36+00:00\" \/>\n<meta property=\"article:modified_time\" content=\"2020-10-14T15:25:01+00:00\" \/>\n<meta property=\"og:image\" content=\"https:\/\/experienciadevida.com.ar\/portalurbano\/wp-content\/uploads\/2020\/10\/nuevo-record-de-casos-de-coronavirus.jpg\" \/>\n\t<meta property=\"og:image:width\" content=\"1068\" \/>\n\t<meta property=\"og:image:height\" content=\"712\" \/>\n\t<meta property=\"og:image:type\" content=\"image\/jpeg\" \/>\n<meta name=\"author\" content=\"admpu17wp\" \/>\n<meta name=\"twitter:card\" content=\"summary_large_image\" \/>\n<meta name=\"twitter:creator\" content=\"@portalurbanook\" \/>\n<meta name=\"twitter:site\" content=\"@portalurbanook\" \/>\n<meta name=\"twitter:label1\" content=\"Escrito por\" \/>\n\t<meta name=\"twitter:data1\" content=\"admpu17wp\" \/>\n\t<meta name=\"twitter:label2\" content=\"Tiempo de lectura\" \/>\n\t<meta name=\"twitter:data2\" content=\"1 minuto\" \/>\n<script type=\"application\/ld+json\" class=\"yoast-schema-graph\">{\"@context\":\"https:\/\/schema.org\",\"@graph\":[{\"@type\":\"Article\",\"@id\":\"https:\/\/experienciadevida.com.ar\/portalurbano\/informan-un-promedio-alto-de-casos-diarios-de-coronavirus-en-los-ultimos-siete-dias\/#article\",\"isPartOf\":{\"@id\":\"https:\/\/experienciadevida.com.ar\/portalurbano\/informan-un-promedio-alto-de-casos-diarios-de-coronavirus-en-los-ultimos-siete-dias\/\"},\"author\":{\"name\":\"admpu17wp\",\"@id\":\"https:\/\/experienciadevida.com.ar\/portalurbano\/#\/schema\/person\/02dd326b1c4b056e9cc972486934a3a7\"},\"headline\":\"Informan un promedio alto de casos diarios de coronavirus en los \u00faltimos siete d\u00edas\",\"datePublished\":\"2020-10-14T15:23:36+00:00\",\"dateModified\":\"2020-10-14T15:25:01+00:00\",\"mainEntityOfPage\":{\"@id\":\"https:\/\/experienciadevida.com.ar\/portalurbano\/informan-un-promedio-alto-de-casos-diarios-de-coronavirus-en-los-ultimos-siete-dias\/\"},\"wordCount\":294,\"publisher\":{\"@id\":\"https:\/\/experienciadevida.com.ar\/portalurbano\/#organization\"},\"articleSection\":[\"Coronavirus\",\"Naci\u00f3n\"],\"inLanguage\":\"es\"},{\"@type\":\"WebPage\",\"@id\":\"https:\/\/experienciadevida.com.ar\/portalurbano\/informan-un-promedio-alto-de-casos-diarios-de-coronavirus-en-los-ultimos-siete-dias\/\",\"url\":\"https:\/\/experienciadevida.com.ar\/portalurbano\/informan-un-promedio-alto-de-casos-diarios-de-coronavirus-en-los-ultimos-siete-dias\/\",\"name\":\"Informan un promedio alto de casos diarios de Coronavirus\",\"isPartOf\":{\"@id\":\"https:\/\/experienciadevida.com.ar\/portalurbano\/#website\"},\"datePublished\":\"2020-10-14T15:23:36+00:00\",\"dateModified\":\"2020-10-14T15:25:01+00:00\",\"description\":\"Informan un promedio alto de casos diarios de coronavirus, en los \u00faltimos siete d\u00edas y la tasa de letalidad volvi\u00f3 a ubicarse en el 2,7%.\",\"breadcrumb\":{\"@id\":\"https:\/\/experienciadevida.com.ar\/portalurbano\/informan-un-promedio-alto-de-casos-diarios-de-coronavirus-en-los-ultimos-siete-dias\/#breadcrumb\"},\"inLanguage\":\"es\",\"potentialAction\":[{\"@type\":\"ReadAction\",\"target\":[\"https:\/\/experienciadevida.com.ar\/portalurbano\/informan-un-promedio-alto-de-casos-diarios-de-coronavirus-en-los-ultimos-siete-dias\/\"]}]},{\"@type\":\"BreadcrumbList\",\"@id\":\"https:\/\/experienciadevida.com.ar\/portalurbano\/informan-un-promedio-alto-de-casos-diarios-de-coronavirus-en-los-ultimos-siete-dias\/#breadcrumb\",\"itemListElement\":[{\"@type\":\"ListItem\",\"position\":1,\"name\":\"Portada\",\"item\":\"https:\/\/experienciadevida.com.ar\/portalurbano\/\"},{\"@type\":\"ListItem\",\"position\":2,\"name\":\"Informan un promedio alto de casos diarios de coronavirus en los \u00faltimos siete d\u00edas\"}]},{\"@type\":\"WebSite\",\"@id\":\"https:\/\/experienciadevida.com.ar\/portalurbano\/#website\",\"url\":\"https:\/\/experienciadevida.com.ar\/portalurbano\/\",\"name\":\"\",\"description\":\"\",\"publisher\":{\"@id\":\"https:\/\/experienciadevida.com.ar\/portalurbano\/#organization\"},\"potentialAction\":[{\"@type\":\"SearchAction\",\"target\":{\"@type\":\"EntryPoint\",\"urlTemplate\":\"https:\/\/experienciadevida.com.ar\/portalurbano\/?s={search_term_string}\"},\"query-input\":\"required name=search_term_string\"}],\"inLanguage\":\"es\"},{\"@type\":\"Organization\",\"@id\":\"https:\/\/experienciadevida.com.ar\/portalurbano\/#organization\",\"name\":\"Portal Urbano\",\"url\":\"https:\/\/experienciadevida.com.ar\/portalurbano\/\",\"logo\":{\"@type\":\"ImageObject\",\"inLanguage\":\"es\",\"@id\":\"https:\/\/experienciadevida.com.ar\/portalurbano\/#\/schema\/logo\/image\/\",\"url\":\"https:\/\/experienciadevida.com.ar\/portalurbano\/wp-content\/uploads\/2019\/09\/Logo-Original.png\",\"contentUrl\":\"https:\/\/experienciadevida.com.ar\/portalurbano\/wp-content\/uploads\/2019\/09\/Logo-Original.png\",\"width\":2236,\"height\":1216,\"caption\":\"Portal Urbano\"},\"image\":{\"@id\":\"https:\/\/experienciadevida.com.ar\/portalurbano\/#\/schema\/logo\/image\/\"},\"sameAs\":[\"https:\/\/www.facebook.com\/Portal-Urbano-171542830093757\/\",\"https:\/\/twitter.com\/portalurbanook\",\"https:\/\/www.instagram.com\/_portalurbano\/\",\"https:\/\/www.youtube.com\/channel\/UCXhagIfszH8KxFiOok79zbA?view_as=subscriber\"]},{\"@type\":\"Person\",\"@id\":\"https:\/\/experienciadevida.com.ar\/portalurbano\/#\/schema\/person\/02dd326b1c4b056e9cc972486934a3a7\",\"name\":\"admpu17wp\",\"image\":{\"@type\":\"ImageObject\",\"inLanguage\":\"es\",\"@id\":\"https:\/\/experienciadevida.com.ar\/portalurbano\/#\/schema\/person\/image\/\",\"url\":\"https:\/\/secure.gravatar.com\/avatar\/830d4c57adaae6630765e449a6908047?s=96&d=mm&r=g\",\"contentUrl\":\"https:\/\/secure.gravatar.com\/avatar\/830d4c57adaae6630765e449a6908047?s=96&d=mm&r=g\",\"caption\":\"admpu17wp\"}}]}<\/script>\n<!-- \/ Yoast SEO plugin. -->","yoast_head_json":{"title":"Informan un promedio alto de casos diarios de Coronavirus","description":"Informan un promedio alto de casos diarios de coronavirus, en los \u00faltimos siete d\u00edas y la tasa de letalidad volvi\u00f3 a ubicarse en el 2,7%.","robots":{"index":"index","follow":"follow","max-snippet":"max-snippet:-1","max-image-preview":"max-image-preview:large","max-video-preview":"max-video-preview:-1"},"canonical":"https:\/\/experienciadevida.com.ar\/portalurbano\/informan-un-promedio-alto-de-casos-diarios-de-coronavirus-en-los-ultimos-siete-dias\/","og_locale":"es_ES","og_type":"article","og_title":"Informan un promedio alto de casos diarios de Coronavirus","og_description":"Informan un promedio alto de casos diarios de coronavirus, en los \u00faltimos siete d\u00edas y la tasa de letalidad volvi\u00f3 a ubicarse en el 2,7%.","og_url":"https:\/\/experienciadevida.com.ar\/portalurbano\/informan-un-promedio-alto-de-casos-diarios-de-coronavirus-en-los-ultimos-siete-dias\/","article_publisher":"https:\/\/www.facebook.com\/Portal-Urbano-171542830093757\/","article_published_time":"2020-10-14T15:23:36+00:00","article_modified_time":"2020-10-14T15:25:01+00:00","og_image":[{"width":1068,"height":712,"url":"https:\/\/experienciadevida.com.ar\/portalurbano\/wp-content\/uploads\/2020\/10\/nuevo-record-de-casos-de-coronavirus.jpg","type":"image\/jpeg"}],"author":"admpu17wp","twitter_card":"summary_large_image","twitter_creator":"@portalurbanook","twitter_site":"@portalurbanook","twitter_misc":{"Escrito por":"admpu17wp","Tiempo de lectura":"1 minuto"},"schema":{"@context":"https:\/\/schema.org","@graph":[{"@type":"Article","@id":"https:\/\/experienciadevida.com.ar\/portalurbano\/informan-un-promedio-alto-de-casos-diarios-de-coronavirus-en-los-ultimos-siete-dias\/#article","isPartOf":{"@id":"https:\/\/experienciadevida.com.ar\/portalurbano\/informan-un-promedio-alto-de-casos-diarios-de-coronavirus-en-los-ultimos-siete-dias\/"},"author":{"name":"admpu17wp","@id":"https:\/\/experienciadevida.com.ar\/portalurbano\/#\/schema\/person\/02dd326b1c4b056e9cc972486934a3a7"},"headline":"Informan un promedio alto de casos diarios de coronavirus en los \u00faltimos siete d\u00edas","datePublished":"2020-10-14T15:23:36+00:00","dateModified":"2020-10-14T15:25:01+00:00","mainEntityOfPage":{"@id":"https:\/\/experienciadevida.com.ar\/portalurbano\/informan-un-promedio-alto-de-casos-diarios-de-coronavirus-en-los-ultimos-siete-dias\/"},"wordCount":294,"publisher":{"@id":"https:\/\/experienciadevida.com.ar\/portalurbano\/#organization"},"articleSection":["Coronavirus","Naci\u00f3n"],"inLanguage":"es"},{"@type":"WebPage","@id":"https:\/\/experienciadevida.com.ar\/portalurbano\/informan-un-promedio-alto-de-casos-diarios-de-coronavirus-en-los-ultimos-siete-dias\/","url":"https:\/\/experienciadevida.com.ar\/portalurbano\/informan-un-promedio-alto-de-casos-diarios-de-coronavirus-en-los-ultimos-siete-dias\/","name":"Informan un promedio alto de casos diarios de Coronavirus","isPartOf":{"@id":"https:\/\/experienciadevida.com.ar\/portalurbano\/#website"},"datePublished":"2020-10-14T15:23:36+00:00","dateModified":"2020-10-14T15:25:01+00:00","description":"Informan un promedio alto de casos diarios de coronavirus, en los \u00faltimos siete d\u00edas y la tasa de letalidad volvi\u00f3 a ubicarse en el 2,7%.","breadcrumb":{"@id":"https:\/\/experienciadevida.com.ar\/portalurbano\/informan-un-promedio-alto-de-casos-diarios-de-coronavirus-en-los-ultimos-siete-dias\/#breadcrumb"},"inLanguage":"es","potentialAction":[{"@type":"ReadAction","target":["https:\/\/experienciadevida.com.ar\/portalurbano\/informan-un-promedio-alto-de-casos-diarios-de-coronavirus-en-los-ultimos-siete-dias\/"]}]},{"@type":"BreadcrumbList","@id":"https:\/\/experienciadevida.com.ar\/portalurbano\/informan-un-promedio-alto-de-casos-diarios-de-coronavirus-en-los-ultimos-siete-dias\/#breadcrumb","itemListElement":[{"@type":"ListItem","position":1,"name":"Portada","item":"https:\/\/experienciadevida.com.ar\/portalurbano\/"},{"@type":"ListItem","position":2,"name":"Informan un promedio alto de casos diarios de coronavirus en los \u00faltimos siete d\u00edas"}]},{"@type":"WebSite","@id":"https:\/\/experienciadevida.com.ar\/portalurbano\/#website","url":"https:\/\/experienciadevida.com.ar\/portalurbano\/","name":"","description":"","publisher":{"@id":"https:\/\/experienciadevida.com.ar\/portalurbano\/#organization"},"potentialAction":[{"@type":"SearchAction","target":{"@type":"EntryPoint","urlTemplate":"https:\/\/experienciadevida.com.ar\/portalurbano\/?s={search_term_string}"},"query-input":"required name=search_term_string"}],"inLanguage":"es"},{"@type":"Organization","@id":"https:\/\/experienciadevida.com.ar\/portalurbano\/#organization","name":"Portal Urbano","url":"https:\/\/experienciadevida.com.ar\/portalurbano\/","logo":{"@type":"ImageObject","inLanguage":"es","@id":"https:\/\/experienciadevida.com.ar\/portalurbano\/#\/schema\/logo\/image\/","url":"https:\/\/experienciadevida.com.ar\/portalurbano\/wp-content\/uploads\/2019\/09\/Logo-Original.png","contentUrl":"https:\/\/experienciadevida.com.ar\/portalurbano\/wp-content\/uploads\/2019\/09\/Logo-Original.png","width":2236,"height":1216,"caption":"Portal Urbano"},"image":{"@id":"https:\/\/experienciadevida.com.ar\/portalurbano\/#\/schema\/logo\/image\/"},"sameAs":["https:\/\/www.facebook.com\/Portal-Urbano-171542830093757\/","https:\/\/twitter.com\/portalurbanook","https:\/\/www.instagram.com\/_portalurbano\/","https:\/\/www.youtube.com\/channel\/UCXhagIfszH8KxFiOok79zbA?view_as=subscriber"]},{"@type":"Person","@id":"https:\/\/experienciadevida.com.ar\/portalurbano\/#\/schema\/person\/02dd326b1c4b056e9cc972486934a3a7","name":"admpu17wp","image":{"@type":"ImageObject","inLanguage":"es","@id":"https:\/\/experienciadevida.com.ar\/portalurbano\/#\/schema\/person\/image\/","url":"https:\/\/secure.gravatar.com\/avatar\/830d4c57adaae6630765e449a6908047?s=96&d=mm&r=g","contentUrl":"https:\/\/secure.gravatar.com\/avatar\/830d4c57adaae6630765e449a6908047?s=96&d=mm&r=g","caption":"admpu17wp"}}]}},"featured_image_urls":{"full":["https:\/\/experienciadevida.com.ar\/portalurbano\/wp-content\/uploads\/2020\/10\/nuevo-record-de-casos-de-coronavirus.jpg",1068,712,false],"thumbnail":["https:\/\/experienciadevida.com.ar\/portalurbano\/wp-content\/uploads\/2020\/10\/nuevo-record-de-casos-de-coronavirus-150x150.jpg",150,150,true],"medium":["https:\/\/experienciadevida.com.ar\/portalurbano\/wp-content\/uploads\/2020\/10\/nuevo-record-de-casos-de-coronavirus-300x200.jpg",300,200,true],"medium_large":["https:\/\/experienciadevida.com.ar\/portalurbano\/wp-content\/uploads\/2020\/10\/nuevo-record-de-casos-de-coronavirus-768x512.jpg",640,427,true],"large":["https:\/\/experienciadevida.com.ar\/portalurbano\/wp-content\/uploads\/2020\/10\/nuevo-record-de-casos-de-coronavirus-1024x683.jpg",640,427,true],"ug_big":["https:\/\/experienciadevida.com.ar\/portalurbano\/wp-content\/uploads\/2020\/10\/nuevo-record-de-casos-de-coronavirus-768x512.jpg",768,512,true],"1536x1536":["https:\/\/experienciadevida.com.ar\/portalurbano\/wp-content\/uploads\/2020\/10\/nuevo-record-de-casos-de-coronavirus.jpg",1068,712,false],"2048x2048":["https:\/\/experienciadevida.com.ar\/portalurbano\/wp-content\/uploads\/2020\/10\/nuevo-record-de-casos-de-coronavirus.jpg",1068,712,false],"newsever-slider-full":["https:\/\/experienciadevida.com.ar\/portalurbano\/wp-content\/uploads\/2020\/10\/nuevo-record-de-casos-de-coronavirus.jpg",1068,712,false],"newsever-featured":["https:\/\/experienciadevida.com.ar\/portalurbano\/wp-content\/uploads\/2020\/10\/nuevo-record-de-casos-de-coronavirus.jpg",1024,683,false],"newsever-medium":["https:\/\/experienciadevida.com.ar\/portalurbano\/wp-content\/uploads\/2020\/10\/nuevo-record-de-casos-de-coronavirus.jpg",713,475,false],"web-stories-poster-portrait":["https:\/\/experienciadevida.com.ar\/portalurbano\/wp-content\/uploads\/2020\/10\/nuevo-record-de-casos-de-coronavirus.jpg",640,427,false],"web-stories-publisher-logo":["https:\/\/experienciadevida.com.ar\/portalurbano\/wp-content\/uploads\/2020\/10\/nuevo-record-de-casos-de-coronavirus.jpg",96,64,false],"web-stories-thumbnail":["https:\/\/experienciadevida.com.ar\/portalurbano\/wp-content\/uploads\/2020\/10\/nuevo-record-de-casos-de-coronavirus.jpg",150,100,false]},"author_info":{"display_name":"admpu17wp","author_link":"https:\/\/experienciadevida.com.ar\/portalurbano\/author\/admpu17wp\/"},"category_info":"<a href=\"https:\/\/experienciadevida.com.ar\/portalurbano\/category\/nacion\/coronavirus\/\" rel=\"category tag\">Coronavirus<\/a> <a href=\"https:\/\/experienciadevida.com.ar\/portalurbano\/category\/nacion\/\" rel=\"category tag\">Naci\u00f3n<\/a>","tag_info":"Naci\u00f3n","comment_count":"0","amp_enabled":true,"_links":{"self":[{"href":"https:\/\/experienciadevida.com.ar\/portalurbano\/wp-json\/wp\/v2\/posts\/124323"}],"collection":[{"href":"https:\/\/experienciadevida.com.ar\/portalurbano\/wp-json\/wp\/v2\/posts"}],"about":[{"href":"https:\/\/experienciadevida.com.ar\/portalurbano\/wp-json\/wp\/v2\/types\/post"}],"author":[{"embeddable":true,"href":"https:\/\/experienciadevida.com.ar\/portalurbano\/wp-json\/wp\/v2\/users\/1"}],"replies":[{"embeddable":true,"href":"https:\/\/experienciadevida.com.ar\/portalurbano\/wp-json\/wp\/v2\/comments?post=124323"}],"version-history":[{"count":1,"href":"https:\/\/experienciadevida.com.ar\/portalurbano\/wp-json\/wp\/v2\/posts\/124323\/revisions"}],"predecessor-version":[{"id":124324,"href":"https:\/\/experienciadevida.com.ar\/portalurbano\/wp-json\/wp\/v2\/posts\/124323\/revisions\/124324"}],"wp:featuredmedia":[{"embeddable":true,"href":"https:\/\/experienciadevida.com.ar\/portalurbano\/wp-json\/wp\/v2\/media\/123322"}],"wp:attachment":[{"href":"https:\/\/experienciadevida.com.ar\/portalurbano\/wp-json\/wp\/v2\/media?parent=124323"}],"wp:term":[{"taxonomy":"category","embeddable":true,"href":"https:\/\/experienciadevida.com.ar\/portalurbano\/wp-json\/wp\/v2\/categories?post=124323"},{"taxonomy":"post_tag","embeddable":true,"href":"https:\/\/experienciadevida.com.ar\/portalurbano\/wp-json\/wp\/v2\/tags?post=124323"}],"curies":[{"name":"wp","href":"https:\/\/api.w.org\/{rel}","templated":true}]}}