{"id":124319,"date":"2020-10-14T12:18:09","date_gmt":"2020-10-14T15:18:09","guid":{"rendered":"https:\/\/experienciadevida.com.ar\/portalurbano\/?p=124319"},"modified":"2020-10-14T12:18:50","modified_gmt":"2020-10-14T15:18:50","slug":"en-un-comunicado-tribuna-docente-se-opone-al-acuerdo-salarial","status":"publish","type":"post","link":"https:\/\/experienciadevida.com.ar\/portalurbano\/en-un-comunicado-tribuna-docente-se-opone-al-acuerdo-salarial\/","title":{"rendered":"En un comunicado Tribuna docente se opone al acuerdo salarial"},"content":{"rendered":"<p>Desde <strong>Tribuna Docente<\/strong> este mi\u00e9rcoles, emitieron un comunicado, en el cual Suteba de Baradel y los otros gremios del FUDB acaban de aprobar la propuesta salarial de pobreza presentada a las apuradas por Kicillof.<\/p>\n<p>&#8220;La docencia no pudo debatir y decidir sobre la oferta, que ronda un 15% de aumento en momentos en que avanza la devaluaci\u00f3n que licua el salario de los trabajadores. Los sueldos que cobramos estatales y docentes est\u00e1n en su mayor\u00eda debajo de la Canasta B\u00e1sica y esto contrasta con el aumento otorgado al mot\u00edn policial, cuyo sueldo inicial es de $44.000&#8221;.<\/p>\n<p>A su vez desde <strong>Tribuna docente<\/strong> dijeron &#8220;el apuro por cerrar la paritaria a la baja, Kicillof y Baradel no lo tuvieron durante estos meses para resolver los reclamos educativos, mientras los docentes sostuvimos la virtualidad, gastando en conectividad e instrumentos y sufriendo la sobrecarga laboral. Estuvimos m\u00e1s de 5 meses sin nombramientos por la suspensi\u00f3n de los actos p\u00fablicos que fueron finalmente \u00a0re-impuestos por la lucha docente&#8221;.<\/p>\n<p>&#8220;El cierre de la paritaria a espaldas de la docencia es una nueva ofensiva y se suma a la implementaci\u00f3n del Programa ATR, un avance de la precarizaci\u00f3n laboral en el que docentes y estudiantes terciarios se convierten en deliverys educativos, exponi\u00e9ndose al contagio&#8221;.<\/p>\n<p>Adem\u00e1s tribuna docente coment\u00f3 &#8220;En este mismo momento tambi\u00e9n crece la presi\u00f3n por el regreso presencial a las escuelas. El ministro Trotta, Kicillof y Cambiemos tienen por objetivo la vuelta a la presencialidad exponiendo a la docencia y las familias al contagio. Mientras tanto, las obras y refacciones en las escuelas son nulas, y ya tenemos los fracasos por el intento de retorno en provincias como San Juan, Catamarca y Santiago del Estero&#8221;.<\/p>\n<p>&#8220;Baradel y el FUDB aceptan la miseria salarial sin consultar a la docencia y se suman al precarizador programa ATR. La CTERA particip\u00f3 de la presentaci\u00f3n del plan de regreso a la presencialidad anunciado por Trotta y los gobernadores, que atenta contra la docencia&#8221;.<\/p>\n<p>Tambi\u00e9n &#8220;En contraposici\u00f3n, las seccionales de Suteba dirigidas por la Multicolor convocaron la semana pasada un plenario masivo, con la presencia de m\u00e1s de 700 docentes de casi 50 distritos de toda la provincia, que resolvi\u00f3 una jornada provincial de lucha para este 14 de octubre, con paro, caravanas y acciones en los distritos y en las redes&#8221;.<\/p>\n<p>&#8220;El plenario vot\u00f3 el reclamo por el aumento del 40% y un b\u00e1sico de $44.000; el rechazo a la presencialidad, exigiendo un plan de obras edilicias en las escuelas y protocolos elaborados por la propia comunidad educativa; rechazar el ATR y la precarizaci\u00f3n laboral, exigiendo nombramientos de docentes que atiendan peque\u00f1os grupos de estudiantes con dificultades en la continuidad pedag\u00f3gica otorgando conectividad y dispositivos; exigir un verdadero salario de emergencia de $30.000 al docente desocupado o subocupado y actos p\u00fablicos de todos los cargos suplentes y provisionales; defender el IOMA contra su vaciamiento y rechazar la reforma jubilatoria y la armonizaci\u00f3n del IPS con Anses&#8221;.<\/p>\n<p>Por \u00faltimo &#8220;Desde <strong>Tribuna Docente<\/strong> Olavarr\u00eda, convocamos a todos los docentes a manifestarse virtualmente, expresando el descontento ante esta paritaria de pobreza y las ofensivas que impulsa Kicillof contra la docencia y la educaci\u00f3n p\u00fablica&#8221;.<\/p>\n","protected":false},"excerpt":{"rendered":"<p>Desde Tribuna Docente este mi\u00e9rcoles, emitieron un comunicado, en el cual Suteba de Baradel y&#8230;<\/p>\n","protected":false},"author":1,"featured_media":124320,"comment_status":"closed","ping_status":"closed","sticky":false,"template":"","format":"standard","meta":{"content-type":""},"categories":[51,43],"tags":[],"nelio_content":{"isAutoShareEnabled":false,"autoShareEndMode":"default","automationSources":{"useContentSentences":true,"useSocialTemplates":true,"useCustomSentences":false,"customSentences":[]},"followers":[1],"suggestedReferences":[],"includedReferences":[],"efiUrl":"","efiAlt":"","highlights":[]},"yoast_head":"<!-- This site is optimized with the Yoast SEO plugin v20.7 - https:\/\/yoast.com\/wordpress\/plugins\/seo\/ -->\n<title>En un comunicado Tribuna docente se opone al acuerdo salarial<\/title>\n<meta name=\"description\" content=\"Tribuna docente emiti\u00f3 un comunicado este mi\u00e9rcoles en el que se opone al acerdo salarial presentado por el Gobernador Axel Kicillof.\" \/>\n<meta name=\"robots\" content=\"index, follow, max-snippet:-1, max-image-preview:large, max-video-preview:-1\" \/>\n<link rel=\"canonical\" href=\"https:\/\/experienciadevida.com.ar\/portalurbano\/en-un-comunicado-tribuna-docente-se-opone-al-acuerdo-salarial\/\" \/>\n<meta property=\"og:locale\" content=\"es_ES\" \/>\n<meta property=\"og:type\" content=\"article\" \/>\n<meta property=\"og:title\" content=\"En un comunicado Tribuna docente se opone al acuerdo salarial\" \/>\n<meta property=\"og:description\" content=\"Tribuna docente emiti\u00f3 un comunicado este mi\u00e9rcoles en el que se opone al acerdo salarial presentado por el Gobernador Axel Kicillof.\" \/>\n<meta property=\"og:url\" content=\"https:\/\/experienciadevida.com.ar\/portalurbano\/en-un-comunicado-tribuna-docente-se-opone-al-acuerdo-salarial\/\" \/>\n<meta property=\"article:publisher\" content=\"https:\/\/www.facebook.com\/Portal-Urbano-171542830093757\/\" \/>\n<meta property=\"article:published_time\" content=\"2020-10-14T15:18:09+00:00\" \/>\n<meta property=\"article:modified_time\" content=\"2020-10-14T15:18:50+00:00\" \/>\n<meta property=\"og:image\" content=\"https:\/\/experienciadevida.com.ar\/portalurbano\/wp-content\/uploads\/2020\/10\/Tribuna-docente-e1602688398520.jpg\" \/>\n\t<meta property=\"og:image:width\" content=\"765\" \/>\n\t<meta property=\"og:image:height\" content=\"765\" \/>\n\t<meta property=\"og:image:type\" content=\"image\/jpeg\" \/>\n<meta name=\"author\" content=\"admpu17wp\" \/>\n<meta name=\"twitter:card\" content=\"summary_large_image\" \/>\n<meta name=\"twitter:creator\" content=\"@portalurbanook\" \/>\n<meta name=\"twitter:site\" content=\"@portalurbanook\" \/>\n<meta name=\"twitter:label1\" content=\"Escrito por\" \/>\n\t<meta name=\"twitter:data1\" content=\"admpu17wp\" \/>\n\t<meta name=\"twitter:label2\" content=\"Tiempo de lectura\" \/>\n\t<meta name=\"twitter:data2\" content=\"3 minutos\" \/>\n<script type=\"application\/ld+json\" class=\"yoast-schema-graph\">{\"@context\":\"https:\/\/schema.org\",\"@graph\":[{\"@type\":\"Article\",\"@id\":\"https:\/\/experienciadevida.com.ar\/portalurbano\/en-un-comunicado-tribuna-docente-se-opone-al-acuerdo-salarial\/#article\",\"isPartOf\":{\"@id\":\"https:\/\/experienciadevida.com.ar\/portalurbano\/en-un-comunicado-tribuna-docente-se-opone-al-acuerdo-salarial\/\"},\"author\":{\"name\":\"admpu17wp\",\"@id\":\"https:\/\/experienciadevida.com.ar\/portalurbano\/#\/schema\/person\/02dd326b1c4b056e9cc972486934a3a7\"},\"headline\":\"En un comunicado Tribuna docente se opone al acuerdo salarial\",\"datePublished\":\"2020-10-14T15:18:09+00:00\",\"dateModified\":\"2020-10-14T15:18:50+00:00\",\"mainEntityOfPage\":{\"@id\":\"https:\/\/experienciadevida.com.ar\/portalurbano\/en-un-comunicado-tribuna-docente-se-opone-al-acuerdo-salarial\/\"},\"wordCount\":552,\"publisher\":{\"@id\":\"https:\/\/experienciadevida.com.ar\/portalurbano\/#organization\"},\"articleSection\":[\"Destacadas\",\"Pol\u00edtica\"],\"inLanguage\":\"es\"},{\"@type\":\"WebPage\",\"@id\":\"https:\/\/experienciadevida.com.ar\/portalurbano\/en-un-comunicado-tribuna-docente-se-opone-al-acuerdo-salarial\/\",\"url\":\"https:\/\/experienciadevida.com.ar\/portalurbano\/en-un-comunicado-tribuna-docente-se-opone-al-acuerdo-salarial\/\",\"name\":\"En un comunicado Tribuna docente se opone al acuerdo salarial\",\"isPartOf\":{\"@id\":\"https:\/\/experienciadevida.com.ar\/portalurbano\/#website\"},\"datePublished\":\"2020-10-14T15:18:09+00:00\",\"dateModified\":\"2020-10-14T15:18:50+00:00\",\"description\":\"Tribuna docente emiti\u00f3 un comunicado este mi\u00e9rcoles en el que se opone al acerdo salarial presentado por el Gobernador Axel Kicillof.\",\"breadcrumb\":{\"@id\":\"https:\/\/experienciadevida.com.ar\/portalurbano\/en-un-comunicado-tribuna-docente-se-opone-al-acuerdo-salarial\/#breadcrumb\"},\"inLanguage\":\"es\",\"potentialAction\":[{\"@type\":\"ReadAction\",\"target\":[\"https:\/\/experienciadevida.com.ar\/portalurbano\/en-un-comunicado-tribuna-docente-se-opone-al-acuerdo-salarial\/\"]}]},{\"@type\":\"BreadcrumbList\",\"@id\":\"https:\/\/experienciadevida.com.ar\/portalurbano\/en-un-comunicado-tribuna-docente-se-opone-al-acuerdo-salarial\/#breadcrumb\",\"itemListElement\":[{\"@type\":\"ListItem\",\"position\":1,\"name\":\"Portada\",\"item\":\"https:\/\/experienciadevida.com.ar\/portalurbano\/\"},{\"@type\":\"ListItem\",\"position\":2,\"name\":\"En un comunicado Tribuna docente se opone al acuerdo salarial\"}]},{\"@type\":\"WebSite\",\"@id\":\"https:\/\/experienciadevida.com.ar\/portalurbano\/#website\",\"url\":\"https:\/\/experienciadevida.com.ar\/portalurbano\/\",\"name\":\"\",\"description\":\"\",\"publisher\":{\"@id\":\"https:\/\/experienciadevida.com.ar\/portalurbano\/#organization\"},\"potentialAction\":[{\"@type\":\"SearchAction\",\"target\":{\"@type\":\"EntryPoint\",\"urlTemplate\":\"https:\/\/experienciadevida.com.ar\/portalurbano\/?s={search_term_string}\"},\"query-input\":\"required name=search_term_string\"}],\"inLanguage\":\"es\"},{\"@type\":\"Organization\",\"@id\":\"https:\/\/experienciadevida.com.ar\/portalurbano\/#organization\",\"name\":\"Portal Urbano\",\"url\":\"https:\/\/experienciadevida.com.ar\/portalurbano\/\",\"logo\":{\"@type\":\"ImageObject\",\"inLanguage\":\"es\",\"@id\":\"https:\/\/experienciadevida.com.ar\/portalurbano\/#\/schema\/logo\/image\/\",\"url\":\"https:\/\/experienciadevida.com.ar\/portalurbano\/wp-content\/uploads\/2019\/09\/Logo-Original.png\",\"contentUrl\":\"https:\/\/experienciadevida.com.ar\/portalurbano\/wp-content\/uploads\/2019\/09\/Logo-Original.png\",\"width\":2236,\"height\":1216,\"caption\":\"Portal Urbano\"},\"image\":{\"@id\":\"https:\/\/experienciadevida.com.ar\/portalurbano\/#\/schema\/logo\/image\/\"},\"sameAs\":[\"https:\/\/www.facebook.com\/Portal-Urbano-171542830093757\/\",\"https:\/\/twitter.com\/portalurbanook\",\"https:\/\/www.instagram.com\/_portalurbano\/\",\"https:\/\/www.youtube.com\/channel\/UCXhagIfszH8KxFiOok79zbA?view_as=subscriber\"]},{\"@type\":\"Person\",\"@id\":\"https:\/\/experienciadevida.com.ar\/portalurbano\/#\/schema\/person\/02dd326b1c4b056e9cc972486934a3a7\",\"name\":\"admpu17wp\",\"image\":{\"@type\":\"ImageObject\",\"inLanguage\":\"es\",\"@id\":\"https:\/\/experienciadevida.com.ar\/portalurbano\/#\/schema\/person\/image\/\",\"url\":\"https:\/\/secure.gravatar.com\/avatar\/830d4c57adaae6630765e449a6908047?s=96&d=mm&r=g\",\"contentUrl\":\"https:\/\/secure.gravatar.com\/avatar\/830d4c57adaae6630765e449a6908047?s=96&d=mm&r=g\",\"caption\":\"admpu17wp\"}}]}<\/script>\n<!-- \/ Yoast SEO plugin. -->","yoast_head_json":{"title":"En un comunicado Tribuna docente se opone al acuerdo salarial","description":"Tribuna docente emiti\u00f3 un comunicado este mi\u00e9rcoles en el que se opone al acerdo salarial presentado por el Gobernador Axel Kicillof.","robots":{"index":"index","follow":"follow","max-snippet":"max-snippet:-1","max-image-preview":"max-image-preview:large","max-video-preview":"max-video-preview:-1"},"canonical":"https:\/\/experienciadevida.com.ar\/portalurbano\/en-un-comunicado-tribuna-docente-se-opone-al-acuerdo-salarial\/","og_locale":"es_ES","og_type":"article","og_title":"En un comunicado Tribuna docente se opone al acuerdo salarial","og_description":"Tribuna docente emiti\u00f3 un comunicado este mi\u00e9rcoles en el que se opone al acerdo salarial presentado por el Gobernador Axel Kicillof.","og_url":"https:\/\/experienciadevida.com.ar\/portalurbano\/en-un-comunicado-tribuna-docente-se-opone-al-acuerdo-salarial\/","article_publisher":"https:\/\/www.facebook.com\/Portal-Urbano-171542830093757\/","article_published_time":"2020-10-14T15:18:09+00:00","article_modified_time":"2020-10-14T15:18:50+00:00","og_image":[{"width":765,"height":765,"url":"https:\/\/experienciadevida.com.ar\/portalurbano\/wp-content\/uploads\/2020\/10\/Tribuna-docente-e1602688398520.jpg","type":"image\/jpeg"}],"author":"admpu17wp","twitter_card":"summary_large_image","twitter_creator":"@portalurbanook","twitter_site":"@portalurbanook","twitter_misc":{"Escrito por":"admpu17wp","Tiempo de lectura":"3 minutos"},"schema":{"@context":"https:\/\/schema.org","@graph":[{"@type":"Article","@id":"https:\/\/experienciadevida.com.ar\/portalurbano\/en-un-comunicado-tribuna-docente-se-opone-al-acuerdo-salarial\/#article","isPartOf":{"@id":"https:\/\/experienciadevida.com.ar\/portalurbano\/en-un-comunicado-tribuna-docente-se-opone-al-acuerdo-salarial\/"},"author":{"name":"admpu17wp","@id":"https:\/\/experienciadevida.com.ar\/portalurbano\/#\/schema\/person\/02dd326b1c4b056e9cc972486934a3a7"},"headline":"En un comunicado Tribuna docente se opone al acuerdo salarial","datePublished":"2020-10-14T15:18:09+00:00","dateModified":"2020-10-14T15:18:50+00:00","mainEntityOfPage":{"@id":"https:\/\/experienciadevida.com.ar\/portalurbano\/en-un-comunicado-tribuna-docente-se-opone-al-acuerdo-salarial\/"},"wordCount":552,"publisher":{"@id":"https:\/\/experienciadevida.com.ar\/portalurbano\/#organization"},"articleSection":["Destacadas","Pol\u00edtica"],"inLanguage":"es"},{"@type":"WebPage","@id":"https:\/\/experienciadevida.com.ar\/portalurbano\/en-un-comunicado-tribuna-docente-se-opone-al-acuerdo-salarial\/","url":"https:\/\/experienciadevida.com.ar\/portalurbano\/en-un-comunicado-tribuna-docente-se-opone-al-acuerdo-salarial\/","name":"En un comunicado Tribuna docente se opone al acuerdo salarial","isPartOf":{"@id":"https:\/\/experienciadevida.com.ar\/portalurbano\/#website"},"datePublished":"2020-10-14T15:18:09+00:00","dateModified":"2020-10-14T15:18:50+00:00","description":"Tribuna docente emiti\u00f3 un comunicado este mi\u00e9rcoles en el que se opone al acerdo salarial presentado por el Gobernador Axel Kicillof.","breadcrumb":{"@id":"https:\/\/experienciadevida.com.ar\/portalurbano\/en-un-comunicado-tribuna-docente-se-opone-al-acuerdo-salarial\/#breadcrumb"},"inLanguage":"es","potentialAction":[{"@type":"ReadAction","target":["https:\/\/experienciadevida.com.ar\/portalurbano\/en-un-comunicado-tribuna-docente-se-opone-al-acuerdo-salarial\/"]}]},{"@type":"BreadcrumbList","@id":"https:\/\/experienciadevida.com.ar\/portalurbano\/en-un-comunicado-tribuna-docente-se-opone-al-acuerdo-salarial\/#breadcrumb","itemListElement":[{"@type":"ListItem","position":1,"name":"Portada","item":"https:\/\/experienciadevida.com.ar\/portalurbano\/"},{"@type":"ListItem","position":2,"name":"En un comunicado Tribuna docente se opone al acuerdo salarial"}]},{"@type":"WebSite","@id":"https:\/\/experienciadevida.com.ar\/portalurbano\/#website","url":"https:\/\/experienciadevida.com.ar\/portalurbano\/","name":"","description":"","publisher":{"@id":"https:\/\/experienciadevida.com.ar\/portalurbano\/#organization"},"potentialAction":[{"@type":"SearchAction","target":{"@type":"EntryPoint","urlTemplate":"https:\/\/experienciadevida.com.ar\/portalurbano\/?s={search_term_string}"},"query-input":"required name=search_term_string"}],"inLanguage":"es"},{"@type":"Organization","@id":"https:\/\/experienciadevida.com.ar\/portalurbano\/#organization","name":"Portal Urbano","url":"https:\/\/experienciadevida.com.ar\/portalurbano\/","logo":{"@type":"ImageObject","inLanguage":"es","@id":"https:\/\/experienciadevida.com.ar\/portalurbano\/#\/schema\/logo\/image\/","url":"https:\/\/experienciadevida.com.ar\/portalurbano\/wp-content\/uploads\/2019\/09\/Logo-Original.png","contentUrl":"https:\/\/experienciadevida.com.ar\/portalurbano\/wp-content\/uploads\/2019\/09\/Logo-Original.png","width":2236,"height":1216,"caption":"Portal Urbano"},"image":{"@id":"https:\/\/experienciadevida.com.ar\/portalurbano\/#\/schema\/logo\/image\/"},"sameAs":["https:\/\/www.facebook.com\/Portal-Urbano-171542830093757\/","https:\/\/twitter.com\/portalurbanook","https:\/\/www.instagram.com\/_portalurbano\/","https:\/\/www.youtube.com\/channel\/UCXhagIfszH8KxFiOok79zbA?view_as=subscriber"]},{"@type":"Person","@id":"https:\/\/experienciadevida.com.ar\/portalurbano\/#\/schema\/person\/02dd326b1c4b056e9cc972486934a3a7","name":"admpu17wp","image":{"@type":"ImageObject","inLanguage":"es","@id":"https:\/\/experienciadevida.com.ar\/portalurbano\/#\/schema\/person\/image\/","url":"https:\/\/secure.gravatar.com\/avatar\/830d4c57adaae6630765e449a6908047?s=96&d=mm&r=g","contentUrl":"https:\/\/secure.gravatar.com\/avatar\/830d4c57adaae6630765e449a6908047?s=96&d=mm&r=g","caption":"admpu17wp"}}]}},"featured_image_urls":{"full":["https:\/\/experienciadevida.com.ar\/portalurbano\/wp-content\/uploads\/2020\/10\/Tribuna-docente-e1602688398520.jpg",765,765,false],"thumbnail":["https:\/\/experienciadevida.com.ar\/portalurbano\/wp-content\/uploads\/2020\/10\/Tribuna-docente-150x150.jpg",150,150,true],"medium":["https:\/\/experienciadevida.com.ar\/portalurbano\/wp-content\/uploads\/2020\/10\/Tribuna-docente-300x300.jpg",300,300,true],"medium_large":["https:\/\/experienciadevida.com.ar\/portalurbano\/wp-content\/uploads\/2020\/10\/Tribuna-docente-768x768.jpg",640,640,true],"large":["https:\/\/experienciadevida.com.ar\/portalurbano\/wp-content\/uploads\/2020\/10\/Tribuna-docente-1024x1024.jpg",640,640,true],"ug_big":["https:\/\/experienciadevida.com.ar\/portalurbano\/wp-content\/uploads\/2020\/10\/Tribuna-docente-768x768.jpg",768,768,true],"1536x1536":["https:\/\/experienciadevida.com.ar\/portalurbano\/wp-content\/uploads\/2020\/10\/Tribuna-docente-1536x1536.jpg",1536,1536,true],"2048x2048":["https:\/\/experienciadevida.com.ar\/portalurbano\/wp-content\/uploads\/2020\/10\/Tribuna-docente-2048x2048.jpg",2048,2048,true],"newsever-slider-full":["https:\/\/experienciadevida.com.ar\/portalurbano\/wp-content\/uploads\/2020\/10\/Tribuna-docente-e1602688398520.jpg",765,765,false],"newsever-featured":["https:\/\/experienciadevida.com.ar\/portalurbano\/wp-content\/uploads\/2020\/10\/Tribuna-docente-e1602688398520.jpg",765,765,false],"newsever-medium":["https:\/\/experienciadevida.com.ar\/portalurbano\/wp-content\/uploads\/2020\/10\/Tribuna-docente-e1602688398520.jpg",475,475,false],"web-stories-poster-portrait":["https:\/\/experienciadevida.com.ar\/portalurbano\/wp-content\/uploads\/2020\/10\/Tribuna-docente-e1602688398520.jpg",640,640,false],"web-stories-publisher-logo":["https:\/\/experienciadevida.com.ar\/portalurbano\/wp-content\/uploads\/2020\/10\/Tribuna-docente-e1602688398520.jpg",96,96,false],"web-stories-thumbnail":["https:\/\/experienciadevida.com.ar\/portalurbano\/wp-content\/uploads\/2020\/10\/Tribuna-docente-e1602688398520.jpg",150,150,false]},"author_info":{"display_name":"admpu17wp","author_link":"https:\/\/experienciadevida.com.ar\/portalurbano\/author\/admpu17wp\/"},"category_info":"<a href=\"https:\/\/experienciadevida.com.ar\/portalurbano\/category\/destacadas\/\" rel=\"category tag\">Destacadas<\/a> <a href=\"https:\/\/experienciadevida.com.ar\/portalurbano\/category\/politica\/\" rel=\"category tag\">Pol\u00edtica<\/a>","tag_info":"Pol\u00edtica","comment_count":"0","amp_enabled":true,"_links":{"self":[{"href":"https:\/\/experienciadevida.com.ar\/portalurbano\/wp-json\/wp\/v2\/posts\/124319"}],"collection":[{"href":"https:\/\/experienciadevida.com.ar\/portalurbano\/wp-json\/wp\/v2\/posts"}],"about":[{"href":"https:\/\/experienciadevida.com.ar\/portalurbano\/wp-json\/wp\/v2\/types\/post"}],"author":[{"embeddable":true,"href":"https:\/\/experienciadevida.com.ar\/portalurbano\/wp-json\/wp\/v2\/users\/1"}],"replies":[{"embeddable":true,"href":"https:\/\/experienciadevida.com.ar\/portalurbano\/wp-json\/wp\/v2\/comments?post=124319"}],"version-history":[{"count":2,"href":"https:\/\/experienciadevida.com.ar\/portalurbano\/wp-json\/wp\/v2\/posts\/124319\/revisions"}],"predecessor-version":[{"id":124322,"href":"https:\/\/experienciadevida.com.ar\/portalurbano\/wp-json\/wp\/v2\/posts\/124319\/revisions\/124322"}],"wp:featuredmedia":[{"embeddable":true,"href":"https:\/\/experienciadevida.com.ar\/portalurbano\/wp-json\/wp\/v2\/media\/124320"}],"wp:attachment":[{"href":"https:\/\/experienciadevida.com.ar\/portalurbano\/wp-json\/wp\/v2\/media?parent=124319"}],"wp:term":[{"taxonomy":"category","embeddable":true,"href":"https:\/\/experienciadevida.com.ar\/portalurbano\/wp-json\/wp\/v2\/categories?post=124319"},{"taxonomy":"post_tag","embeddable":true,"href":"https:\/\/experienciadevida.com.ar\/portalurbano\/wp-json\/wp\/v2\/tags?post=124319"}],"curies":[{"name":"wp","href":"https:\/\/api.w.org\/{rel}","templated":true}]}}