{"id":124237,"date":"2020-10-13T16:16:35","date_gmt":"2020-10-13T19:16:35","guid":{"rendered":"https:\/\/experienciadevida.com.ar\/portalurbano\/?p=124237"},"modified":"2020-10-13T16:29:39","modified_gmt":"2020-10-13T19:29:39","slug":"transba-el-servicio-electrico-ha-sido-repuesto-en-todos-los-sectores","status":"publish","type":"post","link":"https:\/\/experienciadevida.com.ar\/portalurbano\/transba-el-servicio-electrico-ha-sido-repuesto-en-todos-los-sectores\/","title":{"rendered":"Transba: El servicio el\u00e9ctrico ha sido repuesto en todos los sectores"},"content":{"rendered":"<p>En la jornada de este martes, Coopelectric anunci\u00f3 que al producirse la salida del servicio de uno de los transformadores de la ET de <strong>Transba<\/strong> debido a la actualizaci\u00f3n de una de sus protecciones.<\/p>\n<p>Como consecuencia de ello, en forma simult\u00e1nea se interrumpi\u00f3 el suministro en seis l\u00edneas de Media Tensi\u00f3n que alimentan el anillo perimetral de la planta urbana de Olavarr\u00eda, los sistemas rurales de Crotto, Ruta 60 y Pourtale, la l\u00ednea troncal de Blanca Grande; y las localidades de Sierras Bayas y Loma Negra.<\/p>\n<p>Como consecuencia de ello, en forma simult\u00e1nea se interrumpi\u00f3 el suministro en seis l\u00edneas de Media Tensi\u00f3n que alimentan el anillo perimetral de la planta urbana de Olavarr\u00eda, los sistemas rurales de Crotto, Ruta 60 y Pourtale, la l\u00ednea troncal de Blanca Grande; y las localidades de Sierras Bayas y Loma Negra.<\/p>\n<p>El personal de <strong>Transba<\/strong> se encuentra realizando las tareas correspondientes para poder restablecer el suministro.<\/p>\n","protected":false},"excerpt":{"rendered":"<p>En la jornada de este martes, Coopelectric anunci\u00f3 que al producirse la salida del servicio&#8230;<\/p>\n","protected":false},"author":1,"featured_media":0,"comment_status":"closed","ping_status":"closed","sticky":false,"template":"","format":"standard","meta":{"content-type":""},"categories":[27,51],"tags":[],"nelio_content":{"isAutoShareEnabled":false,"autoShareEndMode":"default","automationSources":{"useContentSentences":true,"useSocialTemplates":true,"useCustomSentences":false,"customSentences":[]},"followers":[1],"suggestedReferences":[],"includedReferences":[],"efiUrl":"","efiAlt":"","highlights":[]},"yoast_head":"<!-- This site is optimized with the Yoast SEO plugin v20.7 - https:\/\/yoast.com\/wordpress\/plugins\/seo\/ -->\n<title>Transba: El Servicio el\u00e9ctrico ha sido repuesto en todos los sectores<\/title>\n<meta name=\"description\" content=\"En la jornada de este martes, Coopelectric anunci\u00f3 que al producirse la salida del servicio de uno de los transformadores de la ET de Transba\" \/>\n<meta name=\"robots\" content=\"index, follow, max-snippet:-1, max-image-preview:large, max-video-preview:-1\" \/>\n<link rel=\"canonical\" href=\"https:\/\/experienciadevida.com.ar\/portalurbano\/transba-el-servicio-electrico-ha-sido-repuesto-en-todos-los-sectores\/\" \/>\n<meta property=\"og:locale\" content=\"es_ES\" \/>\n<meta property=\"og:type\" content=\"article\" \/>\n<meta property=\"og:title\" content=\"Transba: El Servicio el\u00e9ctrico ha sido repuesto en todos los sectores\" \/>\n<meta property=\"og:description\" content=\"En la jornada de este martes, Coopelectric anunci\u00f3 que al producirse la salida del servicio de uno de los transformadores de la ET de Transba\" \/>\n<meta property=\"og:url\" content=\"https:\/\/experienciadevida.com.ar\/portalurbano\/transba-el-servicio-electrico-ha-sido-repuesto-en-todos-los-sectores\/\" \/>\n<meta property=\"article:publisher\" content=\"https:\/\/www.facebook.com\/Portal-Urbano-171542830093757\/\" \/>\n<meta property=\"article:published_time\" content=\"2020-10-13T19:16:35+00:00\" \/>\n<meta property=\"article:modified_time\" content=\"2020-10-13T19:29:39+00:00\" \/>\n<meta property=\"og:image\" content=\"https:\/\/experienciadevida.com.ar\/portalurbano\/wp-content\/uploads\/2018\/12\/coopelectric-e1557533121764.jpg\" \/>\n\t<meta property=\"og:image:width\" content=\"750\" \/>\n\t<meta property=\"og:image:height\" content=\"500\" \/>\n\t<meta property=\"og:image:type\" content=\"image\/jpeg\" \/>\n<meta name=\"author\" content=\"admpu17wp\" \/>\n<meta name=\"twitter:card\" content=\"summary_large_image\" \/>\n<meta name=\"twitter:creator\" content=\"@portalurbanook\" \/>\n<meta name=\"twitter:site\" content=\"@portalurbanook\" \/>\n<meta name=\"twitter:label1\" content=\"Escrito por\" \/>\n\t<meta name=\"twitter:data1\" content=\"admpu17wp\" \/>\n\t<meta name=\"twitter:label2\" content=\"Tiempo de lectura\" \/>\n\t<meta name=\"twitter:data2\" content=\"1 minuto\" \/>\n<script type=\"application\/ld+json\" class=\"yoast-schema-graph\">{\"@context\":\"https:\/\/schema.org\",\"@graph\":[{\"@type\":\"Article\",\"@id\":\"https:\/\/experienciadevida.com.ar\/portalurbano\/transba-el-servicio-electrico-ha-sido-repuesto-en-todos-los-sectores\/#article\",\"isPartOf\":{\"@id\":\"https:\/\/experienciadevida.com.ar\/portalurbano\/transba-el-servicio-electrico-ha-sido-repuesto-en-todos-los-sectores\/\"},\"author\":{\"name\":\"admpu17wp\",\"@id\":\"https:\/\/experienciadevida.com.ar\/portalurbano\/#\/schema\/person\/02dd326b1c4b056e9cc972486934a3a7\"},\"headline\":\"Transba: El servicio el\u00e9ctrico ha sido repuesto en todos los sectores\",\"datePublished\":\"2020-10-13T19:16:35+00:00\",\"dateModified\":\"2020-10-13T19:29:39+00:00\",\"mainEntityOfPage\":{\"@id\":\"https:\/\/experienciadevida.com.ar\/portalurbano\/transba-el-servicio-electrico-ha-sido-repuesto-en-todos-los-sectores\/\"},\"wordCount\":174,\"publisher\":{\"@id\":\"https:\/\/experienciadevida.com.ar\/portalurbano\/#organization\"},\"articleSection\":[\"Ciudad\",\"Destacadas\"],\"inLanguage\":\"es\"},{\"@type\":\"WebPage\",\"@id\":\"https:\/\/experienciadevida.com.ar\/portalurbano\/transba-el-servicio-electrico-ha-sido-repuesto-en-todos-los-sectores\/\",\"url\":\"https:\/\/experienciadevida.com.ar\/portalurbano\/transba-el-servicio-electrico-ha-sido-repuesto-en-todos-los-sectores\/\",\"name\":\"Transba: El Servicio el\u00e9ctrico ha sido repuesto en todos los sectores\",\"isPartOf\":{\"@id\":\"https:\/\/experienciadevida.com.ar\/portalurbano\/#website\"},\"datePublished\":\"2020-10-13T19:16:35+00:00\",\"dateModified\":\"2020-10-13T19:29:39+00:00\",\"description\":\"En la jornada de este martes, Coopelectric anunci\u00f3 que al producirse la salida del servicio de uno de los transformadores de la ET de Transba\",\"breadcrumb\":{\"@id\":\"https:\/\/experienciadevida.com.ar\/portalurbano\/transba-el-servicio-electrico-ha-sido-repuesto-en-todos-los-sectores\/#breadcrumb\"},\"inLanguage\":\"es\",\"potentialAction\":[{\"@type\":\"ReadAction\",\"target\":[\"https:\/\/experienciadevida.com.ar\/portalurbano\/transba-el-servicio-electrico-ha-sido-repuesto-en-todos-los-sectores\/\"]}]},{\"@type\":\"BreadcrumbList\",\"@id\":\"https:\/\/experienciadevida.com.ar\/portalurbano\/transba-el-servicio-electrico-ha-sido-repuesto-en-todos-los-sectores\/#breadcrumb\",\"itemListElement\":[{\"@type\":\"ListItem\",\"position\":1,\"name\":\"Portada\",\"item\":\"https:\/\/experienciadevida.com.ar\/portalurbano\/\"},{\"@type\":\"ListItem\",\"position\":2,\"name\":\"Transba: El servicio el\u00e9ctrico ha sido repuesto en todos los sectores\"}]},{\"@type\":\"WebSite\",\"@id\":\"https:\/\/experienciadevida.com.ar\/portalurbano\/#website\",\"url\":\"https:\/\/experienciadevida.com.ar\/portalurbano\/\",\"name\":\"\",\"description\":\"\",\"publisher\":{\"@id\":\"https:\/\/experienciadevida.com.ar\/portalurbano\/#organization\"},\"potentialAction\":[{\"@type\":\"SearchAction\",\"target\":{\"@type\":\"EntryPoint\",\"urlTemplate\":\"https:\/\/experienciadevida.com.ar\/portalurbano\/?s={search_term_string}\"},\"query-input\":\"required name=search_term_string\"}],\"inLanguage\":\"es\"},{\"@type\":\"Organization\",\"@id\":\"https:\/\/experienciadevida.com.ar\/portalurbano\/#organization\",\"name\":\"Portal Urbano\",\"url\":\"https:\/\/experienciadevida.com.ar\/portalurbano\/\",\"logo\":{\"@type\":\"ImageObject\",\"inLanguage\":\"es\",\"@id\":\"https:\/\/experienciadevida.com.ar\/portalurbano\/#\/schema\/logo\/image\/\",\"url\":\"https:\/\/experienciadevida.com.ar\/portalurbano\/wp-content\/uploads\/2019\/09\/Logo-Original.png\",\"contentUrl\":\"https:\/\/experienciadevida.com.ar\/portalurbano\/wp-content\/uploads\/2019\/09\/Logo-Original.png\",\"width\":2236,\"height\":1216,\"caption\":\"Portal Urbano\"},\"image\":{\"@id\":\"https:\/\/experienciadevida.com.ar\/portalurbano\/#\/schema\/logo\/image\/\"},\"sameAs\":[\"https:\/\/www.facebook.com\/Portal-Urbano-171542830093757\/\",\"https:\/\/twitter.com\/portalurbanook\",\"https:\/\/www.instagram.com\/_portalurbano\/\",\"https:\/\/www.youtube.com\/channel\/UCXhagIfszH8KxFiOok79zbA?view_as=subscriber\"]},{\"@type\":\"Person\",\"@id\":\"https:\/\/experienciadevida.com.ar\/portalurbano\/#\/schema\/person\/02dd326b1c4b056e9cc972486934a3a7\",\"name\":\"admpu17wp\",\"image\":{\"@type\":\"ImageObject\",\"inLanguage\":\"es\",\"@id\":\"https:\/\/experienciadevida.com.ar\/portalurbano\/#\/schema\/person\/image\/\",\"url\":\"https:\/\/secure.gravatar.com\/avatar\/830d4c57adaae6630765e449a6908047?s=96&d=mm&r=g\",\"contentUrl\":\"https:\/\/secure.gravatar.com\/avatar\/830d4c57adaae6630765e449a6908047?s=96&d=mm&r=g\",\"caption\":\"admpu17wp\"}}]}<\/script>\n<!-- \/ Yoast SEO plugin. -->","yoast_head_json":{"title":"Transba: El Servicio el\u00e9ctrico ha sido repuesto en todos los sectores","description":"En la jornada de este martes, Coopelectric anunci\u00f3 que al producirse la salida del servicio de uno de los transformadores de la ET de Transba","robots":{"index":"index","follow":"follow","max-snippet":"max-snippet:-1","max-image-preview":"max-image-preview:large","max-video-preview":"max-video-preview:-1"},"canonical":"https:\/\/experienciadevida.com.ar\/portalurbano\/transba-el-servicio-electrico-ha-sido-repuesto-en-todos-los-sectores\/","og_locale":"es_ES","og_type":"article","og_title":"Transba: El Servicio el\u00e9ctrico ha sido repuesto en todos los sectores","og_description":"En la jornada de este martes, Coopelectric anunci\u00f3 que al producirse la salida del servicio de uno de los transformadores de la ET de Transba","og_url":"https:\/\/experienciadevida.com.ar\/portalurbano\/transba-el-servicio-electrico-ha-sido-repuesto-en-todos-los-sectores\/","article_publisher":"https:\/\/www.facebook.com\/Portal-Urbano-171542830093757\/","article_published_time":"2020-10-13T19:16:35+00:00","article_modified_time":"2020-10-13T19:29:39+00:00","og_image":[{"width":750,"height":500,"url":"https:\/\/experienciadevida.com.ar\/portalurbano\/wp-content\/uploads\/2018\/12\/coopelectric-e1557533121764.jpg","type":"image\/jpeg"}],"author":"admpu17wp","twitter_card":"summary_large_image","twitter_creator":"@portalurbanook","twitter_site":"@portalurbanook","twitter_misc":{"Escrito por":"admpu17wp","Tiempo de lectura":"1 minuto"},"schema":{"@context":"https:\/\/schema.org","@graph":[{"@type":"Article","@id":"https:\/\/experienciadevida.com.ar\/portalurbano\/transba-el-servicio-electrico-ha-sido-repuesto-en-todos-los-sectores\/#article","isPartOf":{"@id":"https:\/\/experienciadevida.com.ar\/portalurbano\/transba-el-servicio-electrico-ha-sido-repuesto-en-todos-los-sectores\/"},"author":{"name":"admpu17wp","@id":"https:\/\/experienciadevida.com.ar\/portalurbano\/#\/schema\/person\/02dd326b1c4b056e9cc972486934a3a7"},"headline":"Transba: El servicio el\u00e9ctrico ha sido repuesto en todos los sectores","datePublished":"2020-10-13T19:16:35+00:00","dateModified":"2020-10-13T19:29:39+00:00","mainEntityOfPage":{"@id":"https:\/\/experienciadevida.com.ar\/portalurbano\/transba-el-servicio-electrico-ha-sido-repuesto-en-todos-los-sectores\/"},"wordCount":174,"publisher":{"@id":"https:\/\/experienciadevida.com.ar\/portalurbano\/#organization"},"articleSection":["Ciudad","Destacadas"],"inLanguage":"es"},{"@type":"WebPage","@id":"https:\/\/experienciadevida.com.ar\/portalurbano\/transba-el-servicio-electrico-ha-sido-repuesto-en-todos-los-sectores\/","url":"https:\/\/experienciadevida.com.ar\/portalurbano\/transba-el-servicio-electrico-ha-sido-repuesto-en-todos-los-sectores\/","name":"Transba: El Servicio el\u00e9ctrico ha sido repuesto en todos los sectores","isPartOf":{"@id":"https:\/\/experienciadevida.com.ar\/portalurbano\/#website"},"datePublished":"2020-10-13T19:16:35+00:00","dateModified":"2020-10-13T19:29:39+00:00","description":"En la jornada de este martes, Coopelectric anunci\u00f3 que al producirse la salida del servicio de uno de los transformadores de la ET de Transba","breadcrumb":{"@id":"https:\/\/experienciadevida.com.ar\/portalurbano\/transba-el-servicio-electrico-ha-sido-repuesto-en-todos-los-sectores\/#breadcrumb"},"inLanguage":"es","potentialAction":[{"@type":"ReadAction","target":["https:\/\/experienciadevida.com.ar\/portalurbano\/transba-el-servicio-electrico-ha-sido-repuesto-en-todos-los-sectores\/"]}]},{"@type":"BreadcrumbList","@id":"https:\/\/experienciadevida.com.ar\/portalurbano\/transba-el-servicio-electrico-ha-sido-repuesto-en-todos-los-sectores\/#breadcrumb","itemListElement":[{"@type":"ListItem","position":1,"name":"Portada","item":"https:\/\/experienciadevida.com.ar\/portalurbano\/"},{"@type":"ListItem","position":2,"name":"Transba: El servicio el\u00e9ctrico ha sido repuesto en todos los sectores"}]},{"@type":"WebSite","@id":"https:\/\/experienciadevida.com.ar\/portalurbano\/#website","url":"https:\/\/experienciadevida.com.ar\/portalurbano\/","name":"","description":"","publisher":{"@id":"https:\/\/experienciadevida.com.ar\/portalurbano\/#organization"},"potentialAction":[{"@type":"SearchAction","target":{"@type":"EntryPoint","urlTemplate":"https:\/\/experienciadevida.com.ar\/portalurbano\/?s={search_term_string}"},"query-input":"required name=search_term_string"}],"inLanguage":"es"},{"@type":"Organization","@id":"https:\/\/experienciadevida.com.ar\/portalurbano\/#organization","name":"Portal Urbano","url":"https:\/\/experienciadevida.com.ar\/portalurbano\/","logo":{"@type":"ImageObject","inLanguage":"es","@id":"https:\/\/experienciadevida.com.ar\/portalurbano\/#\/schema\/logo\/image\/","url":"https:\/\/experienciadevida.com.ar\/portalurbano\/wp-content\/uploads\/2019\/09\/Logo-Original.png","contentUrl":"https:\/\/experienciadevida.com.ar\/portalurbano\/wp-content\/uploads\/2019\/09\/Logo-Original.png","width":2236,"height":1216,"caption":"Portal Urbano"},"image":{"@id":"https:\/\/experienciadevida.com.ar\/portalurbano\/#\/schema\/logo\/image\/"},"sameAs":["https:\/\/www.facebook.com\/Portal-Urbano-171542830093757\/","https:\/\/twitter.com\/portalurbanook","https:\/\/www.instagram.com\/_portalurbano\/","https:\/\/www.youtube.com\/channel\/UCXhagIfszH8KxFiOok79zbA?view_as=subscriber"]},{"@type":"Person","@id":"https:\/\/experienciadevida.com.ar\/portalurbano\/#\/schema\/person\/02dd326b1c4b056e9cc972486934a3a7","name":"admpu17wp","image":{"@type":"ImageObject","inLanguage":"es","@id":"https:\/\/experienciadevida.com.ar\/portalurbano\/#\/schema\/person\/image\/","url":"https:\/\/secure.gravatar.com\/avatar\/830d4c57adaae6630765e449a6908047?s=96&d=mm&r=g","contentUrl":"https:\/\/secure.gravatar.com\/avatar\/830d4c57adaae6630765e449a6908047?s=96&d=mm&r=g","caption":"admpu17wp"}}]}},"featured_image_urls":{"full":"","thumbnail":"","medium":"","medium_large":"","large":"","ug_big":"","1536x1536":"","2048x2048":"","newsever-slider-full":"","newsever-featured":"","newsever-medium":"","web-stories-poster-portrait":"","web-stories-publisher-logo":"","web-stories-thumbnail":""},"author_info":{"display_name":"admpu17wp","author_link":"https:\/\/experienciadevida.com.ar\/portalurbano\/author\/admpu17wp\/"},"category_info":"<a href=\"https:\/\/experienciadevida.com.ar\/portalurbano\/category\/ciudad\/\" rel=\"category tag\">Ciudad<\/a> <a href=\"https:\/\/experienciadevida.com.ar\/portalurbano\/category\/destacadas\/\" rel=\"category tag\">Destacadas<\/a>","tag_info":"Destacadas","comment_count":"0","amp_enabled":true,"_links":{"self":[{"href":"https:\/\/experienciadevida.com.ar\/portalurbano\/wp-json\/wp\/v2\/posts\/124237"}],"collection":[{"href":"https:\/\/experienciadevida.com.ar\/portalurbano\/wp-json\/wp\/v2\/posts"}],"about":[{"href":"https:\/\/experienciadevida.com.ar\/portalurbano\/wp-json\/wp\/v2\/types\/post"}],"author":[{"embeddable":true,"href":"https:\/\/experienciadevida.com.ar\/portalurbano\/wp-json\/wp\/v2\/users\/1"}],"replies":[{"embeddable":true,"href":"https:\/\/experienciadevida.com.ar\/portalurbano\/wp-json\/wp\/v2\/comments?post=124237"}],"version-history":[{"count":3,"href":"https:\/\/experienciadevida.com.ar\/portalurbano\/wp-json\/wp\/v2\/posts\/124237\/revisions"}],"predecessor-version":[{"id":124240,"href":"https:\/\/experienciadevida.com.ar\/portalurbano\/wp-json\/wp\/v2\/posts\/124237\/revisions\/124240"}],"wp:attachment":[{"href":"https:\/\/experienciadevida.com.ar\/portalurbano\/wp-json\/wp\/v2\/media?parent=124237"}],"wp:term":[{"taxonomy":"category","embeddable":true,"href":"https:\/\/experienciadevida.com.ar\/portalurbano\/wp-json\/wp\/v2\/categories?post=124237"},{"taxonomy":"post_tag","embeddable":true,"href":"https:\/\/experienciadevida.com.ar\/portalurbano\/wp-json\/wp\/v2\/tags?post=124237"}],"curies":[{"name":"wp","href":"https:\/\/api.w.org\/{rel}","templated":true}]}}