{"id":124207,"date":"2020-10-13T12:47:29","date_gmt":"2020-10-13T15:47:29","guid":{"rendered":"https:\/\/experienciadevida.com.ar\/portalurbano\/?p=124207"},"modified":"2020-10-13T12:48:27","modified_gmt":"2020-10-13T15:48:27","slug":"el-grupo-abrazando-infancias-pide-donaciones-para-seguir-con-su-labor","status":"publish","type":"post","link":"https:\/\/experienciadevida.com.ar\/portalurbano\/el-grupo-abrazando-infancias-pide-donaciones-para-seguir-con-su-labor\/","title":{"rendered":"El grupo Abrazando infancias pide donaciones para seguir con su labor"},"content":{"rendered":"<p>En la jornada de este martes, desde <strong>abrazando infancias,<\/strong> una organizaci\u00f3n que se encuentra ubicada en el Barrio Coronel Dorrego que surge ante la emergencia sanitaria y alimentaria, sobre todo en el actual contexto de pandemia, enviaron un comunicado.<\/p>\n<p>&#8220;Nos encontramos con la necesidad de brindar nuestro apoyo, adapt\u00e1ndonos a las condiciones del momento y a las necesidades m\u00e1s urgentes que se presentan en las familias del barrio. Actualmente nos dedicamos a asistir las necesidades m\u00e1s urgentes mediante la entrega de comida y \/o merienda una vez por semana (o adapt\u00e1ndonos a las donaciones que en la medida recibimos)&#8221;.<\/p>\n<p>A su vez desde <strong>abrazando infancias<\/strong> mencionan &#8220;la realizaci\u00f3n de la comida la estamos llevando a cabo en nuestras viviendas ya que el espacio de la Sociedad de fomento se encuentra en condiciones desfavorables para que podamos cocinar all\u00ed, (s\u00f3lo la utilizamos para la entrega de viandas). Si bien por ahora y debido al contexto de pandemia, estamos entregando la comida a cada familia (recibimos a m\u00e1s de treinta familias con integrantes que van de cinco a diez), nuestra idea es reacomodar la sociedad para en un proyecto futuro abrir un comedor\u00a0 y merendero as\u00ed como tambi\u00e9n garantizar la continuidad pedag\u00f3gica brindando apoyo escolar y diversos talleres, art\u00edsticos y f\u00edsicos que nos permitan transformar las infancias&#8221;.<\/p>\n<p>Por otro lado, explicaron &#8220;recibimos donaciones de cualquier tipo de elemento desde no perecederos, art\u00edculos de limpieza, (para garantizar la seguridad e higiene), ropa, art\u00edculos escolares&#8221;.<\/p>\n<p>Los elementos esenciales y que resultan dif\u00edcil conseguir son los siguientes:<\/p>\n<p>Garrafas (ya que no disponen de gas natural)<\/p>\n<p>Carne (vacuna o av\u00edcola)<\/p>\n<p>Verduras<\/p>\n<p>Pan<\/p>\n<p>Leche larga vida<\/p>\n<p>Cacao.<\/p>\n<p>Pueden encontrarlos en <a href=\"https:\/\/www.facebook.com\/abrazandoinfancias\/\">Facebook<\/a> como abrazando infancias y all\u00ed ver el trabajo en el territorio o comunicarse previamente con las referentes a trav\u00e9s de sus n\u00fameros personales: 2284-269746 Megan y 2284-554617 Brisa.<\/p>\n<p><strong>Abrazando infancias<\/strong> hace tres tipos de men\u00fas para la comida y merienda:<\/p>\n<p>Men\u00fa para la merienda:<\/p>\n<p>Leche larga vida<\/p>\n<p>Cacao<\/p>\n<p>Galletitas: vainillas, magdalenas, pitusas, galletitas secas.<\/p>\n<p>Men\u00fa para el almuerzo:<\/p>\n<p>Men\u00fa uno Guiso de arroz o fideos<\/p>\n<p>\u2022 Dos packs de pur\u00e9 de tomate o botellas.<br \/>\n\u2022 Un pack de arroz\/fideos.<br \/>\n\u2022 Carnes vacuna o av\u00edcola: 7kg.<br \/>\n\u2022 Verduras: 4kg de cebolla, 2kg de morr\u00f3n, media bolsa de papa, 3 zapallos calabaza, 2kg de batata.<br \/>\n\u2022 Aceite.<br \/>\n\u2022 Condimentos.<\/p>\n<p>Men\u00fa dos, tallarines:<\/p>\n<p>\u2022 Dos packs de pur\u00e9 de tomate o botellas.<br \/>\n\u2022 Un pack de fideos.<br \/>\n\u2022 Verduras: cebolla 4kg y 2kg de morr\u00f3n.<br \/>\n\u2022 Condimentos.<br \/>\n\u2022 Aceite.<br \/>\n\u2022 Carnes vacuna o av\u00edcola: 7kg.<\/p>\n<p>Men\u00fa tres, arroz con pollo:<\/p>\n<p>\u2022 1pack de arroz.<br \/>\n\u2022 20kg de pollo.<br \/>\n\u2022 Condimento para arroz.<br \/>\n\u2022 Pan 10kg.<br \/>\n\u2022 Cebolla 4kg.<br \/>\n\u2022 Morr\u00f3n 2kg.<\/p>\n","protected":false},"excerpt":{"rendered":"<p>En la jornada de este martes, desde abrazando infancias, una organizaci\u00f3n que se encuentra ubicada&#8230;<\/p>\n","protected":false},"author":1,"featured_media":124208,"comment_status":"closed","ping_status":"closed","sticky":false,"template":"","format":"standard","meta":{"content-type":""},"categories":[27,51],"tags":[],"nelio_content":{"isAutoShareEnabled":false,"autoShareEndMode":"default","automationSources":{"useContentSentences":true,"useSocialTemplates":true,"useCustomSentences":false,"customSentences":[]},"followers":[1],"suggestedReferences":[],"includedReferences":[],"efiUrl":"","efiAlt":"","highlights":[]},"yoast_head":"<!-- This site is optimized with the Yoast SEO plugin v20.7 - https:\/\/yoast.com\/wordpress\/plugins\/seo\/ -->\n<title>El grupo abrazando infancias pide donaciones para seguir con su labor<\/title>\n<meta name=\"description\" content=\"En la jornada de este martes, desde abrazando infancias, pide donaciones para continuar con su labor para ayudar a los que m\u00e1s necesitan.\" \/>\n<meta name=\"robots\" content=\"index, follow, max-snippet:-1, max-image-preview:large, max-video-preview:-1\" \/>\n<link rel=\"canonical\" href=\"https:\/\/experienciadevida.com.ar\/portalurbano\/el-grupo-abrazando-infancias-pide-donaciones-para-seguir-con-su-labor\/\" \/>\n<meta property=\"og:locale\" content=\"es_ES\" \/>\n<meta property=\"og:type\" content=\"article\" \/>\n<meta property=\"og:title\" content=\"El grupo abrazando infancias pide donaciones para seguir con su labor\" \/>\n<meta property=\"og:description\" content=\"En la jornada de este martes, desde abrazando infancias, pide donaciones para continuar con su labor para ayudar a los que m\u00e1s necesitan.\" \/>\n<meta property=\"og:url\" content=\"https:\/\/experienciadevida.com.ar\/portalurbano\/el-grupo-abrazando-infancias-pide-donaciones-para-seguir-con-su-labor\/\" \/>\n<meta property=\"article:publisher\" content=\"https:\/\/www.facebook.com\/Portal-Urbano-171542830093757\/\" \/>\n<meta property=\"article:published_time\" content=\"2020-10-13T15:47:29+00:00\" \/>\n<meta property=\"article:modified_time\" content=\"2020-10-13T15:48:27+00:00\" \/>\n<meta property=\"og:image\" content=\"https:\/\/experienciadevida.com.ar\/portalurbano\/wp-content\/uploads\/2020\/10\/Abrazando-infancias.jpg\" \/>\n\t<meta property=\"og:image:width\" content=\"765\" \/>\n\t<meta property=\"og:image:height\" content=\"510\" \/>\n\t<meta property=\"og:image:type\" content=\"image\/jpeg\" \/>\n<meta name=\"author\" content=\"admpu17wp\" \/>\n<meta name=\"twitter:card\" content=\"summary_large_image\" \/>\n<meta name=\"twitter:creator\" content=\"@portalurbanook\" \/>\n<meta name=\"twitter:site\" content=\"@portalurbanook\" \/>\n<meta name=\"twitter:label1\" content=\"Escrito por\" \/>\n\t<meta name=\"twitter:data1\" content=\"admpu17wp\" \/>\n\t<meta name=\"twitter:label2\" content=\"Tiempo de lectura\" \/>\n\t<meta name=\"twitter:data2\" content=\"2 minutos\" \/>\n<script type=\"application\/ld+json\" class=\"yoast-schema-graph\">{\"@context\":\"https:\/\/schema.org\",\"@graph\":[{\"@type\":\"Article\",\"@id\":\"https:\/\/experienciadevida.com.ar\/portalurbano\/el-grupo-abrazando-infancias-pide-donaciones-para-seguir-con-su-labor\/#article\",\"isPartOf\":{\"@id\":\"https:\/\/experienciadevida.com.ar\/portalurbano\/el-grupo-abrazando-infancias-pide-donaciones-para-seguir-con-su-labor\/\"},\"author\":{\"name\":\"admpu17wp\",\"@id\":\"https:\/\/experienciadevida.com.ar\/portalurbano\/#\/schema\/person\/02dd326b1c4b056e9cc972486934a3a7\"},\"headline\":\"El grupo Abrazando infancias pide donaciones para seguir con su labor\",\"datePublished\":\"2020-10-13T15:47:29+00:00\",\"dateModified\":\"2020-10-13T15:48:27+00:00\",\"mainEntityOfPage\":{\"@id\":\"https:\/\/experienciadevida.com.ar\/portalurbano\/el-grupo-abrazando-infancias-pide-donaciones-para-seguir-con-su-labor\/\"},\"wordCount\":459,\"publisher\":{\"@id\":\"https:\/\/experienciadevida.com.ar\/portalurbano\/#organization\"},\"articleSection\":[\"Ciudad\",\"Destacadas\"],\"inLanguage\":\"es\"},{\"@type\":\"WebPage\",\"@id\":\"https:\/\/experienciadevida.com.ar\/portalurbano\/el-grupo-abrazando-infancias-pide-donaciones-para-seguir-con-su-labor\/\",\"url\":\"https:\/\/experienciadevida.com.ar\/portalurbano\/el-grupo-abrazando-infancias-pide-donaciones-para-seguir-con-su-labor\/\",\"name\":\"El grupo abrazando infancias pide donaciones para seguir con su labor\",\"isPartOf\":{\"@id\":\"https:\/\/experienciadevida.com.ar\/portalurbano\/#website\"},\"datePublished\":\"2020-10-13T15:47:29+00:00\",\"dateModified\":\"2020-10-13T15:48:27+00:00\",\"description\":\"En la jornada de este martes, desde abrazando infancias, pide donaciones para continuar con su labor para ayudar a los que m\u00e1s necesitan.\",\"breadcrumb\":{\"@id\":\"https:\/\/experienciadevida.com.ar\/portalurbano\/el-grupo-abrazando-infancias-pide-donaciones-para-seguir-con-su-labor\/#breadcrumb\"},\"inLanguage\":\"es\",\"potentialAction\":[{\"@type\":\"ReadAction\",\"target\":[\"https:\/\/experienciadevida.com.ar\/portalurbano\/el-grupo-abrazando-infancias-pide-donaciones-para-seguir-con-su-labor\/\"]}]},{\"@type\":\"BreadcrumbList\",\"@id\":\"https:\/\/experienciadevida.com.ar\/portalurbano\/el-grupo-abrazando-infancias-pide-donaciones-para-seguir-con-su-labor\/#breadcrumb\",\"itemListElement\":[{\"@type\":\"ListItem\",\"position\":1,\"name\":\"Portada\",\"item\":\"https:\/\/experienciadevida.com.ar\/portalurbano\/\"},{\"@type\":\"ListItem\",\"position\":2,\"name\":\"El grupo Abrazando infancias pide donaciones para seguir con su labor\"}]},{\"@type\":\"WebSite\",\"@id\":\"https:\/\/experienciadevida.com.ar\/portalurbano\/#website\",\"url\":\"https:\/\/experienciadevida.com.ar\/portalurbano\/\",\"name\":\"\",\"description\":\"\",\"publisher\":{\"@id\":\"https:\/\/experienciadevida.com.ar\/portalurbano\/#organization\"},\"potentialAction\":[{\"@type\":\"SearchAction\",\"target\":{\"@type\":\"EntryPoint\",\"urlTemplate\":\"https:\/\/experienciadevida.com.ar\/portalurbano\/?s={search_term_string}\"},\"query-input\":\"required name=search_term_string\"}],\"inLanguage\":\"es\"},{\"@type\":\"Organization\",\"@id\":\"https:\/\/experienciadevida.com.ar\/portalurbano\/#organization\",\"name\":\"Portal Urbano\",\"url\":\"https:\/\/experienciadevida.com.ar\/portalurbano\/\",\"logo\":{\"@type\":\"ImageObject\",\"inLanguage\":\"es\",\"@id\":\"https:\/\/experienciadevida.com.ar\/portalurbano\/#\/schema\/logo\/image\/\",\"url\":\"https:\/\/experienciadevida.com.ar\/portalurbano\/wp-content\/uploads\/2019\/09\/Logo-Original.png\",\"contentUrl\":\"https:\/\/experienciadevida.com.ar\/portalurbano\/wp-content\/uploads\/2019\/09\/Logo-Original.png\",\"width\":2236,\"height\":1216,\"caption\":\"Portal Urbano\"},\"image\":{\"@id\":\"https:\/\/experienciadevida.com.ar\/portalurbano\/#\/schema\/logo\/image\/\"},\"sameAs\":[\"https:\/\/www.facebook.com\/Portal-Urbano-171542830093757\/\",\"https:\/\/twitter.com\/portalurbanook\",\"https:\/\/www.instagram.com\/_portalurbano\/\",\"https:\/\/www.youtube.com\/channel\/UCXhagIfszH8KxFiOok79zbA?view_as=subscriber\"]},{\"@type\":\"Person\",\"@id\":\"https:\/\/experienciadevida.com.ar\/portalurbano\/#\/schema\/person\/02dd326b1c4b056e9cc972486934a3a7\",\"name\":\"admpu17wp\",\"image\":{\"@type\":\"ImageObject\",\"inLanguage\":\"es\",\"@id\":\"https:\/\/experienciadevida.com.ar\/portalurbano\/#\/schema\/person\/image\/\",\"url\":\"https:\/\/secure.gravatar.com\/avatar\/830d4c57adaae6630765e449a6908047?s=96&d=mm&r=g\",\"contentUrl\":\"https:\/\/secure.gravatar.com\/avatar\/830d4c57adaae6630765e449a6908047?s=96&d=mm&r=g\",\"caption\":\"admpu17wp\"}}]}<\/script>\n<!-- \/ Yoast SEO plugin. -->","yoast_head_json":{"title":"El grupo abrazando infancias pide donaciones para seguir con su labor","description":"En la jornada de este martes, desde abrazando infancias, pide donaciones para continuar con su labor para ayudar a los que m\u00e1s necesitan.","robots":{"index":"index","follow":"follow","max-snippet":"max-snippet:-1","max-image-preview":"max-image-preview:large","max-video-preview":"max-video-preview:-1"},"canonical":"https:\/\/experienciadevida.com.ar\/portalurbano\/el-grupo-abrazando-infancias-pide-donaciones-para-seguir-con-su-labor\/","og_locale":"es_ES","og_type":"article","og_title":"El grupo abrazando infancias pide donaciones para seguir con su labor","og_description":"En la jornada de este martes, desde abrazando infancias, pide donaciones para continuar con su labor para ayudar a los que m\u00e1s necesitan.","og_url":"https:\/\/experienciadevida.com.ar\/portalurbano\/el-grupo-abrazando-infancias-pide-donaciones-para-seguir-con-su-labor\/","article_publisher":"https:\/\/www.facebook.com\/Portal-Urbano-171542830093757\/","article_published_time":"2020-10-13T15:47:29+00:00","article_modified_time":"2020-10-13T15:48:27+00:00","og_image":[{"width":765,"height":510,"url":"https:\/\/experienciadevida.com.ar\/portalurbano\/wp-content\/uploads\/2020\/10\/Abrazando-infancias.jpg","type":"image\/jpeg"}],"author":"admpu17wp","twitter_card":"summary_large_image","twitter_creator":"@portalurbanook","twitter_site":"@portalurbanook","twitter_misc":{"Escrito por":"admpu17wp","Tiempo de lectura":"2 minutos"},"schema":{"@context":"https:\/\/schema.org","@graph":[{"@type":"Article","@id":"https:\/\/experienciadevida.com.ar\/portalurbano\/el-grupo-abrazando-infancias-pide-donaciones-para-seguir-con-su-labor\/#article","isPartOf":{"@id":"https:\/\/experienciadevida.com.ar\/portalurbano\/el-grupo-abrazando-infancias-pide-donaciones-para-seguir-con-su-labor\/"},"author":{"name":"admpu17wp","@id":"https:\/\/experienciadevida.com.ar\/portalurbano\/#\/schema\/person\/02dd326b1c4b056e9cc972486934a3a7"},"headline":"El grupo Abrazando infancias pide donaciones para seguir con su labor","datePublished":"2020-10-13T15:47:29+00:00","dateModified":"2020-10-13T15:48:27+00:00","mainEntityOfPage":{"@id":"https:\/\/experienciadevida.com.ar\/portalurbano\/el-grupo-abrazando-infancias-pide-donaciones-para-seguir-con-su-labor\/"},"wordCount":459,"publisher":{"@id":"https:\/\/experienciadevida.com.ar\/portalurbano\/#organization"},"articleSection":["Ciudad","Destacadas"],"inLanguage":"es"},{"@type":"WebPage","@id":"https:\/\/experienciadevida.com.ar\/portalurbano\/el-grupo-abrazando-infancias-pide-donaciones-para-seguir-con-su-labor\/","url":"https:\/\/experienciadevida.com.ar\/portalurbano\/el-grupo-abrazando-infancias-pide-donaciones-para-seguir-con-su-labor\/","name":"El grupo abrazando infancias pide donaciones para seguir con su labor","isPartOf":{"@id":"https:\/\/experienciadevida.com.ar\/portalurbano\/#website"},"datePublished":"2020-10-13T15:47:29+00:00","dateModified":"2020-10-13T15:48:27+00:00","description":"En la jornada de este martes, desde abrazando infancias, pide donaciones para continuar con su labor para ayudar a los que m\u00e1s necesitan.","breadcrumb":{"@id":"https:\/\/experienciadevida.com.ar\/portalurbano\/el-grupo-abrazando-infancias-pide-donaciones-para-seguir-con-su-labor\/#breadcrumb"},"inLanguage":"es","potentialAction":[{"@type":"ReadAction","target":["https:\/\/experienciadevida.com.ar\/portalurbano\/el-grupo-abrazando-infancias-pide-donaciones-para-seguir-con-su-labor\/"]}]},{"@type":"BreadcrumbList","@id":"https:\/\/experienciadevida.com.ar\/portalurbano\/el-grupo-abrazando-infancias-pide-donaciones-para-seguir-con-su-labor\/#breadcrumb","itemListElement":[{"@type":"ListItem","position":1,"name":"Portada","item":"https:\/\/experienciadevida.com.ar\/portalurbano\/"},{"@type":"ListItem","position":2,"name":"El grupo Abrazando infancias pide donaciones para seguir con su labor"}]},{"@type":"WebSite","@id":"https:\/\/experienciadevida.com.ar\/portalurbano\/#website","url":"https:\/\/experienciadevida.com.ar\/portalurbano\/","name":"","description":"","publisher":{"@id":"https:\/\/experienciadevida.com.ar\/portalurbano\/#organization"},"potentialAction":[{"@type":"SearchAction","target":{"@type":"EntryPoint","urlTemplate":"https:\/\/experienciadevida.com.ar\/portalurbano\/?s={search_term_string}"},"query-input":"required name=search_term_string"}],"inLanguage":"es"},{"@type":"Organization","@id":"https:\/\/experienciadevida.com.ar\/portalurbano\/#organization","name":"Portal Urbano","url":"https:\/\/experienciadevida.com.ar\/portalurbano\/","logo":{"@type":"ImageObject","inLanguage":"es","@id":"https:\/\/experienciadevida.com.ar\/portalurbano\/#\/schema\/logo\/image\/","url":"https:\/\/experienciadevida.com.ar\/portalurbano\/wp-content\/uploads\/2019\/09\/Logo-Original.png","contentUrl":"https:\/\/experienciadevida.com.ar\/portalurbano\/wp-content\/uploads\/2019\/09\/Logo-Original.png","width":2236,"height":1216,"caption":"Portal Urbano"},"image":{"@id":"https:\/\/experienciadevida.com.ar\/portalurbano\/#\/schema\/logo\/image\/"},"sameAs":["https:\/\/www.facebook.com\/Portal-Urbano-171542830093757\/","https:\/\/twitter.com\/portalurbanook","https:\/\/www.instagram.com\/_portalurbano\/","https:\/\/www.youtube.com\/channel\/UCXhagIfszH8KxFiOok79zbA?view_as=subscriber"]},{"@type":"Person","@id":"https:\/\/experienciadevida.com.ar\/portalurbano\/#\/schema\/person\/02dd326b1c4b056e9cc972486934a3a7","name":"admpu17wp","image":{"@type":"ImageObject","inLanguage":"es","@id":"https:\/\/experienciadevida.com.ar\/portalurbano\/#\/schema\/person\/image\/","url":"https:\/\/secure.gravatar.com\/avatar\/830d4c57adaae6630765e449a6908047?s=96&d=mm&r=g","contentUrl":"https:\/\/secure.gravatar.com\/avatar\/830d4c57adaae6630765e449a6908047?s=96&d=mm&r=g","caption":"admpu17wp"}}]}},"featured_image_urls":{"full":["https:\/\/experienciadevida.com.ar\/portalurbano\/wp-content\/uploads\/2020\/10\/Abrazando-infancias.jpg",765,510,false],"thumbnail":["https:\/\/experienciadevida.com.ar\/portalurbano\/wp-content\/uploads\/2020\/10\/Abrazando-infancias-150x150.jpg",150,150,true],"medium":["https:\/\/experienciadevida.com.ar\/portalurbano\/wp-content\/uploads\/2020\/10\/Abrazando-infancias-300x200.jpg",300,200,true],"medium_large":["https:\/\/experienciadevida.com.ar\/portalurbano\/wp-content\/uploads\/2020\/10\/Abrazando-infancias.jpg",640,427,false],"large":["https:\/\/experienciadevida.com.ar\/portalurbano\/wp-content\/uploads\/2020\/10\/Abrazando-infancias.jpg",640,427,false],"ug_big":["https:\/\/experienciadevida.com.ar\/portalurbano\/wp-content\/uploads\/2020\/10\/Abrazando-infancias.jpg",765,510,false],"1536x1536":["https:\/\/experienciadevida.com.ar\/portalurbano\/wp-content\/uploads\/2020\/10\/Abrazando-infancias.jpg",765,510,false],"2048x2048":["https:\/\/experienciadevida.com.ar\/portalurbano\/wp-content\/uploads\/2020\/10\/Abrazando-infancias.jpg",765,510,false],"newsever-slider-full":["https:\/\/experienciadevida.com.ar\/portalurbano\/wp-content\/uploads\/2020\/10\/Abrazando-infancias.jpg",765,510,false],"newsever-featured":["https:\/\/experienciadevida.com.ar\/portalurbano\/wp-content\/uploads\/2020\/10\/Abrazando-infancias.jpg",765,510,false],"newsever-medium":["https:\/\/experienciadevida.com.ar\/portalurbano\/wp-content\/uploads\/2020\/10\/Abrazando-infancias.jpg",713,475,false],"web-stories-poster-portrait":["https:\/\/experienciadevida.com.ar\/portalurbano\/wp-content\/uploads\/2020\/10\/Abrazando-infancias.jpg",640,427,false],"web-stories-publisher-logo":["https:\/\/experienciadevida.com.ar\/portalurbano\/wp-content\/uploads\/2020\/10\/Abrazando-infancias.jpg",96,64,false],"web-stories-thumbnail":["https:\/\/experienciadevida.com.ar\/portalurbano\/wp-content\/uploads\/2020\/10\/Abrazando-infancias.jpg",150,100,false]},"author_info":{"display_name":"admpu17wp","author_link":"https:\/\/experienciadevida.com.ar\/portalurbano\/author\/admpu17wp\/"},"category_info":"<a href=\"https:\/\/experienciadevida.com.ar\/portalurbano\/category\/ciudad\/\" rel=\"category tag\">Ciudad<\/a> <a href=\"https:\/\/experienciadevida.com.ar\/portalurbano\/category\/destacadas\/\" rel=\"category tag\">Destacadas<\/a>","tag_info":"Destacadas","comment_count":"0","amp_enabled":true,"_links":{"self":[{"href":"https:\/\/experienciadevida.com.ar\/portalurbano\/wp-json\/wp\/v2\/posts\/124207"}],"collection":[{"href":"https:\/\/experienciadevida.com.ar\/portalurbano\/wp-json\/wp\/v2\/posts"}],"about":[{"href":"https:\/\/experienciadevida.com.ar\/portalurbano\/wp-json\/wp\/v2\/types\/post"}],"author":[{"embeddable":true,"href":"https:\/\/experienciadevida.com.ar\/portalurbano\/wp-json\/wp\/v2\/users\/1"}],"replies":[{"embeddable":true,"href":"https:\/\/experienciadevida.com.ar\/portalurbano\/wp-json\/wp\/v2\/comments?post=124207"}],"version-history":[{"count":1,"href":"https:\/\/experienciadevida.com.ar\/portalurbano\/wp-json\/wp\/v2\/posts\/124207\/revisions"}],"predecessor-version":[{"id":124209,"href":"https:\/\/experienciadevida.com.ar\/portalurbano\/wp-json\/wp\/v2\/posts\/124207\/revisions\/124209"}],"wp:featuredmedia":[{"embeddable":true,"href":"https:\/\/experienciadevida.com.ar\/portalurbano\/wp-json\/wp\/v2\/media\/124208"}],"wp:attachment":[{"href":"https:\/\/experienciadevida.com.ar\/portalurbano\/wp-json\/wp\/v2\/media?parent=124207"}],"wp:term":[{"taxonomy":"category","embeddable":true,"href":"https:\/\/experienciadevida.com.ar\/portalurbano\/wp-json\/wp\/v2\/categories?post=124207"},{"taxonomy":"post_tag","embeddable":true,"href":"https:\/\/experienciadevida.com.ar\/portalurbano\/wp-json\/wp\/v2\/tags?post=124207"}],"curies":[{"name":"wp","href":"https:\/\/api.w.org\/{rel}","templated":true}]}}