{"id":124204,"date":"2020-10-13T11:31:24","date_gmt":"2020-10-13T14:31:24","guid":{"rendered":"https:\/\/experienciadevida.com.ar\/portalurbano\/?p=124204"},"modified":"2020-10-13T11:32:09","modified_gmt":"2020-10-13T14:32:09","slug":"el-fmi-preve-que-la-economia-argentina-caera-este-ano-118","status":"publish","type":"post","link":"https:\/\/experienciadevida.com.ar\/portalurbano\/el-fmi-preve-que-la-economia-argentina-caera-este-ano-118\/","title":{"rendered":"El FMI prev\u00e9 que la econom\u00eda argentina caer\u00e1 este a\u00f1o 11,8%"},"content":{"rendered":"<div class=\"td_block_wrap tdb_single_subtitle tdi_72_9e3 td-pb-border-top td_block_template_1\" data-td-block-uid=\"tdi_72_9e3\">\n<div class=\"tdb-block-inner td-fix-index\">\n<p>Para el organismo, la <strong>econom\u00eda\u00a0 Argentina<\/strong> repuntar\u00e1 4,9% en 2021. A nivel global, este a\u00f1o caer\u00e1 4,4%.<\/p>\n<\/div>\n<\/div>\n<div class=\"td_block_wrap tdb_single_date tdi_73_23a td-pb-border-top td_block_template_1 tdb-post-meta\" data-td-block-uid=\"tdi_73_23a\">\n<p>El Fondo Monetario Internacional (FMI) prev\u00e9 que la <strong>econom\u00eda Argentina<\/strong> caer\u00e1 este a\u00f1o 11,8% en medio de la pandemia de coronavirus que har\u00e1 contraer el producto bruto mundial 4,4%. En tanto, la recuperaci\u00f3n para nuestro pa\u00eds llegar\u00e1 en 2021 cuando, de acuerdo a las estimaciones del organismo, la econom\u00eda crecer\u00e1 4,9%.<\/p>\n<p>As\u00ed lo indic\u00f3 en el Informe de Perspectivas Econ\u00f3micas (WEO) difundido este martes, denominado \u201cUn largo y dificultoso camino cuesta arriba\u201d, donde a ra\u00edz de la pandemia estim\u00f3 una ca\u00edda del PBI mundial de 4,4% y una recuperaci\u00f3n de 5,2% para 2021.<\/p>\n<p>Las proyecciones globales son un poco m\u00e1s alentadores que en junio \u00faltimo, cuando se proyectaba que la econom\u00eda mundial iba a ceder en un 4,9%. Sin embargo, la recuperaci\u00f3n fue desigual, seg\u00fan muestra la actualizaci\u00f3n del reporte del Fondo, ya que hubo una relativa mejora en el desempe\u00f1o de las econom\u00edas avanzadas, mientras que en la mayor\u00eda de las econom\u00edas emergentes la situaci\u00f3n empeor\u00f3 y las proyecciones a la baja se acentuaron.<\/p>\n<p>En particular para la <strong>econom\u00eda Argentina<\/strong>, el FMI preve\u00eda en junio una merma en el PBI de 9,9% y antes, en abril del 2021, estimaba que el mismo per\u00edodo iba a cerrar con una baja de 5,7% en el Producto. No obstante, prev\u00e9 una mayor recuperaci\u00f3n para el 2021, con una cifra de 3,9% proyectada en junio \u00faltimo, que se eleva a 4,9% en el reporte dado a conocer ahora.<\/p>\n<p>El informe, que tradicionalmente lleva tambi\u00e9n los datos de inflaci\u00f3n local y de todos los pa\u00edses, aclara que para esta vuelta no incluir\u00e1 los datos de precios de Argentina, entre otras excepciones. \u201cPara Argentina, las variables fiscales y de inflaci\u00f3n fueron excluidas de la publicaci\u00f3n para las proyecciones de 2021\u201325 y 2020\u201325, respectivamente, ya que \u00e9stos est\u00e1n en gran medida vinculados a las negociaciones del programa a\u00fan pendientes\u201d, se\u00f1ala el informe.<\/p>\n<p>La Argentina se encuentra en pleno proceso de negociaciones para alcanzar un nuevo acuerdo con el Fondo, y una misi\u00f3n del organismo estuvo recientemente en el pa\u00eds.<\/p>\n<p>Dicha misi\u00f3n, que anunci\u00f3 que volver\u00e1 a mediados de noviembre al pa\u00eds, plante\u00f3 que se llev\u00f3 de la Argentina \u201cuna comprensi\u00f3n m\u00e1s profunda de los planes pol\u00edticos de las autoridades para estabilizar la econom\u00eda y ponerla en una senda de crecimiento m\u00e1s sostenible e inclusiva\u201d, a la vez que traz\u00f3 un contexto socioecon\u00f3mico \u201cdif\u00edcil\u201d.<\/p>\n<p>En cuanto al balance en cuenta corriente, el informe del FMI consigna que se espera que el 2020 mejore 0,7% y en 2021 lo haga en 1,2%.<\/p>\n<p>En t\u00e9rminos de desempleo, se estima que la tasa suba al 11% desde 9,8% alcanzado en 2019.<\/p>\n<p>Pese a que la Argentina presenta una ca\u00edda en la econom\u00eda m\u00e1s brusca que el promedio de la regi\u00f3n (-8%) en t\u00e9rminos de desempleo, otros pa\u00edses se ven mayormente afectados en cuanto a la tasa de desocupaci\u00f3n esperada.<\/p>\n<p>Pa\u00edses como Brasil y Colombia, que proyectan una ca\u00edda en sus econom\u00edas de 5,8% y de 8,2%, respectivamente para 2020, podr\u00edan alcanzar una tasa de desempleo de 13,4% y de 17,3% %, respectivamente, para igual per\u00edodo.<\/p>\n<p>Fuente: DIB<\/p>\n<\/div>\n","protected":false},"excerpt":{"rendered":"<p>Para el organismo, la econom\u00eda\u00a0 Argentina repuntar\u00e1 4,9% en 2021. A nivel global, este a\u00f1o&#8230;<\/p>\n","protected":false},"author":1,"featured_media":124205,"comment_status":"closed","ping_status":"closed","sticky":false,"template":"","format":"standard","meta":{"content-type":""},"categories":[39],"tags":[],"nelio_content":{"isAutoShareEnabled":false,"autoShareEndMode":"default","automationSources":{"useContentSentences":true,"useSocialTemplates":true,"useCustomSentences":false,"customSentences":[]},"followers":[1],"suggestedReferences":[],"includedReferences":[],"efiUrl":"","efiAlt":"","highlights":[]},"yoast_head":"<!-- This site is optimized with the Yoast SEO plugin v20.7 - https:\/\/yoast.com\/wordpress\/plugins\/seo\/ -->\n<title>El FMI preve que la econom\u00eda argentina caer\u00e1 este a\u00f1o 11,8%<\/title>\n<meta name=\"description\" content=\"ara el organismo, la econom\u00eda\u00a0 Argentina repuntar\u00e1 4,9% en 2021. A nivel global, este a\u00f1o caer\u00e1 4,4% en medio de la pandemia de Coronavirus\" \/>\n<meta name=\"robots\" content=\"index, follow, max-snippet:-1, max-image-preview:large, max-video-preview:-1\" \/>\n<link rel=\"canonical\" href=\"https:\/\/experienciadevida.com.ar\/portalurbano\/el-fmi-preve-que-la-economia-argentina-caera-este-ano-118\/\" \/>\n<meta property=\"og:locale\" content=\"es_ES\" \/>\n<meta property=\"og:type\" content=\"article\" \/>\n<meta property=\"og:title\" content=\"El FMI preve que la econom\u00eda argentina caer\u00e1 este a\u00f1o 11,8%\" \/>\n<meta property=\"og:description\" content=\"ara el organismo, la econom\u00eda\u00a0 Argentina repuntar\u00e1 4,9% en 2021. A nivel global, este a\u00f1o caer\u00e1 4,4% en medio de la pandemia de Coronavirus\" \/>\n<meta property=\"og:url\" content=\"https:\/\/experienciadevida.com.ar\/portalurbano\/el-fmi-preve-que-la-economia-argentina-caera-este-ano-118\/\" \/>\n<meta property=\"article:publisher\" content=\"https:\/\/www.facebook.com\/Portal-Urbano-171542830093757\/\" \/>\n<meta property=\"article:published_time\" content=\"2020-10-13T14:31:24+00:00\" \/>\n<meta property=\"article:modified_time\" content=\"2020-10-13T14:32:09+00:00\" \/>\n<meta property=\"og:image\" content=\"https:\/\/experienciadevida.com.ar\/portalurbano\/wp-content\/uploads\/2020\/10\/economia-Argentina.jpg\" \/>\n\t<meta property=\"og:image:width\" content=\"470\" \/>\n\t<meta property=\"og:image:height\" content=\"292\" \/>\n\t<meta property=\"og:image:type\" content=\"image\/jpeg\" \/>\n<meta name=\"author\" content=\"admpu17wp\" \/>\n<meta name=\"twitter:card\" content=\"summary_large_image\" \/>\n<meta name=\"twitter:creator\" content=\"@portalurbanook\" \/>\n<meta name=\"twitter:site\" content=\"@portalurbanook\" \/>\n<meta name=\"twitter:label1\" content=\"Escrito por\" \/>\n\t<meta name=\"twitter:data1\" content=\"admpu17wp\" \/>\n\t<meta name=\"twitter:label2\" content=\"Tiempo de lectura\" \/>\n\t<meta name=\"twitter:data2\" content=\"3 minutos\" \/>\n<script type=\"application\/ld+json\" class=\"yoast-schema-graph\">{\"@context\":\"https:\/\/schema.org\",\"@graph\":[{\"@type\":\"Article\",\"@id\":\"https:\/\/experienciadevida.com.ar\/portalurbano\/el-fmi-preve-que-la-economia-argentina-caera-este-ano-118\/#article\",\"isPartOf\":{\"@id\":\"https:\/\/experienciadevida.com.ar\/portalurbano\/el-fmi-preve-que-la-economia-argentina-caera-este-ano-118\/\"},\"author\":{\"name\":\"admpu17wp\",\"@id\":\"https:\/\/experienciadevida.com.ar\/portalurbano\/#\/schema\/person\/02dd326b1c4b056e9cc972486934a3a7\"},\"headline\":\"El FMI prev\u00e9 que la econom\u00eda argentina caer\u00e1 este a\u00f1o 11,8%\",\"datePublished\":\"2020-10-13T14:31:24+00:00\",\"dateModified\":\"2020-10-13T14:32:09+00:00\",\"mainEntityOfPage\":{\"@id\":\"https:\/\/experienciadevida.com.ar\/portalurbano\/el-fmi-preve-que-la-economia-argentina-caera-este-ano-118\/\"},\"wordCount\":561,\"publisher\":{\"@id\":\"https:\/\/experienciadevida.com.ar\/portalurbano\/#organization\"},\"articleSection\":[\"Naci\u00f3n\"],\"inLanguage\":\"es\"},{\"@type\":\"WebPage\",\"@id\":\"https:\/\/experienciadevida.com.ar\/portalurbano\/el-fmi-preve-que-la-economia-argentina-caera-este-ano-118\/\",\"url\":\"https:\/\/experienciadevida.com.ar\/portalurbano\/el-fmi-preve-que-la-economia-argentina-caera-este-ano-118\/\",\"name\":\"El FMI preve que la econom\u00eda argentina caer\u00e1 este a\u00f1o 11,8%\",\"isPartOf\":{\"@id\":\"https:\/\/experienciadevida.com.ar\/portalurbano\/#website\"},\"datePublished\":\"2020-10-13T14:31:24+00:00\",\"dateModified\":\"2020-10-13T14:32:09+00:00\",\"description\":\"ara el organismo, la econom\u00eda\u00a0 Argentina repuntar\u00e1 4,9% en 2021. A nivel global, este a\u00f1o caer\u00e1 4,4% en medio de la pandemia de Coronavirus\",\"breadcrumb\":{\"@id\":\"https:\/\/experienciadevida.com.ar\/portalurbano\/el-fmi-preve-que-la-economia-argentina-caera-este-ano-118\/#breadcrumb\"},\"inLanguage\":\"es\",\"potentialAction\":[{\"@type\":\"ReadAction\",\"target\":[\"https:\/\/experienciadevida.com.ar\/portalurbano\/el-fmi-preve-que-la-economia-argentina-caera-este-ano-118\/\"]}]},{\"@type\":\"BreadcrumbList\",\"@id\":\"https:\/\/experienciadevida.com.ar\/portalurbano\/el-fmi-preve-que-la-economia-argentina-caera-este-ano-118\/#breadcrumb\",\"itemListElement\":[{\"@type\":\"ListItem\",\"position\":1,\"name\":\"Portada\",\"item\":\"https:\/\/experienciadevida.com.ar\/portalurbano\/\"},{\"@type\":\"ListItem\",\"position\":2,\"name\":\"El FMI prev\u00e9 que la econom\u00eda argentina caer\u00e1 este a\u00f1o 11,8%\"}]},{\"@type\":\"WebSite\",\"@id\":\"https:\/\/experienciadevida.com.ar\/portalurbano\/#website\",\"url\":\"https:\/\/experienciadevida.com.ar\/portalurbano\/\",\"name\":\"\",\"description\":\"\",\"publisher\":{\"@id\":\"https:\/\/experienciadevida.com.ar\/portalurbano\/#organization\"},\"potentialAction\":[{\"@type\":\"SearchAction\",\"target\":{\"@type\":\"EntryPoint\",\"urlTemplate\":\"https:\/\/experienciadevida.com.ar\/portalurbano\/?s={search_term_string}\"},\"query-input\":\"required name=search_term_string\"}],\"inLanguage\":\"es\"},{\"@type\":\"Organization\",\"@id\":\"https:\/\/experienciadevida.com.ar\/portalurbano\/#organization\",\"name\":\"Portal Urbano\",\"url\":\"https:\/\/experienciadevida.com.ar\/portalurbano\/\",\"logo\":{\"@type\":\"ImageObject\",\"inLanguage\":\"es\",\"@id\":\"https:\/\/experienciadevida.com.ar\/portalurbano\/#\/schema\/logo\/image\/\",\"url\":\"https:\/\/experienciadevida.com.ar\/portalurbano\/wp-content\/uploads\/2019\/09\/Logo-Original.png\",\"contentUrl\":\"https:\/\/experienciadevida.com.ar\/portalurbano\/wp-content\/uploads\/2019\/09\/Logo-Original.png\",\"width\":2236,\"height\":1216,\"caption\":\"Portal Urbano\"},\"image\":{\"@id\":\"https:\/\/experienciadevida.com.ar\/portalurbano\/#\/schema\/logo\/image\/\"},\"sameAs\":[\"https:\/\/www.facebook.com\/Portal-Urbano-171542830093757\/\",\"https:\/\/twitter.com\/portalurbanook\",\"https:\/\/www.instagram.com\/_portalurbano\/\",\"https:\/\/www.youtube.com\/channel\/UCXhagIfszH8KxFiOok79zbA?view_as=subscriber\"]},{\"@type\":\"Person\",\"@id\":\"https:\/\/experienciadevida.com.ar\/portalurbano\/#\/schema\/person\/02dd326b1c4b056e9cc972486934a3a7\",\"name\":\"admpu17wp\",\"image\":{\"@type\":\"ImageObject\",\"inLanguage\":\"es\",\"@id\":\"https:\/\/experienciadevida.com.ar\/portalurbano\/#\/schema\/person\/image\/\",\"url\":\"https:\/\/secure.gravatar.com\/avatar\/830d4c57adaae6630765e449a6908047?s=96&d=mm&r=g\",\"contentUrl\":\"https:\/\/secure.gravatar.com\/avatar\/830d4c57adaae6630765e449a6908047?s=96&d=mm&r=g\",\"caption\":\"admpu17wp\"}}]}<\/script>\n<!-- \/ Yoast SEO plugin. -->","yoast_head_json":{"title":"El FMI preve que la econom\u00eda argentina caer\u00e1 este a\u00f1o 11,8%","description":"ara el organismo, la econom\u00eda\u00a0 Argentina repuntar\u00e1 4,9% en 2021. A nivel global, este a\u00f1o caer\u00e1 4,4% en medio de la pandemia de Coronavirus","robots":{"index":"index","follow":"follow","max-snippet":"max-snippet:-1","max-image-preview":"max-image-preview:large","max-video-preview":"max-video-preview:-1"},"canonical":"https:\/\/experienciadevida.com.ar\/portalurbano\/el-fmi-preve-que-la-economia-argentina-caera-este-ano-118\/","og_locale":"es_ES","og_type":"article","og_title":"El FMI preve que la econom\u00eda argentina caer\u00e1 este a\u00f1o 11,8%","og_description":"ara el organismo, la econom\u00eda\u00a0 Argentina repuntar\u00e1 4,9% en 2021. A nivel global, este a\u00f1o caer\u00e1 4,4% en medio de la pandemia de Coronavirus","og_url":"https:\/\/experienciadevida.com.ar\/portalurbano\/el-fmi-preve-que-la-economia-argentina-caera-este-ano-118\/","article_publisher":"https:\/\/www.facebook.com\/Portal-Urbano-171542830093757\/","article_published_time":"2020-10-13T14:31:24+00:00","article_modified_time":"2020-10-13T14:32:09+00:00","og_image":[{"width":470,"height":292,"url":"https:\/\/experienciadevida.com.ar\/portalurbano\/wp-content\/uploads\/2020\/10\/economia-Argentina.jpg","type":"image\/jpeg"}],"author":"admpu17wp","twitter_card":"summary_large_image","twitter_creator":"@portalurbanook","twitter_site":"@portalurbanook","twitter_misc":{"Escrito por":"admpu17wp","Tiempo de lectura":"3 minutos"},"schema":{"@context":"https:\/\/schema.org","@graph":[{"@type":"Article","@id":"https:\/\/experienciadevida.com.ar\/portalurbano\/el-fmi-preve-que-la-economia-argentina-caera-este-ano-118\/#article","isPartOf":{"@id":"https:\/\/experienciadevida.com.ar\/portalurbano\/el-fmi-preve-que-la-economia-argentina-caera-este-ano-118\/"},"author":{"name":"admpu17wp","@id":"https:\/\/experienciadevida.com.ar\/portalurbano\/#\/schema\/person\/02dd326b1c4b056e9cc972486934a3a7"},"headline":"El FMI prev\u00e9 que la econom\u00eda argentina caer\u00e1 este a\u00f1o 11,8%","datePublished":"2020-10-13T14:31:24+00:00","dateModified":"2020-10-13T14:32:09+00:00","mainEntityOfPage":{"@id":"https:\/\/experienciadevida.com.ar\/portalurbano\/el-fmi-preve-que-la-economia-argentina-caera-este-ano-118\/"},"wordCount":561,"publisher":{"@id":"https:\/\/experienciadevida.com.ar\/portalurbano\/#organization"},"articleSection":["Naci\u00f3n"],"inLanguage":"es"},{"@type":"WebPage","@id":"https:\/\/experienciadevida.com.ar\/portalurbano\/el-fmi-preve-que-la-economia-argentina-caera-este-ano-118\/","url":"https:\/\/experienciadevida.com.ar\/portalurbano\/el-fmi-preve-que-la-economia-argentina-caera-este-ano-118\/","name":"El FMI preve que la econom\u00eda argentina caer\u00e1 este a\u00f1o 11,8%","isPartOf":{"@id":"https:\/\/experienciadevida.com.ar\/portalurbano\/#website"},"datePublished":"2020-10-13T14:31:24+00:00","dateModified":"2020-10-13T14:32:09+00:00","description":"ara el organismo, la econom\u00eda\u00a0 Argentina repuntar\u00e1 4,9% en 2021. A nivel global, este a\u00f1o caer\u00e1 4,4% en medio de la pandemia de Coronavirus","breadcrumb":{"@id":"https:\/\/experienciadevida.com.ar\/portalurbano\/el-fmi-preve-que-la-economia-argentina-caera-este-ano-118\/#breadcrumb"},"inLanguage":"es","potentialAction":[{"@type":"ReadAction","target":["https:\/\/experienciadevida.com.ar\/portalurbano\/el-fmi-preve-que-la-economia-argentina-caera-este-ano-118\/"]}]},{"@type":"BreadcrumbList","@id":"https:\/\/experienciadevida.com.ar\/portalurbano\/el-fmi-preve-que-la-economia-argentina-caera-este-ano-118\/#breadcrumb","itemListElement":[{"@type":"ListItem","position":1,"name":"Portada","item":"https:\/\/experienciadevida.com.ar\/portalurbano\/"},{"@type":"ListItem","position":2,"name":"El FMI prev\u00e9 que la econom\u00eda argentina caer\u00e1 este a\u00f1o 11,8%"}]},{"@type":"WebSite","@id":"https:\/\/experienciadevida.com.ar\/portalurbano\/#website","url":"https:\/\/experienciadevida.com.ar\/portalurbano\/","name":"","description":"","publisher":{"@id":"https:\/\/experienciadevida.com.ar\/portalurbano\/#organization"},"potentialAction":[{"@type":"SearchAction","target":{"@type":"EntryPoint","urlTemplate":"https:\/\/experienciadevida.com.ar\/portalurbano\/?s={search_term_string}"},"query-input":"required name=search_term_string"}],"inLanguage":"es"},{"@type":"Organization","@id":"https:\/\/experienciadevida.com.ar\/portalurbano\/#organization","name":"Portal Urbano","url":"https:\/\/experienciadevida.com.ar\/portalurbano\/","logo":{"@type":"ImageObject","inLanguage":"es","@id":"https:\/\/experienciadevida.com.ar\/portalurbano\/#\/schema\/logo\/image\/","url":"https:\/\/experienciadevida.com.ar\/portalurbano\/wp-content\/uploads\/2019\/09\/Logo-Original.png","contentUrl":"https:\/\/experienciadevida.com.ar\/portalurbano\/wp-content\/uploads\/2019\/09\/Logo-Original.png","width":2236,"height":1216,"caption":"Portal Urbano"},"image":{"@id":"https:\/\/experienciadevida.com.ar\/portalurbano\/#\/schema\/logo\/image\/"},"sameAs":["https:\/\/www.facebook.com\/Portal-Urbano-171542830093757\/","https:\/\/twitter.com\/portalurbanook","https:\/\/www.instagram.com\/_portalurbano\/","https:\/\/www.youtube.com\/channel\/UCXhagIfszH8KxFiOok79zbA?view_as=subscriber"]},{"@type":"Person","@id":"https:\/\/experienciadevida.com.ar\/portalurbano\/#\/schema\/person\/02dd326b1c4b056e9cc972486934a3a7","name":"admpu17wp","image":{"@type":"ImageObject","inLanguage":"es","@id":"https:\/\/experienciadevida.com.ar\/portalurbano\/#\/schema\/person\/image\/","url":"https:\/\/secure.gravatar.com\/avatar\/830d4c57adaae6630765e449a6908047?s=96&d=mm&r=g","contentUrl":"https:\/\/secure.gravatar.com\/avatar\/830d4c57adaae6630765e449a6908047?s=96&d=mm&r=g","caption":"admpu17wp"}}]}},"featured_image_urls":{"full":["https:\/\/experienciadevida.com.ar\/portalurbano\/wp-content\/uploads\/2020\/10\/economia-Argentina.jpg",470,292,false],"thumbnail":["https:\/\/experienciadevida.com.ar\/portalurbano\/wp-content\/uploads\/2020\/10\/economia-Argentina-150x150.jpg",150,150,true],"medium":["https:\/\/experienciadevida.com.ar\/portalurbano\/wp-content\/uploads\/2020\/10\/economia-Argentina-300x186.jpg",300,186,true],"medium_large":["https:\/\/experienciadevida.com.ar\/portalurbano\/wp-content\/uploads\/2020\/10\/economia-Argentina.jpg",470,292,false],"large":["https:\/\/experienciadevida.com.ar\/portalurbano\/wp-content\/uploads\/2020\/10\/economia-Argentina.jpg",470,292,false],"ug_big":["https:\/\/experienciadevida.com.ar\/portalurbano\/wp-content\/uploads\/2020\/10\/economia-Argentina.jpg",470,292,false],"1536x1536":["https:\/\/experienciadevida.com.ar\/portalurbano\/wp-content\/uploads\/2020\/10\/economia-Argentina.jpg",470,292,false],"2048x2048":["https:\/\/experienciadevida.com.ar\/portalurbano\/wp-content\/uploads\/2020\/10\/economia-Argentina.jpg",470,292,false],"newsever-slider-full":["https:\/\/experienciadevida.com.ar\/portalurbano\/wp-content\/uploads\/2020\/10\/economia-Argentina.jpg",470,292,false],"newsever-featured":["https:\/\/experienciadevida.com.ar\/portalurbano\/wp-content\/uploads\/2020\/10\/economia-Argentina.jpg",470,292,false],"newsever-medium":["https:\/\/experienciadevida.com.ar\/portalurbano\/wp-content\/uploads\/2020\/10\/economia-Argentina.jpg",470,292,false],"web-stories-poster-portrait":["https:\/\/experienciadevida.com.ar\/portalurbano\/wp-content\/uploads\/2020\/10\/economia-Argentina.jpg",470,292,false],"web-stories-publisher-logo":["https:\/\/experienciadevida.com.ar\/portalurbano\/wp-content\/uploads\/2020\/10\/economia-Argentina.jpg",96,60,false],"web-stories-thumbnail":["https:\/\/experienciadevida.com.ar\/portalurbano\/wp-content\/uploads\/2020\/10\/economia-Argentina.jpg",150,93,false]},"author_info":{"display_name":"admpu17wp","author_link":"https:\/\/experienciadevida.com.ar\/portalurbano\/author\/admpu17wp\/"},"category_info":"<a href=\"https:\/\/experienciadevida.com.ar\/portalurbano\/category\/nacion\/\" rel=\"category tag\">Naci\u00f3n<\/a>","tag_info":"Naci\u00f3n","comment_count":"0","amp_enabled":true,"_links":{"self":[{"href":"https:\/\/experienciadevida.com.ar\/portalurbano\/wp-json\/wp\/v2\/posts\/124204"}],"collection":[{"href":"https:\/\/experienciadevida.com.ar\/portalurbano\/wp-json\/wp\/v2\/posts"}],"about":[{"href":"https:\/\/experienciadevida.com.ar\/portalurbano\/wp-json\/wp\/v2\/types\/post"}],"author":[{"embeddable":true,"href":"https:\/\/experienciadevida.com.ar\/portalurbano\/wp-json\/wp\/v2\/users\/1"}],"replies":[{"embeddable":true,"href":"https:\/\/experienciadevida.com.ar\/portalurbano\/wp-json\/wp\/v2\/comments?post=124204"}],"version-history":[{"count":1,"href":"https:\/\/experienciadevida.com.ar\/portalurbano\/wp-json\/wp\/v2\/posts\/124204\/revisions"}],"predecessor-version":[{"id":124206,"href":"https:\/\/experienciadevida.com.ar\/portalurbano\/wp-json\/wp\/v2\/posts\/124204\/revisions\/124206"}],"wp:featuredmedia":[{"embeddable":true,"href":"https:\/\/experienciadevida.com.ar\/portalurbano\/wp-json\/wp\/v2\/media\/124205"}],"wp:attachment":[{"href":"https:\/\/experienciadevida.com.ar\/portalurbano\/wp-json\/wp\/v2\/media?parent=124204"}],"wp:term":[{"taxonomy":"category","embeddable":true,"href":"https:\/\/experienciadevida.com.ar\/portalurbano\/wp-json\/wp\/v2\/categories?post=124204"},{"taxonomy":"post_tag","embeddable":true,"href":"https:\/\/experienciadevida.com.ar\/portalurbano\/wp-json\/wp\/v2\/tags?post=124204"}],"curies":[{"name":"wp","href":"https:\/\/api.w.org\/{rel}","templated":true}]}}