{"id":124189,"date":"2020-10-13T10:31:26","date_gmt":"2020-10-13T13:31:26","guid":{"rendered":"https:\/\/experienciadevida.com.ar\/portalurbano\/?p=124189"},"modified":"2020-10-13T10:31:53","modified_gmt":"2020-10-13T13:31:53","slug":"martes-13-mitos-leyendas-y-por-que-se-cree-que-es-un-dia-de-mala-suerte","status":"publish","type":"post","link":"https:\/\/experienciadevida.com.ar\/portalurbano\/martes-13-mitos-leyendas-y-por-que-se-cree-que-es-un-dia-de-mala-suerte\/","title":{"rendered":"Martes 13: mitos, leyendas y por qu\u00e9 se cree que es un d\u00eda de mala suerte"},"content":{"rendered":"<p>Desde la antig\u00fcedad, diferentes historias rodean tanto al d\u00eda\u00a0\u00a0<strong>martes 13<\/strong>.<\/p>\n<p>\u201cEn un martes 13 no te cases ni te embarques, ni de tu casa te apartes\u201d. La frase se repite en muchos pa\u00edses de Am\u00e9rica latina cada vez que el almanaque hace coincidir esas dos coordenadas: el d\u00eda martes y el n\u00famero 13. Pero, \u00bfpor qu\u00e9 sucede esto? \u00bfQu\u00e9 hay detr\u00e1s de esta fecha repleta de leyendas?<\/p>\n<p>Un punto a tener en cuenta es que lo que para nosotros es <strong>martes 13<\/strong>, para otras naciones es viernes 13. Sin embargo, para la cultura espa\u00f1ola, la griega y la de diversos pa\u00edses hispanoamericanos como Cuba, Colombia, Uruguay, Argentina, Venezuela, M\u00e9xico y Chile, es en martes.<\/p>\n<p>En realidad, la \u201cmala suerte\u201d est\u00e1 m\u00e1s vinculada al n\u00famero que al d\u00eda de la semana en que caiga, aunque tambi\u00e9n es cierto que depende del lugar del mundo en donde esto suceda. Es por esto que en pa\u00edses como Estados Unidos se habla del fatal \u201cFriday 13th\u201d, que dio origen a la famosa saga de pel\u00edculas de terror que en Argentina debi\u00f3 llamarse Martes 13 para que el \u00e9xito est\u00e9 asegurado.<\/p>\n<p>Una de las principales teor\u00edas se\u00f1ala que la\u00a0ca\u00edda del Imperio Romano\u00a0en\u00a0Constantinopla\u00a0ocurri\u00f3 un <strong>martes 13<\/strong> del a\u00f1o de 1453. En dicho d\u00eda se produjo un eclipse lunar y un fuerte temporal evit\u00f3 que el imperio recibiese apoyo.<\/p>\n<p>Por otro lado, en la mitolog\u00eda romana, la palabra \u201cmartes\u201d est\u00e1 relacionada con el \u201cplaneta Marte\u201c, que a su vez est\u00e1 vinculado con el \u201cDios de la Guerra\u201d.<\/p>\n<p>El n\u00famero 13 para algunos cristianos es de mala suerte porque en la \u00faltima cena de Jes\u00fas hab\u00eda 13 integrantes. Estos eran los 12 ap\u00f3stoles y Jes\u00fas. Es Judas, el traidor, el considerado el n\u00famero 13. \u00bfHay m\u00e1s? La ca\u00edda de la Torre de Babel ocurri\u00f3 en un d\u00eda 13 y en el cap\u00edtulo 13 del Apocalipsis comienza el fin del mundo.<\/p>\n<p>Fuente: DIB<\/p>\n","protected":false},"excerpt":{"rendered":"<p>Desde la antig\u00fcedad, diferentes historias rodean tanto al d\u00eda\u00a0\u00a0martes 13. \u201cEn un martes 13 no&#8230;<\/p>\n","protected":false},"author":1,"featured_media":124190,"comment_status":"closed","ping_status":"closed","sticky":false,"template":"","format":"standard","meta":{"content-type":""},"categories":[39],"tags":[],"nelio_content":{"isAutoShareEnabled":false,"autoShareEndMode":"default","automationSources":{"useContentSentences":true,"useSocialTemplates":true,"useCustomSentences":false,"customSentences":[]},"followers":[1],"suggestedReferences":[],"includedReferences":[],"efiUrl":"","efiAlt":"","highlights":[]},"yoast_head":"<!-- This site is optimized with the Yoast SEO plugin v20.7 - https:\/\/yoast.com\/wordpress\/plugins\/seo\/ -->\n<title>Martes 13: Mitos, leyendas y \u00bfpor que se cree que es mala suerte?<\/title>\n<meta name=\"description\" content=\"Desde la antig\u00fcedad, diferentes historias rodean tanto al d\u00eda\u00a0\u00a0martes 13.\u00a0 Siempre se le teme al d\u00eda, pero tambi\u00e9n hay que fijarse al n\u00famero.\" \/>\n<meta name=\"robots\" content=\"index, follow, max-snippet:-1, max-image-preview:large, max-video-preview:-1\" \/>\n<link rel=\"canonical\" href=\"https:\/\/experienciadevida.com.ar\/portalurbano\/martes-13-mitos-leyendas-y-por-que-se-cree-que-es-un-dia-de-mala-suerte\/\" \/>\n<meta property=\"og:locale\" content=\"es_ES\" \/>\n<meta property=\"og:type\" content=\"article\" \/>\n<meta property=\"og:title\" content=\"Martes 13: Mitos, leyendas y \u00bfpor que se cree que es mala suerte?\" \/>\n<meta property=\"og:description\" content=\"Desde la antig\u00fcedad, diferentes historias rodean tanto al d\u00eda\u00a0\u00a0martes 13.\u00a0 Siempre se le teme al d\u00eda, pero tambi\u00e9n hay que fijarse al n\u00famero.\" \/>\n<meta property=\"og:url\" content=\"https:\/\/experienciadevida.com.ar\/portalurbano\/martes-13-mitos-leyendas-y-por-que-se-cree-que-es-un-dia-de-mala-suerte\/\" \/>\n<meta property=\"article:publisher\" content=\"https:\/\/www.facebook.com\/Portal-Urbano-171542830093757\/\" \/>\n<meta property=\"article:published_time\" content=\"2020-10-13T13:31:26+00:00\" \/>\n<meta property=\"article:modified_time\" content=\"2020-10-13T13:31:53+00:00\" \/>\n<meta property=\"og:image\" content=\"https:\/\/experienciadevida.com.ar\/portalurbano\/wp-content\/uploads\/2020\/10\/Martes-13.jpg\" \/>\n\t<meta property=\"og:image:width\" content=\"696\" \/>\n\t<meta property=\"og:image:height\" content=\"392\" \/>\n\t<meta property=\"og:image:type\" content=\"image\/jpeg\" \/>\n<meta name=\"author\" content=\"admpu17wp\" \/>\n<meta name=\"twitter:card\" content=\"summary_large_image\" \/>\n<meta name=\"twitter:creator\" content=\"@portalurbanook\" \/>\n<meta name=\"twitter:site\" content=\"@portalurbanook\" \/>\n<meta name=\"twitter:label1\" content=\"Escrito por\" \/>\n\t<meta name=\"twitter:data1\" content=\"admpu17wp\" \/>\n\t<meta name=\"twitter:label2\" content=\"Tiempo de lectura\" \/>\n\t<meta name=\"twitter:data2\" content=\"2 minutos\" \/>\n<script type=\"application\/ld+json\" class=\"yoast-schema-graph\">{\"@context\":\"https:\/\/schema.org\",\"@graph\":[{\"@type\":\"Article\",\"@id\":\"https:\/\/experienciadevida.com.ar\/portalurbano\/martes-13-mitos-leyendas-y-por-que-se-cree-que-es-un-dia-de-mala-suerte\/#article\",\"isPartOf\":{\"@id\":\"https:\/\/experienciadevida.com.ar\/portalurbano\/martes-13-mitos-leyendas-y-por-que-se-cree-que-es-un-dia-de-mala-suerte\/\"},\"author\":{\"name\":\"admpu17wp\",\"@id\":\"https:\/\/experienciadevida.com.ar\/portalurbano\/#\/schema\/person\/02dd326b1c4b056e9cc972486934a3a7\"},\"headline\":\"Martes 13: mitos, leyendas y por qu\u00e9 se cree que es un d\u00eda de mala suerte\",\"datePublished\":\"2020-10-13T13:31:26+00:00\",\"dateModified\":\"2020-10-13T13:31:53+00:00\",\"mainEntityOfPage\":{\"@id\":\"https:\/\/experienciadevida.com.ar\/portalurbano\/martes-13-mitos-leyendas-y-por-que-se-cree-que-es-un-dia-de-mala-suerte\/\"},\"wordCount\":353,\"publisher\":{\"@id\":\"https:\/\/experienciadevida.com.ar\/portalurbano\/#organization\"},\"articleSection\":[\"Naci\u00f3n\"],\"inLanguage\":\"es\"},{\"@type\":\"WebPage\",\"@id\":\"https:\/\/experienciadevida.com.ar\/portalurbano\/martes-13-mitos-leyendas-y-por-que-se-cree-que-es-un-dia-de-mala-suerte\/\",\"url\":\"https:\/\/experienciadevida.com.ar\/portalurbano\/martes-13-mitos-leyendas-y-por-que-se-cree-que-es-un-dia-de-mala-suerte\/\",\"name\":\"Martes 13: Mitos, leyendas y \u00bfpor que se cree que es mala suerte?\",\"isPartOf\":{\"@id\":\"https:\/\/experienciadevida.com.ar\/portalurbano\/#website\"},\"datePublished\":\"2020-10-13T13:31:26+00:00\",\"dateModified\":\"2020-10-13T13:31:53+00:00\",\"description\":\"Desde la antig\u00fcedad, diferentes historias rodean tanto al d\u00eda\u00a0\u00a0martes 13.\u00a0 Siempre se le teme al d\u00eda, pero tambi\u00e9n hay que fijarse al n\u00famero.\",\"breadcrumb\":{\"@id\":\"https:\/\/experienciadevida.com.ar\/portalurbano\/martes-13-mitos-leyendas-y-por-que-se-cree-que-es-un-dia-de-mala-suerte\/#breadcrumb\"},\"inLanguage\":\"es\",\"potentialAction\":[{\"@type\":\"ReadAction\",\"target\":[\"https:\/\/experienciadevida.com.ar\/portalurbano\/martes-13-mitos-leyendas-y-por-que-se-cree-que-es-un-dia-de-mala-suerte\/\"]}]},{\"@type\":\"BreadcrumbList\",\"@id\":\"https:\/\/experienciadevida.com.ar\/portalurbano\/martes-13-mitos-leyendas-y-por-que-se-cree-que-es-un-dia-de-mala-suerte\/#breadcrumb\",\"itemListElement\":[{\"@type\":\"ListItem\",\"position\":1,\"name\":\"Portada\",\"item\":\"https:\/\/experienciadevida.com.ar\/portalurbano\/\"},{\"@type\":\"ListItem\",\"position\":2,\"name\":\"Martes 13: mitos, leyendas y por qu\u00e9 se cree que es un d\u00eda de mala suerte\"}]},{\"@type\":\"WebSite\",\"@id\":\"https:\/\/experienciadevida.com.ar\/portalurbano\/#website\",\"url\":\"https:\/\/experienciadevida.com.ar\/portalurbano\/\",\"name\":\"\",\"description\":\"\",\"publisher\":{\"@id\":\"https:\/\/experienciadevida.com.ar\/portalurbano\/#organization\"},\"potentialAction\":[{\"@type\":\"SearchAction\",\"target\":{\"@type\":\"EntryPoint\",\"urlTemplate\":\"https:\/\/experienciadevida.com.ar\/portalurbano\/?s={search_term_string}\"},\"query-input\":\"required name=search_term_string\"}],\"inLanguage\":\"es\"},{\"@type\":\"Organization\",\"@id\":\"https:\/\/experienciadevida.com.ar\/portalurbano\/#organization\",\"name\":\"Portal Urbano\",\"url\":\"https:\/\/experienciadevida.com.ar\/portalurbano\/\",\"logo\":{\"@type\":\"ImageObject\",\"inLanguage\":\"es\",\"@id\":\"https:\/\/experienciadevida.com.ar\/portalurbano\/#\/schema\/logo\/image\/\",\"url\":\"https:\/\/experienciadevida.com.ar\/portalurbano\/wp-content\/uploads\/2019\/09\/Logo-Original.png\",\"contentUrl\":\"https:\/\/experienciadevida.com.ar\/portalurbano\/wp-content\/uploads\/2019\/09\/Logo-Original.png\",\"width\":2236,\"height\":1216,\"caption\":\"Portal Urbano\"},\"image\":{\"@id\":\"https:\/\/experienciadevida.com.ar\/portalurbano\/#\/schema\/logo\/image\/\"},\"sameAs\":[\"https:\/\/www.facebook.com\/Portal-Urbano-171542830093757\/\",\"https:\/\/twitter.com\/portalurbanook\",\"https:\/\/www.instagram.com\/_portalurbano\/\",\"https:\/\/www.youtube.com\/channel\/UCXhagIfszH8KxFiOok79zbA?view_as=subscriber\"]},{\"@type\":\"Person\",\"@id\":\"https:\/\/experienciadevida.com.ar\/portalurbano\/#\/schema\/person\/02dd326b1c4b056e9cc972486934a3a7\",\"name\":\"admpu17wp\",\"image\":{\"@type\":\"ImageObject\",\"inLanguage\":\"es\",\"@id\":\"https:\/\/experienciadevida.com.ar\/portalurbano\/#\/schema\/person\/image\/\",\"url\":\"https:\/\/secure.gravatar.com\/avatar\/830d4c57adaae6630765e449a6908047?s=96&d=mm&r=g\",\"contentUrl\":\"https:\/\/secure.gravatar.com\/avatar\/830d4c57adaae6630765e449a6908047?s=96&d=mm&r=g\",\"caption\":\"admpu17wp\"}}]}<\/script>\n<!-- \/ Yoast SEO plugin. -->","yoast_head_json":{"title":"Martes 13: Mitos, leyendas y \u00bfpor que se cree que es mala suerte?","description":"Desde la antig\u00fcedad, diferentes historias rodean tanto al d\u00eda\u00a0\u00a0martes 13.\u00a0 Siempre se le teme al d\u00eda, pero tambi\u00e9n hay que fijarse al n\u00famero.","robots":{"index":"index","follow":"follow","max-snippet":"max-snippet:-1","max-image-preview":"max-image-preview:large","max-video-preview":"max-video-preview:-1"},"canonical":"https:\/\/experienciadevida.com.ar\/portalurbano\/martes-13-mitos-leyendas-y-por-que-se-cree-que-es-un-dia-de-mala-suerte\/","og_locale":"es_ES","og_type":"article","og_title":"Martes 13: Mitos, leyendas y \u00bfpor que se cree que es mala suerte?","og_description":"Desde la antig\u00fcedad, diferentes historias rodean tanto al d\u00eda\u00a0\u00a0martes 13.\u00a0 Siempre se le teme al d\u00eda, pero tambi\u00e9n hay que fijarse al n\u00famero.","og_url":"https:\/\/experienciadevida.com.ar\/portalurbano\/martes-13-mitos-leyendas-y-por-que-se-cree-que-es-un-dia-de-mala-suerte\/","article_publisher":"https:\/\/www.facebook.com\/Portal-Urbano-171542830093757\/","article_published_time":"2020-10-13T13:31:26+00:00","article_modified_time":"2020-10-13T13:31:53+00:00","og_image":[{"width":696,"height":392,"url":"https:\/\/experienciadevida.com.ar\/portalurbano\/wp-content\/uploads\/2020\/10\/Martes-13.jpg","type":"image\/jpeg"}],"author":"admpu17wp","twitter_card":"summary_large_image","twitter_creator":"@portalurbanook","twitter_site":"@portalurbanook","twitter_misc":{"Escrito por":"admpu17wp","Tiempo de lectura":"2 minutos"},"schema":{"@context":"https:\/\/schema.org","@graph":[{"@type":"Article","@id":"https:\/\/experienciadevida.com.ar\/portalurbano\/martes-13-mitos-leyendas-y-por-que-se-cree-que-es-un-dia-de-mala-suerte\/#article","isPartOf":{"@id":"https:\/\/experienciadevida.com.ar\/portalurbano\/martes-13-mitos-leyendas-y-por-que-se-cree-que-es-un-dia-de-mala-suerte\/"},"author":{"name":"admpu17wp","@id":"https:\/\/experienciadevida.com.ar\/portalurbano\/#\/schema\/person\/02dd326b1c4b056e9cc972486934a3a7"},"headline":"Martes 13: mitos, leyendas y por qu\u00e9 se cree que es un d\u00eda de mala suerte","datePublished":"2020-10-13T13:31:26+00:00","dateModified":"2020-10-13T13:31:53+00:00","mainEntityOfPage":{"@id":"https:\/\/experienciadevida.com.ar\/portalurbano\/martes-13-mitos-leyendas-y-por-que-se-cree-que-es-un-dia-de-mala-suerte\/"},"wordCount":353,"publisher":{"@id":"https:\/\/experienciadevida.com.ar\/portalurbano\/#organization"},"articleSection":["Naci\u00f3n"],"inLanguage":"es"},{"@type":"WebPage","@id":"https:\/\/experienciadevida.com.ar\/portalurbano\/martes-13-mitos-leyendas-y-por-que-se-cree-que-es-un-dia-de-mala-suerte\/","url":"https:\/\/experienciadevida.com.ar\/portalurbano\/martes-13-mitos-leyendas-y-por-que-se-cree-que-es-un-dia-de-mala-suerte\/","name":"Martes 13: Mitos, leyendas y \u00bfpor que se cree que es mala suerte?","isPartOf":{"@id":"https:\/\/experienciadevida.com.ar\/portalurbano\/#website"},"datePublished":"2020-10-13T13:31:26+00:00","dateModified":"2020-10-13T13:31:53+00:00","description":"Desde la antig\u00fcedad, diferentes historias rodean tanto al d\u00eda\u00a0\u00a0martes 13.\u00a0 Siempre se le teme al d\u00eda, pero tambi\u00e9n hay que fijarse al n\u00famero.","breadcrumb":{"@id":"https:\/\/experienciadevida.com.ar\/portalurbano\/martes-13-mitos-leyendas-y-por-que-se-cree-que-es-un-dia-de-mala-suerte\/#breadcrumb"},"inLanguage":"es","potentialAction":[{"@type":"ReadAction","target":["https:\/\/experienciadevida.com.ar\/portalurbano\/martes-13-mitos-leyendas-y-por-que-se-cree-que-es-un-dia-de-mala-suerte\/"]}]},{"@type":"BreadcrumbList","@id":"https:\/\/experienciadevida.com.ar\/portalurbano\/martes-13-mitos-leyendas-y-por-que-se-cree-que-es-un-dia-de-mala-suerte\/#breadcrumb","itemListElement":[{"@type":"ListItem","position":1,"name":"Portada","item":"https:\/\/experienciadevida.com.ar\/portalurbano\/"},{"@type":"ListItem","position":2,"name":"Martes 13: mitos, leyendas y por qu\u00e9 se cree que es un d\u00eda de mala suerte"}]},{"@type":"WebSite","@id":"https:\/\/experienciadevida.com.ar\/portalurbano\/#website","url":"https:\/\/experienciadevida.com.ar\/portalurbano\/","name":"","description":"","publisher":{"@id":"https:\/\/experienciadevida.com.ar\/portalurbano\/#organization"},"potentialAction":[{"@type":"SearchAction","target":{"@type":"EntryPoint","urlTemplate":"https:\/\/experienciadevida.com.ar\/portalurbano\/?s={search_term_string}"},"query-input":"required name=search_term_string"}],"inLanguage":"es"},{"@type":"Organization","@id":"https:\/\/experienciadevida.com.ar\/portalurbano\/#organization","name":"Portal Urbano","url":"https:\/\/experienciadevida.com.ar\/portalurbano\/","logo":{"@type":"ImageObject","inLanguage":"es","@id":"https:\/\/experienciadevida.com.ar\/portalurbano\/#\/schema\/logo\/image\/","url":"https:\/\/experienciadevida.com.ar\/portalurbano\/wp-content\/uploads\/2019\/09\/Logo-Original.png","contentUrl":"https:\/\/experienciadevida.com.ar\/portalurbano\/wp-content\/uploads\/2019\/09\/Logo-Original.png","width":2236,"height":1216,"caption":"Portal Urbano"},"image":{"@id":"https:\/\/experienciadevida.com.ar\/portalurbano\/#\/schema\/logo\/image\/"},"sameAs":["https:\/\/www.facebook.com\/Portal-Urbano-171542830093757\/","https:\/\/twitter.com\/portalurbanook","https:\/\/www.instagram.com\/_portalurbano\/","https:\/\/www.youtube.com\/channel\/UCXhagIfszH8KxFiOok79zbA?view_as=subscriber"]},{"@type":"Person","@id":"https:\/\/experienciadevida.com.ar\/portalurbano\/#\/schema\/person\/02dd326b1c4b056e9cc972486934a3a7","name":"admpu17wp","image":{"@type":"ImageObject","inLanguage":"es","@id":"https:\/\/experienciadevida.com.ar\/portalurbano\/#\/schema\/person\/image\/","url":"https:\/\/secure.gravatar.com\/avatar\/830d4c57adaae6630765e449a6908047?s=96&d=mm&r=g","contentUrl":"https:\/\/secure.gravatar.com\/avatar\/830d4c57adaae6630765e449a6908047?s=96&d=mm&r=g","caption":"admpu17wp"}}]}},"featured_image_urls":{"full":["https:\/\/experienciadevida.com.ar\/portalurbano\/wp-content\/uploads\/2020\/10\/Martes-13.jpg",696,392,false],"thumbnail":["https:\/\/experienciadevida.com.ar\/portalurbano\/wp-content\/uploads\/2020\/10\/Martes-13-150x150.jpg",150,150,true],"medium":["https:\/\/experienciadevida.com.ar\/portalurbano\/wp-content\/uploads\/2020\/10\/Martes-13-300x169.jpg",300,169,true],"medium_large":["https:\/\/experienciadevida.com.ar\/portalurbano\/wp-content\/uploads\/2020\/10\/Martes-13.jpg",640,360,false],"large":["https:\/\/experienciadevida.com.ar\/portalurbano\/wp-content\/uploads\/2020\/10\/Martes-13.jpg",640,360,false],"ug_big":["https:\/\/experienciadevida.com.ar\/portalurbano\/wp-content\/uploads\/2020\/10\/Martes-13.jpg",696,392,false],"1536x1536":["https:\/\/experienciadevida.com.ar\/portalurbano\/wp-content\/uploads\/2020\/10\/Martes-13.jpg",696,392,false],"2048x2048":["https:\/\/experienciadevida.com.ar\/portalurbano\/wp-content\/uploads\/2020\/10\/Martes-13.jpg",696,392,false],"newsever-slider-full":["https:\/\/experienciadevida.com.ar\/portalurbano\/wp-content\/uploads\/2020\/10\/Martes-13.jpg",696,392,false],"newsever-featured":["https:\/\/experienciadevida.com.ar\/portalurbano\/wp-content\/uploads\/2020\/10\/Martes-13.jpg",696,392,false],"newsever-medium":["https:\/\/experienciadevida.com.ar\/portalurbano\/wp-content\/uploads\/2020\/10\/Martes-13.jpg",696,392,false],"web-stories-poster-portrait":["https:\/\/experienciadevida.com.ar\/portalurbano\/wp-content\/uploads\/2020\/10\/Martes-13.jpg",640,360,false],"web-stories-publisher-logo":["https:\/\/experienciadevida.com.ar\/portalurbano\/wp-content\/uploads\/2020\/10\/Martes-13.jpg",96,54,false],"web-stories-thumbnail":["https:\/\/experienciadevida.com.ar\/portalurbano\/wp-content\/uploads\/2020\/10\/Martes-13.jpg",150,84,false]},"author_info":{"display_name":"admpu17wp","author_link":"https:\/\/experienciadevida.com.ar\/portalurbano\/author\/admpu17wp\/"},"category_info":"<a href=\"https:\/\/experienciadevida.com.ar\/portalurbano\/category\/nacion\/\" rel=\"category tag\">Naci\u00f3n<\/a>","tag_info":"Naci\u00f3n","comment_count":"0","amp_enabled":true,"_links":{"self":[{"href":"https:\/\/experienciadevida.com.ar\/portalurbano\/wp-json\/wp\/v2\/posts\/124189"}],"collection":[{"href":"https:\/\/experienciadevida.com.ar\/portalurbano\/wp-json\/wp\/v2\/posts"}],"about":[{"href":"https:\/\/experienciadevida.com.ar\/portalurbano\/wp-json\/wp\/v2\/types\/post"}],"author":[{"embeddable":true,"href":"https:\/\/experienciadevida.com.ar\/portalurbano\/wp-json\/wp\/v2\/users\/1"}],"replies":[{"embeddable":true,"href":"https:\/\/experienciadevida.com.ar\/portalurbano\/wp-json\/wp\/v2\/comments?post=124189"}],"version-history":[{"count":2,"href":"https:\/\/experienciadevida.com.ar\/portalurbano\/wp-json\/wp\/v2\/posts\/124189\/revisions"}],"predecessor-version":[{"id":124192,"href":"https:\/\/experienciadevida.com.ar\/portalurbano\/wp-json\/wp\/v2\/posts\/124189\/revisions\/124192"}],"wp:featuredmedia":[{"embeddable":true,"href":"https:\/\/experienciadevida.com.ar\/portalurbano\/wp-json\/wp\/v2\/media\/124190"}],"wp:attachment":[{"href":"https:\/\/experienciadevida.com.ar\/portalurbano\/wp-json\/wp\/v2\/media?parent=124189"}],"wp:term":[{"taxonomy":"category","embeddable":true,"href":"https:\/\/experienciadevida.com.ar\/portalurbano\/wp-json\/wp\/v2\/categories?post=124189"},{"taxonomy":"post_tag","embeddable":true,"href":"https:\/\/experienciadevida.com.ar\/portalurbano\/wp-json\/wp\/v2\/tags?post=124189"}],"curies":[{"name":"wp","href":"https:\/\/api.w.org\/{rel}","templated":true}]}}