{"id":124049,"date":"2020-10-12T11:07:59","date_gmt":"2020-10-12T14:07:59","guid":{"rendered":"https:\/\/experienciadevida.com.ar\/portalurbano\/?p=124049"},"modified":"2020-10-12T11:15:01","modified_gmt":"2020-10-12T14:15:01","slug":"los-detalles-del-decreto-que-extiende-el-aislamiento-hasta-el-25-de-octubre","status":"publish","type":"post","link":"https:\/\/experienciadevida.com.ar\/portalurbano\/los-detalles-del-decreto-que-extiende-el-aislamiento-hasta-el-25-de-octubre\/","title":{"rendered":"Los detalles del decreto que extiende el aislamiento hasta el 25 de octubre"},"content":{"rendered":"<p>A trav\u00e9s del decreto 792\/2020 el Gobierno estableci\u00f3 c\u00f3mo continuar\u00e1n las restricciones y flexibilizaciones en todo el pa\u00eds.<\/p>\n<hr \/>\n<p>El Gobierno nacional oficializ\u00f3 este lunes el decreto que establece la extensi\u00f3n,\u00a0<strong>hasta el 25 de octubre<\/strong>, de las medidas de distanciamiento y aislamiento en todo el territorio nacional, seg\u00fan se public\u00f3 hoy en el Bolet\u00edn Oficial.<\/p>\n<p>A trav\u00e9s del decreto 792\/2020 el Gobierno estableci\u00f3 c\u00f3mo continuar\u00e1n\u00a0<strong>las restricciones y flexibilizaciones en todo el pa\u00eds y prorrog\u00f3 el Distanciamiento Social Preventivo y Obligatorio (DISPO) y el Aislamiento Social Preventivo y Obligatorio (ASPO)<\/strong>\u00a0hasta esa fecha, en el marco de la emergencia sanitaria establecida por la pandemia de coronavirus.<\/p>\n<p>Si bien el Ejecutivo destac\u00f3 que en las \u00faltimas semanas se verific\u00f3 en el \u00c1rea Metropolitana de Buenos Aires\u00a0<strong>(AMBA)<\/strong>\u00a0un descenso en el n\u00famero de casos y que se pudo evitar la saturaci\u00f3n del sistema de salud, el aislamiento continuar\u00e1 de la misma forma que hasta ahora en esa regi\u00f3n.<\/p>\n<div class=\"teads-inread sm-screen\">\n<div>\n<div id=\"teads0\" class=\"teads-player\">Seguir\u00e1n entonces en etapa de aislamiento la Ciudad Aut\u00f3noma de Buenos Aires y los 35 partidos de la provincia: Almirante Brown, Avellaneda, Berazategui, Berisso, Ensenada, Escobar, Esteban Echeverr\u00eda, Ezeiza, Florencio Varela, General Las Heras, General Rodr\u00edguez, General San Mart\u00edn, Hurlingham, Ituzaing\u00f3, Jos\u00e9 C. Paz, La Matanza, Lan\u00fas, La Plata, Lomas de Zamora, Luj\u00e1n, Marcos Paz, Malvinas Argentinas, Moreno, Merlo, Mor\u00f3n, Pilar, Presidente Per\u00f3n, Quilmes, San Fernando, San Isidro, San Miguel, San Vicente, Tigre, Tres de Febrero y Vicente L\u00f3pez.<\/div>\n<\/div>\n<\/div>\n<p>El Gobierno alert\u00f3 tambi\u00e9n por el aumento en el n\u00famero de casos en los departamentos no pertenecientes al \u00e1rea metropolitana de la provincia, principalmente en los municipios de<strong>\u00a0General Pueyrred\u00f3n, Tandil, Bah\u00eda Blanca y San Nicol\u00e1s.<\/strong><\/p>\n<p>El detalle del decreto establece, adem\u00e1s, que el aislamiento social, preventivo y obligatorio (ASPO) se aplicar\u00e1 con la misma modalidad que hasta ahora en los siguientes lugares:<\/p>\n<p>-Los departamentos de San Fernando, Comandante Fern\u00e1ndez, Mayor Luis Jorge Fontana y Chacabuco de la PROVINCIA DEL CHACO,<\/p>\n<p>-Los departamentos de Biedma y Escalante en la PROVINCIA DEL CHUBUT,<\/p>\n<p>-Los departamentos de Capital, Santa Mar\u00eda, Punilla, Col\u00f3n, Tercero Arriba y General San Mart\u00edn en la PROVINCIA DE C\u00d3RDOBA<\/p>\n<p>-Los departamentos de Manuel Belgrano, Ledesma, El Carmen, Palpal\u00e1, Susques, Yavi, Rinconada y San Pedro de la PROVINCIA DE JUJUY<\/p>\n<p>-Los departamentos de Capital y Chilecito de la PROVINCIA DE LA RIOJA<\/p>\n<p>-Los departamentos de Capital, Luj\u00e1n de Cuyo, Las Heras, Maip\u00fa, Guaymall\u00e9n, Godoy Cruz, Tunuy\u00e1n y Tupungato de la PROVINCIA DE MENDOZA<\/p>\n<p>-Los aglomerados de las ciudades de Neuqu\u00e9n, Plottier, Centenario, Senillosa, Cutral C\u00f3, Plaza Huincul y Zapala, en la PROVINCIA DEL NEUQU\u00c9N,<\/p>\n<p>-Los aglomerados de las Ciudades de Bariloche y Dina Huapi y el departamento de General Roca de la PROVINCIA DE R\u00cdO NEGRO<\/p>\n<p>-Los departamentos de Cerrillos, Rosario de Lerma, General G\u00fcemes, La Caldera y Capital de la PROVINCIA DE SALTA<\/p>\n<p>-El departamento de Rawson y Capital en la PROVINCIA DE SAN JUAN, \u2013 El departamento de General Pedernera en la PROVINCIA DE SAN LUIS,<\/p>\n<p>-Los aglomerados de la Ciudad de R\u00edo Gallegos, El Calafate y Caleta Olivia de la PROVINCIA DE SANTA CRUZ<\/p>\n<p>-Los departamentos de Rosario, La Capital, General L\u00f3pez, Caseros, Constituci\u00f3n, San Lorenzo, Las Colonias y Castellanos, en la PROVINCIA DE SANTA FE<\/p>\n<p>-Los departamentos de Capital y Banda de la PROVINCIA DE SANTIAGO DEL ESTERO<\/p>\n<p>-El departamento de R\u00edo Grande de la PROVINCIA DE TIERRA DEL FUEGO, ANT\u00c1RTIDA E ISLAS DEL ATL\u00c1NTICO SUR<\/p>\n<p>-El departamento Capital en la PROVINCIA DE TUCUM\u00c1N.<\/p>\n<p>Seg\u00fan se estableci\u00f3 los detalles del decreto en el Bolet\u00edn Oficial, todas las jurisdicciones provinciales presentaron casos en los \u00faltimos 14 d\u00edas y zonas con transmisi\u00f3n comunitaria.<\/p>\n<h4><strong>Distanciamiento social<\/strong><\/h4>\n<p>Por otro lado, el distanciamiento se seguir\u00e1 aplicando en aquellas jurisdicciones en las que el sistema de salud cuente \u201ccon capacidad suficiente y adecuada para dar respuesta a la demanda sanitaria\u201d, donde no haya \u201ctransmisi\u00f3n comunitaria\u201d y en las que la evoluci\u00f3n de la cantidad de casos en las \u00faltimas dos semanas haya manifestado un descenso.<\/p>\n<p>En los detalles del decreto se determin\u00f3 que estar\u00e1n bajo las medidas de distanciamiento, con las mismas caracter\u00edsticas y protocolos que hasta el momento la totalidad de las provincias de <strong>Catamarca, Corrientes, Entre R\u00edos, Formosa, La Pampa y Misiones.<\/strong><\/p>\n<h4><strong>Las clases<\/strong>\u00a0presenciales<\/h4>\n<p>El Gobierno resolvi\u00f3 que podr\u00e1n reanudarse las clases presenciales y las actividades educativas no escolares presenciales de acuerdo a los par\u00e1metros que establezcan el Consejo Federal de Educaci\u00f3n y el Ministerio de Educaci\u00f3n de la Naci\u00f3n ser\u00e1 la autoridad competente que deber\u00e1 aprobar los planes de cada jurisdicci\u00f3n para la vuelta a la presencialidad.<\/p>\n<p>\u201cSi el riesgo fuere bajo, se podr\u00e1n reanudar las clases presenciales de manera escalonada y progresiva en todos los niveles educativos y modalidades; y si el riesgo fuera mediano, se podr\u00e1n organizar actividades educativas no escolares (art\u00edsticas, deportivas, recreativas, de apoyo escolar, u otras) en grupos de no m\u00e1s de 10 personas, preferentemente al aire libre, y organizar actividades presenciales de cierre del a\u00f1o lectivo para estudiantes del \u00faltimo a\u00f1o de los niveles primario, secundario y superior\u201d, se precis\u00f3.<\/p>\n<h4><strong>Habilitaciones<\/strong><\/h4>\n<p>Tambi\u00e9n se autoriz\u00f3 en todo el pa\u00eds las reuniones sociales de hasta diez personas en espacios p\u00fablicos al aire libre. As\u00ed lo defini\u00f3 el Gobierno siempre que las personas mantengan entre ellas una distancia m\u00ednima de dos metros, utilicen tapabocas y se d\u00e9 estricto cumplimiento a los protocolos de actividades y a las recomendaciones sanitarias provinciales, aunque seguir\u00e1n sin poder utilizarse los servicios p\u00fablicos de pasajeros de colectivos, trenes o subtes.<\/p>\n<p>Sin embargo, el Gobierno determin\u00f3 que\u00a0<strong>en ambos reg\u00edmenes siguen prohibidos los eventos culturales, recreativos o religiosos en espacios p\u00fablicos o privados con concurrencia mayor a 10 personas.<\/strong>\u00a0De igual modo ocurre con los eventos sociales o familiares en espacios cerrados y en los domicilios de las personas, salvo el grupo conviviente. Tampoco se autoriz\u00f3 el desarrollo de deportes donde participen m\u00e1s de diez personas o de aquellos que no permitan mantener el distanciamiento m\u00ednimo de dos metros entre los y las participantes.<\/p>\n<p>Por el momento, tampoco se habilitar\u00e1 el turismo, los cines, teatros, clubes y centros culturales, ni el el servicio p\u00fablico de transporte de pasajeros interurbano, interjurisdiccional e internacional, salvo para los casos expresamente autorizados.<\/p>\n<p>Asimismo, tanto en las regiones que se encuentran en la fase de aislamiento como aquellas que est\u00e9n bajo el r\u00e9gimen de distanciamiento deber\u00e1n mantener la distancia entre las personas, el uso de tapabocas, higiene personal y de superficies y la ventilaci\u00f3n, de acuerdo a los protocolos sanitarios vigentes.<\/p>\n<h4><strong>Nuevas excepciones<\/strong><\/h4>\n<p>Seg\u00fan se estableci\u00f3, los gobiernos provinciales contin\u00faan manteniendo la facultad para, en caso de detectar situaciones de riesgo de propagaci\u00f3n del virus, disponer el aislamiento preventivo respecto de personas que ingresen a las provincias provenientes de otras jurisdicciones por un plazo m\u00e1ximo de 14 d\u00edas.<\/p>\n<p>De igual forma, en el caso de los departamentos y partidos de hasta 500 mil habitantes, las autoridades provinciales \u201cpodr\u00e1n disponer nuevas excepciones al cumplimiento del \u2018aislamiento social, preventivo y obligatorio\u2019 y a la prohibici\u00f3n de circular con el fin de autorizar actividades industriales, de servicios, comerciales, sociales, deportivas o recreativas\u201d. Para ello deber\u00e1n contar con la aprobaci\u00f3n previa de la autoridad sanitaria provincial e implementar un protocolo que contemple todas las recomendaciones e instrucciones de la autoridad sanitaria nacional. (DIB) MCH<\/p>\n","protected":false},"excerpt":{"rendered":"<p>A trav\u00e9s del decreto 792\/2020 el Gobierno estableci\u00f3 c\u00f3mo continuar\u00e1n las restricciones y flexibilizaciones en&#8230;<\/p>\n","protected":false},"author":1,"featured_media":124050,"comment_status":"closed","ping_status":"closed","sticky":false,"template":"","format":"standard","meta":{"content-type":""},"categories":[71,39],"tags":[],"nelio_content":{"isAutoShareEnabled":false,"autoShareEndMode":"default","automationSources":{"useContentSentences":true,"useSocialTemplates":true,"useCustomSentences":false,"customSentences":[]},"followers":[1],"suggestedReferences":[],"includedReferences":[],"efiUrl":"","efiAlt":"","highlights":[]},"yoast_head":"<!-- This site is optimized with the Yoast SEO plugin v20.7 - https:\/\/yoast.com\/wordpress\/plugins\/seo\/ -->\n<title>Los detalles del decreto que extiende el aislamiento hasta el 25 de octubre<\/title>\n<meta name=\"description\" content=\"Los detalles del decreto. El decreto 792\/2020 el Gobierno estableci\u00f3 c\u00f3mo continuar\u00e1n las restricciones y flexibilizaciones en todo el pa\u00eds.\" \/>\n<meta name=\"robots\" content=\"index, follow, max-snippet:-1, max-image-preview:large, max-video-preview:-1\" \/>\n<link rel=\"canonical\" href=\"https:\/\/experienciadevida.com.ar\/portalurbano\/los-detalles-del-decreto-que-extiende-el-aislamiento-hasta-el-25-de-octubre\/\" \/>\n<meta property=\"og:locale\" content=\"es_ES\" \/>\n<meta property=\"og:type\" content=\"article\" \/>\n<meta property=\"og:title\" content=\"Los detalles del decreto que extiende el aislamiento hasta el 25 de octubre\" \/>\n<meta property=\"og:description\" content=\"Los detalles del decreto. El decreto 792\/2020 el Gobierno estableci\u00f3 c\u00f3mo continuar\u00e1n las restricciones y flexibilizaciones en todo el pa\u00eds.\" \/>\n<meta property=\"og:url\" content=\"https:\/\/experienciadevida.com.ar\/portalurbano\/los-detalles-del-decreto-que-extiende-el-aislamiento-hasta-el-25-de-octubre\/\" \/>\n<meta property=\"article:publisher\" content=\"https:\/\/www.facebook.com\/Portal-Urbano-171542830093757\/\" \/>\n<meta property=\"article:published_time\" content=\"2020-10-12T14:07:59+00:00\" \/>\n<meta property=\"article:modified_time\" content=\"2020-10-12T14:15:01+00:00\" \/>\n<meta property=\"og:image\" content=\"https:\/\/experienciadevida.com.ar\/portalurbano\/wp-content\/uploads\/2020\/10\/San-Nicolas-2-1068x712-1-e1602511625126.jpg\" \/>\n\t<meta property=\"og:image:width\" content=\"750\" \/>\n\t<meta property=\"og:image:height\" content=\"500\" \/>\n\t<meta property=\"og:image:type\" content=\"image\/jpeg\" \/>\n<meta name=\"author\" content=\"admpu17wp\" \/>\n<meta name=\"twitter:card\" content=\"summary_large_image\" \/>\n<meta name=\"twitter:creator\" content=\"@portalurbanook\" \/>\n<meta name=\"twitter:site\" content=\"@portalurbanook\" \/>\n<meta name=\"twitter:label1\" content=\"Escrito por\" \/>\n\t<meta name=\"twitter:data1\" content=\"admpu17wp\" \/>\n\t<meta name=\"twitter:label2\" content=\"Tiempo de lectura\" \/>\n\t<meta name=\"twitter:data2\" content=\"6 minutos\" \/>\n<script type=\"application\/ld+json\" class=\"yoast-schema-graph\">{\"@context\":\"https:\/\/schema.org\",\"@graph\":[{\"@type\":\"Article\",\"@id\":\"https:\/\/experienciadevida.com.ar\/portalurbano\/los-detalles-del-decreto-que-extiende-el-aislamiento-hasta-el-25-de-octubre\/#article\",\"isPartOf\":{\"@id\":\"https:\/\/experienciadevida.com.ar\/portalurbano\/los-detalles-del-decreto-que-extiende-el-aislamiento-hasta-el-25-de-octubre\/\"},\"author\":{\"name\":\"admpu17wp\",\"@id\":\"https:\/\/experienciadevida.com.ar\/portalurbano\/#\/schema\/person\/02dd326b1c4b056e9cc972486934a3a7\"},\"headline\":\"Los detalles del decreto que extiende el aislamiento hasta el 25 de octubre\",\"datePublished\":\"2020-10-12T14:07:59+00:00\",\"dateModified\":\"2020-10-12T14:15:01+00:00\",\"mainEntityOfPage\":{\"@id\":\"https:\/\/experienciadevida.com.ar\/portalurbano\/los-detalles-del-decreto-que-extiende-el-aislamiento-hasta-el-25-de-octubre\/\"},\"wordCount\":1287,\"publisher\":{\"@id\":\"https:\/\/experienciadevida.com.ar\/portalurbano\/#organization\"},\"articleSection\":[\"Coronavirus\",\"Naci\u00f3n\"],\"inLanguage\":\"es\"},{\"@type\":\"WebPage\",\"@id\":\"https:\/\/experienciadevida.com.ar\/portalurbano\/los-detalles-del-decreto-que-extiende-el-aislamiento-hasta-el-25-de-octubre\/\",\"url\":\"https:\/\/experienciadevida.com.ar\/portalurbano\/los-detalles-del-decreto-que-extiende-el-aislamiento-hasta-el-25-de-octubre\/\",\"name\":\"Los detalles del decreto que extiende el aislamiento hasta el 25 de octubre\",\"isPartOf\":{\"@id\":\"https:\/\/experienciadevida.com.ar\/portalurbano\/#website\"},\"datePublished\":\"2020-10-12T14:07:59+00:00\",\"dateModified\":\"2020-10-12T14:15:01+00:00\",\"description\":\"Los detalles del decreto. El decreto 792\/2020 el Gobierno estableci\u00f3 c\u00f3mo continuar\u00e1n las restricciones y flexibilizaciones en todo el pa\u00eds.\",\"breadcrumb\":{\"@id\":\"https:\/\/experienciadevida.com.ar\/portalurbano\/los-detalles-del-decreto-que-extiende-el-aislamiento-hasta-el-25-de-octubre\/#breadcrumb\"},\"inLanguage\":\"es\",\"potentialAction\":[{\"@type\":\"ReadAction\",\"target\":[\"https:\/\/experienciadevida.com.ar\/portalurbano\/los-detalles-del-decreto-que-extiende-el-aislamiento-hasta-el-25-de-octubre\/\"]}]},{\"@type\":\"BreadcrumbList\",\"@id\":\"https:\/\/experienciadevida.com.ar\/portalurbano\/los-detalles-del-decreto-que-extiende-el-aislamiento-hasta-el-25-de-octubre\/#breadcrumb\",\"itemListElement\":[{\"@type\":\"ListItem\",\"position\":1,\"name\":\"Portada\",\"item\":\"https:\/\/experienciadevida.com.ar\/portalurbano\/\"},{\"@type\":\"ListItem\",\"position\":2,\"name\":\"Los detalles del decreto que extiende el aislamiento hasta el 25 de octubre\"}]},{\"@type\":\"WebSite\",\"@id\":\"https:\/\/experienciadevida.com.ar\/portalurbano\/#website\",\"url\":\"https:\/\/experienciadevida.com.ar\/portalurbano\/\",\"name\":\"\",\"description\":\"\",\"publisher\":{\"@id\":\"https:\/\/experienciadevida.com.ar\/portalurbano\/#organization\"},\"potentialAction\":[{\"@type\":\"SearchAction\",\"target\":{\"@type\":\"EntryPoint\",\"urlTemplate\":\"https:\/\/experienciadevida.com.ar\/portalurbano\/?s={search_term_string}\"},\"query-input\":\"required name=search_term_string\"}],\"inLanguage\":\"es\"},{\"@type\":\"Organization\",\"@id\":\"https:\/\/experienciadevida.com.ar\/portalurbano\/#organization\",\"name\":\"Portal Urbano\",\"url\":\"https:\/\/experienciadevida.com.ar\/portalurbano\/\",\"logo\":{\"@type\":\"ImageObject\",\"inLanguage\":\"es\",\"@id\":\"https:\/\/experienciadevida.com.ar\/portalurbano\/#\/schema\/logo\/image\/\",\"url\":\"https:\/\/experienciadevida.com.ar\/portalurbano\/wp-content\/uploads\/2019\/09\/Logo-Original.png\",\"contentUrl\":\"https:\/\/experienciadevida.com.ar\/portalurbano\/wp-content\/uploads\/2019\/09\/Logo-Original.png\",\"width\":2236,\"height\":1216,\"caption\":\"Portal Urbano\"},\"image\":{\"@id\":\"https:\/\/experienciadevida.com.ar\/portalurbano\/#\/schema\/logo\/image\/\"},\"sameAs\":[\"https:\/\/www.facebook.com\/Portal-Urbano-171542830093757\/\",\"https:\/\/twitter.com\/portalurbanook\",\"https:\/\/www.instagram.com\/_portalurbano\/\",\"https:\/\/www.youtube.com\/channel\/UCXhagIfszH8KxFiOok79zbA?view_as=subscriber\"]},{\"@type\":\"Person\",\"@id\":\"https:\/\/experienciadevida.com.ar\/portalurbano\/#\/schema\/person\/02dd326b1c4b056e9cc972486934a3a7\",\"name\":\"admpu17wp\",\"image\":{\"@type\":\"ImageObject\",\"inLanguage\":\"es\",\"@id\":\"https:\/\/experienciadevida.com.ar\/portalurbano\/#\/schema\/person\/image\/\",\"url\":\"https:\/\/secure.gravatar.com\/avatar\/830d4c57adaae6630765e449a6908047?s=96&d=mm&r=g\",\"contentUrl\":\"https:\/\/secure.gravatar.com\/avatar\/830d4c57adaae6630765e449a6908047?s=96&d=mm&r=g\",\"caption\":\"admpu17wp\"}}]}<\/script>\n<!-- \/ Yoast SEO plugin. -->","yoast_head_json":{"title":"Los detalles del decreto que extiende el aislamiento hasta el 25 de octubre","description":"Los detalles del decreto. El decreto 792\/2020 el Gobierno estableci\u00f3 c\u00f3mo continuar\u00e1n las restricciones y flexibilizaciones en todo el pa\u00eds.","robots":{"index":"index","follow":"follow","max-snippet":"max-snippet:-1","max-image-preview":"max-image-preview:large","max-video-preview":"max-video-preview:-1"},"canonical":"https:\/\/experienciadevida.com.ar\/portalurbano\/los-detalles-del-decreto-que-extiende-el-aislamiento-hasta-el-25-de-octubre\/","og_locale":"es_ES","og_type":"article","og_title":"Los detalles del decreto que extiende el aislamiento hasta el 25 de octubre","og_description":"Los detalles del decreto. El decreto 792\/2020 el Gobierno estableci\u00f3 c\u00f3mo continuar\u00e1n las restricciones y flexibilizaciones en todo el pa\u00eds.","og_url":"https:\/\/experienciadevida.com.ar\/portalurbano\/los-detalles-del-decreto-que-extiende-el-aislamiento-hasta-el-25-de-octubre\/","article_publisher":"https:\/\/www.facebook.com\/Portal-Urbano-171542830093757\/","article_published_time":"2020-10-12T14:07:59+00:00","article_modified_time":"2020-10-12T14:15:01+00:00","og_image":[{"width":750,"height":500,"url":"https:\/\/experienciadevida.com.ar\/portalurbano\/wp-content\/uploads\/2020\/10\/San-Nicolas-2-1068x712-1-e1602511625126.jpg","type":"image\/jpeg"}],"author":"admpu17wp","twitter_card":"summary_large_image","twitter_creator":"@portalurbanook","twitter_site":"@portalurbanook","twitter_misc":{"Escrito por":"admpu17wp","Tiempo de lectura":"6 minutos"},"schema":{"@context":"https:\/\/schema.org","@graph":[{"@type":"Article","@id":"https:\/\/experienciadevida.com.ar\/portalurbano\/los-detalles-del-decreto-que-extiende-el-aislamiento-hasta-el-25-de-octubre\/#article","isPartOf":{"@id":"https:\/\/experienciadevida.com.ar\/portalurbano\/los-detalles-del-decreto-que-extiende-el-aislamiento-hasta-el-25-de-octubre\/"},"author":{"name":"admpu17wp","@id":"https:\/\/experienciadevida.com.ar\/portalurbano\/#\/schema\/person\/02dd326b1c4b056e9cc972486934a3a7"},"headline":"Los detalles del decreto que extiende el aislamiento hasta el 25 de octubre","datePublished":"2020-10-12T14:07:59+00:00","dateModified":"2020-10-12T14:15:01+00:00","mainEntityOfPage":{"@id":"https:\/\/experienciadevida.com.ar\/portalurbano\/los-detalles-del-decreto-que-extiende-el-aislamiento-hasta-el-25-de-octubre\/"},"wordCount":1287,"publisher":{"@id":"https:\/\/experienciadevida.com.ar\/portalurbano\/#organization"},"articleSection":["Coronavirus","Naci\u00f3n"],"inLanguage":"es"},{"@type":"WebPage","@id":"https:\/\/experienciadevida.com.ar\/portalurbano\/los-detalles-del-decreto-que-extiende-el-aislamiento-hasta-el-25-de-octubre\/","url":"https:\/\/experienciadevida.com.ar\/portalurbano\/los-detalles-del-decreto-que-extiende-el-aislamiento-hasta-el-25-de-octubre\/","name":"Los detalles del decreto que extiende el aislamiento hasta el 25 de octubre","isPartOf":{"@id":"https:\/\/experienciadevida.com.ar\/portalurbano\/#website"},"datePublished":"2020-10-12T14:07:59+00:00","dateModified":"2020-10-12T14:15:01+00:00","description":"Los detalles del decreto. El decreto 792\/2020 el Gobierno estableci\u00f3 c\u00f3mo continuar\u00e1n las restricciones y flexibilizaciones en todo el pa\u00eds.","breadcrumb":{"@id":"https:\/\/experienciadevida.com.ar\/portalurbano\/los-detalles-del-decreto-que-extiende-el-aislamiento-hasta-el-25-de-octubre\/#breadcrumb"},"inLanguage":"es","potentialAction":[{"@type":"ReadAction","target":["https:\/\/experienciadevida.com.ar\/portalurbano\/los-detalles-del-decreto-que-extiende-el-aislamiento-hasta-el-25-de-octubre\/"]}]},{"@type":"BreadcrumbList","@id":"https:\/\/experienciadevida.com.ar\/portalurbano\/los-detalles-del-decreto-que-extiende-el-aislamiento-hasta-el-25-de-octubre\/#breadcrumb","itemListElement":[{"@type":"ListItem","position":1,"name":"Portada","item":"https:\/\/experienciadevida.com.ar\/portalurbano\/"},{"@type":"ListItem","position":2,"name":"Los detalles del decreto que extiende el aislamiento hasta el 25 de octubre"}]},{"@type":"WebSite","@id":"https:\/\/experienciadevida.com.ar\/portalurbano\/#website","url":"https:\/\/experienciadevida.com.ar\/portalurbano\/","name":"","description":"","publisher":{"@id":"https:\/\/experienciadevida.com.ar\/portalurbano\/#organization"},"potentialAction":[{"@type":"SearchAction","target":{"@type":"EntryPoint","urlTemplate":"https:\/\/experienciadevida.com.ar\/portalurbano\/?s={search_term_string}"},"query-input":"required name=search_term_string"}],"inLanguage":"es"},{"@type":"Organization","@id":"https:\/\/experienciadevida.com.ar\/portalurbano\/#organization","name":"Portal Urbano","url":"https:\/\/experienciadevida.com.ar\/portalurbano\/","logo":{"@type":"ImageObject","inLanguage":"es","@id":"https:\/\/experienciadevida.com.ar\/portalurbano\/#\/schema\/logo\/image\/","url":"https:\/\/experienciadevida.com.ar\/portalurbano\/wp-content\/uploads\/2019\/09\/Logo-Original.png","contentUrl":"https:\/\/experienciadevida.com.ar\/portalurbano\/wp-content\/uploads\/2019\/09\/Logo-Original.png","width":2236,"height":1216,"caption":"Portal Urbano"},"image":{"@id":"https:\/\/experienciadevida.com.ar\/portalurbano\/#\/schema\/logo\/image\/"},"sameAs":["https:\/\/www.facebook.com\/Portal-Urbano-171542830093757\/","https:\/\/twitter.com\/portalurbanook","https:\/\/www.instagram.com\/_portalurbano\/","https:\/\/www.youtube.com\/channel\/UCXhagIfszH8KxFiOok79zbA?view_as=subscriber"]},{"@type":"Person","@id":"https:\/\/experienciadevida.com.ar\/portalurbano\/#\/schema\/person\/02dd326b1c4b056e9cc972486934a3a7","name":"admpu17wp","image":{"@type":"ImageObject","inLanguage":"es","@id":"https:\/\/experienciadevida.com.ar\/portalurbano\/#\/schema\/person\/image\/","url":"https:\/\/secure.gravatar.com\/avatar\/830d4c57adaae6630765e449a6908047?s=96&d=mm&r=g","contentUrl":"https:\/\/secure.gravatar.com\/avatar\/830d4c57adaae6630765e449a6908047?s=96&d=mm&r=g","caption":"admpu17wp"}}]}},"featured_image_urls":{"full":["https:\/\/experienciadevida.com.ar\/portalurbano\/wp-content\/uploads\/2020\/10\/San-Nicolas-2-1068x712-1-e1602511625126.jpg",750,500,false],"thumbnail":["https:\/\/experienciadevida.com.ar\/portalurbano\/wp-content\/uploads\/2020\/10\/San-Nicolas-2-1068x712-1-150x150.jpg",150,150,true],"medium":["https:\/\/experienciadevida.com.ar\/portalurbano\/wp-content\/uploads\/2020\/10\/San-Nicolas-2-1068x712-1-300x200.jpg",300,200,true],"medium_large":["https:\/\/experienciadevida.com.ar\/portalurbano\/wp-content\/uploads\/2020\/10\/San-Nicolas-2-1068x712-1-768x512.jpg",640,427,true],"large":["https:\/\/experienciadevida.com.ar\/portalurbano\/wp-content\/uploads\/2020\/10\/San-Nicolas-2-1068x712-1-1024x683.jpg",640,427,true],"ug_big":["https:\/\/experienciadevida.com.ar\/portalurbano\/wp-content\/uploads\/2020\/10\/San-Nicolas-2-1068x712-1-768x512.jpg",768,512,true],"1536x1536":["https:\/\/experienciadevida.com.ar\/portalurbano\/wp-content\/uploads\/2020\/10\/San-Nicolas-2-1068x712-1-e1602511625126.jpg",750,500,false],"2048x2048":["https:\/\/experienciadevida.com.ar\/portalurbano\/wp-content\/uploads\/2020\/10\/San-Nicolas-2-1068x712-1-e1602511625126.jpg",750,500,false],"newsever-slider-full":["https:\/\/experienciadevida.com.ar\/portalurbano\/wp-content\/uploads\/2020\/10\/San-Nicolas-2-1068x712-1-e1602511625126.jpg",750,500,false],"newsever-featured":["https:\/\/experienciadevida.com.ar\/portalurbano\/wp-content\/uploads\/2020\/10\/San-Nicolas-2-1068x712-1-e1602511625126.jpg",750,500,false],"newsever-medium":["https:\/\/experienciadevida.com.ar\/portalurbano\/wp-content\/uploads\/2020\/10\/San-Nicolas-2-1068x712-1-e1602511625126.jpg",713,475,false],"web-stories-poster-portrait":["https:\/\/experienciadevida.com.ar\/portalurbano\/wp-content\/uploads\/2020\/10\/San-Nicolas-2-1068x712-1-e1602511625126.jpg",640,427,false],"web-stories-publisher-logo":["https:\/\/experienciadevida.com.ar\/portalurbano\/wp-content\/uploads\/2020\/10\/San-Nicolas-2-1068x712-1-e1602511625126.jpg",96,64,false],"web-stories-thumbnail":["https:\/\/experienciadevida.com.ar\/portalurbano\/wp-content\/uploads\/2020\/10\/San-Nicolas-2-1068x712-1-e1602511625126.jpg",150,100,false]},"author_info":{"display_name":"admpu17wp","author_link":"https:\/\/experienciadevida.com.ar\/portalurbano\/author\/admpu17wp\/"},"category_info":"<a href=\"https:\/\/experienciadevida.com.ar\/portalurbano\/category\/nacion\/coronavirus\/\" rel=\"category tag\">Coronavirus<\/a> <a href=\"https:\/\/experienciadevida.com.ar\/portalurbano\/category\/nacion\/\" rel=\"category tag\">Naci\u00f3n<\/a>","tag_info":"Naci\u00f3n","comment_count":"0","amp_enabled":true,"_links":{"self":[{"href":"https:\/\/experienciadevida.com.ar\/portalurbano\/wp-json\/wp\/v2\/posts\/124049"}],"collection":[{"href":"https:\/\/experienciadevida.com.ar\/portalurbano\/wp-json\/wp\/v2\/posts"}],"about":[{"href":"https:\/\/experienciadevida.com.ar\/portalurbano\/wp-json\/wp\/v2\/types\/post"}],"author":[{"embeddable":true,"href":"https:\/\/experienciadevida.com.ar\/portalurbano\/wp-json\/wp\/v2\/users\/1"}],"replies":[{"embeddable":true,"href":"https:\/\/experienciadevida.com.ar\/portalurbano\/wp-json\/wp\/v2\/comments?post=124049"}],"version-history":[{"count":3,"href":"https:\/\/experienciadevida.com.ar\/portalurbano\/wp-json\/wp\/v2\/posts\/124049\/revisions"}],"predecessor-version":[{"id":124053,"href":"https:\/\/experienciadevida.com.ar\/portalurbano\/wp-json\/wp\/v2\/posts\/124049\/revisions\/124053"}],"wp:featuredmedia":[{"embeddable":true,"href":"https:\/\/experienciadevida.com.ar\/portalurbano\/wp-json\/wp\/v2\/media\/124050"}],"wp:attachment":[{"href":"https:\/\/experienciadevida.com.ar\/portalurbano\/wp-json\/wp\/v2\/media?parent=124049"}],"wp:term":[{"taxonomy":"category","embeddable":true,"href":"https:\/\/experienciadevida.com.ar\/portalurbano\/wp-json\/wp\/v2\/categories?post=124049"},{"taxonomy":"post_tag","embeddable":true,"href":"https:\/\/experienciadevida.com.ar\/portalurbano\/wp-json\/wp\/v2\/tags?post=124049"}],"curies":[{"name":"wp","href":"https:\/\/api.w.org\/{rel}","templated":true}]}}