{"id":123965,"date":"2020-10-11T10:53:53","date_gmt":"2020-10-11T13:53:53","guid":{"rendered":"https:\/\/experienciadevida.com.ar\/portalurbano\/?p=123965"},"modified":"2020-10-11T10:53:53","modified_gmt":"2020-10-11T13:53:53","slug":"mesa-de-emergencia-olavarria-quedate-en-casa-cual-casa","status":"publish","type":"post","link":"https:\/\/experienciadevida.com.ar\/portalurbano\/mesa-de-emergencia-olavarria-quedate-en-casa-cual-casa\/","title":{"rendered":"Mesa de Emergencia Olavarr\u00eda : &#8220;Qu\u00e9date en casa, \u00bfCu\u00e1l casa? &#8220;"},"content":{"rendered":"<p>Esta lucha adem\u00e1s de estar encuadrada dentro de la defensa del derecho al acceso a una vivienda digna, que es lo que reclaman las familias que decidieron llevar adelante el acampe, tambi\u00e9n convivimos con otra lucha diaria, la de sumar herramientas para prevenir el contagio del coronavirus entre aquellos que a diario visitan nuestras carpas.<\/p>\n<p>En esta oportunidad pretendemos mostrarles como tambi\u00e9n nos cuidamos entre nosotros, tomando los recaudos, hemos logrado, luego de 10 d\u00edas, no tener ning\u00fan contagio, eso no quita que en alg\u00fan momento podamos tenerlo, porque al involucrarnos con otras personas, y a sabiendas de los crecientes contagios, nos vuelve pasibles de contraerlo.<\/p>\n<p>Nosotros tambi\u00e9n planteamos esta lucha, a pesar de que hay que quedarse en casa, pero como reza nuestra consigna, \u201cQu\u00e9date en casa, \u00bfCu\u00e1l casa?, ya que las familias que hoy sostienen el acampe, algunas est\u00e1n a punto de ser<br \/>\ndesalojadas, otras viven sin techo a la intemperie, otros no tienen agua, luz, o caminan sobre piso de tierra, all\u00ed, en esos lugares, quedarse en su casa, bajo esas condiciones, se vuelve insalubre, intentando prevenir\u00a0 el coronavirus, termina siendo inevitable contraer alguna otra enfermedad.<\/p>\n<p>Anhelamos que las autoridades municipales se dignen en llamar y den soluciones a las familias que est\u00e1n\u00a0 campando.<\/p>\n","protected":false},"excerpt":{"rendered":"<p>Esta lucha adem\u00e1s de estar encuadrada dentro de la defensa del derecho al acceso a&#8230;<\/p>\n","protected":false},"author":1,"featured_media":123966,"comment_status":"closed","ping_status":"closed","sticky":false,"template":"","format":"standard","meta":{"content-type":""},"categories":[27,51],"tags":[],"nelio_content":{"isAutoShareEnabled":false,"autoShareEndMode":"default","automationSources":{"useContentSentences":true,"useSocialTemplates":true,"useCustomSentences":false,"customSentences":[]},"followers":[1],"suggestedReferences":[],"includedReferences":[],"efiUrl":"","efiAlt":"","highlights":[]},"yoast_head":"<!-- This site is optimized with the Yoast SEO plugin v20.7 - https:\/\/yoast.com\/wordpress\/plugins\/seo\/ -->\n<title>Mesa de Emergencia Olavarr\u00eda : &quot; \u201cQu\u00e9date en casa, \u00bfCu\u00e1l casa? &quot;<\/title>\n<meta name=\"description\" content=\"Esta lucha adem\u00e1s de estar encuadrada dentro de la defensa del derecho al acceso a una vivienda digna, que es lo que reclaman las familias\" \/>\n<meta name=\"robots\" content=\"index, follow, max-snippet:-1, max-image-preview:large, max-video-preview:-1\" \/>\n<link rel=\"canonical\" href=\"https:\/\/experienciadevida.com.ar\/portalurbano\/mesa-de-emergencia-olavarria-quedate-en-casa-cual-casa\/\" \/>\n<meta property=\"og:locale\" content=\"es_ES\" \/>\n<meta property=\"og:type\" content=\"article\" \/>\n<meta property=\"og:title\" content=\"Mesa de Emergencia Olavarr\u00eda : &quot; \u201cQu\u00e9date en casa, \u00bfCu\u00e1l casa? &quot;\" \/>\n<meta property=\"og:description\" content=\"Esta lucha adem\u00e1s de estar encuadrada dentro de la defensa del derecho al acceso a una vivienda digna, que es lo que reclaman las familias\" \/>\n<meta property=\"og:url\" content=\"https:\/\/experienciadevida.com.ar\/portalurbano\/mesa-de-emergencia-olavarria-quedate-en-casa-cual-casa\/\" \/>\n<meta property=\"article:publisher\" content=\"https:\/\/www.facebook.com\/Portal-Urbano-171542830093757\/\" \/>\n<meta property=\"article:published_time\" content=\"2020-10-11T13:53:53+00:00\" \/>\n<meta property=\"og:image\" content=\"https:\/\/experienciadevida.com.ar\/portalurbano\/wp-content\/uploads\/2020\/10\/Mesa-de-Emergencia-mensaje..jpeg\" \/>\n\t<meta property=\"og:image:width\" content=\"1280\" \/>\n\t<meta property=\"og:image:height\" content=\"720\" \/>\n\t<meta property=\"og:image:type\" content=\"image\/jpeg\" \/>\n<meta name=\"author\" content=\"admpu17wp\" \/>\n<meta name=\"twitter:card\" content=\"summary_large_image\" \/>\n<meta name=\"twitter:creator\" content=\"@portalurbanook\" \/>\n<meta name=\"twitter:site\" content=\"@portalurbanook\" \/>\n<meta name=\"twitter:label1\" content=\"Escrito por\" \/>\n\t<meta name=\"twitter:data1\" content=\"admpu17wp\" \/>\n\t<meta name=\"twitter:label2\" content=\"Tiempo de lectura\" \/>\n\t<meta name=\"twitter:data2\" content=\"1 minuto\" \/>\n<script type=\"application\/ld+json\" class=\"yoast-schema-graph\">{\"@context\":\"https:\/\/schema.org\",\"@graph\":[{\"@type\":\"Article\",\"@id\":\"https:\/\/experienciadevida.com.ar\/portalurbano\/mesa-de-emergencia-olavarria-quedate-en-casa-cual-casa\/#article\",\"isPartOf\":{\"@id\":\"https:\/\/experienciadevida.com.ar\/portalurbano\/mesa-de-emergencia-olavarria-quedate-en-casa-cual-casa\/\"},\"author\":{\"name\":\"admpu17wp\",\"@id\":\"https:\/\/experienciadevida.com.ar\/portalurbano\/#\/schema\/person\/02dd326b1c4b056e9cc972486934a3a7\"},\"headline\":\"Mesa de Emergencia Olavarr\u00eda : &#8220;Qu\u00e9date en casa, \u00bfCu\u00e1l casa? &#8220;\",\"datePublished\":\"2020-10-11T13:53:53+00:00\",\"dateModified\":\"2020-10-11T13:53:53+00:00\",\"mainEntityOfPage\":{\"@id\":\"https:\/\/experienciadevida.com.ar\/portalurbano\/mesa-de-emergencia-olavarria-quedate-en-casa-cual-casa\/\"},\"wordCount\":229,\"publisher\":{\"@id\":\"https:\/\/experienciadevida.com.ar\/portalurbano\/#organization\"},\"articleSection\":[\"Ciudad\",\"Destacadas\"],\"inLanguage\":\"es\"},{\"@type\":\"WebPage\",\"@id\":\"https:\/\/experienciadevida.com.ar\/portalurbano\/mesa-de-emergencia-olavarria-quedate-en-casa-cual-casa\/\",\"url\":\"https:\/\/experienciadevida.com.ar\/portalurbano\/mesa-de-emergencia-olavarria-quedate-en-casa-cual-casa\/\",\"name\":\"Mesa de Emergencia Olavarr\u00eda : \\\" \u201cQu\u00e9date en casa, \u00bfCu\u00e1l casa? \\\"\",\"isPartOf\":{\"@id\":\"https:\/\/experienciadevida.com.ar\/portalurbano\/#website\"},\"datePublished\":\"2020-10-11T13:53:53+00:00\",\"dateModified\":\"2020-10-11T13:53:53+00:00\",\"description\":\"Esta lucha adem\u00e1s de estar encuadrada dentro de la defensa del derecho al acceso a una vivienda digna, que es lo que reclaman las familias\",\"breadcrumb\":{\"@id\":\"https:\/\/experienciadevida.com.ar\/portalurbano\/mesa-de-emergencia-olavarria-quedate-en-casa-cual-casa\/#breadcrumb\"},\"inLanguage\":\"es\",\"potentialAction\":[{\"@type\":\"ReadAction\",\"target\":[\"https:\/\/experienciadevida.com.ar\/portalurbano\/mesa-de-emergencia-olavarria-quedate-en-casa-cual-casa\/\"]}]},{\"@type\":\"BreadcrumbList\",\"@id\":\"https:\/\/experienciadevida.com.ar\/portalurbano\/mesa-de-emergencia-olavarria-quedate-en-casa-cual-casa\/#breadcrumb\",\"itemListElement\":[{\"@type\":\"ListItem\",\"position\":1,\"name\":\"Portada\",\"item\":\"https:\/\/experienciadevida.com.ar\/portalurbano\/\"},{\"@type\":\"ListItem\",\"position\":2,\"name\":\"Mesa de Emergencia Olavarr\u00eda : \u00abQu\u00e9date en casa, \u00bfCu\u00e1l casa? \u00ab\"}]},{\"@type\":\"WebSite\",\"@id\":\"https:\/\/experienciadevida.com.ar\/portalurbano\/#website\",\"url\":\"https:\/\/experienciadevida.com.ar\/portalurbano\/\",\"name\":\"\",\"description\":\"\",\"publisher\":{\"@id\":\"https:\/\/experienciadevida.com.ar\/portalurbano\/#organization\"},\"potentialAction\":[{\"@type\":\"SearchAction\",\"target\":{\"@type\":\"EntryPoint\",\"urlTemplate\":\"https:\/\/experienciadevida.com.ar\/portalurbano\/?s={search_term_string}\"},\"query-input\":\"required name=search_term_string\"}],\"inLanguage\":\"es\"},{\"@type\":\"Organization\",\"@id\":\"https:\/\/experienciadevida.com.ar\/portalurbano\/#organization\",\"name\":\"Portal Urbano\",\"url\":\"https:\/\/experienciadevida.com.ar\/portalurbano\/\",\"logo\":{\"@type\":\"ImageObject\",\"inLanguage\":\"es\",\"@id\":\"https:\/\/experienciadevida.com.ar\/portalurbano\/#\/schema\/logo\/image\/\",\"url\":\"https:\/\/experienciadevida.com.ar\/portalurbano\/wp-content\/uploads\/2019\/09\/Logo-Original.png\",\"contentUrl\":\"https:\/\/experienciadevida.com.ar\/portalurbano\/wp-content\/uploads\/2019\/09\/Logo-Original.png\",\"width\":2236,\"height\":1216,\"caption\":\"Portal Urbano\"},\"image\":{\"@id\":\"https:\/\/experienciadevida.com.ar\/portalurbano\/#\/schema\/logo\/image\/\"},\"sameAs\":[\"https:\/\/www.facebook.com\/Portal-Urbano-171542830093757\/\",\"https:\/\/twitter.com\/portalurbanook\",\"https:\/\/www.instagram.com\/_portalurbano\/\",\"https:\/\/www.youtube.com\/channel\/UCXhagIfszH8KxFiOok79zbA?view_as=subscriber\"]},{\"@type\":\"Person\",\"@id\":\"https:\/\/experienciadevida.com.ar\/portalurbano\/#\/schema\/person\/02dd326b1c4b056e9cc972486934a3a7\",\"name\":\"admpu17wp\",\"image\":{\"@type\":\"ImageObject\",\"inLanguage\":\"es\",\"@id\":\"https:\/\/experienciadevida.com.ar\/portalurbano\/#\/schema\/person\/image\/\",\"url\":\"https:\/\/secure.gravatar.com\/avatar\/830d4c57adaae6630765e449a6908047?s=96&d=mm&r=g\",\"contentUrl\":\"https:\/\/secure.gravatar.com\/avatar\/830d4c57adaae6630765e449a6908047?s=96&d=mm&r=g\",\"caption\":\"admpu17wp\"}}]}<\/script>\n<!-- \/ Yoast SEO plugin. -->","yoast_head_json":{"title":"Mesa de Emergencia Olavarr\u00eda : \" \u201cQu\u00e9date en casa, \u00bfCu\u00e1l casa? \"","description":"Esta lucha adem\u00e1s de estar encuadrada dentro de la defensa del derecho al acceso a una vivienda digna, que es lo que reclaman las familias","robots":{"index":"index","follow":"follow","max-snippet":"max-snippet:-1","max-image-preview":"max-image-preview:large","max-video-preview":"max-video-preview:-1"},"canonical":"https:\/\/experienciadevida.com.ar\/portalurbano\/mesa-de-emergencia-olavarria-quedate-en-casa-cual-casa\/","og_locale":"es_ES","og_type":"article","og_title":"Mesa de Emergencia Olavarr\u00eda : \" \u201cQu\u00e9date en casa, \u00bfCu\u00e1l casa? \"","og_description":"Esta lucha adem\u00e1s de estar encuadrada dentro de la defensa del derecho al acceso a una vivienda digna, que es lo que reclaman las familias","og_url":"https:\/\/experienciadevida.com.ar\/portalurbano\/mesa-de-emergencia-olavarria-quedate-en-casa-cual-casa\/","article_publisher":"https:\/\/www.facebook.com\/Portal-Urbano-171542830093757\/","article_published_time":"2020-10-11T13:53:53+00:00","og_image":[{"width":1280,"height":720,"url":"https:\/\/experienciadevida.com.ar\/portalurbano\/wp-content\/uploads\/2020\/10\/Mesa-de-Emergencia-mensaje..jpeg","type":"image\/jpeg"}],"author":"admpu17wp","twitter_card":"summary_large_image","twitter_creator":"@portalurbanook","twitter_site":"@portalurbanook","twitter_misc":{"Escrito por":"admpu17wp","Tiempo de lectura":"1 minuto"},"schema":{"@context":"https:\/\/schema.org","@graph":[{"@type":"Article","@id":"https:\/\/experienciadevida.com.ar\/portalurbano\/mesa-de-emergencia-olavarria-quedate-en-casa-cual-casa\/#article","isPartOf":{"@id":"https:\/\/experienciadevida.com.ar\/portalurbano\/mesa-de-emergencia-olavarria-quedate-en-casa-cual-casa\/"},"author":{"name":"admpu17wp","@id":"https:\/\/experienciadevida.com.ar\/portalurbano\/#\/schema\/person\/02dd326b1c4b056e9cc972486934a3a7"},"headline":"Mesa de Emergencia Olavarr\u00eda : &#8220;Qu\u00e9date en casa, \u00bfCu\u00e1l casa? &#8220;","datePublished":"2020-10-11T13:53:53+00:00","dateModified":"2020-10-11T13:53:53+00:00","mainEntityOfPage":{"@id":"https:\/\/experienciadevida.com.ar\/portalurbano\/mesa-de-emergencia-olavarria-quedate-en-casa-cual-casa\/"},"wordCount":229,"publisher":{"@id":"https:\/\/experienciadevida.com.ar\/portalurbano\/#organization"},"articleSection":["Ciudad","Destacadas"],"inLanguage":"es"},{"@type":"WebPage","@id":"https:\/\/experienciadevida.com.ar\/portalurbano\/mesa-de-emergencia-olavarria-quedate-en-casa-cual-casa\/","url":"https:\/\/experienciadevida.com.ar\/portalurbano\/mesa-de-emergencia-olavarria-quedate-en-casa-cual-casa\/","name":"Mesa de Emergencia Olavarr\u00eda : \" \u201cQu\u00e9date en casa, \u00bfCu\u00e1l casa? \"","isPartOf":{"@id":"https:\/\/experienciadevida.com.ar\/portalurbano\/#website"},"datePublished":"2020-10-11T13:53:53+00:00","dateModified":"2020-10-11T13:53:53+00:00","description":"Esta lucha adem\u00e1s de estar encuadrada dentro de la defensa del derecho al acceso a una vivienda digna, que es lo que reclaman las familias","breadcrumb":{"@id":"https:\/\/experienciadevida.com.ar\/portalurbano\/mesa-de-emergencia-olavarria-quedate-en-casa-cual-casa\/#breadcrumb"},"inLanguage":"es","potentialAction":[{"@type":"ReadAction","target":["https:\/\/experienciadevida.com.ar\/portalurbano\/mesa-de-emergencia-olavarria-quedate-en-casa-cual-casa\/"]}]},{"@type":"BreadcrumbList","@id":"https:\/\/experienciadevida.com.ar\/portalurbano\/mesa-de-emergencia-olavarria-quedate-en-casa-cual-casa\/#breadcrumb","itemListElement":[{"@type":"ListItem","position":1,"name":"Portada","item":"https:\/\/experienciadevida.com.ar\/portalurbano\/"},{"@type":"ListItem","position":2,"name":"Mesa de Emergencia Olavarr\u00eda : \u00abQu\u00e9date en casa, \u00bfCu\u00e1l casa? \u00ab"}]},{"@type":"WebSite","@id":"https:\/\/experienciadevida.com.ar\/portalurbano\/#website","url":"https:\/\/experienciadevida.com.ar\/portalurbano\/","name":"","description":"","publisher":{"@id":"https:\/\/experienciadevida.com.ar\/portalurbano\/#organization"},"potentialAction":[{"@type":"SearchAction","target":{"@type":"EntryPoint","urlTemplate":"https:\/\/experienciadevida.com.ar\/portalurbano\/?s={search_term_string}"},"query-input":"required name=search_term_string"}],"inLanguage":"es"},{"@type":"Organization","@id":"https:\/\/experienciadevida.com.ar\/portalurbano\/#organization","name":"Portal Urbano","url":"https:\/\/experienciadevida.com.ar\/portalurbano\/","logo":{"@type":"ImageObject","inLanguage":"es","@id":"https:\/\/experienciadevida.com.ar\/portalurbano\/#\/schema\/logo\/image\/","url":"https:\/\/experienciadevida.com.ar\/portalurbano\/wp-content\/uploads\/2019\/09\/Logo-Original.png","contentUrl":"https:\/\/experienciadevida.com.ar\/portalurbano\/wp-content\/uploads\/2019\/09\/Logo-Original.png","width":2236,"height":1216,"caption":"Portal Urbano"},"image":{"@id":"https:\/\/experienciadevida.com.ar\/portalurbano\/#\/schema\/logo\/image\/"},"sameAs":["https:\/\/www.facebook.com\/Portal-Urbano-171542830093757\/","https:\/\/twitter.com\/portalurbanook","https:\/\/www.instagram.com\/_portalurbano\/","https:\/\/www.youtube.com\/channel\/UCXhagIfszH8KxFiOok79zbA?view_as=subscriber"]},{"@type":"Person","@id":"https:\/\/experienciadevida.com.ar\/portalurbano\/#\/schema\/person\/02dd326b1c4b056e9cc972486934a3a7","name":"admpu17wp","image":{"@type":"ImageObject","inLanguage":"es","@id":"https:\/\/experienciadevida.com.ar\/portalurbano\/#\/schema\/person\/image\/","url":"https:\/\/secure.gravatar.com\/avatar\/830d4c57adaae6630765e449a6908047?s=96&d=mm&r=g","contentUrl":"https:\/\/secure.gravatar.com\/avatar\/830d4c57adaae6630765e449a6908047?s=96&d=mm&r=g","caption":"admpu17wp"}}]}},"featured_image_urls":{"full":["https:\/\/experienciadevida.com.ar\/portalurbano\/wp-content\/uploads\/2020\/10\/Mesa-de-Emergencia-mensaje..jpeg",1280,720,false],"thumbnail":["https:\/\/experienciadevida.com.ar\/portalurbano\/wp-content\/uploads\/2020\/10\/Mesa-de-Emergencia-mensaje.-150x150.jpeg",150,150,true],"medium":["https:\/\/experienciadevida.com.ar\/portalurbano\/wp-content\/uploads\/2020\/10\/Mesa-de-Emergencia-mensaje.-300x169.jpeg",300,169,true],"medium_large":["https:\/\/experienciadevida.com.ar\/portalurbano\/wp-content\/uploads\/2020\/10\/Mesa-de-Emergencia-mensaje.-768x432.jpeg",640,360,true],"large":["https:\/\/experienciadevida.com.ar\/portalurbano\/wp-content\/uploads\/2020\/10\/Mesa-de-Emergencia-mensaje.-1024x576.jpeg",640,360,true],"ug_big":["https:\/\/experienciadevida.com.ar\/portalurbano\/wp-content\/uploads\/2020\/10\/Mesa-de-Emergencia-mensaje.-768x432.jpeg",768,432,true],"1536x1536":["https:\/\/experienciadevida.com.ar\/portalurbano\/wp-content\/uploads\/2020\/10\/Mesa-de-Emergencia-mensaje..jpeg",1280,720,false],"2048x2048":["https:\/\/experienciadevida.com.ar\/portalurbano\/wp-content\/uploads\/2020\/10\/Mesa-de-Emergencia-mensaje..jpeg",1280,720,false],"newsever-slider-full":["https:\/\/experienciadevida.com.ar\/portalurbano\/wp-content\/uploads\/2020\/10\/Mesa-de-Emergencia-mensaje..jpeg",1280,720,false],"newsever-featured":["https:\/\/experienciadevida.com.ar\/portalurbano\/wp-content\/uploads\/2020\/10\/Mesa-de-Emergencia-mensaje..jpeg",1024,576,false],"newsever-medium":["https:\/\/experienciadevida.com.ar\/portalurbano\/wp-content\/uploads\/2020\/10\/Mesa-de-Emergencia-mensaje..jpeg",720,405,false],"web-stories-poster-portrait":["https:\/\/experienciadevida.com.ar\/portalurbano\/wp-content\/uploads\/2020\/10\/Mesa-de-Emergencia-mensaje..jpeg",640,360,false],"web-stories-publisher-logo":["https:\/\/experienciadevida.com.ar\/portalurbano\/wp-content\/uploads\/2020\/10\/Mesa-de-Emergencia-mensaje..jpeg",96,54,false],"web-stories-thumbnail":["https:\/\/experienciadevida.com.ar\/portalurbano\/wp-content\/uploads\/2020\/10\/Mesa-de-Emergencia-mensaje..jpeg",150,84,false]},"author_info":{"display_name":"admpu17wp","author_link":"https:\/\/experienciadevida.com.ar\/portalurbano\/author\/admpu17wp\/"},"category_info":"<a href=\"https:\/\/experienciadevida.com.ar\/portalurbano\/category\/ciudad\/\" rel=\"category tag\">Ciudad<\/a> <a href=\"https:\/\/experienciadevida.com.ar\/portalurbano\/category\/destacadas\/\" rel=\"category tag\">Destacadas<\/a>","tag_info":"Destacadas","comment_count":"0","amp_enabled":true,"_links":{"self":[{"href":"https:\/\/experienciadevida.com.ar\/portalurbano\/wp-json\/wp\/v2\/posts\/123965"}],"collection":[{"href":"https:\/\/experienciadevida.com.ar\/portalurbano\/wp-json\/wp\/v2\/posts"}],"about":[{"href":"https:\/\/experienciadevida.com.ar\/portalurbano\/wp-json\/wp\/v2\/types\/post"}],"author":[{"embeddable":true,"href":"https:\/\/experienciadevida.com.ar\/portalurbano\/wp-json\/wp\/v2\/users\/1"}],"replies":[{"embeddable":true,"href":"https:\/\/experienciadevida.com.ar\/portalurbano\/wp-json\/wp\/v2\/comments?post=123965"}],"version-history":[{"count":1,"href":"https:\/\/experienciadevida.com.ar\/portalurbano\/wp-json\/wp\/v2\/posts\/123965\/revisions"}],"predecessor-version":[{"id":123967,"href":"https:\/\/experienciadevida.com.ar\/portalurbano\/wp-json\/wp\/v2\/posts\/123965\/revisions\/123967"}],"wp:featuredmedia":[{"embeddable":true,"href":"https:\/\/experienciadevida.com.ar\/portalurbano\/wp-json\/wp\/v2\/media\/123966"}],"wp:attachment":[{"href":"https:\/\/experienciadevida.com.ar\/portalurbano\/wp-json\/wp\/v2\/media?parent=123965"}],"wp:term":[{"taxonomy":"category","embeddable":true,"href":"https:\/\/experienciadevida.com.ar\/portalurbano\/wp-json\/wp\/v2\/categories?post=123965"},{"taxonomy":"post_tag","embeddable":true,"href":"https:\/\/experienciadevida.com.ar\/portalurbano\/wp-json\/wp\/v2\/tags?post=123965"}],"curies":[{"name":"wp","href":"https:\/\/api.w.org\/{rel}","templated":true}]}}