{"id":123851,"date":"2020-10-09T17:30:48","date_gmt":"2020-10-09T20:30:48","guid":{"rendered":"https:\/\/experienciadevida.com.ar\/portalurbano\/?p=123851"},"modified":"2020-10-09T17:31:23","modified_gmt":"2020-10-09T20:31:23","slug":"fernandez-que-no-nos-hagan-perder-el-tiempo-en-disputas-que-no-existen","status":"publish","type":"post","link":"https:\/\/experienciadevida.com.ar\/portalurbano\/fernandez-que-no-nos-hagan-perder-el-tiempo-en-disputas-que-no-existen\/","title":{"rendered":"Fern\u00e1ndez: \u201cQue no nos hagan perder el tiempo en disputas que no existen\u201d"},"content":{"rendered":"<p><strong>Fern\u00e1ndez\u00a0<\/strong>entreg\u00f3 viviendas del Procrear y apunt\u00f3 contra la gesti\u00f3n de Mauricio Macri.<\/p>\n<p>Tras una semana de duras internas en el oficialismo por la condena a la violaci\u00f3n de derechos humanos en Venezuela, el presidente Alberto Fern\u00e1ndez pidi\u00f3 \u201cno perder el tiempo en disputas que no existen\u201d y al encabezar la entrega de viviendas cuestion\u00f3 los \u201ccuatro a\u00f1os de olvido permanente\u201d durante la gesti\u00f3n de Mauricio Macri.<\/p>\n<p>\u201cEl sue\u00f1o de una sociedad m\u00e1s justa es un imperativo moral los que decimos amar a la pol\u00edtica. Que no nos hagan perder el tiempo en disputas que no existen; en divisiones que no necesitamos\u201d, dijo\u00a0<strong>Fern\u00e1ndez\u00a0<\/strong>que se comunic\u00f3 por videoconferencia con los gobernadores de Buenos Aires, Axel Kicillof (aislado por un contacto estrecho con un colaborador que dio positivo de Covid); de Santa Fe, Omar Perotti y de Tucum\u00e1n, Juan Manzur.<\/p>\n<p>\u201cNosotros estamos para representar los intereses de los que han quedado olvidados y estas casas que no se entregaron en cuatro a\u00f1os fueron como una met\u00e1fora del olvido\u201d, dijo el mandatario desde Ezeiza, donde estuvo acompa\u00f1ado por la ministra de Desarrollo Territorial y H\u00e1bitat, Mar\u00eda Eugenia Bielsa y la directora ejecutiva de la Anses, Fernanda Raverta.<\/p>\n<p>\u201cDurante los \u00faltimos cuatro a\u00f1os, se olvidaron de los argentinos y estuvieron m\u00e1s preocupados en otros\u201d, dijo <strong>Fern\u00e1ndez<\/strong> al apuntar contra la gesti\u00f3n de Macri. \u201cEntre (la presidencia de) Cristina Fern\u00e1ndez de Kirchner y mi llegada al Gobierno hubo cuatro a\u00f1os en las que esas casas estaban construidas pero no se entregaron\u201d, agreg\u00f3.<\/p>\n<p>El Gobierno inform\u00f3 que, con esta nueva entrega, busca poner a disposici\u00f3n de las familias argentinas 11 mil viviendas que hab\u00edan quedado como remanentes de la etapa anterior del Procrear, las que se sumar\u00e1n a las 44 mil que se contempla desarrollar entre 2020 y 2021 en el relanzamiento del programa habitacional.<\/p>\n<p>Asimismo, se indic\u00f3 que -como parte de la implementaci\u00f3n de las pol\u00edticas que apuntan a la igualdad de g\u00e9nero, en los sorteos de las l\u00edneas Refacci\u00f3n y Microcr\u00e9ditos-, se incluy\u00f3 la asignaci\u00f3n de 20% de cr\u00e9ditos personales para mujeres jefas de hogar con hijos e hijas menores de edad.<\/p>\n<p>En este contexto,\u00a0<strong>Fern\u00e1ndez\u00a0<\/strong> afirm\u00f3 que su gesti\u00f3n est\u00e1 \u201ccumpliendo con la palabra empe\u00f1ada y haciendo lo que nos comprometimos\u201d durante la campa\u00f1a electoral y exhort\u00f3 a que \u201cno nos hagan perder el tiempo en disputas que no existen y en divisiones que no necesitamos\u201d.<\/p>\n<p>Esta frase se da en medio del conflicto sobre el caso Venezuela, luego de que el Gobierno votara a favor del informe presentado por la Alta Comisionada para los Derechos Humanos de Naciones Unidas, Michelle Bachelet, sobre la situaci\u00f3n del pa\u00eds liderado por Nicol\u00e1s Maduro. \u201cTenemos que estar m\u00e1s unidos que nunca para recobrar el trabajo para todos los argentinos\u201d, dijo Fern\u00e1ndez desde Ezeiza.<\/p>\n<p>El jefe de Estado agreg\u00f3 que \u201ctodo esto empez\u00f3 cuando N\u00e9stor Kirchner era presidente y so\u00f1\u00e1bamos con la idea de darle a cada argentino su casa\u201d. Y concluy\u00f3: \u201cNo es un sue\u00f1o: es un derecho que tienen los argentinos y todos deber\u00edamos entenderlo de ese modo\u201d.<\/p>\n<p>Fuente: DIB<\/p>\n","protected":false},"excerpt":{"rendered":"<p>Fern\u00e1ndez\u00a0entreg\u00f3 viviendas del Procrear y apunt\u00f3 contra la gesti\u00f3n de Mauricio Macri. Tras una semana&#8230;<\/p>\n","protected":false},"author":1,"featured_media":118082,"comment_status":"closed","ping_status":"closed","sticky":false,"template":"","format":"standard","meta":{"content-type":""},"categories":[39],"tags":[],"nelio_content":{"isAutoShareEnabled":false,"autoShareEndMode":"default","automationSources":{"useContentSentences":true,"useSocialTemplates":true,"useCustomSentences":false,"customSentences":[]},"followers":[1],"suggestedReferences":[],"includedReferences":[],"efiUrl":"","efiAlt":"","highlights":[]},"yoast_head":"<!-- This site is optimized with the Yoast SEO plugin v20.7 - https:\/\/yoast.com\/wordpress\/plugins\/seo\/ -->\n<title>Fern\u00e1ndez:Que no nos hagan perder el tiempo en disputas que no existen<\/title>\n<meta name=\"description\" content=\"Fern\u00e1ndez\u00a0entreg\u00f3 viviendas del Procrear y apunt\u00f3 contra la gesti\u00f3n de Mauricio Macri, &quot;que no nos hagan perder el tiempo&quot;, dijo el Mandatario\" \/>\n<meta name=\"robots\" content=\"index, follow, max-snippet:-1, max-image-preview:large, max-video-preview:-1\" \/>\n<link rel=\"canonical\" href=\"https:\/\/experienciadevida.com.ar\/portalurbano\/fernandez-que-no-nos-hagan-perder-el-tiempo-en-disputas-que-no-existen\/\" \/>\n<meta property=\"og:locale\" content=\"es_ES\" \/>\n<meta property=\"og:type\" content=\"article\" \/>\n<meta property=\"og:title\" content=\"Fern\u00e1ndez:Que no nos hagan perder el tiempo en disputas que no existen\" \/>\n<meta property=\"og:description\" content=\"Fern\u00e1ndez\u00a0entreg\u00f3 viviendas del Procrear y apunt\u00f3 contra la gesti\u00f3n de Mauricio Macri, &quot;que no nos hagan perder el tiempo&quot;, dijo el Mandatario\" \/>\n<meta property=\"og:url\" content=\"https:\/\/experienciadevida.com.ar\/portalurbano\/fernandez-que-no-nos-hagan-perder-el-tiempo-en-disputas-que-no-existen\/\" \/>\n<meta property=\"article:publisher\" content=\"https:\/\/www.facebook.com\/Portal-Urbano-171542830093757\/\" \/>\n<meta property=\"article:published_time\" content=\"2020-10-09T20:30:48+00:00\" \/>\n<meta property=\"article:modified_time\" content=\"2020-10-09T20:31:23+00:00\" \/>\n<meta property=\"og:image\" content=\"https:\/\/experienciadevida.com.ar\/portalurbano\/wp-content\/uploads\/2020\/08\/FERNANDEZ-1-e1597427380942.jpg\" \/>\n\t<meta property=\"og:image:width\" content=\"765\" \/>\n\t<meta property=\"og:image:height\" content=\"428\" \/>\n\t<meta property=\"og:image:type\" content=\"image\/jpeg\" \/>\n<meta name=\"author\" content=\"admpu17wp\" \/>\n<meta name=\"twitter:card\" content=\"summary_large_image\" \/>\n<meta name=\"twitter:creator\" content=\"@portalurbanook\" \/>\n<meta name=\"twitter:site\" content=\"@portalurbanook\" \/>\n<meta name=\"twitter:label1\" content=\"Escrito por\" \/>\n\t<meta name=\"twitter:data1\" content=\"admpu17wp\" \/>\n\t<meta name=\"twitter:label2\" content=\"Tiempo de lectura\" \/>\n\t<meta name=\"twitter:data2\" content=\"3 minutos\" \/>\n<script type=\"application\/ld+json\" class=\"yoast-schema-graph\">{\"@context\":\"https:\/\/schema.org\",\"@graph\":[{\"@type\":\"Article\",\"@id\":\"https:\/\/experienciadevida.com.ar\/portalurbano\/fernandez-que-no-nos-hagan-perder-el-tiempo-en-disputas-que-no-existen\/#article\",\"isPartOf\":{\"@id\":\"https:\/\/experienciadevida.com.ar\/portalurbano\/fernandez-que-no-nos-hagan-perder-el-tiempo-en-disputas-que-no-existen\/\"},\"author\":{\"name\":\"admpu17wp\",\"@id\":\"https:\/\/experienciadevida.com.ar\/portalurbano\/#\/schema\/person\/02dd326b1c4b056e9cc972486934a3a7\"},\"headline\":\"Fern\u00e1ndez: \u201cQue no nos hagan perder el tiempo en disputas que no existen\u201d\",\"datePublished\":\"2020-10-09T20:30:48+00:00\",\"dateModified\":\"2020-10-09T20:31:23+00:00\",\"mainEntityOfPage\":{\"@id\":\"https:\/\/experienciadevida.com.ar\/portalurbano\/fernandez-que-no-nos-hagan-perder-el-tiempo-en-disputas-que-no-existen\/\"},\"wordCount\":562,\"publisher\":{\"@id\":\"https:\/\/experienciadevida.com.ar\/portalurbano\/#organization\"},\"articleSection\":[\"Naci\u00f3n\"],\"inLanguage\":\"es\"},{\"@type\":\"WebPage\",\"@id\":\"https:\/\/experienciadevida.com.ar\/portalurbano\/fernandez-que-no-nos-hagan-perder-el-tiempo-en-disputas-que-no-existen\/\",\"url\":\"https:\/\/experienciadevida.com.ar\/portalurbano\/fernandez-que-no-nos-hagan-perder-el-tiempo-en-disputas-que-no-existen\/\",\"name\":\"Fern\u00e1ndez:Que no nos hagan perder el tiempo en disputas que no existen\",\"isPartOf\":{\"@id\":\"https:\/\/experienciadevida.com.ar\/portalurbano\/#website\"},\"datePublished\":\"2020-10-09T20:30:48+00:00\",\"dateModified\":\"2020-10-09T20:31:23+00:00\",\"description\":\"Fern\u00e1ndez\u00a0entreg\u00f3 viviendas del Procrear y apunt\u00f3 contra la gesti\u00f3n de Mauricio Macri, \\\"que no nos hagan perder el tiempo\\\", dijo el Mandatario\",\"breadcrumb\":{\"@id\":\"https:\/\/experienciadevida.com.ar\/portalurbano\/fernandez-que-no-nos-hagan-perder-el-tiempo-en-disputas-que-no-existen\/#breadcrumb\"},\"inLanguage\":\"es\",\"potentialAction\":[{\"@type\":\"ReadAction\",\"target\":[\"https:\/\/experienciadevida.com.ar\/portalurbano\/fernandez-que-no-nos-hagan-perder-el-tiempo-en-disputas-que-no-existen\/\"]}]},{\"@type\":\"BreadcrumbList\",\"@id\":\"https:\/\/experienciadevida.com.ar\/portalurbano\/fernandez-que-no-nos-hagan-perder-el-tiempo-en-disputas-que-no-existen\/#breadcrumb\",\"itemListElement\":[{\"@type\":\"ListItem\",\"position\":1,\"name\":\"Portada\",\"item\":\"https:\/\/experienciadevida.com.ar\/portalurbano\/\"},{\"@type\":\"ListItem\",\"position\":2,\"name\":\"Fern\u00e1ndez: \u201cQue no nos hagan perder el tiempo en disputas que no existen\u201d\"}]},{\"@type\":\"WebSite\",\"@id\":\"https:\/\/experienciadevida.com.ar\/portalurbano\/#website\",\"url\":\"https:\/\/experienciadevida.com.ar\/portalurbano\/\",\"name\":\"\",\"description\":\"\",\"publisher\":{\"@id\":\"https:\/\/experienciadevida.com.ar\/portalurbano\/#organization\"},\"potentialAction\":[{\"@type\":\"SearchAction\",\"target\":{\"@type\":\"EntryPoint\",\"urlTemplate\":\"https:\/\/experienciadevida.com.ar\/portalurbano\/?s={search_term_string}\"},\"query-input\":\"required name=search_term_string\"}],\"inLanguage\":\"es\"},{\"@type\":\"Organization\",\"@id\":\"https:\/\/experienciadevida.com.ar\/portalurbano\/#organization\",\"name\":\"Portal Urbano\",\"url\":\"https:\/\/experienciadevida.com.ar\/portalurbano\/\",\"logo\":{\"@type\":\"ImageObject\",\"inLanguage\":\"es\",\"@id\":\"https:\/\/experienciadevida.com.ar\/portalurbano\/#\/schema\/logo\/image\/\",\"url\":\"https:\/\/experienciadevida.com.ar\/portalurbano\/wp-content\/uploads\/2019\/09\/Logo-Original.png\",\"contentUrl\":\"https:\/\/experienciadevida.com.ar\/portalurbano\/wp-content\/uploads\/2019\/09\/Logo-Original.png\",\"width\":2236,\"height\":1216,\"caption\":\"Portal Urbano\"},\"image\":{\"@id\":\"https:\/\/experienciadevida.com.ar\/portalurbano\/#\/schema\/logo\/image\/\"},\"sameAs\":[\"https:\/\/www.facebook.com\/Portal-Urbano-171542830093757\/\",\"https:\/\/twitter.com\/portalurbanook\",\"https:\/\/www.instagram.com\/_portalurbano\/\",\"https:\/\/www.youtube.com\/channel\/UCXhagIfszH8KxFiOok79zbA?view_as=subscriber\"]},{\"@type\":\"Person\",\"@id\":\"https:\/\/experienciadevida.com.ar\/portalurbano\/#\/schema\/person\/02dd326b1c4b056e9cc972486934a3a7\",\"name\":\"admpu17wp\",\"image\":{\"@type\":\"ImageObject\",\"inLanguage\":\"es\",\"@id\":\"https:\/\/experienciadevida.com.ar\/portalurbano\/#\/schema\/person\/image\/\",\"url\":\"https:\/\/secure.gravatar.com\/avatar\/830d4c57adaae6630765e449a6908047?s=96&d=mm&r=g\",\"contentUrl\":\"https:\/\/secure.gravatar.com\/avatar\/830d4c57adaae6630765e449a6908047?s=96&d=mm&r=g\",\"caption\":\"admpu17wp\"}}]}<\/script>\n<!-- \/ Yoast SEO plugin. -->","yoast_head_json":{"title":"Fern\u00e1ndez:Que no nos hagan perder el tiempo en disputas que no existen","description":"Fern\u00e1ndez\u00a0entreg\u00f3 viviendas del Procrear y apunt\u00f3 contra la gesti\u00f3n de Mauricio Macri, \"que no nos hagan perder el tiempo\", dijo el Mandatario","robots":{"index":"index","follow":"follow","max-snippet":"max-snippet:-1","max-image-preview":"max-image-preview:large","max-video-preview":"max-video-preview:-1"},"canonical":"https:\/\/experienciadevida.com.ar\/portalurbano\/fernandez-que-no-nos-hagan-perder-el-tiempo-en-disputas-que-no-existen\/","og_locale":"es_ES","og_type":"article","og_title":"Fern\u00e1ndez:Que no nos hagan perder el tiempo en disputas que no existen","og_description":"Fern\u00e1ndez\u00a0entreg\u00f3 viviendas del Procrear y apunt\u00f3 contra la gesti\u00f3n de Mauricio Macri, \"que no nos hagan perder el tiempo\", dijo el Mandatario","og_url":"https:\/\/experienciadevida.com.ar\/portalurbano\/fernandez-que-no-nos-hagan-perder-el-tiempo-en-disputas-que-no-existen\/","article_publisher":"https:\/\/www.facebook.com\/Portal-Urbano-171542830093757\/","article_published_time":"2020-10-09T20:30:48+00:00","article_modified_time":"2020-10-09T20:31:23+00:00","og_image":[{"width":765,"height":428,"url":"https:\/\/experienciadevida.com.ar\/portalurbano\/wp-content\/uploads\/2020\/08\/FERNANDEZ-1-e1597427380942.jpg","type":"image\/jpeg"}],"author":"admpu17wp","twitter_card":"summary_large_image","twitter_creator":"@portalurbanook","twitter_site":"@portalurbanook","twitter_misc":{"Escrito por":"admpu17wp","Tiempo de lectura":"3 minutos"},"schema":{"@context":"https:\/\/schema.org","@graph":[{"@type":"Article","@id":"https:\/\/experienciadevida.com.ar\/portalurbano\/fernandez-que-no-nos-hagan-perder-el-tiempo-en-disputas-que-no-existen\/#article","isPartOf":{"@id":"https:\/\/experienciadevida.com.ar\/portalurbano\/fernandez-que-no-nos-hagan-perder-el-tiempo-en-disputas-que-no-existen\/"},"author":{"name":"admpu17wp","@id":"https:\/\/experienciadevida.com.ar\/portalurbano\/#\/schema\/person\/02dd326b1c4b056e9cc972486934a3a7"},"headline":"Fern\u00e1ndez: \u201cQue no nos hagan perder el tiempo en disputas que no existen\u201d","datePublished":"2020-10-09T20:30:48+00:00","dateModified":"2020-10-09T20:31:23+00:00","mainEntityOfPage":{"@id":"https:\/\/experienciadevida.com.ar\/portalurbano\/fernandez-que-no-nos-hagan-perder-el-tiempo-en-disputas-que-no-existen\/"},"wordCount":562,"publisher":{"@id":"https:\/\/experienciadevida.com.ar\/portalurbano\/#organization"},"articleSection":["Naci\u00f3n"],"inLanguage":"es"},{"@type":"WebPage","@id":"https:\/\/experienciadevida.com.ar\/portalurbano\/fernandez-que-no-nos-hagan-perder-el-tiempo-en-disputas-que-no-existen\/","url":"https:\/\/experienciadevida.com.ar\/portalurbano\/fernandez-que-no-nos-hagan-perder-el-tiempo-en-disputas-que-no-existen\/","name":"Fern\u00e1ndez:Que no nos hagan perder el tiempo en disputas que no existen","isPartOf":{"@id":"https:\/\/experienciadevida.com.ar\/portalurbano\/#website"},"datePublished":"2020-10-09T20:30:48+00:00","dateModified":"2020-10-09T20:31:23+00:00","description":"Fern\u00e1ndez\u00a0entreg\u00f3 viviendas del Procrear y apunt\u00f3 contra la gesti\u00f3n de Mauricio Macri, \"que no nos hagan perder el tiempo\", dijo el Mandatario","breadcrumb":{"@id":"https:\/\/experienciadevida.com.ar\/portalurbano\/fernandez-que-no-nos-hagan-perder-el-tiempo-en-disputas-que-no-existen\/#breadcrumb"},"inLanguage":"es","potentialAction":[{"@type":"ReadAction","target":["https:\/\/experienciadevida.com.ar\/portalurbano\/fernandez-que-no-nos-hagan-perder-el-tiempo-en-disputas-que-no-existen\/"]}]},{"@type":"BreadcrumbList","@id":"https:\/\/experienciadevida.com.ar\/portalurbano\/fernandez-que-no-nos-hagan-perder-el-tiempo-en-disputas-que-no-existen\/#breadcrumb","itemListElement":[{"@type":"ListItem","position":1,"name":"Portada","item":"https:\/\/experienciadevida.com.ar\/portalurbano\/"},{"@type":"ListItem","position":2,"name":"Fern\u00e1ndez: \u201cQue no nos hagan perder el tiempo en disputas que no existen\u201d"}]},{"@type":"WebSite","@id":"https:\/\/experienciadevida.com.ar\/portalurbano\/#website","url":"https:\/\/experienciadevida.com.ar\/portalurbano\/","name":"","description":"","publisher":{"@id":"https:\/\/experienciadevida.com.ar\/portalurbano\/#organization"},"potentialAction":[{"@type":"SearchAction","target":{"@type":"EntryPoint","urlTemplate":"https:\/\/experienciadevida.com.ar\/portalurbano\/?s={search_term_string}"},"query-input":"required name=search_term_string"}],"inLanguage":"es"},{"@type":"Organization","@id":"https:\/\/experienciadevida.com.ar\/portalurbano\/#organization","name":"Portal Urbano","url":"https:\/\/experienciadevida.com.ar\/portalurbano\/","logo":{"@type":"ImageObject","inLanguage":"es","@id":"https:\/\/experienciadevida.com.ar\/portalurbano\/#\/schema\/logo\/image\/","url":"https:\/\/experienciadevida.com.ar\/portalurbano\/wp-content\/uploads\/2019\/09\/Logo-Original.png","contentUrl":"https:\/\/experienciadevida.com.ar\/portalurbano\/wp-content\/uploads\/2019\/09\/Logo-Original.png","width":2236,"height":1216,"caption":"Portal Urbano"},"image":{"@id":"https:\/\/experienciadevida.com.ar\/portalurbano\/#\/schema\/logo\/image\/"},"sameAs":["https:\/\/www.facebook.com\/Portal-Urbano-171542830093757\/","https:\/\/twitter.com\/portalurbanook","https:\/\/www.instagram.com\/_portalurbano\/","https:\/\/www.youtube.com\/channel\/UCXhagIfszH8KxFiOok79zbA?view_as=subscriber"]},{"@type":"Person","@id":"https:\/\/experienciadevida.com.ar\/portalurbano\/#\/schema\/person\/02dd326b1c4b056e9cc972486934a3a7","name":"admpu17wp","image":{"@type":"ImageObject","inLanguage":"es","@id":"https:\/\/experienciadevida.com.ar\/portalurbano\/#\/schema\/person\/image\/","url":"https:\/\/secure.gravatar.com\/avatar\/830d4c57adaae6630765e449a6908047?s=96&d=mm&r=g","contentUrl":"https:\/\/secure.gravatar.com\/avatar\/830d4c57adaae6630765e449a6908047?s=96&d=mm&r=g","caption":"admpu17wp"}}]}},"featured_image_urls":{"full":["https:\/\/experienciadevida.com.ar\/portalurbano\/wp-content\/uploads\/2020\/08\/FERNANDEZ-1-e1597427380942.jpg",765,428,false],"thumbnail":["https:\/\/experienciadevida.com.ar\/portalurbano\/wp-content\/uploads\/2020\/08\/FERNANDEZ-1-150x150.jpg",150,150,true],"medium":["https:\/\/experienciadevida.com.ar\/portalurbano\/wp-content\/uploads\/2020\/08\/FERNANDEZ-1-300x168.jpg",300,168,true],"medium_large":["https:\/\/experienciadevida.com.ar\/portalurbano\/wp-content\/uploads\/2020\/08\/FERNANDEZ-1-768x430.jpg",640,358,true],"large":["https:\/\/experienciadevida.com.ar\/portalurbano\/wp-content\/uploads\/2020\/08\/FERNANDEZ-1-1024x573.jpg",640,358,true],"ug_big":["https:\/\/experienciadevida.com.ar\/portalurbano\/wp-content\/uploads\/2020\/08\/FERNANDEZ-1-768x430.jpg",768,430,true],"1536x1536":["https:\/\/experienciadevida.com.ar\/portalurbano\/wp-content\/uploads\/2020\/08\/FERNANDEZ-1-e1597427380942.jpg",765,428,false],"2048x2048":["https:\/\/experienciadevida.com.ar\/portalurbano\/wp-content\/uploads\/2020\/08\/FERNANDEZ-1-e1597427380942.jpg",765,428,false],"newsever-slider-full":["https:\/\/experienciadevida.com.ar\/portalurbano\/wp-content\/uploads\/2020\/08\/FERNANDEZ-1-e1597427380942.jpg",765,428,false],"newsever-featured":["https:\/\/experienciadevida.com.ar\/portalurbano\/wp-content\/uploads\/2020\/08\/FERNANDEZ-1-e1597427380942.jpg",765,428,false],"newsever-medium":["https:\/\/experienciadevida.com.ar\/portalurbano\/wp-content\/uploads\/2020\/08\/FERNANDEZ-1-e1597427380942.jpg",720,403,false],"web-stories-poster-portrait":["https:\/\/experienciadevida.com.ar\/portalurbano\/wp-content\/uploads\/2020\/08\/FERNANDEZ-1-e1597427380942.jpg",640,358,false],"web-stories-publisher-logo":["https:\/\/experienciadevida.com.ar\/portalurbano\/wp-content\/uploads\/2020\/08\/FERNANDEZ-1-e1597427380942.jpg",96,54,false],"web-stories-thumbnail":["https:\/\/experienciadevida.com.ar\/portalurbano\/wp-content\/uploads\/2020\/08\/FERNANDEZ-1-e1597427380942.jpg",150,84,false]},"author_info":{"display_name":"admpu17wp","author_link":"https:\/\/experienciadevida.com.ar\/portalurbano\/author\/admpu17wp\/"},"category_info":"<a href=\"https:\/\/experienciadevida.com.ar\/portalurbano\/category\/nacion\/\" rel=\"category tag\">Naci\u00f3n<\/a>","tag_info":"Naci\u00f3n","comment_count":"0","amp_enabled":true,"_links":{"self":[{"href":"https:\/\/experienciadevida.com.ar\/portalurbano\/wp-json\/wp\/v2\/posts\/123851"}],"collection":[{"href":"https:\/\/experienciadevida.com.ar\/portalurbano\/wp-json\/wp\/v2\/posts"}],"about":[{"href":"https:\/\/experienciadevida.com.ar\/portalurbano\/wp-json\/wp\/v2\/types\/post"}],"author":[{"embeddable":true,"href":"https:\/\/experienciadevida.com.ar\/portalurbano\/wp-json\/wp\/v2\/users\/1"}],"replies":[{"embeddable":true,"href":"https:\/\/experienciadevida.com.ar\/portalurbano\/wp-json\/wp\/v2\/comments?post=123851"}],"version-history":[{"count":1,"href":"https:\/\/experienciadevida.com.ar\/portalurbano\/wp-json\/wp\/v2\/posts\/123851\/revisions"}],"predecessor-version":[{"id":123852,"href":"https:\/\/experienciadevida.com.ar\/portalurbano\/wp-json\/wp\/v2\/posts\/123851\/revisions\/123852"}],"wp:featuredmedia":[{"embeddable":true,"href":"https:\/\/experienciadevida.com.ar\/portalurbano\/wp-json\/wp\/v2\/media\/118082"}],"wp:attachment":[{"href":"https:\/\/experienciadevida.com.ar\/portalurbano\/wp-json\/wp\/v2\/media?parent=123851"}],"wp:term":[{"taxonomy":"category","embeddable":true,"href":"https:\/\/experienciadevida.com.ar\/portalurbano\/wp-json\/wp\/v2\/categories?post=123851"},{"taxonomy":"post_tag","embeddable":true,"href":"https:\/\/experienciadevida.com.ar\/portalurbano\/wp-json\/wp\/v2\/tags?post=123851"}],"curies":[{"name":"wp","href":"https:\/\/api.w.org\/{rel}","templated":true}]}}