{"id":123807,"date":"2020-10-09T14:17:48","date_gmt":"2020-10-09T17:17:48","guid":{"rendered":"https:\/\/experienciadevida.com.ar\/portalurbano\/?p=123807"},"modified":"2020-10-09T14:18:28","modified_gmt":"2020-10-09T17:18:28","slug":"presentaron-accesos-arg-facilitara-la-tarea-del-equipo-de-salud-y-a-los-comercios","status":"publish","type":"post","link":"https:\/\/experienciadevida.com.ar\/portalurbano\/presentaron-accesos-arg-facilitara-la-tarea-del-equipo-de-salud-y-a-los-comercios\/","title":{"rendered":"Presentaron Accesos ARG: Facilitar\u00e1 la tarea del equipo de salud y a los comercios&#8221;"},"content":{"rendered":"<p>En la ma\u00f1ana de este viernes -en conferencia de prensa- se llev\u00f3 a cabo la presentaci\u00f3n de \u201c<strong>Accesos ARG<\/strong>\u201d, una aplicaci\u00f3n desarrollada por la MV Consultora de manera gratuita, que permitir\u00e1 agilizar el registro de visitas de clientes por medio de la lectura de un c\u00f3digo QR, en el ingreso como en el egreso de los establecimientos que prestan servicios, que est\u00e9n habilitados en esta fase para funcionar.<\/p>\n<p>De esta manera, el registro que hasta ahora se hac\u00eda de forma manual se har\u00e1 de manera electr\u00f3nica, lo que evitar\u00e1 la manipulaci\u00f3n de papel y lapicera, como as\u00ed tambi\u00e9n facilitar\u00e1 una correcta legibilidad del dato ingresado.<\/p>\n<p><a href=\"https:\/\/experienciadevida.com.ar\/portalurbano\/presentaron-accesos-arg-facilitara-la-tarea-del-equipo-de-salud-y-a-los-comercios\/accesos-2\/\" rel=\"attachment wp-att-123809\"><img decoding=\"async\" class=\"alignnone size-full wp-image-123809\" src=\"https:\/\/experienciadevida.com.ar\/portalurbano\/wp-content\/uploads\/2020\/10\/Accesos-e1602263637271.jpg\" alt=\"Accesos\" width=\"765\" height=\"510\" \/><\/a><\/p>\n<p>Por intermedio de dicha app, se podr\u00e1 realizar de una manera m\u00e1s sencilla la trazabilidad de las personas que hayan resultado Covid positivo, facilitando as\u00ed el rastreo de potenciales nexos epidemiol\u00f3gicos (personas que estuvieron en la mismo lugar y en la misma franja horaria que aquella con Covid positivo) y, de esa manera, tomar las medidas sanitarias correspondientes de una forma m\u00e1s eficiente.<\/p>\n<p>La aplicaci\u00f3n <strong>Accesos ARG<\/strong> podr\u00e1 ser descargada por establecimientos y vecinos en sus celulares. En cuanto a los establecimientos, deber\u00e1n ser inscriptos por \u00fanica vez y, al finalizar dicho registro, la aplicaci\u00f3n le enviar\u00e1 al mail consignado un correo con dos QRs \u2013 uno de ingreso y otro de egreso \u2013 los cuales deber\u00e1n ser impresos y dispuestos donde corresponda para que el cliente pueda leerlo con facilidad. Los datos de los accesos podr\u00e1n ser consultados de manera permanente y en tiempo real, ayudando a verificar que no se sobrepase la ocupaci\u00f3n permitida.<\/p>\n<p><a href=\"https:\/\/experienciadevida.com.ar\/portalurbano\/presentaron-accesos-arg-facilitara-la-tarea-del-equipo-de-salud-y-a-los-comercios\/accesos-2\/\" rel=\"attachment wp-att-123809\"><img decoding=\"async\" class=\"alignnone size-full wp-image-123809\" src=\"https:\/\/experienciadevida.com.ar\/portalurbano\/wp-content\/uploads\/2020\/10\/Accesos-e1602263637271.jpg\" alt=\"Accesos\" width=\"765\" height=\"510\" \/><\/a><\/p>\n<p>Respecto al cliente, es muy sencillo cargar los datos a la aplicaci\u00f3n. Posee bajo peso en la memoria, lo que agiliza su instalaci\u00f3n. Se registra por \u00fanica vez y a partir de ese momento, cada vez que inicie la app, s\u00f3lo ser\u00e1 para leer el QR del establecimiento. Cada cliente debe registrar su acceso de manera independiente y s\u00f3lo los menores pueden ser ingresados por un mayor. La cantidad de menores es el \u00fanico dato que se solicita.<\/p>\n<p>Mediante esta aplicaci\u00f3n se eliminar\u00edan las planillas manuales donde hoy por hoy se registra a las personas concurrentes, y ayudar\u00e1 a una trazabilidad m\u00e1s \u00e1gil y efectiva en caso de ser necesario.<\/p>\n<p>La aplicaci\u00f3n fue desarrollada por MV Consultora, a cargo de Agust\u00edn Vautier y Sebasti\u00e1n Bainotti.<\/p>\n<p>El intendente Ezequiel Galli expres\u00f3 que esta iniciativa mejorar\u00e1 el acceso a datos de trazabilidad en bares, resto y hoteles, destac\u00f3 su funcionamiento mediante c\u00f3digo QR y resalt\u00f3 que dicha app\u00a0<em>\u201cfacilitar\u00e1 la tarea al equipo de salud y tambi\u00e9n a los comercios que la van a utilizar\u201d.<\/em><\/p>\n<p><em>\u201cQuiero agradecer a la empresa que dispuso gratuitamente su aplicaci\u00f3n al servicio de todos los olavarrienses<\/em>\u201d, concluy\u00f3 el Intendente.<\/p>\n<p>Por su parte,<a href=\"https:\/\/www.facebook.com\/julio.valetutto\"> Julio Valetutto<\/a>, secretario de Desarrollo Econ\u00f3mico, explic\u00f3 que esta iniciativa de <strong>Accesos ARG<\/strong><em>\u201cse enmarca dentro del trabajo que estamos llevando a cabo en el contexto que atravesamos en la actualidad\u201d.<\/em>\u00a0En este sentido, agreg\u00f3:\u00a0<em>\u201cTambi\u00e9n estamos trabajando con las empresas locales que desarrollan software, empresas privadas que est\u00e1n invirtiendo en conectividad en Olavarr\u00eda\u201d.<\/em><\/p>\n<p><a href=\"https:\/\/experienciadevida.com.ar\/portalurbano\/presentaron-accesos-arg-facilitara-la-tarea-del-equipo-de-salud-y-a-los-comercios\/arg\/\" rel=\"attachment wp-att-123810\"><img decoding=\"async\" class=\"alignnone size-full wp-image-123810\" src=\"https:\/\/experienciadevida.com.ar\/portalurbano\/wp-content\/uploads\/2020\/10\/ARG.jpg\" alt=\"ARG\" width=\"1968\" height=\"1312\" srcset=\"https:\/\/experienciadevida.com.ar\/portalurbano\/wp-content\/uploads\/2020\/10\/ARG.jpg 1968w, https:\/\/experienciadevida.com.ar\/portalurbano\/wp-content\/uploads\/2020\/10\/ARG-300x200.jpg 300w, https:\/\/experienciadevida.com.ar\/portalurbano\/wp-content\/uploads\/2020\/10\/ARG-1024x683.jpg 1024w, https:\/\/experienciadevida.com.ar\/portalurbano\/wp-content\/uploads\/2020\/10\/ARG-768x512.jpg 768w, https:\/\/experienciadevida.com.ar\/portalurbano\/wp-content\/uploads\/2020\/10\/ARG-1536x1024.jpg 1536w\" sizes=\"(max-width: 1968px) 100vw, 1968px\" \/><\/a><\/p>\n<p><em>Estamos transitando nuevas etapas y trabajamos para hacerles la vida m\u00e1s f\u00e1cil a los olavarrienses\u201d,<\/em>\u00a0finaliz\u00f3, al tiempo que aclar\u00f3 que\u00a0<em>\u201cjunto con el equipo de desarrollo vamos a recorrer los comercios para ayudar a los due\u00f1os en su utilizaci\u00f3n\u201d.<\/em><\/p>\n<p>Luego fue el turno de Agust\u00edn, que manifest\u00f3 su orgullo por prestar servicio a la comunidad y de esta forma evitar la propagaci\u00f3n del virus.<\/p>\n","protected":false},"excerpt":{"rendered":"<p>En la ma\u00f1ana de este viernes -en conferencia de prensa- se llev\u00f3 a cabo la&#8230;<\/p>\n","protected":false},"author":1,"featured_media":123808,"comment_status":"closed","ping_status":"closed","sticky":false,"template":"","format":"standard","meta":{"content-type":""},"categories":[27,51],"tags":[],"nelio_content":{"isAutoShareEnabled":false,"autoShareEndMode":"default","automationSources":{"useContentSentences":true,"useSocialTemplates":true,"useCustomSentences":false,"customSentences":[]},"followers":[1],"suggestedReferences":[],"includedReferences":[],"efiUrl":"","efiAlt":"","highlights":[]},"yoast_head":"<!-- This site is optimized with the Yoast SEO plugin v20.7 - https:\/\/yoast.com\/wordpress\/plugins\/seo\/ -->\n<title>Presentaron Acceesos ARG: Facilitar\u00e1 la tarea del equipo de salud<\/title>\n<meta name=\"description\" content=\"En la ma\u00f1ana de este viernes -en conferencia de prensa- se llev\u00f3 a cabo la presentaci\u00f3n de \u201cAccesos ARG\u201d, una app para registro de visitas.\" \/>\n<meta name=\"robots\" content=\"index, follow, max-snippet:-1, max-image-preview:large, max-video-preview:-1\" \/>\n<link rel=\"canonical\" href=\"https:\/\/experienciadevida.com.ar\/portalurbano\/presentaron-accesos-arg-facilitara-la-tarea-del-equipo-de-salud-y-a-los-comercios\/\" \/>\n<meta property=\"og:locale\" content=\"es_ES\" \/>\n<meta property=\"og:type\" content=\"article\" \/>\n<meta property=\"og:title\" content=\"Presentaron Acceesos ARG: Facilitar\u00e1 la tarea del equipo de salud\" \/>\n<meta property=\"og:description\" content=\"En la ma\u00f1ana de este viernes -en conferencia de prensa- se llev\u00f3 a cabo la presentaci\u00f3n de \u201cAccesos ARG\u201d, una app para registro de visitas.\" \/>\n<meta property=\"og:url\" content=\"https:\/\/experienciadevida.com.ar\/portalurbano\/presentaron-accesos-arg-facilitara-la-tarea-del-equipo-de-salud-y-a-los-comercios\/\" \/>\n<meta property=\"article:publisher\" content=\"https:\/\/www.facebook.com\/Portal-Urbano-171542830093757\/\" \/>\n<meta property=\"article:published_time\" content=\"2020-10-09T17:17:48+00:00\" \/>\n<meta property=\"article:modified_time\" content=\"2020-10-09T17:18:28+00:00\" \/>\n<meta property=\"og:image\" content=\"https:\/\/experienciadevida.com.ar\/portalurbano\/wp-content\/uploads\/2020\/10\/Accesos-ARG-e1602263585659.jpg\" \/>\n\t<meta property=\"og:image:width\" content=\"765\" \/>\n\t<meta property=\"og:image:height\" content=\"510\" \/>\n\t<meta property=\"og:image:type\" content=\"image\/jpeg\" \/>\n<meta name=\"author\" content=\"admpu17wp\" \/>\n<meta name=\"twitter:card\" content=\"summary_large_image\" \/>\n<meta name=\"twitter:creator\" content=\"@portalurbanook\" \/>\n<meta name=\"twitter:site\" content=\"@portalurbanook\" \/>\n<meta name=\"twitter:label1\" content=\"Escrito por\" \/>\n\t<meta name=\"twitter:data1\" content=\"admpu17wp\" \/>\n\t<meta name=\"twitter:label2\" content=\"Tiempo de lectura\" \/>\n\t<meta name=\"twitter:data2\" content=\"3 minutos\" \/>\n<script type=\"application\/ld+json\" class=\"yoast-schema-graph\">{\"@context\":\"https:\/\/schema.org\",\"@graph\":[{\"@type\":\"Article\",\"@id\":\"https:\/\/experienciadevida.com.ar\/portalurbano\/presentaron-accesos-arg-facilitara-la-tarea-del-equipo-de-salud-y-a-los-comercios\/#article\",\"isPartOf\":{\"@id\":\"https:\/\/experienciadevida.com.ar\/portalurbano\/presentaron-accesos-arg-facilitara-la-tarea-del-equipo-de-salud-y-a-los-comercios\/\"},\"author\":{\"name\":\"admpu17wp\",\"@id\":\"https:\/\/experienciadevida.com.ar\/portalurbano\/#\/schema\/person\/02dd326b1c4b056e9cc972486934a3a7\"},\"headline\":\"Presentaron Accesos ARG: Facilitar\u00e1 la tarea del equipo de salud y a los comercios&#8221;\",\"datePublished\":\"2020-10-09T17:17:48+00:00\",\"dateModified\":\"2020-10-09T17:18:28+00:00\",\"mainEntityOfPage\":{\"@id\":\"https:\/\/experienciadevida.com.ar\/portalurbano\/presentaron-accesos-arg-facilitara-la-tarea-del-equipo-de-salud-y-a-los-comercios\/\"},\"wordCount\":628,\"publisher\":{\"@id\":\"https:\/\/experienciadevida.com.ar\/portalurbano\/#organization\"},\"articleSection\":[\"Ciudad\",\"Destacadas\"],\"inLanguage\":\"es\"},{\"@type\":\"WebPage\",\"@id\":\"https:\/\/experienciadevida.com.ar\/portalurbano\/presentaron-accesos-arg-facilitara-la-tarea-del-equipo-de-salud-y-a-los-comercios\/\",\"url\":\"https:\/\/experienciadevida.com.ar\/portalurbano\/presentaron-accesos-arg-facilitara-la-tarea-del-equipo-de-salud-y-a-los-comercios\/\",\"name\":\"Presentaron Acceesos ARG: Facilitar\u00e1 la tarea del equipo de salud\",\"isPartOf\":{\"@id\":\"https:\/\/experienciadevida.com.ar\/portalurbano\/#website\"},\"datePublished\":\"2020-10-09T17:17:48+00:00\",\"dateModified\":\"2020-10-09T17:18:28+00:00\",\"description\":\"En la ma\u00f1ana de este viernes -en conferencia de prensa- se llev\u00f3 a cabo la presentaci\u00f3n de \u201cAccesos ARG\u201d, una app para registro de visitas.\",\"breadcrumb\":{\"@id\":\"https:\/\/experienciadevida.com.ar\/portalurbano\/presentaron-accesos-arg-facilitara-la-tarea-del-equipo-de-salud-y-a-los-comercios\/#breadcrumb\"},\"inLanguage\":\"es\",\"potentialAction\":[{\"@type\":\"ReadAction\",\"target\":[\"https:\/\/experienciadevida.com.ar\/portalurbano\/presentaron-accesos-arg-facilitara-la-tarea-del-equipo-de-salud-y-a-los-comercios\/\"]}]},{\"@type\":\"BreadcrumbList\",\"@id\":\"https:\/\/experienciadevida.com.ar\/portalurbano\/presentaron-accesos-arg-facilitara-la-tarea-del-equipo-de-salud-y-a-los-comercios\/#breadcrumb\",\"itemListElement\":[{\"@type\":\"ListItem\",\"position\":1,\"name\":\"Portada\",\"item\":\"https:\/\/experienciadevida.com.ar\/portalurbano\/\"},{\"@type\":\"ListItem\",\"position\":2,\"name\":\"Presentaron Accesos ARG: Facilitar\u00e1 la tarea del equipo de salud y a los comercios\u00bb\"}]},{\"@type\":\"WebSite\",\"@id\":\"https:\/\/experienciadevida.com.ar\/portalurbano\/#website\",\"url\":\"https:\/\/experienciadevida.com.ar\/portalurbano\/\",\"name\":\"\",\"description\":\"\",\"publisher\":{\"@id\":\"https:\/\/experienciadevida.com.ar\/portalurbano\/#organization\"},\"potentialAction\":[{\"@type\":\"SearchAction\",\"target\":{\"@type\":\"EntryPoint\",\"urlTemplate\":\"https:\/\/experienciadevida.com.ar\/portalurbano\/?s={search_term_string}\"},\"query-input\":\"required name=search_term_string\"}],\"inLanguage\":\"es\"},{\"@type\":\"Organization\",\"@id\":\"https:\/\/experienciadevida.com.ar\/portalurbano\/#organization\",\"name\":\"Portal Urbano\",\"url\":\"https:\/\/experienciadevida.com.ar\/portalurbano\/\",\"logo\":{\"@type\":\"ImageObject\",\"inLanguage\":\"es\",\"@id\":\"https:\/\/experienciadevida.com.ar\/portalurbano\/#\/schema\/logo\/image\/\",\"url\":\"https:\/\/experienciadevida.com.ar\/portalurbano\/wp-content\/uploads\/2019\/09\/Logo-Original.png\",\"contentUrl\":\"https:\/\/experienciadevida.com.ar\/portalurbano\/wp-content\/uploads\/2019\/09\/Logo-Original.png\",\"width\":2236,\"height\":1216,\"caption\":\"Portal Urbano\"},\"image\":{\"@id\":\"https:\/\/experienciadevida.com.ar\/portalurbano\/#\/schema\/logo\/image\/\"},\"sameAs\":[\"https:\/\/www.facebook.com\/Portal-Urbano-171542830093757\/\",\"https:\/\/twitter.com\/portalurbanook\",\"https:\/\/www.instagram.com\/_portalurbano\/\",\"https:\/\/www.youtube.com\/channel\/UCXhagIfszH8KxFiOok79zbA?view_as=subscriber\"]},{\"@type\":\"Person\",\"@id\":\"https:\/\/experienciadevida.com.ar\/portalurbano\/#\/schema\/person\/02dd326b1c4b056e9cc972486934a3a7\",\"name\":\"admpu17wp\",\"image\":{\"@type\":\"ImageObject\",\"inLanguage\":\"es\",\"@id\":\"https:\/\/experienciadevida.com.ar\/portalurbano\/#\/schema\/person\/image\/\",\"url\":\"https:\/\/secure.gravatar.com\/avatar\/830d4c57adaae6630765e449a6908047?s=96&d=mm&r=g\",\"contentUrl\":\"https:\/\/secure.gravatar.com\/avatar\/830d4c57adaae6630765e449a6908047?s=96&d=mm&r=g\",\"caption\":\"admpu17wp\"}}]}<\/script>\n<!-- \/ Yoast SEO plugin. -->","yoast_head_json":{"title":"Presentaron Acceesos ARG: Facilitar\u00e1 la tarea del equipo de salud","description":"En la ma\u00f1ana de este viernes -en conferencia de prensa- se llev\u00f3 a cabo la presentaci\u00f3n de \u201cAccesos ARG\u201d, una app para registro de visitas.","robots":{"index":"index","follow":"follow","max-snippet":"max-snippet:-1","max-image-preview":"max-image-preview:large","max-video-preview":"max-video-preview:-1"},"canonical":"https:\/\/experienciadevida.com.ar\/portalurbano\/presentaron-accesos-arg-facilitara-la-tarea-del-equipo-de-salud-y-a-los-comercios\/","og_locale":"es_ES","og_type":"article","og_title":"Presentaron Acceesos ARG: Facilitar\u00e1 la tarea del equipo de salud","og_description":"En la ma\u00f1ana de este viernes -en conferencia de prensa- se llev\u00f3 a cabo la presentaci\u00f3n de \u201cAccesos ARG\u201d, una app para registro de visitas.","og_url":"https:\/\/experienciadevida.com.ar\/portalurbano\/presentaron-accesos-arg-facilitara-la-tarea-del-equipo-de-salud-y-a-los-comercios\/","article_publisher":"https:\/\/www.facebook.com\/Portal-Urbano-171542830093757\/","article_published_time":"2020-10-09T17:17:48+00:00","article_modified_time":"2020-10-09T17:18:28+00:00","og_image":[{"width":765,"height":510,"url":"https:\/\/experienciadevida.com.ar\/portalurbano\/wp-content\/uploads\/2020\/10\/Accesos-ARG-e1602263585659.jpg","type":"image\/jpeg"}],"author":"admpu17wp","twitter_card":"summary_large_image","twitter_creator":"@portalurbanook","twitter_site":"@portalurbanook","twitter_misc":{"Escrito por":"admpu17wp","Tiempo de lectura":"3 minutos"},"schema":{"@context":"https:\/\/schema.org","@graph":[{"@type":"Article","@id":"https:\/\/experienciadevida.com.ar\/portalurbano\/presentaron-accesos-arg-facilitara-la-tarea-del-equipo-de-salud-y-a-los-comercios\/#article","isPartOf":{"@id":"https:\/\/experienciadevida.com.ar\/portalurbano\/presentaron-accesos-arg-facilitara-la-tarea-del-equipo-de-salud-y-a-los-comercios\/"},"author":{"name":"admpu17wp","@id":"https:\/\/experienciadevida.com.ar\/portalurbano\/#\/schema\/person\/02dd326b1c4b056e9cc972486934a3a7"},"headline":"Presentaron Accesos ARG: Facilitar\u00e1 la tarea del equipo de salud y a los comercios&#8221;","datePublished":"2020-10-09T17:17:48+00:00","dateModified":"2020-10-09T17:18:28+00:00","mainEntityOfPage":{"@id":"https:\/\/experienciadevida.com.ar\/portalurbano\/presentaron-accesos-arg-facilitara-la-tarea-del-equipo-de-salud-y-a-los-comercios\/"},"wordCount":628,"publisher":{"@id":"https:\/\/experienciadevida.com.ar\/portalurbano\/#organization"},"articleSection":["Ciudad","Destacadas"],"inLanguage":"es"},{"@type":"WebPage","@id":"https:\/\/experienciadevida.com.ar\/portalurbano\/presentaron-accesos-arg-facilitara-la-tarea-del-equipo-de-salud-y-a-los-comercios\/","url":"https:\/\/experienciadevida.com.ar\/portalurbano\/presentaron-accesos-arg-facilitara-la-tarea-del-equipo-de-salud-y-a-los-comercios\/","name":"Presentaron Acceesos ARG: Facilitar\u00e1 la tarea del equipo de salud","isPartOf":{"@id":"https:\/\/experienciadevida.com.ar\/portalurbano\/#website"},"datePublished":"2020-10-09T17:17:48+00:00","dateModified":"2020-10-09T17:18:28+00:00","description":"En la ma\u00f1ana de este viernes -en conferencia de prensa- se llev\u00f3 a cabo la presentaci\u00f3n de \u201cAccesos ARG\u201d, una app para registro de visitas.","breadcrumb":{"@id":"https:\/\/experienciadevida.com.ar\/portalurbano\/presentaron-accesos-arg-facilitara-la-tarea-del-equipo-de-salud-y-a-los-comercios\/#breadcrumb"},"inLanguage":"es","potentialAction":[{"@type":"ReadAction","target":["https:\/\/experienciadevida.com.ar\/portalurbano\/presentaron-accesos-arg-facilitara-la-tarea-del-equipo-de-salud-y-a-los-comercios\/"]}]},{"@type":"BreadcrumbList","@id":"https:\/\/experienciadevida.com.ar\/portalurbano\/presentaron-accesos-arg-facilitara-la-tarea-del-equipo-de-salud-y-a-los-comercios\/#breadcrumb","itemListElement":[{"@type":"ListItem","position":1,"name":"Portada","item":"https:\/\/experienciadevida.com.ar\/portalurbano\/"},{"@type":"ListItem","position":2,"name":"Presentaron Accesos ARG: Facilitar\u00e1 la tarea del equipo de salud y a los comercios\u00bb"}]},{"@type":"WebSite","@id":"https:\/\/experienciadevida.com.ar\/portalurbano\/#website","url":"https:\/\/experienciadevida.com.ar\/portalurbano\/","name":"","description":"","publisher":{"@id":"https:\/\/experienciadevida.com.ar\/portalurbano\/#organization"},"potentialAction":[{"@type":"SearchAction","target":{"@type":"EntryPoint","urlTemplate":"https:\/\/experienciadevida.com.ar\/portalurbano\/?s={search_term_string}"},"query-input":"required name=search_term_string"}],"inLanguage":"es"},{"@type":"Organization","@id":"https:\/\/experienciadevida.com.ar\/portalurbano\/#organization","name":"Portal Urbano","url":"https:\/\/experienciadevida.com.ar\/portalurbano\/","logo":{"@type":"ImageObject","inLanguage":"es","@id":"https:\/\/experienciadevida.com.ar\/portalurbano\/#\/schema\/logo\/image\/","url":"https:\/\/experienciadevida.com.ar\/portalurbano\/wp-content\/uploads\/2019\/09\/Logo-Original.png","contentUrl":"https:\/\/experienciadevida.com.ar\/portalurbano\/wp-content\/uploads\/2019\/09\/Logo-Original.png","width":2236,"height":1216,"caption":"Portal Urbano"},"image":{"@id":"https:\/\/experienciadevida.com.ar\/portalurbano\/#\/schema\/logo\/image\/"},"sameAs":["https:\/\/www.facebook.com\/Portal-Urbano-171542830093757\/","https:\/\/twitter.com\/portalurbanook","https:\/\/www.instagram.com\/_portalurbano\/","https:\/\/www.youtube.com\/channel\/UCXhagIfszH8KxFiOok79zbA?view_as=subscriber"]},{"@type":"Person","@id":"https:\/\/experienciadevida.com.ar\/portalurbano\/#\/schema\/person\/02dd326b1c4b056e9cc972486934a3a7","name":"admpu17wp","image":{"@type":"ImageObject","inLanguage":"es","@id":"https:\/\/experienciadevida.com.ar\/portalurbano\/#\/schema\/person\/image\/","url":"https:\/\/secure.gravatar.com\/avatar\/830d4c57adaae6630765e449a6908047?s=96&d=mm&r=g","contentUrl":"https:\/\/secure.gravatar.com\/avatar\/830d4c57adaae6630765e449a6908047?s=96&d=mm&r=g","caption":"admpu17wp"}}]}},"featured_image_urls":{"full":["https:\/\/experienciadevida.com.ar\/portalurbano\/wp-content\/uploads\/2020\/10\/Accesos-ARG-e1602263585659.jpg",765,510,false],"thumbnail":["https:\/\/experienciadevida.com.ar\/portalurbano\/wp-content\/uploads\/2020\/10\/Accesos-ARG-150x150.jpg",150,150,true],"medium":["https:\/\/experienciadevida.com.ar\/portalurbano\/wp-content\/uploads\/2020\/10\/Accesos-ARG-300x200.jpg",300,200,true],"medium_large":["https:\/\/experienciadevida.com.ar\/portalurbano\/wp-content\/uploads\/2020\/10\/Accesos-ARG-768x512.jpg",640,427,true],"large":["https:\/\/experienciadevida.com.ar\/portalurbano\/wp-content\/uploads\/2020\/10\/Accesos-ARG-1024x683.jpg",640,427,true],"ug_big":["https:\/\/experienciadevida.com.ar\/portalurbano\/wp-content\/uploads\/2020\/10\/Accesos-ARG-768x512.jpg",768,512,true],"1536x1536":["https:\/\/experienciadevida.com.ar\/portalurbano\/wp-content\/uploads\/2020\/10\/Accesos-ARG-1536x1024.jpg",1536,1024,true],"2048x2048":["https:\/\/experienciadevida.com.ar\/portalurbano\/wp-content\/uploads\/2020\/10\/Accesos-ARG-e1602263585659.jpg",765,510,false],"newsever-slider-full":["https:\/\/experienciadevida.com.ar\/portalurbano\/wp-content\/uploads\/2020\/10\/Accesos-ARG-e1602263585659.jpg",765,510,false],"newsever-featured":["https:\/\/experienciadevida.com.ar\/portalurbano\/wp-content\/uploads\/2020\/10\/Accesos-ARG-e1602263585659.jpg",765,510,false],"newsever-medium":["https:\/\/experienciadevida.com.ar\/portalurbano\/wp-content\/uploads\/2020\/10\/Accesos-ARG-e1602263585659.jpg",713,475,false],"web-stories-poster-portrait":["https:\/\/experienciadevida.com.ar\/portalurbano\/wp-content\/uploads\/2020\/10\/Accesos-ARG-e1602263585659.jpg",640,427,false],"web-stories-publisher-logo":["https:\/\/experienciadevida.com.ar\/portalurbano\/wp-content\/uploads\/2020\/10\/Accesos-ARG-e1602263585659.jpg",96,64,false],"web-stories-thumbnail":["https:\/\/experienciadevida.com.ar\/portalurbano\/wp-content\/uploads\/2020\/10\/Accesos-ARG-e1602263585659.jpg",150,100,false]},"author_info":{"display_name":"admpu17wp","author_link":"https:\/\/experienciadevida.com.ar\/portalurbano\/author\/admpu17wp\/"},"category_info":"<a href=\"https:\/\/experienciadevida.com.ar\/portalurbano\/category\/ciudad\/\" rel=\"category tag\">Ciudad<\/a> <a href=\"https:\/\/experienciadevida.com.ar\/portalurbano\/category\/destacadas\/\" rel=\"category tag\">Destacadas<\/a>","tag_info":"Destacadas","comment_count":"0","amp_enabled":true,"_links":{"self":[{"href":"https:\/\/experienciadevida.com.ar\/portalurbano\/wp-json\/wp\/v2\/posts\/123807"}],"collection":[{"href":"https:\/\/experienciadevida.com.ar\/portalurbano\/wp-json\/wp\/v2\/posts"}],"about":[{"href":"https:\/\/experienciadevida.com.ar\/portalurbano\/wp-json\/wp\/v2\/types\/post"}],"author":[{"embeddable":true,"href":"https:\/\/experienciadevida.com.ar\/portalurbano\/wp-json\/wp\/v2\/users\/1"}],"replies":[{"embeddable":true,"href":"https:\/\/experienciadevida.com.ar\/portalurbano\/wp-json\/wp\/v2\/comments?post=123807"}],"version-history":[{"count":3,"href":"https:\/\/experienciadevida.com.ar\/portalurbano\/wp-json\/wp\/v2\/posts\/123807\/revisions"}],"predecessor-version":[{"id":123813,"href":"https:\/\/experienciadevida.com.ar\/portalurbano\/wp-json\/wp\/v2\/posts\/123807\/revisions\/123813"}],"wp:featuredmedia":[{"embeddable":true,"href":"https:\/\/experienciadevida.com.ar\/portalurbano\/wp-json\/wp\/v2\/media\/123808"}],"wp:attachment":[{"href":"https:\/\/experienciadevida.com.ar\/portalurbano\/wp-json\/wp\/v2\/media?parent=123807"}],"wp:term":[{"taxonomy":"category","embeddable":true,"href":"https:\/\/experienciadevida.com.ar\/portalurbano\/wp-json\/wp\/v2\/categories?post=123807"},{"taxonomy":"post_tag","embeddable":true,"href":"https:\/\/experienciadevida.com.ar\/portalurbano\/wp-json\/wp\/v2\/tags?post=123807"}],"curies":[{"name":"wp","href":"https:\/\/api.w.org\/{rel}","templated":true}]}}