{"id":123657,"date":"2020-10-08T10:12:47","date_gmt":"2020-10-08T13:12:47","guid":{"rendered":"https:\/\/experienciadevida.com.ar\/portalurbano\/?p=123657"},"modified":"2020-10-08T10:50:24","modified_gmt":"2020-10-08T13:50:24","slug":"comenzo-una-nueva-sesion-del-hcd-en-la-sociedad-espanola","status":"publish","type":"post","link":"https:\/\/experienciadevida.com.ar\/portalurbano\/comenzo-una-nueva-sesion-del-hcd-en-la-sociedad-espanola\/","title":{"rendered":"Comenz\u00f3 una nueva sesi\u00f3n del HCD en la Sociedad Espa\u00f1ola"},"content":{"rendered":"<p>En la Sociedad Espa\u00f1ola se realiza una\u00a0<strong>nueva sesi\u00f3n del HCD<\/strong>, con la presencia de todos los concejales.<\/p>\n<p>La sesi\u00f3n comenz\u00f3 con el tratamiento del proyecto de comunicaci\u00f3n benepl\u00e1cito al plan bonaerense de suelo, vivienda y h\u00e1bitat del interbloque frente de todos, as\u00ed como tambi\u00e9n un pedido de informes de los terrenos municipales en todo el partido de Olavarr\u00eda y un proyecto sobre el plan nacional de suelo urbano.<\/p>\n<p>En la\u00a0<strong>nueva sesi\u00f3n del HCD\u00a0<\/strong>el primero en tomar la palabra fue De Bellis &#8220;<em>fueron varios los proyectos de acceso al a vivienda al h\u00e1bitat y a una mejor calidad de vida, hay que entender que la vivienda conforma parte de un patrimonio social, se ha cambiado la perspectiva que se tiene respecto de la vivienda antes era considerada un patrimonio individual que hac\u00eda a los derechos individuales de las personas, hoy se concibe desde una perspectiva social. El acceso al h\u00e1bitat es un derecho que todos tienen&#8221;.<\/em><\/p>\n<p><a href=\"https:\/\/experienciadevida.com.ar\/portalurbano\/comenzo-una-nueva-sesion-del-hcd\/de-bellis-2\/\" rel=\"attachment wp-att-123659\"><img decoding=\"async\" class=\"alignnone size-full wp-image-123659\" src=\"https:\/\/experienciadevida.com.ar\/portalurbano\/wp-content\/uploads\/2020\/10\/De-Bellis.png\" alt=\"\" width=\"768\" height=\"459\" srcset=\"https:\/\/experienciadevida.com.ar\/portalurbano\/wp-content\/uploads\/2020\/10\/De-Bellis.png 768w, https:\/\/experienciadevida.com.ar\/portalurbano\/wp-content\/uploads\/2020\/10\/De-Bellis-300x179.png 300w\" sizes=\"(max-width: 768px) 100vw, 768px\" \/><\/a><\/p>\n<p><em>&#8220;La ordenanza que la mesa de emergencia est\u00e1 solicitando que se cumpla fue sancionada en el a\u00f1o 2015, y el DEM dota de una herramienta fundamental para pensar esta problem\u00e1tica de manera participativa y democr\u00e1tica ante la creaci\u00f3n del concejo local de vivienda, h\u00e1bitat y derecho a la ciudad. Es una demanda que tiene que dar respuesta toda la diligencia pol\u00edtica&#8221;.<\/em><\/p>\n<p>Por otra parte dijo &#8220;<em>est\u00e1 bueno que las organizaciones sociales lleguen al HCD y nos interpelen porque hemos hecho las cosas mal en esta materia. Estamos en deuda con nuestros vecinos que no pueden acceder a una vivienda digna, el poder Ejecutivo no puede perder m\u00e1s tiempo en dar una respuesta y el Municipio tiene las herramientas&#8221;.<\/em><\/p>\n<p>Luego tom\u00f3 la palabra en esta\u00a0<strong>nueva sesi\u00f3n del HCD\u00a0<\/strong>la edil Celeste Arouxet <em>&#8220;en los \u00faltimos a\u00f1os las ordenanzas que salen desde este concejo est\u00e1n quedando o vetadas o trabadas en un caj\u00f3n. La excusa es que hoy\u00a0 no hay plata, el a\u00f1o pasado hab\u00eda plata pero no hab\u00eda medios siempre hay una excusa para la gente&#8221;.<\/em><\/p>\n<p>A su vez Alicia Almada expres\u00f3 &#8220;<em>repudio la presencia policial que hay en toda la cuadra, que hace recordar a las \u00e9pocas m\u00e1s oscuras. Ac\u00e1 estamos debatiendo como podemos hacer para ayudar a este grupo de personas en la mesa de emergencia\u00a0 para solicitar vivienda, que no tienen un sueldo para acceder a planes sociales que se han lanzado desde el Gobierno. El estado tiene una deuda enorme&#8221;.<\/em><\/p>\n<p>Por su parte Mercedes Landivar dijo &#8220;<em>esto lo profundiz\u00f3 la pandemia y nos muestra la cruda realidad que muchos empezaron a vivir hace a\u00f1os y otros la atraviesan a partir de esta situaci\u00f3n sin la posibilidad de pagar un alquiler. Desde nuestro lugar tenemos que exigirle una pol\u00edtica m\u00e1s activa. El Gobierno Municipal tiene la obligaci\u00f3n de tener suelo\u00a0 y generar viviendas para cubrir la demanda del Partido de Olavarr\u00eda&#8221;.<\/em><\/p>\n<p>Por otro lado, en esta\u00a0<strong>nueva sesi\u00f3n del HCD\u00a0<\/strong>habl\u00f3 In\u00e9s Creimer &#8220;<em>la pandemia vino a poner de manifiesto un mont\u00f3n de situaciones, en el caso habitacional vino a poner de manifiesto situaciones con im\u00e1genes. En marzo cuando nos dijeron que todos ten\u00edamos que estar adentro no se puede, porque adentro de las casas de los barrios m\u00e1s humildes a veces solo hay habitaciones con camas o colchones, a veces ni siquiera hay mesas por eso hay que dar respuestas&#8221;.<\/em><\/p>\n","protected":false},"excerpt":{"rendered":"<p>En la Sociedad Espa\u00f1ola se realiza una\u00a0nueva sesi\u00f3n del HCD, con la presencia de todos&#8230;<\/p>\n","protected":false},"author":1,"featured_media":123658,"comment_status":"closed","ping_status":"closed","sticky":false,"template":"","format":"standard","meta":{"content-type":""},"categories":[51,43],"tags":[],"nelio_content":{"isAutoShareEnabled":false,"autoShareEndMode":"default","automationSources":{"useContentSentences":true,"useSocialTemplates":true,"useCustomSentences":false,"customSentences":[]},"followers":[1],"suggestedReferences":[],"includedReferences":[],"efiUrl":"","efiAlt":"","highlights":[]},"yoast_head":"<!-- This site is optimized with the Yoast SEO plugin v20.7 - https:\/\/yoast.com\/wordpress\/plugins\/seo\/ -->\n<title>Comenz\u00f3 una nueva sesi\u00f3n del HCD en la Sociedad Espa\u00f1ola<\/title>\n<meta name=\"description\" content=\"En la Sociedad Espa\u00f1ola se realiza una\u00a0nueva sesi\u00f3n del HCD, con la presencia de todos los concejales, con el tratamiento de vivienda.\" \/>\n<meta name=\"robots\" content=\"index, follow, max-snippet:-1, max-image-preview:large, max-video-preview:-1\" \/>\n<link rel=\"canonical\" href=\"https:\/\/experienciadevida.com.ar\/portalurbano\/comenzo-una-nueva-sesion-del-hcd-en-la-sociedad-espanola\/\" \/>\n<meta property=\"og:locale\" content=\"es_ES\" \/>\n<meta property=\"og:type\" content=\"article\" \/>\n<meta property=\"og:title\" content=\"Comenz\u00f3 una nueva sesi\u00f3n del HCD en la Sociedad Espa\u00f1ola\" \/>\n<meta property=\"og:description\" content=\"En la Sociedad Espa\u00f1ola se realiza una\u00a0nueva sesi\u00f3n del HCD, con la presencia de todos los concejales, con el tratamiento de vivienda.\" \/>\n<meta property=\"og:url\" content=\"https:\/\/experienciadevida.com.ar\/portalurbano\/comenzo-una-nueva-sesion-del-hcd-en-la-sociedad-espanola\/\" \/>\n<meta property=\"article:publisher\" content=\"https:\/\/www.facebook.com\/Portal-Urbano-171542830093757\/\" \/>\n<meta property=\"article:published_time\" content=\"2020-10-08T13:12:47+00:00\" \/>\n<meta property=\"article:modified_time\" content=\"2020-10-08T13:50:24+00:00\" \/>\n<meta property=\"og:image\" content=\"https:\/\/experienciadevida.com.ar\/portalurbano\/wp-content\/uploads\/2020\/10\/Nueva-sesion-del-HCD.png\" \/>\n\t<meta property=\"og:image:width\" content=\"796\" \/>\n\t<meta property=\"og:image:height\" content=\"464\" \/>\n\t<meta property=\"og:image:type\" content=\"image\/png\" \/>\n<meta name=\"author\" content=\"admpu17wp\" \/>\n<meta name=\"twitter:card\" content=\"summary_large_image\" \/>\n<meta name=\"twitter:creator\" content=\"@portalurbanook\" \/>\n<meta name=\"twitter:site\" content=\"@portalurbanook\" \/>\n<meta name=\"twitter:label1\" content=\"Escrito por\" \/>\n\t<meta name=\"twitter:data1\" content=\"admpu17wp\" \/>\n\t<meta name=\"twitter:label2\" content=\"Tiempo de lectura\" \/>\n\t<meta name=\"twitter:data2\" content=\"3 minutos\" \/>\n<script type=\"application\/ld+json\" class=\"yoast-schema-graph\">{\"@context\":\"https:\/\/schema.org\",\"@graph\":[{\"@type\":\"Article\",\"@id\":\"https:\/\/experienciadevida.com.ar\/portalurbano\/comenzo-una-nueva-sesion-del-hcd-en-la-sociedad-espanola\/#article\",\"isPartOf\":{\"@id\":\"https:\/\/experienciadevida.com.ar\/portalurbano\/comenzo-una-nueva-sesion-del-hcd-en-la-sociedad-espanola\/\"},\"author\":{\"name\":\"admpu17wp\",\"@id\":\"https:\/\/experienciadevida.com.ar\/portalurbano\/#\/schema\/person\/02dd326b1c4b056e9cc972486934a3a7\"},\"headline\":\"Comenz\u00f3 una nueva sesi\u00f3n del HCD en la Sociedad Espa\u00f1ola\",\"datePublished\":\"2020-10-08T13:12:47+00:00\",\"dateModified\":\"2020-10-08T13:50:24+00:00\",\"mainEntityOfPage\":{\"@id\":\"https:\/\/experienciadevida.com.ar\/portalurbano\/comenzo-una-nueva-sesion-del-hcd-en-la-sociedad-espanola\/\"},\"wordCount\":602,\"publisher\":{\"@id\":\"https:\/\/experienciadevida.com.ar\/portalurbano\/#organization\"},\"articleSection\":[\"Destacadas\",\"Pol\u00edtica\"],\"inLanguage\":\"es\"},{\"@type\":\"WebPage\",\"@id\":\"https:\/\/experienciadevida.com.ar\/portalurbano\/comenzo-una-nueva-sesion-del-hcd-en-la-sociedad-espanola\/\",\"url\":\"https:\/\/experienciadevida.com.ar\/portalurbano\/comenzo-una-nueva-sesion-del-hcd-en-la-sociedad-espanola\/\",\"name\":\"Comenz\u00f3 una nueva sesi\u00f3n del HCD en la Sociedad Espa\u00f1ola\",\"isPartOf\":{\"@id\":\"https:\/\/experienciadevida.com.ar\/portalurbano\/#website\"},\"datePublished\":\"2020-10-08T13:12:47+00:00\",\"dateModified\":\"2020-10-08T13:50:24+00:00\",\"description\":\"En la Sociedad Espa\u00f1ola se realiza una\u00a0nueva sesi\u00f3n del HCD, con la presencia de todos los concejales, con el tratamiento de vivienda.\",\"breadcrumb\":{\"@id\":\"https:\/\/experienciadevida.com.ar\/portalurbano\/comenzo-una-nueva-sesion-del-hcd-en-la-sociedad-espanola\/#breadcrumb\"},\"inLanguage\":\"es\",\"potentialAction\":[{\"@type\":\"ReadAction\",\"target\":[\"https:\/\/experienciadevida.com.ar\/portalurbano\/comenzo-una-nueva-sesion-del-hcd-en-la-sociedad-espanola\/\"]}]},{\"@type\":\"BreadcrumbList\",\"@id\":\"https:\/\/experienciadevida.com.ar\/portalurbano\/comenzo-una-nueva-sesion-del-hcd-en-la-sociedad-espanola\/#breadcrumb\",\"itemListElement\":[{\"@type\":\"ListItem\",\"position\":1,\"name\":\"Portada\",\"item\":\"https:\/\/experienciadevida.com.ar\/portalurbano\/\"},{\"@type\":\"ListItem\",\"position\":2,\"name\":\"Comenz\u00f3 una nueva sesi\u00f3n del HCD en la Sociedad Espa\u00f1ola\"}]},{\"@type\":\"WebSite\",\"@id\":\"https:\/\/experienciadevida.com.ar\/portalurbano\/#website\",\"url\":\"https:\/\/experienciadevida.com.ar\/portalurbano\/\",\"name\":\"\",\"description\":\"\",\"publisher\":{\"@id\":\"https:\/\/experienciadevida.com.ar\/portalurbano\/#organization\"},\"potentialAction\":[{\"@type\":\"SearchAction\",\"target\":{\"@type\":\"EntryPoint\",\"urlTemplate\":\"https:\/\/experienciadevida.com.ar\/portalurbano\/?s={search_term_string}\"},\"query-input\":\"required name=search_term_string\"}],\"inLanguage\":\"es\"},{\"@type\":\"Organization\",\"@id\":\"https:\/\/experienciadevida.com.ar\/portalurbano\/#organization\",\"name\":\"Portal Urbano\",\"url\":\"https:\/\/experienciadevida.com.ar\/portalurbano\/\",\"logo\":{\"@type\":\"ImageObject\",\"inLanguage\":\"es\",\"@id\":\"https:\/\/experienciadevida.com.ar\/portalurbano\/#\/schema\/logo\/image\/\",\"url\":\"https:\/\/experienciadevida.com.ar\/portalurbano\/wp-content\/uploads\/2019\/09\/Logo-Original.png\",\"contentUrl\":\"https:\/\/experienciadevida.com.ar\/portalurbano\/wp-content\/uploads\/2019\/09\/Logo-Original.png\",\"width\":2236,\"height\":1216,\"caption\":\"Portal Urbano\"},\"image\":{\"@id\":\"https:\/\/experienciadevida.com.ar\/portalurbano\/#\/schema\/logo\/image\/\"},\"sameAs\":[\"https:\/\/www.facebook.com\/Portal-Urbano-171542830093757\/\",\"https:\/\/twitter.com\/portalurbanook\",\"https:\/\/www.instagram.com\/_portalurbano\/\",\"https:\/\/www.youtube.com\/channel\/UCXhagIfszH8KxFiOok79zbA?view_as=subscriber\"]},{\"@type\":\"Person\",\"@id\":\"https:\/\/experienciadevida.com.ar\/portalurbano\/#\/schema\/person\/02dd326b1c4b056e9cc972486934a3a7\",\"name\":\"admpu17wp\",\"image\":{\"@type\":\"ImageObject\",\"inLanguage\":\"es\",\"@id\":\"https:\/\/experienciadevida.com.ar\/portalurbano\/#\/schema\/person\/image\/\",\"url\":\"https:\/\/secure.gravatar.com\/avatar\/830d4c57adaae6630765e449a6908047?s=96&d=mm&r=g\",\"contentUrl\":\"https:\/\/secure.gravatar.com\/avatar\/830d4c57adaae6630765e449a6908047?s=96&d=mm&r=g\",\"caption\":\"admpu17wp\"}}]}<\/script>\n<!-- \/ Yoast SEO plugin. -->","yoast_head_json":{"title":"Comenz\u00f3 una nueva sesi\u00f3n del HCD en la Sociedad Espa\u00f1ola","description":"En la Sociedad Espa\u00f1ola se realiza una\u00a0nueva sesi\u00f3n del HCD, con la presencia de todos los concejales, con el tratamiento de vivienda.","robots":{"index":"index","follow":"follow","max-snippet":"max-snippet:-1","max-image-preview":"max-image-preview:large","max-video-preview":"max-video-preview:-1"},"canonical":"https:\/\/experienciadevida.com.ar\/portalurbano\/comenzo-una-nueva-sesion-del-hcd-en-la-sociedad-espanola\/","og_locale":"es_ES","og_type":"article","og_title":"Comenz\u00f3 una nueva sesi\u00f3n del HCD en la Sociedad Espa\u00f1ola","og_description":"En la Sociedad Espa\u00f1ola se realiza una\u00a0nueva sesi\u00f3n del HCD, con la presencia de todos los concejales, con el tratamiento de vivienda.","og_url":"https:\/\/experienciadevida.com.ar\/portalurbano\/comenzo-una-nueva-sesion-del-hcd-en-la-sociedad-espanola\/","article_publisher":"https:\/\/www.facebook.com\/Portal-Urbano-171542830093757\/","article_published_time":"2020-10-08T13:12:47+00:00","article_modified_time":"2020-10-08T13:50:24+00:00","og_image":[{"width":796,"height":464,"url":"https:\/\/experienciadevida.com.ar\/portalurbano\/wp-content\/uploads\/2020\/10\/Nueva-sesion-del-HCD.png","type":"image\/png"}],"author":"admpu17wp","twitter_card":"summary_large_image","twitter_creator":"@portalurbanook","twitter_site":"@portalurbanook","twitter_misc":{"Escrito por":"admpu17wp","Tiempo de lectura":"3 minutos"},"schema":{"@context":"https:\/\/schema.org","@graph":[{"@type":"Article","@id":"https:\/\/experienciadevida.com.ar\/portalurbano\/comenzo-una-nueva-sesion-del-hcd-en-la-sociedad-espanola\/#article","isPartOf":{"@id":"https:\/\/experienciadevida.com.ar\/portalurbano\/comenzo-una-nueva-sesion-del-hcd-en-la-sociedad-espanola\/"},"author":{"name":"admpu17wp","@id":"https:\/\/experienciadevida.com.ar\/portalurbano\/#\/schema\/person\/02dd326b1c4b056e9cc972486934a3a7"},"headline":"Comenz\u00f3 una nueva sesi\u00f3n del HCD en la Sociedad Espa\u00f1ola","datePublished":"2020-10-08T13:12:47+00:00","dateModified":"2020-10-08T13:50:24+00:00","mainEntityOfPage":{"@id":"https:\/\/experienciadevida.com.ar\/portalurbano\/comenzo-una-nueva-sesion-del-hcd-en-la-sociedad-espanola\/"},"wordCount":602,"publisher":{"@id":"https:\/\/experienciadevida.com.ar\/portalurbano\/#organization"},"articleSection":["Destacadas","Pol\u00edtica"],"inLanguage":"es"},{"@type":"WebPage","@id":"https:\/\/experienciadevida.com.ar\/portalurbano\/comenzo-una-nueva-sesion-del-hcd-en-la-sociedad-espanola\/","url":"https:\/\/experienciadevida.com.ar\/portalurbano\/comenzo-una-nueva-sesion-del-hcd-en-la-sociedad-espanola\/","name":"Comenz\u00f3 una nueva sesi\u00f3n del HCD en la Sociedad Espa\u00f1ola","isPartOf":{"@id":"https:\/\/experienciadevida.com.ar\/portalurbano\/#website"},"datePublished":"2020-10-08T13:12:47+00:00","dateModified":"2020-10-08T13:50:24+00:00","description":"En la Sociedad Espa\u00f1ola se realiza una\u00a0nueva sesi\u00f3n del HCD, con la presencia de todos los concejales, con el tratamiento de vivienda.","breadcrumb":{"@id":"https:\/\/experienciadevida.com.ar\/portalurbano\/comenzo-una-nueva-sesion-del-hcd-en-la-sociedad-espanola\/#breadcrumb"},"inLanguage":"es","potentialAction":[{"@type":"ReadAction","target":["https:\/\/experienciadevida.com.ar\/portalurbano\/comenzo-una-nueva-sesion-del-hcd-en-la-sociedad-espanola\/"]}]},{"@type":"BreadcrumbList","@id":"https:\/\/experienciadevida.com.ar\/portalurbano\/comenzo-una-nueva-sesion-del-hcd-en-la-sociedad-espanola\/#breadcrumb","itemListElement":[{"@type":"ListItem","position":1,"name":"Portada","item":"https:\/\/experienciadevida.com.ar\/portalurbano\/"},{"@type":"ListItem","position":2,"name":"Comenz\u00f3 una nueva sesi\u00f3n del HCD en la Sociedad Espa\u00f1ola"}]},{"@type":"WebSite","@id":"https:\/\/experienciadevida.com.ar\/portalurbano\/#website","url":"https:\/\/experienciadevida.com.ar\/portalurbano\/","name":"","description":"","publisher":{"@id":"https:\/\/experienciadevida.com.ar\/portalurbano\/#organization"},"potentialAction":[{"@type":"SearchAction","target":{"@type":"EntryPoint","urlTemplate":"https:\/\/experienciadevida.com.ar\/portalurbano\/?s={search_term_string}"},"query-input":"required name=search_term_string"}],"inLanguage":"es"},{"@type":"Organization","@id":"https:\/\/experienciadevida.com.ar\/portalurbano\/#organization","name":"Portal Urbano","url":"https:\/\/experienciadevida.com.ar\/portalurbano\/","logo":{"@type":"ImageObject","inLanguage":"es","@id":"https:\/\/experienciadevida.com.ar\/portalurbano\/#\/schema\/logo\/image\/","url":"https:\/\/experienciadevida.com.ar\/portalurbano\/wp-content\/uploads\/2019\/09\/Logo-Original.png","contentUrl":"https:\/\/experienciadevida.com.ar\/portalurbano\/wp-content\/uploads\/2019\/09\/Logo-Original.png","width":2236,"height":1216,"caption":"Portal Urbano"},"image":{"@id":"https:\/\/experienciadevida.com.ar\/portalurbano\/#\/schema\/logo\/image\/"},"sameAs":["https:\/\/www.facebook.com\/Portal-Urbano-171542830093757\/","https:\/\/twitter.com\/portalurbanook","https:\/\/www.instagram.com\/_portalurbano\/","https:\/\/www.youtube.com\/channel\/UCXhagIfszH8KxFiOok79zbA?view_as=subscriber"]},{"@type":"Person","@id":"https:\/\/experienciadevida.com.ar\/portalurbano\/#\/schema\/person\/02dd326b1c4b056e9cc972486934a3a7","name":"admpu17wp","image":{"@type":"ImageObject","inLanguage":"es","@id":"https:\/\/experienciadevida.com.ar\/portalurbano\/#\/schema\/person\/image\/","url":"https:\/\/secure.gravatar.com\/avatar\/830d4c57adaae6630765e449a6908047?s=96&d=mm&r=g","contentUrl":"https:\/\/secure.gravatar.com\/avatar\/830d4c57adaae6630765e449a6908047?s=96&d=mm&r=g","caption":"admpu17wp"}}]}},"featured_image_urls":{"full":["https:\/\/experienciadevida.com.ar\/portalurbano\/wp-content\/uploads\/2020\/10\/Nueva-sesion-del-HCD.png",796,464,false],"thumbnail":["https:\/\/experienciadevida.com.ar\/portalurbano\/wp-content\/uploads\/2020\/10\/Nueva-sesion-del-HCD-150x150.png",150,150,true],"medium":["https:\/\/experienciadevida.com.ar\/portalurbano\/wp-content\/uploads\/2020\/10\/Nueva-sesion-del-HCD-300x175.png",300,175,true],"medium_large":["https:\/\/experienciadevida.com.ar\/portalurbano\/wp-content\/uploads\/2020\/10\/Nueva-sesion-del-HCD-768x448.png",640,373,true],"large":["https:\/\/experienciadevida.com.ar\/portalurbano\/wp-content\/uploads\/2020\/10\/Nueva-sesion-del-HCD.png",640,373,false],"ug_big":["https:\/\/experienciadevida.com.ar\/portalurbano\/wp-content\/uploads\/2020\/10\/Nueva-sesion-del-HCD-768x448.png",768,448,true],"1536x1536":["https:\/\/experienciadevida.com.ar\/portalurbano\/wp-content\/uploads\/2020\/10\/Nueva-sesion-del-HCD.png",796,464,false],"2048x2048":["https:\/\/experienciadevida.com.ar\/portalurbano\/wp-content\/uploads\/2020\/10\/Nueva-sesion-del-HCD.png",796,464,false],"newsever-slider-full":["https:\/\/experienciadevida.com.ar\/portalurbano\/wp-content\/uploads\/2020\/10\/Nueva-sesion-del-HCD.png",796,464,false],"newsever-featured":["https:\/\/experienciadevida.com.ar\/portalurbano\/wp-content\/uploads\/2020\/10\/Nueva-sesion-del-HCD.png",796,464,false],"newsever-medium":["https:\/\/experienciadevida.com.ar\/portalurbano\/wp-content\/uploads\/2020\/10\/Nueva-sesion-del-HCD.png",720,420,false],"web-stories-poster-portrait":["https:\/\/experienciadevida.com.ar\/portalurbano\/wp-content\/uploads\/2020\/10\/Nueva-sesion-del-HCD.png",640,373,false],"web-stories-publisher-logo":["https:\/\/experienciadevida.com.ar\/portalurbano\/wp-content\/uploads\/2020\/10\/Nueva-sesion-del-HCD.png",96,56,false],"web-stories-thumbnail":["https:\/\/experienciadevida.com.ar\/portalurbano\/wp-content\/uploads\/2020\/10\/Nueva-sesion-del-HCD.png",150,87,false]},"author_info":{"display_name":"admpu17wp","author_link":"https:\/\/experienciadevida.com.ar\/portalurbano\/author\/admpu17wp\/"},"category_info":"<a href=\"https:\/\/experienciadevida.com.ar\/portalurbano\/category\/destacadas\/\" rel=\"category tag\">Destacadas<\/a> <a href=\"https:\/\/experienciadevida.com.ar\/portalurbano\/category\/politica\/\" rel=\"category tag\">Pol\u00edtica<\/a>","tag_info":"Pol\u00edtica","comment_count":"0","amp_enabled":true,"_links":{"self":[{"href":"https:\/\/experienciadevida.com.ar\/portalurbano\/wp-json\/wp\/v2\/posts\/123657"}],"collection":[{"href":"https:\/\/experienciadevida.com.ar\/portalurbano\/wp-json\/wp\/v2\/posts"}],"about":[{"href":"https:\/\/experienciadevida.com.ar\/portalurbano\/wp-json\/wp\/v2\/types\/post"}],"author":[{"embeddable":true,"href":"https:\/\/experienciadevida.com.ar\/portalurbano\/wp-json\/wp\/v2\/users\/1"}],"replies":[{"embeddable":true,"href":"https:\/\/experienciadevida.com.ar\/portalurbano\/wp-json\/wp\/v2\/comments?post=123657"}],"version-history":[{"count":9,"href":"https:\/\/experienciadevida.com.ar\/portalurbano\/wp-json\/wp\/v2\/posts\/123657\/revisions"}],"predecessor-version":[{"id":123681,"href":"https:\/\/experienciadevida.com.ar\/portalurbano\/wp-json\/wp\/v2\/posts\/123657\/revisions\/123681"}],"wp:featuredmedia":[{"embeddable":true,"href":"https:\/\/experienciadevida.com.ar\/portalurbano\/wp-json\/wp\/v2\/media\/123658"}],"wp:attachment":[{"href":"https:\/\/experienciadevida.com.ar\/portalurbano\/wp-json\/wp\/v2\/media?parent=123657"}],"wp:term":[{"taxonomy":"category","embeddable":true,"href":"https:\/\/experienciadevida.com.ar\/portalurbano\/wp-json\/wp\/v2\/categories?post=123657"},{"taxonomy":"post_tag","embeddable":true,"href":"https:\/\/experienciadevida.com.ar\/portalurbano\/wp-json\/wp\/v2\/tags?post=123657"}],"curies":[{"name":"wp","href":"https:\/\/api.w.org\/{rel}","templated":true}]}}