{"id":123615,"date":"2020-10-07T15:13:51","date_gmt":"2020-10-07T18:13:51","guid":{"rendered":"https:\/\/experienciadevida.com.ar\/portalurbano\/?p=123615"},"modified":"2020-10-07T15:14:13","modified_gmt":"2020-10-07T18:14:13","slug":"con-varios-temas-sesionara-este-jueves-el-hcd-en-nuestra-ciudad","status":"publish","type":"post","link":"https:\/\/experienciadevida.com.ar\/portalurbano\/con-varios-temas-sesionara-este-jueves-el-hcd-en-nuestra-ciudad\/","title":{"rendered":"Con varios temas sesionar\u00e1 este jueves el HCD en nuestra ciudad"},"content":{"rendered":"<p>Este jueves con varios <strong>temas<\/strong> sesionar\u00e1 el HCD y ser\u00e1 la und\u00e9cima sesi\u00f3n.<\/p>\n<p>Uno de los temas es del bloque Cuidemos Olavarr\u00eda un proyecto de ordenanza, estableciendo el mecanismo de acceso a informes de gesti\u00f3n del DEM al HCD sin perjuicio de lo dispuesto en el art\u00edculo 108 inciso 7 del decreto ley 6769\/58 de la LOM.<\/p>\n<p><a href=\"https:\/\/experienciadevida.com.ar\/portalurbano\/con-varios-temas-sesionara-este-jueves-el-hcd-en-nuestra-ciudad\/temas-en-el-hcd\/\" rel=\"attachment wp-att-123617\"><img decoding=\"async\" class=\"alignnone size-full wp-image-123617\" src=\"https:\/\/experienciadevida.com.ar\/portalurbano\/wp-content\/uploads\/2020\/10\/Temas-en-el-HCD.jpg\" alt=\"\" width=\"1160\" height=\"868\" srcset=\"https:\/\/experienciadevida.com.ar\/portalurbano\/wp-content\/uploads\/2020\/10\/Temas-en-el-HCD.jpg 1160w, https:\/\/experienciadevida.com.ar\/portalurbano\/wp-content\/uploads\/2020\/10\/Temas-en-el-HCD-300x224.jpg 300w, https:\/\/experienciadevida.com.ar\/portalurbano\/wp-content\/uploads\/2020\/10\/Temas-en-el-HCD-1024x766.jpg 1024w, https:\/\/experienciadevida.com.ar\/portalurbano\/wp-content\/uploads\/2020\/10\/Temas-en-el-HCD-768x575.jpg 768w\" sizes=\"(max-width: 1160px) 100vw, 1160px\" \/><\/a><\/p>\n<p>El siguiente de los\u00a0<strong>temas<\/strong>\u00a0es del interbloque Frente de todos un proyecto de ordenanza modificando el inciso 3.11 del art\u00edculo 67\u00b0 de la ordenanza fiscal 2460\/99 y modificar la exenci\u00f3n del 50% de la tasa por inspecci\u00f3n de seguridad e higiene.<\/p>\n<p>Bloque UCR: proyecto de ordenanza denominaci\u00f3n de puente determinado con el nombre Florentina G\u00f3mez Miranda.<\/p>\n<p>Interbloque Frente de todos: proyecto de comunicaci\u00f3n benepl\u00e1cito al acuerdo regional de escaz\u00fa.<\/p>\n<p>Interbloque Frente de todos: proyecto de comunicaci\u00f3n benepl\u00e1cito a la modificaci\u00f3n de la ley 26815 protecci\u00f3n de ecosistemas.<\/p>\n<p>Interbloque Frente de todos: proyecto de resoluci\u00f3n benepl\u00e1cito al plan integral de pol\u00edticas ambientales de la Naci\u00f3n.<\/p>\n<p>Interbloque Frente de todos: proyecto de comunicaci\u00f3n benepl\u00e1cito a plan bonaerense de suelo, vivienda y h\u00e1bitat.<\/p>\n<p>Interbloque Frente de todos: pedido de informes terrenos municipales en todo el partido de Olavarr\u00eda<\/p>\n<p>Interbloque frente de todos: proyecto de resoluci\u00f3n benepl\u00e1cito plan nacional de suelo urbano.<\/p>\n<p>Interbloque frente de todos: proyecto de resoluci\u00f3n manifestando preocupaci\u00f3n por personas en situaci\u00f3n de calle.<\/p>\n<p>Mesa de emergencia Olavarr\u00eda: proyecto de resoluci\u00f3n solicitando al DEM el cumplimiento de la ordenanza\u00a0 3916\/15<\/p>\n<p>Interbloque Frente de todos: pedido de informes la utilizaci\u00f3n del fondo especial de cultura y turismo.<\/p>\n<p>Interbloque frente de todos: proyecto de resoluci\u00f3n solicitando al DEM dotar de medidas de salud en la localidad de recalde<\/p>\n<p>Interbloque frente de todos: proyecto de resoluci\u00f3n solicitando al DEM limpieza en lugar determinado de la ciudad.<\/p>\n<p>Interbloque frente de todos: pedido de informes sobre situaci\u00f3n de viviendas en construcci\u00f3n en sierra chica para personas v\u00edctimas de violencia de g\u00e9nero.<\/p>\n<p>Interbloque frente de todos: pedido de informes presentaci\u00f3n de la fundaci\u00f3n campo limpio.<\/p>\n<p>Interbloque frente de todos: proyecto de resoluci\u00f3n solicitando al DEM la colocaci\u00f3n de luminaria p\u00fablica en plaza del barrio pickelado.<\/p>\n<p>Interbloque frente de todos: proyecto de resoluci\u00f3n declarando de inter\u00e9s legislativo la aplicaci\u00f3n de dispositivos m\u00f3viles tercer tiempo.<\/p>\n<p>Bloque radicales en juntos por el cambio: proyecto de resoluci\u00f3n solicitando al DEM limpieza en zona determinada de la localidad de sierras bayas.<\/p>\n<p>Por \u00faltimo el bloque juntos por el camio presentar\u00e1 un proyecto de comunicaci\u00f3n benepl\u00e1cito proyecto de ley exceptuando de impuestos a servicios digitales.<\/p>\n","protected":false},"excerpt":{"rendered":"<p>Este jueves con varios temas sesionar\u00e1 el HCD y ser\u00e1 la und\u00e9cima sesi\u00f3n. Uno de&#8230;<\/p>\n","protected":false},"author":1,"featured_media":123616,"comment_status":"closed","ping_status":"closed","sticky":false,"template":"","format":"standard","meta":{"content-type":""},"categories":[51,43],"tags":[],"nelio_content":{"isAutoShareEnabled":false,"autoShareEndMode":"default","automationSources":{"useContentSentences":true,"useSocialTemplates":true,"useCustomSentences":false,"customSentences":[]},"followers":[1],"suggestedReferences":[],"includedReferences":[],"efiUrl":"","efiAlt":"","highlights":[]},"yoast_head":"<!-- This site is optimized with the Yoast SEO plugin v20.7 - https:\/\/yoast.com\/wordpress\/plugins\/seo\/ -->\n<title>Con varios temas sesionara este jueves el HCD en nuestra ciudad<\/title>\n<meta name=\"description\" content=\"Este jueves con varios temas sesionar\u00e1 el HCD y ser\u00e1 la und\u00e9cima sesi\u00f3n. La misma se desarrollar\u00e1 con la presencia del Presidente.\" \/>\n<meta name=\"robots\" content=\"index, follow, max-snippet:-1, max-image-preview:large, max-video-preview:-1\" \/>\n<link rel=\"canonical\" href=\"https:\/\/experienciadevida.com.ar\/portalurbano\/con-varios-temas-sesionara-este-jueves-el-hcd-en-nuestra-ciudad\/\" \/>\n<meta property=\"og:locale\" content=\"es_ES\" \/>\n<meta property=\"og:type\" content=\"article\" \/>\n<meta property=\"og:title\" content=\"Con varios temas sesionara este jueves el HCD en nuestra ciudad\" \/>\n<meta property=\"og:description\" content=\"Este jueves con varios temas sesionar\u00e1 el HCD y ser\u00e1 la und\u00e9cima sesi\u00f3n. La misma se desarrollar\u00e1 con la presencia del Presidente.\" \/>\n<meta property=\"og:url\" content=\"https:\/\/experienciadevida.com.ar\/portalurbano\/con-varios-temas-sesionara-este-jueves-el-hcd-en-nuestra-ciudad\/\" \/>\n<meta property=\"article:publisher\" content=\"https:\/\/www.facebook.com\/Portal-Urbano-171542830093757\/\" \/>\n<meta property=\"article:published_time\" content=\"2020-10-07T18:13:51+00:00\" \/>\n<meta property=\"article:modified_time\" content=\"2020-10-07T18:14:13+00:00\" \/>\n<meta property=\"og:image\" content=\"https:\/\/experienciadevida.com.ar\/portalurbano\/wp-content\/uploads\/2020\/10\/Temas.jpg\" \/>\n\t<meta property=\"og:image:width\" content=\"1160\" \/>\n\t<meta property=\"og:image:height\" content=\"868\" \/>\n\t<meta property=\"og:image:type\" content=\"image\/jpeg\" \/>\n<meta name=\"author\" content=\"admpu17wp\" \/>\n<meta name=\"twitter:card\" content=\"summary_large_image\" \/>\n<meta name=\"twitter:creator\" content=\"@portalurbanook\" \/>\n<meta name=\"twitter:site\" content=\"@portalurbanook\" \/>\n<meta name=\"twitter:label1\" content=\"Escrito por\" \/>\n\t<meta name=\"twitter:data1\" content=\"admpu17wp\" \/>\n\t<meta name=\"twitter:label2\" content=\"Tiempo de lectura\" \/>\n\t<meta name=\"twitter:data2\" content=\"2 minutos\" \/>\n<script type=\"application\/ld+json\" class=\"yoast-schema-graph\">{\"@context\":\"https:\/\/schema.org\",\"@graph\":[{\"@type\":\"Article\",\"@id\":\"https:\/\/experienciadevida.com.ar\/portalurbano\/con-varios-temas-sesionara-este-jueves-el-hcd-en-nuestra-ciudad\/#article\",\"isPartOf\":{\"@id\":\"https:\/\/experienciadevida.com.ar\/portalurbano\/con-varios-temas-sesionara-este-jueves-el-hcd-en-nuestra-ciudad\/\"},\"author\":{\"name\":\"admpu17wp\",\"@id\":\"https:\/\/experienciadevida.com.ar\/portalurbano\/#\/schema\/person\/02dd326b1c4b056e9cc972486934a3a7\"},\"headline\":\"Con varios temas sesionar\u00e1 este jueves el HCD en nuestra ciudad\",\"datePublished\":\"2020-10-07T18:13:51+00:00\",\"dateModified\":\"2020-10-07T18:14:13+00:00\",\"mainEntityOfPage\":{\"@id\":\"https:\/\/experienciadevida.com.ar\/portalurbano\/con-varios-temas-sesionara-este-jueves-el-hcd-en-nuestra-ciudad\/\"},\"wordCount\":462,\"publisher\":{\"@id\":\"https:\/\/experienciadevida.com.ar\/portalurbano\/#organization\"},\"articleSection\":[\"Destacadas\",\"Pol\u00edtica\"],\"inLanguage\":\"es\"},{\"@type\":\"WebPage\",\"@id\":\"https:\/\/experienciadevida.com.ar\/portalurbano\/con-varios-temas-sesionara-este-jueves-el-hcd-en-nuestra-ciudad\/\",\"url\":\"https:\/\/experienciadevida.com.ar\/portalurbano\/con-varios-temas-sesionara-este-jueves-el-hcd-en-nuestra-ciudad\/\",\"name\":\"Con varios temas sesionara este jueves el HCD en nuestra ciudad\",\"isPartOf\":{\"@id\":\"https:\/\/experienciadevida.com.ar\/portalurbano\/#website\"},\"datePublished\":\"2020-10-07T18:13:51+00:00\",\"dateModified\":\"2020-10-07T18:14:13+00:00\",\"description\":\"Este jueves con varios temas sesionar\u00e1 el HCD y ser\u00e1 la und\u00e9cima sesi\u00f3n. La misma se desarrollar\u00e1 con la presencia del Presidente.\",\"breadcrumb\":{\"@id\":\"https:\/\/experienciadevida.com.ar\/portalurbano\/con-varios-temas-sesionara-este-jueves-el-hcd-en-nuestra-ciudad\/#breadcrumb\"},\"inLanguage\":\"es\",\"potentialAction\":[{\"@type\":\"ReadAction\",\"target\":[\"https:\/\/experienciadevida.com.ar\/portalurbano\/con-varios-temas-sesionara-este-jueves-el-hcd-en-nuestra-ciudad\/\"]}]},{\"@type\":\"BreadcrumbList\",\"@id\":\"https:\/\/experienciadevida.com.ar\/portalurbano\/con-varios-temas-sesionara-este-jueves-el-hcd-en-nuestra-ciudad\/#breadcrumb\",\"itemListElement\":[{\"@type\":\"ListItem\",\"position\":1,\"name\":\"Portada\",\"item\":\"https:\/\/experienciadevida.com.ar\/portalurbano\/\"},{\"@type\":\"ListItem\",\"position\":2,\"name\":\"Con varios temas sesionar\u00e1 este jueves el HCD en nuestra ciudad\"}]},{\"@type\":\"WebSite\",\"@id\":\"https:\/\/experienciadevida.com.ar\/portalurbano\/#website\",\"url\":\"https:\/\/experienciadevida.com.ar\/portalurbano\/\",\"name\":\"\",\"description\":\"\",\"publisher\":{\"@id\":\"https:\/\/experienciadevida.com.ar\/portalurbano\/#organization\"},\"potentialAction\":[{\"@type\":\"SearchAction\",\"target\":{\"@type\":\"EntryPoint\",\"urlTemplate\":\"https:\/\/experienciadevida.com.ar\/portalurbano\/?s={search_term_string}\"},\"query-input\":\"required name=search_term_string\"}],\"inLanguage\":\"es\"},{\"@type\":\"Organization\",\"@id\":\"https:\/\/experienciadevida.com.ar\/portalurbano\/#organization\",\"name\":\"Portal Urbano\",\"url\":\"https:\/\/experienciadevida.com.ar\/portalurbano\/\",\"logo\":{\"@type\":\"ImageObject\",\"inLanguage\":\"es\",\"@id\":\"https:\/\/experienciadevida.com.ar\/portalurbano\/#\/schema\/logo\/image\/\",\"url\":\"https:\/\/experienciadevida.com.ar\/portalurbano\/wp-content\/uploads\/2019\/09\/Logo-Original.png\",\"contentUrl\":\"https:\/\/experienciadevida.com.ar\/portalurbano\/wp-content\/uploads\/2019\/09\/Logo-Original.png\",\"width\":2236,\"height\":1216,\"caption\":\"Portal Urbano\"},\"image\":{\"@id\":\"https:\/\/experienciadevida.com.ar\/portalurbano\/#\/schema\/logo\/image\/\"},\"sameAs\":[\"https:\/\/www.facebook.com\/Portal-Urbano-171542830093757\/\",\"https:\/\/twitter.com\/portalurbanook\",\"https:\/\/www.instagram.com\/_portalurbano\/\",\"https:\/\/www.youtube.com\/channel\/UCXhagIfszH8KxFiOok79zbA?view_as=subscriber\"]},{\"@type\":\"Person\",\"@id\":\"https:\/\/experienciadevida.com.ar\/portalurbano\/#\/schema\/person\/02dd326b1c4b056e9cc972486934a3a7\",\"name\":\"admpu17wp\",\"image\":{\"@type\":\"ImageObject\",\"inLanguage\":\"es\",\"@id\":\"https:\/\/experienciadevida.com.ar\/portalurbano\/#\/schema\/person\/image\/\",\"url\":\"https:\/\/secure.gravatar.com\/avatar\/830d4c57adaae6630765e449a6908047?s=96&d=mm&r=g\",\"contentUrl\":\"https:\/\/secure.gravatar.com\/avatar\/830d4c57adaae6630765e449a6908047?s=96&d=mm&r=g\",\"caption\":\"admpu17wp\"}}]}<\/script>\n<!-- \/ Yoast SEO plugin. -->","yoast_head_json":{"title":"Con varios temas sesionara este jueves el HCD en nuestra ciudad","description":"Este jueves con varios temas sesionar\u00e1 el HCD y ser\u00e1 la und\u00e9cima sesi\u00f3n. La misma se desarrollar\u00e1 con la presencia del Presidente.","robots":{"index":"index","follow":"follow","max-snippet":"max-snippet:-1","max-image-preview":"max-image-preview:large","max-video-preview":"max-video-preview:-1"},"canonical":"https:\/\/experienciadevida.com.ar\/portalurbano\/con-varios-temas-sesionara-este-jueves-el-hcd-en-nuestra-ciudad\/","og_locale":"es_ES","og_type":"article","og_title":"Con varios temas sesionara este jueves el HCD en nuestra ciudad","og_description":"Este jueves con varios temas sesionar\u00e1 el HCD y ser\u00e1 la und\u00e9cima sesi\u00f3n. La misma se desarrollar\u00e1 con la presencia del Presidente.","og_url":"https:\/\/experienciadevida.com.ar\/portalurbano\/con-varios-temas-sesionara-este-jueves-el-hcd-en-nuestra-ciudad\/","article_publisher":"https:\/\/www.facebook.com\/Portal-Urbano-171542830093757\/","article_published_time":"2020-10-07T18:13:51+00:00","article_modified_time":"2020-10-07T18:14:13+00:00","og_image":[{"width":1160,"height":868,"url":"https:\/\/experienciadevida.com.ar\/portalurbano\/wp-content\/uploads\/2020\/10\/Temas.jpg","type":"image\/jpeg"}],"author":"admpu17wp","twitter_card":"summary_large_image","twitter_creator":"@portalurbanook","twitter_site":"@portalurbanook","twitter_misc":{"Escrito por":"admpu17wp","Tiempo de lectura":"2 minutos"},"schema":{"@context":"https:\/\/schema.org","@graph":[{"@type":"Article","@id":"https:\/\/experienciadevida.com.ar\/portalurbano\/con-varios-temas-sesionara-este-jueves-el-hcd-en-nuestra-ciudad\/#article","isPartOf":{"@id":"https:\/\/experienciadevida.com.ar\/portalurbano\/con-varios-temas-sesionara-este-jueves-el-hcd-en-nuestra-ciudad\/"},"author":{"name":"admpu17wp","@id":"https:\/\/experienciadevida.com.ar\/portalurbano\/#\/schema\/person\/02dd326b1c4b056e9cc972486934a3a7"},"headline":"Con varios temas sesionar\u00e1 este jueves el HCD en nuestra ciudad","datePublished":"2020-10-07T18:13:51+00:00","dateModified":"2020-10-07T18:14:13+00:00","mainEntityOfPage":{"@id":"https:\/\/experienciadevida.com.ar\/portalurbano\/con-varios-temas-sesionara-este-jueves-el-hcd-en-nuestra-ciudad\/"},"wordCount":462,"publisher":{"@id":"https:\/\/experienciadevida.com.ar\/portalurbano\/#organization"},"articleSection":["Destacadas","Pol\u00edtica"],"inLanguage":"es"},{"@type":"WebPage","@id":"https:\/\/experienciadevida.com.ar\/portalurbano\/con-varios-temas-sesionara-este-jueves-el-hcd-en-nuestra-ciudad\/","url":"https:\/\/experienciadevida.com.ar\/portalurbano\/con-varios-temas-sesionara-este-jueves-el-hcd-en-nuestra-ciudad\/","name":"Con varios temas sesionara este jueves el HCD en nuestra ciudad","isPartOf":{"@id":"https:\/\/experienciadevida.com.ar\/portalurbano\/#website"},"datePublished":"2020-10-07T18:13:51+00:00","dateModified":"2020-10-07T18:14:13+00:00","description":"Este jueves con varios temas sesionar\u00e1 el HCD y ser\u00e1 la und\u00e9cima sesi\u00f3n. La misma se desarrollar\u00e1 con la presencia del Presidente.","breadcrumb":{"@id":"https:\/\/experienciadevida.com.ar\/portalurbano\/con-varios-temas-sesionara-este-jueves-el-hcd-en-nuestra-ciudad\/#breadcrumb"},"inLanguage":"es","potentialAction":[{"@type":"ReadAction","target":["https:\/\/experienciadevida.com.ar\/portalurbano\/con-varios-temas-sesionara-este-jueves-el-hcd-en-nuestra-ciudad\/"]}]},{"@type":"BreadcrumbList","@id":"https:\/\/experienciadevida.com.ar\/portalurbano\/con-varios-temas-sesionara-este-jueves-el-hcd-en-nuestra-ciudad\/#breadcrumb","itemListElement":[{"@type":"ListItem","position":1,"name":"Portada","item":"https:\/\/experienciadevida.com.ar\/portalurbano\/"},{"@type":"ListItem","position":2,"name":"Con varios temas sesionar\u00e1 este jueves el HCD en nuestra ciudad"}]},{"@type":"WebSite","@id":"https:\/\/experienciadevida.com.ar\/portalurbano\/#website","url":"https:\/\/experienciadevida.com.ar\/portalurbano\/","name":"","description":"","publisher":{"@id":"https:\/\/experienciadevida.com.ar\/portalurbano\/#organization"},"potentialAction":[{"@type":"SearchAction","target":{"@type":"EntryPoint","urlTemplate":"https:\/\/experienciadevida.com.ar\/portalurbano\/?s={search_term_string}"},"query-input":"required name=search_term_string"}],"inLanguage":"es"},{"@type":"Organization","@id":"https:\/\/experienciadevida.com.ar\/portalurbano\/#organization","name":"Portal Urbano","url":"https:\/\/experienciadevida.com.ar\/portalurbano\/","logo":{"@type":"ImageObject","inLanguage":"es","@id":"https:\/\/experienciadevida.com.ar\/portalurbano\/#\/schema\/logo\/image\/","url":"https:\/\/experienciadevida.com.ar\/portalurbano\/wp-content\/uploads\/2019\/09\/Logo-Original.png","contentUrl":"https:\/\/experienciadevida.com.ar\/portalurbano\/wp-content\/uploads\/2019\/09\/Logo-Original.png","width":2236,"height":1216,"caption":"Portal Urbano"},"image":{"@id":"https:\/\/experienciadevida.com.ar\/portalurbano\/#\/schema\/logo\/image\/"},"sameAs":["https:\/\/www.facebook.com\/Portal-Urbano-171542830093757\/","https:\/\/twitter.com\/portalurbanook","https:\/\/www.instagram.com\/_portalurbano\/","https:\/\/www.youtube.com\/channel\/UCXhagIfszH8KxFiOok79zbA?view_as=subscriber"]},{"@type":"Person","@id":"https:\/\/experienciadevida.com.ar\/portalurbano\/#\/schema\/person\/02dd326b1c4b056e9cc972486934a3a7","name":"admpu17wp","image":{"@type":"ImageObject","inLanguage":"es","@id":"https:\/\/experienciadevida.com.ar\/portalurbano\/#\/schema\/person\/image\/","url":"https:\/\/secure.gravatar.com\/avatar\/830d4c57adaae6630765e449a6908047?s=96&d=mm&r=g","contentUrl":"https:\/\/secure.gravatar.com\/avatar\/830d4c57adaae6630765e449a6908047?s=96&d=mm&r=g","caption":"admpu17wp"}}]}},"featured_image_urls":{"full":["https:\/\/experienciadevida.com.ar\/portalurbano\/wp-content\/uploads\/2020\/10\/Temas.jpg",1160,868,false],"thumbnail":["https:\/\/experienciadevida.com.ar\/portalurbano\/wp-content\/uploads\/2020\/10\/Temas-150x150.jpg",150,150,true],"medium":["https:\/\/experienciadevida.com.ar\/portalurbano\/wp-content\/uploads\/2020\/10\/Temas-300x224.jpg",300,224,true],"medium_large":["https:\/\/experienciadevida.com.ar\/portalurbano\/wp-content\/uploads\/2020\/10\/Temas-768x575.jpg",640,479,true],"large":["https:\/\/experienciadevida.com.ar\/portalurbano\/wp-content\/uploads\/2020\/10\/Temas-1024x766.jpg",640,479,true],"ug_big":["https:\/\/experienciadevida.com.ar\/portalurbano\/wp-content\/uploads\/2020\/10\/Temas-768x575.jpg",768,575,true],"1536x1536":["https:\/\/experienciadevida.com.ar\/portalurbano\/wp-content\/uploads\/2020\/10\/Temas.jpg",1160,868,false],"2048x2048":["https:\/\/experienciadevida.com.ar\/portalurbano\/wp-content\/uploads\/2020\/10\/Temas.jpg",1160,868,false],"newsever-slider-full":["https:\/\/experienciadevida.com.ar\/portalurbano\/wp-content\/uploads\/2020\/10\/Temas.jpg",1129,845,false],"newsever-featured":["https:\/\/experienciadevida.com.ar\/portalurbano\/wp-content\/uploads\/2020\/10\/Temas.jpg",1024,766,false],"newsever-medium":["https:\/\/experienciadevida.com.ar\/portalurbano\/wp-content\/uploads\/2020\/10\/Temas.jpg",635,475,false],"web-stories-poster-portrait":["https:\/\/experienciadevida.com.ar\/portalurbano\/wp-content\/uploads\/2020\/10\/Temas.jpg",640,479,false],"web-stories-publisher-logo":["https:\/\/experienciadevida.com.ar\/portalurbano\/wp-content\/uploads\/2020\/10\/Temas.jpg",96,72,false],"web-stories-thumbnail":["https:\/\/experienciadevida.com.ar\/portalurbano\/wp-content\/uploads\/2020\/10\/Temas.jpg",150,112,false]},"author_info":{"display_name":"admpu17wp","author_link":"https:\/\/experienciadevida.com.ar\/portalurbano\/author\/admpu17wp\/"},"category_info":"<a href=\"https:\/\/experienciadevida.com.ar\/portalurbano\/category\/destacadas\/\" rel=\"category tag\">Destacadas<\/a> <a href=\"https:\/\/experienciadevida.com.ar\/portalurbano\/category\/politica\/\" rel=\"category tag\">Pol\u00edtica<\/a>","tag_info":"Pol\u00edtica","comment_count":"0","amp_enabled":true,"_links":{"self":[{"href":"https:\/\/experienciadevida.com.ar\/portalurbano\/wp-json\/wp\/v2\/posts\/123615"}],"collection":[{"href":"https:\/\/experienciadevida.com.ar\/portalurbano\/wp-json\/wp\/v2\/posts"}],"about":[{"href":"https:\/\/experienciadevida.com.ar\/portalurbano\/wp-json\/wp\/v2\/types\/post"}],"author":[{"embeddable":true,"href":"https:\/\/experienciadevida.com.ar\/portalurbano\/wp-json\/wp\/v2\/users\/1"}],"replies":[{"embeddable":true,"href":"https:\/\/experienciadevida.com.ar\/portalurbano\/wp-json\/wp\/v2\/comments?post=123615"}],"version-history":[{"count":3,"href":"https:\/\/experienciadevida.com.ar\/portalurbano\/wp-json\/wp\/v2\/posts\/123615\/revisions"}],"predecessor-version":[{"id":123620,"href":"https:\/\/experienciadevida.com.ar\/portalurbano\/wp-json\/wp\/v2\/posts\/123615\/revisions\/123620"}],"wp:featuredmedia":[{"embeddable":true,"href":"https:\/\/experienciadevida.com.ar\/portalurbano\/wp-json\/wp\/v2\/media\/123616"}],"wp:attachment":[{"href":"https:\/\/experienciadevida.com.ar\/portalurbano\/wp-json\/wp\/v2\/media?parent=123615"}],"wp:term":[{"taxonomy":"category","embeddable":true,"href":"https:\/\/experienciadevida.com.ar\/portalurbano\/wp-json\/wp\/v2\/categories?post=123615"},{"taxonomy":"post_tag","embeddable":true,"href":"https:\/\/experienciadevida.com.ar\/portalurbano\/wp-json\/wp\/v2\/tags?post=123615"}],"curies":[{"name":"wp","href":"https:\/\/api.w.org\/{rel}","templated":true}]}}