{"id":123527,"date":"2020-10-06T14:26:42","date_gmt":"2020-10-06T17:26:42","guid":{"rendered":"https:\/\/experienciadevida.com.ar\/portalurbano\/?p=123527"},"modified":"2020-10-06T14:27:05","modified_gmt":"2020-10-06T17:27:05","slug":"mes-rosa-campana-de-sensibilizacion-sobre-el-cancer-de-mama","status":"publish","type":"post","link":"https:\/\/experienciadevida.com.ar\/portalurbano\/mes-rosa-campana-de-sensibilizacion-sobre-el-cancer-de-mama\/","title":{"rendered":"Mes Rosa: Campa\u00f1a de sensibilizaci\u00f3n sobre el c\u00e1ncer de mama"},"content":{"rendered":"<p>Octubre es el <strong>Mes rosa<\/strong> de Sensibilizaci\u00f3n sobre el C\u00e1ncer de Mama, que se celebra en todo el mundo a los fines de aumentar la atenci\u00f3n y el apoyo prestados a la concientizaci\u00f3n, la detecci\u00f3n precoz, el tratamiento y los cuidados paliativos en torno a esta enfermedad.<\/p>\n<p>Tal como expresa la Organizaci\u00f3n Mundial de la Salud (OMS), el c\u00e1ncer de mama es el m\u00e1s frecuente en las mujeres. La detecci\u00f3n precoz sigue siendo la piedra angular de la lucha contra esta enfermedad. Cuando se detecta precozmente, se establece un diagn\u00f3stico adecuado y se dispone de tratamiento, las posibilidades de curaci\u00f3n son elevadas.<\/p>\n<p>Olavarr\u00eda no es la excepci\u00f3n a esta acci\u00f3n global de concientizaci\u00f3n y conmemora el \u201c<strong>Mes Rosa\u201d<\/strong> \u2013 color que simboliza esta movida a nivel mundial -. Dicha iniciativa se enmarca en \u201cLolas en Campa\u00f1a\u201d, actividad que naci\u00f3 hace una d\u00e9cada, con la colaboraci\u00f3n permanente del Municipio y resultado del trabajo conjunto entre estudiantes, docentes y directivos de nivel secundario del Colegio Ntra. Sra. de F\u00e1tima, junto a la filial Olavarr\u00eda de la Liga Argentina de Lucha contra el C\u00e1ncer (LALCEC) y el acompa\u00f1amiento de instituciones educativas. Se trata de una campa\u00f1a de concientizaci\u00f3n que ha logrado sostenerse en el tiempo, y m\u00e1s a\u00fan se ha consolidado con el correr de los a\u00f1os, aumentando el n\u00famero de propuestas y buscando ampliarse hacia otras instituciones de la comunidad, con el fin de incrementar el alcance de la campa\u00f1a.\u00a0<em>\u201cEstamos cursando la d\u00e9cima temporada de \u2018Lolas en Campa\u00f1a\u2019, empezamos en 2011. Esta iniciativa ya es comunitaria, esta campa\u00f1a ya es de todos\u201d\u00a0<\/em>destac\u00f3 Ivonne Olivetto, titular de LALCEC Olavarr\u00eda y una de las referentes de la actividad.<\/p>\n<p>La presente campa\u00f1a ser\u00e1 diferente a las anteriores, dado que el contexto de pandemia obliga a aggiornarse a la virtualidad y posponer las acciones presenciales, tales como caminatas y entrega de folletos en el Vered\u00f3n. Ser\u00e1 una campa\u00f1a digital, explica Ivonne Olivetto, quien a\u00f1adi\u00f3 que los controles ser\u00e1n en LALCEC atendiendo a todas las medidas de bioseguridad, no se dar\u00e1n turnos en el Hospital por respeto al protocolo sanitario vigente. Dispondr\u00e1n lazos rosas en distintos puntos de la ciudad y se iluminar\u00e1 el puente, como ya es habitual y, si bien no estar\u00e1n presentes en el Vered\u00f3n, se har\u00e1 entrega de folletos en distintos comercios para que sean dispuestos en el mostrador y que cada persona que ingrese pueda llevarse el material;\u00a0<em>\u201csobre todo en locales de venta de lencer\u00eda, para que al adquirir una prenda las mujeres recuerden hacerse los controles\u201d.<\/em><\/p>\n<p><em>\u201cQueremos contribuir en este contexto especial con peque\u00f1as \u2018ayuda memoria\u2019 para no dejar de lado la prevenci\u00f3n en salud\u201d,<\/em>\u00a0concluy\u00f3 Olivetto.<\/p>\n<p>Mediante esta campa\u00f1a informativa y de concientizaci\u00f3n que se realiza cada a\u00f1o, se hace especial hincapi\u00e9 en las medidas de prevenci\u00f3n primaria, importantes no s\u00f3lo para prevenir la enfermedad sino tambi\u00e9n para detectar cualquier anomal\u00eda de forma temprana, lo que mitiga sustancialmente el desarrollo de la enfermedad.<\/p>\n<p>En el <strong>mes rosa <\/strong>se habla sobre la incorporaci\u00f3n de h\u00e1bitos saludables reduce un 40% las posibilidades de contraer cualquier tipo de c\u00e1ncer. Algunos ejemplos son:<\/p>\n<p>Tener una alimentaci\u00f3n saludable, incorporando frutas, verduras y cereales a la dieta<br \/>\nProtegerse de la exposici\u00f3n solar<br \/>\nEvitar el exceso de peso<br \/>\nRealizar actividad f\u00edsica en forma regular<br \/>\nNo fumar<br \/>\nConsumo responsable de alcohol<br \/>\nVisitar al ginec\u00f3logo o m\u00e9dico de cabecera de manera peri\u00f3dica<\/p>\n<p><strong>\u00bfQu\u00e9 es c\u00e1ncer de mama?<\/strong><\/p>\n<p>El c\u00e1ncer de mama es un tumor maligno que se origina en el tejido de la gl\u00e1ndula mamaria. Cuando las c\u00e9lulas tumorales proceden del tejido glandular de la mama y tienen capacidad de invadir los tejidos sanos de alrededor y de alcanzar \u00f3rganos alejados e implantarse en ellos, hablamos de c\u00e1ncer de mama.<\/p>\n<p><strong>\u00bfC\u00f3mo se detecta el c\u00e1ncer de mama?<\/strong><\/p>\n<p>Las pruebas y ex\u00e1menes de detecci\u00f3n tienen el prop\u00f3sito de encontrar una enfermedad, como el c\u00e1ncer, en las personas que no tienen ning\u00fan s\u00edntoma. Mientras m\u00e1s temprano se detecte el c\u00e1ncer de mama, mejores son las probabilidades de que el tratamiento tenga \u00e9xito. El c\u00e1ncer de mama es una de las pocas enfermedades cancerosas que se pueden diagnosticar precozmente; es decir, antes de que se note alg\u00fan s\u00edntoma.<\/p>\n<p>Las posibilidades de curaci\u00f3n de los c\u00e1nceres de mama que se detectan en su etapa inicial son pr\u00e1cticamente del 95%. La t\u00e9cnica utilizada y mundialmente aceptada es la mamograf\u00eda, que consiste en una radiograf\u00eda de las mamas, capaz de detectar lesiones en estadios muy incipientes de la enfermedad. La dosis de radiaci\u00f3n empleada en la mamograf\u00eda es m\u00ednima, por lo que resulta inofensiva. LALCEC y la Sociedad Argentina de Mastolog\u00eda recomiendan realizar la primera mamograf\u00eda a partir de los 40 a\u00f1os. En mujeres j\u00f3venes y con mamas densas el especialista puede sugerir adem\u00e1s, una ecograf\u00eda, tambi\u00e9n llamada ultrasonograf\u00eda.<\/p>\n<p>Asimismo, es recomendable realizarse mensualmente el\u00a0autoexamen, que consiste en: palpar la mama a los 7 d\u00edas del ciclo menstrual, mirarse frente al espejo, palpar en forma circular con el pulpejo de los dedos, en forma parada y luego acostada y palpar adem\u00e1s la axila. En caso de tocar o ver algo raro recurrir de forma urgente al m\u00e9dico.<\/p>\n","protected":false},"excerpt":{"rendered":"<p>Octubre es el Mes rosa de Sensibilizaci\u00f3n sobre el C\u00e1ncer de Mama, que se celebra&#8230;<\/p>\n","protected":false},"author":1,"featured_media":123528,"comment_status":"closed","ping_status":"closed","sticky":false,"template":"","format":"standard","meta":{"content-type":""},"categories":[27,51],"tags":[],"nelio_content":{"isAutoShareEnabled":false,"autoShareEndMode":"default","automationSources":{"useContentSentences":true,"useSocialTemplates":true,"useCustomSentences":false,"customSentences":[]},"followers":[1],"suggestedReferences":[],"includedReferences":[],"efiUrl":"","efiAlt":"","highlights":[]},"yoast_head":"<!-- This site is optimized with the Yoast SEO plugin v20.7 - https:\/\/yoast.com\/wordpress\/plugins\/seo\/ -->\n<title>Mes rosa: Campa\u00f1a de sensibilizaci\u00f3n sobre el c\u00e1ncer de mama<\/title>\n<meta name=\"description\" content=\"Octubre es el Mes rosa de Sensibilizaci\u00f3n sobre el C\u00e1ncer de Mama, que se celebra en todo el mundo a los fines de aumentar la concientizacion\" \/>\n<meta name=\"robots\" content=\"index, follow, max-snippet:-1, max-image-preview:large, max-video-preview:-1\" \/>\n<link rel=\"canonical\" href=\"https:\/\/experienciadevida.com.ar\/portalurbano\/mes-rosa-campana-de-sensibilizacion-sobre-el-cancer-de-mama\/\" \/>\n<meta property=\"og:locale\" content=\"es_ES\" \/>\n<meta property=\"og:type\" content=\"article\" \/>\n<meta property=\"og:title\" content=\"Mes rosa: Campa\u00f1a de sensibilizaci\u00f3n sobre el c\u00e1ncer de mama\" \/>\n<meta property=\"og:description\" content=\"Octubre es el Mes rosa de Sensibilizaci\u00f3n sobre el C\u00e1ncer de Mama, que se celebra en todo el mundo a los fines de aumentar la concientizacion\" \/>\n<meta property=\"og:url\" content=\"https:\/\/experienciadevida.com.ar\/portalurbano\/mes-rosa-campana-de-sensibilizacion-sobre-el-cancer-de-mama\/\" \/>\n<meta property=\"article:publisher\" content=\"https:\/\/www.facebook.com\/Portal-Urbano-171542830093757\/\" \/>\n<meta property=\"article:published_time\" content=\"2020-10-06T17:26:42+00:00\" \/>\n<meta property=\"article:modified_time\" content=\"2020-10-06T17:27:05+00:00\" \/>\n<meta property=\"og:image\" content=\"https:\/\/experienciadevida.com.ar\/portalurbano\/wp-content\/uploads\/2020\/10\/Mes-rosa.jpg\" \/>\n\t<meta property=\"og:image:width\" content=\"1024\" \/>\n\t<meta property=\"og:image:height\" content=\"682\" \/>\n\t<meta property=\"og:image:type\" content=\"image\/jpeg\" \/>\n<meta name=\"author\" content=\"admpu17wp\" \/>\n<meta name=\"twitter:card\" content=\"summary_large_image\" \/>\n<meta name=\"twitter:creator\" content=\"@portalurbanook\" \/>\n<meta name=\"twitter:site\" content=\"@portalurbanook\" \/>\n<meta name=\"twitter:label1\" content=\"Escrito por\" \/>\n\t<meta name=\"twitter:data1\" content=\"admpu17wp\" \/>\n\t<meta name=\"twitter:label2\" content=\"Tiempo de lectura\" \/>\n\t<meta name=\"twitter:data2\" content=\"5 minutos\" \/>\n<script type=\"application\/ld+json\" class=\"yoast-schema-graph\">{\"@context\":\"https:\/\/schema.org\",\"@graph\":[{\"@type\":\"Article\",\"@id\":\"https:\/\/experienciadevida.com.ar\/portalurbano\/mes-rosa-campana-de-sensibilizacion-sobre-el-cancer-de-mama\/#article\",\"isPartOf\":{\"@id\":\"https:\/\/experienciadevida.com.ar\/portalurbano\/mes-rosa-campana-de-sensibilizacion-sobre-el-cancer-de-mama\/\"},\"author\":{\"name\":\"admpu17wp\",\"@id\":\"https:\/\/experienciadevida.com.ar\/portalurbano\/#\/schema\/person\/02dd326b1c4b056e9cc972486934a3a7\"},\"headline\":\"Mes Rosa: Campa\u00f1a de sensibilizaci\u00f3n sobre el c\u00e1ncer de mama\",\"datePublished\":\"2020-10-06T17:26:42+00:00\",\"dateModified\":\"2020-10-06T17:27:05+00:00\",\"mainEntityOfPage\":{\"@id\":\"https:\/\/experienciadevida.com.ar\/portalurbano\/mes-rosa-campana-de-sensibilizacion-sobre-el-cancer-de-mama\/\"},\"wordCount\":952,\"publisher\":{\"@id\":\"https:\/\/experienciadevida.com.ar\/portalurbano\/#organization\"},\"articleSection\":[\"Ciudad\",\"Destacadas\"],\"inLanguage\":\"es\"},{\"@type\":\"WebPage\",\"@id\":\"https:\/\/experienciadevida.com.ar\/portalurbano\/mes-rosa-campana-de-sensibilizacion-sobre-el-cancer-de-mama\/\",\"url\":\"https:\/\/experienciadevida.com.ar\/portalurbano\/mes-rosa-campana-de-sensibilizacion-sobre-el-cancer-de-mama\/\",\"name\":\"Mes rosa: Campa\u00f1a de sensibilizaci\u00f3n sobre el c\u00e1ncer de mama\",\"isPartOf\":{\"@id\":\"https:\/\/experienciadevida.com.ar\/portalurbano\/#website\"},\"datePublished\":\"2020-10-06T17:26:42+00:00\",\"dateModified\":\"2020-10-06T17:27:05+00:00\",\"description\":\"Octubre es el Mes rosa de Sensibilizaci\u00f3n sobre el C\u00e1ncer de Mama, que se celebra en todo el mundo a los fines de aumentar la concientizacion\",\"breadcrumb\":{\"@id\":\"https:\/\/experienciadevida.com.ar\/portalurbano\/mes-rosa-campana-de-sensibilizacion-sobre-el-cancer-de-mama\/#breadcrumb\"},\"inLanguage\":\"es\",\"potentialAction\":[{\"@type\":\"ReadAction\",\"target\":[\"https:\/\/experienciadevida.com.ar\/portalurbano\/mes-rosa-campana-de-sensibilizacion-sobre-el-cancer-de-mama\/\"]}]},{\"@type\":\"BreadcrumbList\",\"@id\":\"https:\/\/experienciadevida.com.ar\/portalurbano\/mes-rosa-campana-de-sensibilizacion-sobre-el-cancer-de-mama\/#breadcrumb\",\"itemListElement\":[{\"@type\":\"ListItem\",\"position\":1,\"name\":\"Portada\",\"item\":\"https:\/\/experienciadevida.com.ar\/portalurbano\/\"},{\"@type\":\"ListItem\",\"position\":2,\"name\":\"Mes Rosa: Campa\u00f1a de sensibilizaci\u00f3n sobre el c\u00e1ncer de mama\"}]},{\"@type\":\"WebSite\",\"@id\":\"https:\/\/experienciadevida.com.ar\/portalurbano\/#website\",\"url\":\"https:\/\/experienciadevida.com.ar\/portalurbano\/\",\"name\":\"\",\"description\":\"\",\"publisher\":{\"@id\":\"https:\/\/experienciadevida.com.ar\/portalurbano\/#organization\"},\"potentialAction\":[{\"@type\":\"SearchAction\",\"target\":{\"@type\":\"EntryPoint\",\"urlTemplate\":\"https:\/\/experienciadevida.com.ar\/portalurbano\/?s={search_term_string}\"},\"query-input\":\"required name=search_term_string\"}],\"inLanguage\":\"es\"},{\"@type\":\"Organization\",\"@id\":\"https:\/\/experienciadevida.com.ar\/portalurbano\/#organization\",\"name\":\"Portal Urbano\",\"url\":\"https:\/\/experienciadevida.com.ar\/portalurbano\/\",\"logo\":{\"@type\":\"ImageObject\",\"inLanguage\":\"es\",\"@id\":\"https:\/\/experienciadevida.com.ar\/portalurbano\/#\/schema\/logo\/image\/\",\"url\":\"https:\/\/experienciadevida.com.ar\/portalurbano\/wp-content\/uploads\/2019\/09\/Logo-Original.png\",\"contentUrl\":\"https:\/\/experienciadevida.com.ar\/portalurbano\/wp-content\/uploads\/2019\/09\/Logo-Original.png\",\"width\":2236,\"height\":1216,\"caption\":\"Portal Urbano\"},\"image\":{\"@id\":\"https:\/\/experienciadevida.com.ar\/portalurbano\/#\/schema\/logo\/image\/\"},\"sameAs\":[\"https:\/\/www.facebook.com\/Portal-Urbano-171542830093757\/\",\"https:\/\/twitter.com\/portalurbanook\",\"https:\/\/www.instagram.com\/_portalurbano\/\",\"https:\/\/www.youtube.com\/channel\/UCXhagIfszH8KxFiOok79zbA?view_as=subscriber\"]},{\"@type\":\"Person\",\"@id\":\"https:\/\/experienciadevida.com.ar\/portalurbano\/#\/schema\/person\/02dd326b1c4b056e9cc972486934a3a7\",\"name\":\"admpu17wp\",\"image\":{\"@type\":\"ImageObject\",\"inLanguage\":\"es\",\"@id\":\"https:\/\/experienciadevida.com.ar\/portalurbano\/#\/schema\/person\/image\/\",\"url\":\"https:\/\/secure.gravatar.com\/avatar\/830d4c57adaae6630765e449a6908047?s=96&d=mm&r=g\",\"contentUrl\":\"https:\/\/secure.gravatar.com\/avatar\/830d4c57adaae6630765e449a6908047?s=96&d=mm&r=g\",\"caption\":\"admpu17wp\"}}]}<\/script>\n<!-- \/ Yoast SEO plugin. -->","yoast_head_json":{"title":"Mes rosa: Campa\u00f1a de sensibilizaci\u00f3n sobre el c\u00e1ncer de mama","description":"Octubre es el Mes rosa de Sensibilizaci\u00f3n sobre el C\u00e1ncer de Mama, que se celebra en todo el mundo a los fines de aumentar la concientizacion","robots":{"index":"index","follow":"follow","max-snippet":"max-snippet:-1","max-image-preview":"max-image-preview:large","max-video-preview":"max-video-preview:-1"},"canonical":"https:\/\/experienciadevida.com.ar\/portalurbano\/mes-rosa-campana-de-sensibilizacion-sobre-el-cancer-de-mama\/","og_locale":"es_ES","og_type":"article","og_title":"Mes rosa: Campa\u00f1a de sensibilizaci\u00f3n sobre el c\u00e1ncer de mama","og_description":"Octubre es el Mes rosa de Sensibilizaci\u00f3n sobre el C\u00e1ncer de Mama, que se celebra en todo el mundo a los fines de aumentar la concientizacion","og_url":"https:\/\/experienciadevida.com.ar\/portalurbano\/mes-rosa-campana-de-sensibilizacion-sobre-el-cancer-de-mama\/","article_publisher":"https:\/\/www.facebook.com\/Portal-Urbano-171542830093757\/","article_published_time":"2020-10-06T17:26:42+00:00","article_modified_time":"2020-10-06T17:27:05+00:00","og_image":[{"width":1024,"height":682,"url":"https:\/\/experienciadevida.com.ar\/portalurbano\/wp-content\/uploads\/2020\/10\/Mes-rosa.jpg","type":"image\/jpeg"}],"author":"admpu17wp","twitter_card":"summary_large_image","twitter_creator":"@portalurbanook","twitter_site":"@portalurbanook","twitter_misc":{"Escrito por":"admpu17wp","Tiempo de lectura":"5 minutos"},"schema":{"@context":"https:\/\/schema.org","@graph":[{"@type":"Article","@id":"https:\/\/experienciadevida.com.ar\/portalurbano\/mes-rosa-campana-de-sensibilizacion-sobre-el-cancer-de-mama\/#article","isPartOf":{"@id":"https:\/\/experienciadevida.com.ar\/portalurbano\/mes-rosa-campana-de-sensibilizacion-sobre-el-cancer-de-mama\/"},"author":{"name":"admpu17wp","@id":"https:\/\/experienciadevida.com.ar\/portalurbano\/#\/schema\/person\/02dd326b1c4b056e9cc972486934a3a7"},"headline":"Mes Rosa: Campa\u00f1a de sensibilizaci\u00f3n sobre el c\u00e1ncer de mama","datePublished":"2020-10-06T17:26:42+00:00","dateModified":"2020-10-06T17:27:05+00:00","mainEntityOfPage":{"@id":"https:\/\/experienciadevida.com.ar\/portalurbano\/mes-rosa-campana-de-sensibilizacion-sobre-el-cancer-de-mama\/"},"wordCount":952,"publisher":{"@id":"https:\/\/experienciadevida.com.ar\/portalurbano\/#organization"},"articleSection":["Ciudad","Destacadas"],"inLanguage":"es"},{"@type":"WebPage","@id":"https:\/\/experienciadevida.com.ar\/portalurbano\/mes-rosa-campana-de-sensibilizacion-sobre-el-cancer-de-mama\/","url":"https:\/\/experienciadevida.com.ar\/portalurbano\/mes-rosa-campana-de-sensibilizacion-sobre-el-cancer-de-mama\/","name":"Mes rosa: Campa\u00f1a de sensibilizaci\u00f3n sobre el c\u00e1ncer de mama","isPartOf":{"@id":"https:\/\/experienciadevida.com.ar\/portalurbano\/#website"},"datePublished":"2020-10-06T17:26:42+00:00","dateModified":"2020-10-06T17:27:05+00:00","description":"Octubre es el Mes rosa de Sensibilizaci\u00f3n sobre el C\u00e1ncer de Mama, que se celebra en todo el mundo a los fines de aumentar la concientizacion","breadcrumb":{"@id":"https:\/\/experienciadevida.com.ar\/portalurbano\/mes-rosa-campana-de-sensibilizacion-sobre-el-cancer-de-mama\/#breadcrumb"},"inLanguage":"es","potentialAction":[{"@type":"ReadAction","target":["https:\/\/experienciadevida.com.ar\/portalurbano\/mes-rosa-campana-de-sensibilizacion-sobre-el-cancer-de-mama\/"]}]},{"@type":"BreadcrumbList","@id":"https:\/\/experienciadevida.com.ar\/portalurbano\/mes-rosa-campana-de-sensibilizacion-sobre-el-cancer-de-mama\/#breadcrumb","itemListElement":[{"@type":"ListItem","position":1,"name":"Portada","item":"https:\/\/experienciadevida.com.ar\/portalurbano\/"},{"@type":"ListItem","position":2,"name":"Mes Rosa: Campa\u00f1a de sensibilizaci\u00f3n sobre el c\u00e1ncer de mama"}]},{"@type":"WebSite","@id":"https:\/\/experienciadevida.com.ar\/portalurbano\/#website","url":"https:\/\/experienciadevida.com.ar\/portalurbano\/","name":"","description":"","publisher":{"@id":"https:\/\/experienciadevida.com.ar\/portalurbano\/#organization"},"potentialAction":[{"@type":"SearchAction","target":{"@type":"EntryPoint","urlTemplate":"https:\/\/experienciadevida.com.ar\/portalurbano\/?s={search_term_string}"},"query-input":"required name=search_term_string"}],"inLanguage":"es"},{"@type":"Organization","@id":"https:\/\/experienciadevida.com.ar\/portalurbano\/#organization","name":"Portal Urbano","url":"https:\/\/experienciadevida.com.ar\/portalurbano\/","logo":{"@type":"ImageObject","inLanguage":"es","@id":"https:\/\/experienciadevida.com.ar\/portalurbano\/#\/schema\/logo\/image\/","url":"https:\/\/experienciadevida.com.ar\/portalurbano\/wp-content\/uploads\/2019\/09\/Logo-Original.png","contentUrl":"https:\/\/experienciadevida.com.ar\/portalurbano\/wp-content\/uploads\/2019\/09\/Logo-Original.png","width":2236,"height":1216,"caption":"Portal Urbano"},"image":{"@id":"https:\/\/experienciadevida.com.ar\/portalurbano\/#\/schema\/logo\/image\/"},"sameAs":["https:\/\/www.facebook.com\/Portal-Urbano-171542830093757\/","https:\/\/twitter.com\/portalurbanook","https:\/\/www.instagram.com\/_portalurbano\/","https:\/\/www.youtube.com\/channel\/UCXhagIfszH8KxFiOok79zbA?view_as=subscriber"]},{"@type":"Person","@id":"https:\/\/experienciadevida.com.ar\/portalurbano\/#\/schema\/person\/02dd326b1c4b056e9cc972486934a3a7","name":"admpu17wp","image":{"@type":"ImageObject","inLanguage":"es","@id":"https:\/\/experienciadevida.com.ar\/portalurbano\/#\/schema\/person\/image\/","url":"https:\/\/secure.gravatar.com\/avatar\/830d4c57adaae6630765e449a6908047?s=96&d=mm&r=g","contentUrl":"https:\/\/secure.gravatar.com\/avatar\/830d4c57adaae6630765e449a6908047?s=96&d=mm&r=g","caption":"admpu17wp"}}]}},"featured_image_urls":{"full":["https:\/\/experienciadevida.com.ar\/portalurbano\/wp-content\/uploads\/2020\/10\/Mes-rosa.jpg",1024,682,false],"thumbnail":["https:\/\/experienciadevida.com.ar\/portalurbano\/wp-content\/uploads\/2020\/10\/Mes-rosa-150x150.jpg",150,150,true],"medium":["https:\/\/experienciadevida.com.ar\/portalurbano\/wp-content\/uploads\/2020\/10\/Mes-rosa-300x200.jpg",300,200,true],"medium_large":["https:\/\/experienciadevida.com.ar\/portalurbano\/wp-content\/uploads\/2020\/10\/Mes-rosa-768x512.jpg",640,427,true],"large":["https:\/\/experienciadevida.com.ar\/portalurbano\/wp-content\/uploads\/2020\/10\/Mes-rosa.jpg",640,426,false],"ug_big":["https:\/\/experienciadevida.com.ar\/portalurbano\/wp-content\/uploads\/2020\/10\/Mes-rosa-768x512.jpg",768,512,true],"1536x1536":["https:\/\/experienciadevida.com.ar\/portalurbano\/wp-content\/uploads\/2020\/10\/Mes-rosa.jpg",1024,682,false],"2048x2048":["https:\/\/experienciadevida.com.ar\/portalurbano\/wp-content\/uploads\/2020\/10\/Mes-rosa.jpg",1024,682,false],"newsever-slider-full":["https:\/\/experienciadevida.com.ar\/portalurbano\/wp-content\/uploads\/2020\/10\/Mes-rosa.jpg",1024,682,false],"newsever-featured":["https:\/\/experienciadevida.com.ar\/portalurbano\/wp-content\/uploads\/2020\/10\/Mes-rosa.jpg",1024,682,false],"newsever-medium":["https:\/\/experienciadevida.com.ar\/portalurbano\/wp-content\/uploads\/2020\/10\/Mes-rosa.jpg",713,475,false],"web-stories-poster-portrait":["https:\/\/experienciadevida.com.ar\/portalurbano\/wp-content\/uploads\/2020\/10\/Mes-rosa.jpg",640,426,false],"web-stories-publisher-logo":["https:\/\/experienciadevida.com.ar\/portalurbano\/wp-content\/uploads\/2020\/10\/Mes-rosa.jpg",96,64,false],"web-stories-thumbnail":["https:\/\/experienciadevida.com.ar\/portalurbano\/wp-content\/uploads\/2020\/10\/Mes-rosa.jpg",150,100,false]},"author_info":{"display_name":"admpu17wp","author_link":"https:\/\/experienciadevida.com.ar\/portalurbano\/author\/admpu17wp\/"},"category_info":"<a href=\"https:\/\/experienciadevida.com.ar\/portalurbano\/category\/ciudad\/\" rel=\"category tag\">Ciudad<\/a> <a href=\"https:\/\/experienciadevida.com.ar\/portalurbano\/category\/destacadas\/\" rel=\"category tag\">Destacadas<\/a>","tag_info":"Destacadas","comment_count":"0","amp_enabled":true,"_links":{"self":[{"href":"https:\/\/experienciadevida.com.ar\/portalurbano\/wp-json\/wp\/v2\/posts\/123527"}],"collection":[{"href":"https:\/\/experienciadevida.com.ar\/portalurbano\/wp-json\/wp\/v2\/posts"}],"about":[{"href":"https:\/\/experienciadevida.com.ar\/portalurbano\/wp-json\/wp\/v2\/types\/post"}],"author":[{"embeddable":true,"href":"https:\/\/experienciadevida.com.ar\/portalurbano\/wp-json\/wp\/v2\/users\/1"}],"replies":[{"embeddable":true,"href":"https:\/\/experienciadevida.com.ar\/portalurbano\/wp-json\/wp\/v2\/comments?post=123527"}],"version-history":[{"count":1,"href":"https:\/\/experienciadevida.com.ar\/portalurbano\/wp-json\/wp\/v2\/posts\/123527\/revisions"}],"predecessor-version":[{"id":123529,"href":"https:\/\/experienciadevida.com.ar\/portalurbano\/wp-json\/wp\/v2\/posts\/123527\/revisions\/123529"}],"wp:featuredmedia":[{"embeddable":true,"href":"https:\/\/experienciadevida.com.ar\/portalurbano\/wp-json\/wp\/v2\/media\/123528"}],"wp:attachment":[{"href":"https:\/\/experienciadevida.com.ar\/portalurbano\/wp-json\/wp\/v2\/media?parent=123527"}],"wp:term":[{"taxonomy":"category","embeddable":true,"href":"https:\/\/experienciadevida.com.ar\/portalurbano\/wp-json\/wp\/v2\/categories?post=123527"},{"taxonomy":"post_tag","embeddable":true,"href":"https:\/\/experienciadevida.com.ar\/portalurbano\/wp-json\/wp\/v2\/tags?post=123527"}],"curies":[{"name":"wp","href":"https:\/\/api.w.org\/{rel}","templated":true}]}}