{"id":123479,"date":"2020-10-06T10:01:37","date_gmt":"2020-10-06T13:01:37","guid":{"rendered":"https:\/\/experienciadevida.com.ar\/portalurbano\/?p=123479"},"modified":"2020-10-06T10:02:04","modified_gmt":"2020-10-06T13:02:04","slug":"dia-internacional-de-la-dislexia-el-municipio-adhiere-a-la-campana-de-concientizacion","status":"publish","type":"post","link":"https:\/\/experienciadevida.com.ar\/portalurbano\/dia-internacional-de-la-dislexia-el-municipio-adhiere-a-la-campana-de-concientizacion\/","title":{"rendered":"D\u00eda Internacional de la dislexia: El Municipio adhiere a la campa\u00f1a de concientizaci\u00f3n"},"content":{"rendered":"<p>El Municipio de Olavarr\u00eda se adhiera a la campa\u00f1a de concientizaci\u00f3n que se lleva a cabo a nivel iberoamericano, que consistir\u00e1 en iluminar el Palacio Municipal de color azul turquesa, este jueves 8 de octubre, con motivo del <strong>D\u00eda Internacional de la Dislexia.<\/strong><\/p>\n<p>La dislexia es una dificultad espec\u00edfica del aprendizaje de la lectoescritura, de car\u00e1cter persistente y espec\u00edfico y cuyo origen parece derivar de una alteraci\u00f3n del neurodesarrollo. Es considerada sumamente frecuente, debido a que en diferentes grados, afecta aproximadamente al 10 % de la poblaci\u00f3n a nivel mundial.<\/p>\n<p>En el <strong>d\u00eda internacional de la dislexia <\/strong>se busca concientizar sobre esta enfermedad, que dificultad e interfiere en el rendimiento escolar, en la adquisici\u00f3n de conocimientos e, inevitablemente deteriora la percepci\u00f3n que el ni\u00f1o o ni\u00f1a tiene de s\u00ed mismo con graves consecuencias en su autoestima.<\/p>\n<p>Tambi\u00e9n acarrea problemas emocionales, familiares y sociales, provocados principalmente por la falta o demoras en la sospecha y el diagn\u00f3stico.<\/p>\n<p>La dislexia est\u00e1 determinada por una alteraci\u00f3n neuro biol\u00f3gica que afecta un \u00e1rea espec\u00edfica del cerebro, y aunque es una condici\u00f3n que acompa\u00f1a a la persona durante toda su vida, la detecci\u00f3n temprana y las adecuaciones correspondientes mejoran dr\u00e1sticamente esta situaci\u00f3n.<\/p>\n<p>Las personas con dislexia manifiestan de forma caracter\u00edstica dificultades para recitar el alfabeto, denominar letras, realizar rimas simples y para analizar o clasificar los sonidos.<\/p>\n<p>Adem\u00e1s la lectura se caracteriza por las omisiones, sustituciones, distorsiones, inversiones o adicciones, lentitud, vacilaciones, problemas de seguimiento visual y d\u00e9ficit en la comprensi\u00f3n.<\/p>\n<p>La dislexia es considerada por especialistas una dificultad para descodificaci\u00f3n o lectura de palabras, alterando algunos procesos cognitivos entre la recepci\u00f3n de la informaci\u00f3n y la elaboraci\u00f3n del significado.<\/p>\n<p>El color azul turquesa transmite serenidad y tranquilidad, indispensable para que los chicos puedan aprender adecuadamente, por tal motivo es el color elegido para hacer visible esta situaci\u00f3n, por eso en el\u00a0<strong>d\u00eda internacional de la dislexia\u00a0<\/strong>el Municipio se &#8220;ti\u00f1e&#8221; de Azul.<\/p>\n<p>Por \u00faltimo cabe agregar que nuestro pa\u00eds se encuentra incluido en la organizaci\u00f3n sin fines de lucro DISFAM (Asociaci\u00f3n de Dislexia y Familia), que fue fundada en el a\u00f1o 2002 en Espa\u00f1a.<\/p>\n<p>DISFAM Argentina tiene como objetivo fundamental la difusi\u00f3n y conocimiento de la problem\u00e1tica de la dislexia y otras Dificultades Espec\u00edficas del Aprendizaje (DEA) y actuar como enlace entre los padres, la comunidad educativa en todos sus niveles y los profesionales de la salud en los distintos \u00e1mbitos de la comunidad.<\/p>\n","protected":false},"excerpt":{"rendered":"<p>El Municipio de Olavarr\u00eda se adhiera a la campa\u00f1a de concientizaci\u00f3n que se lleva a&#8230;<\/p>\n","protected":false},"author":1,"featured_media":123480,"comment_status":"closed","ping_status":"closed","sticky":false,"template":"","format":"standard","meta":{"content-type":""},"categories":[27,51],"tags":[],"nelio_content":{"isAutoShareEnabled":false,"autoShareEndMode":"default","automationSources":{"useContentSentences":true,"useSocialTemplates":true,"useCustomSentences":false,"customSentences":[]},"followers":[1],"suggestedReferences":[],"includedReferences":[],"efiUrl":"","efiAlt":"","highlights":[]},"yoast_head":"<!-- This site is optimized with the Yoast SEO plugin v20.7 - https:\/\/yoast.com\/wordpress\/plugins\/seo\/ -->\n<title>D\u00eda internacional de la dislexia: El Municipio adhiere a la campa\u00f1a<\/title>\n<meta name=\"description\" content=\"En el d\u00eda internacional de la dislexia el municipio adhiere a la campa\u00f1a de concientizaci\u00f3n sobre la enfermedad, por eso el Azul.\" \/>\n<meta name=\"robots\" content=\"index, follow, max-snippet:-1, max-image-preview:large, max-video-preview:-1\" \/>\n<link rel=\"canonical\" href=\"https:\/\/experienciadevida.com.ar\/portalurbano\/dia-internacional-de-la-dislexia-el-municipio-adhiere-a-la-campana-de-concientizacion\/\" \/>\n<meta property=\"og:locale\" content=\"es_ES\" \/>\n<meta property=\"og:type\" content=\"article\" \/>\n<meta property=\"og:title\" content=\"D\u00eda internacional de la dislexia: El Municipio adhiere a la campa\u00f1a\" \/>\n<meta property=\"og:description\" content=\"En el d\u00eda internacional de la dislexia el municipio adhiere a la campa\u00f1a de concientizaci\u00f3n sobre la enfermedad, por eso el Azul.\" \/>\n<meta property=\"og:url\" content=\"https:\/\/experienciadevida.com.ar\/portalurbano\/dia-internacional-de-la-dislexia-el-municipio-adhiere-a-la-campana-de-concientizacion\/\" \/>\n<meta property=\"article:publisher\" content=\"https:\/\/www.facebook.com\/Portal-Urbano-171542830093757\/\" \/>\n<meta property=\"article:published_time\" content=\"2020-10-06T13:01:37+00:00\" \/>\n<meta property=\"article:modified_time\" content=\"2020-10-06T13:02:04+00:00\" \/>\n<meta property=\"og:image\" content=\"https:\/\/experienciadevida.com.ar\/portalurbano\/wp-content\/uploads\/2020\/10\/Dia-internacional-de-la-dislexia.jpg\" \/>\n\t<meta property=\"og:image:width\" content=\"1024\" \/>\n\t<meta property=\"og:image:height\" content=\"730\" \/>\n\t<meta property=\"og:image:type\" content=\"image\/jpeg\" \/>\n<meta name=\"author\" content=\"admpu17wp\" \/>\n<meta name=\"twitter:card\" content=\"summary_large_image\" \/>\n<meta name=\"twitter:creator\" content=\"@portalurbanook\" \/>\n<meta name=\"twitter:site\" content=\"@portalurbanook\" \/>\n<meta name=\"twitter:label1\" content=\"Escrito por\" \/>\n\t<meta name=\"twitter:data1\" content=\"admpu17wp\" \/>\n\t<meta name=\"twitter:label2\" content=\"Tiempo de lectura\" \/>\n\t<meta name=\"twitter:data2\" content=\"2 minutos\" \/>\n<script type=\"application\/ld+json\" class=\"yoast-schema-graph\">{\"@context\":\"https:\/\/schema.org\",\"@graph\":[{\"@type\":\"Article\",\"@id\":\"https:\/\/experienciadevida.com.ar\/portalurbano\/dia-internacional-de-la-dislexia-el-municipio-adhiere-a-la-campana-de-concientizacion\/#article\",\"isPartOf\":{\"@id\":\"https:\/\/experienciadevida.com.ar\/portalurbano\/dia-internacional-de-la-dislexia-el-municipio-adhiere-a-la-campana-de-concientizacion\/\"},\"author\":{\"name\":\"admpu17wp\",\"@id\":\"https:\/\/experienciadevida.com.ar\/portalurbano\/#\/schema\/person\/02dd326b1c4b056e9cc972486934a3a7\"},\"headline\":\"D\u00eda Internacional de la dislexia: El Municipio adhiere a la campa\u00f1a de concientizaci\u00f3n\",\"datePublished\":\"2020-10-06T13:01:37+00:00\",\"dateModified\":\"2020-10-06T13:02:04+00:00\",\"mainEntityOfPage\":{\"@id\":\"https:\/\/experienciadevida.com.ar\/portalurbano\/dia-internacional-de-la-dislexia-el-municipio-adhiere-a-la-campana-de-concientizacion\/\"},\"wordCount\":455,\"publisher\":{\"@id\":\"https:\/\/experienciadevida.com.ar\/portalurbano\/#organization\"},\"articleSection\":[\"Ciudad\",\"Destacadas\"],\"inLanguage\":\"es\"},{\"@type\":\"WebPage\",\"@id\":\"https:\/\/experienciadevida.com.ar\/portalurbano\/dia-internacional-de-la-dislexia-el-municipio-adhiere-a-la-campana-de-concientizacion\/\",\"url\":\"https:\/\/experienciadevida.com.ar\/portalurbano\/dia-internacional-de-la-dislexia-el-municipio-adhiere-a-la-campana-de-concientizacion\/\",\"name\":\"D\u00eda internacional de la dislexia: El Municipio adhiere a la campa\u00f1a\",\"isPartOf\":{\"@id\":\"https:\/\/experienciadevida.com.ar\/portalurbano\/#website\"},\"datePublished\":\"2020-10-06T13:01:37+00:00\",\"dateModified\":\"2020-10-06T13:02:04+00:00\",\"description\":\"En el d\u00eda internacional de la dislexia el municipio adhiere a la campa\u00f1a de concientizaci\u00f3n sobre la enfermedad, por eso el Azul.\",\"breadcrumb\":{\"@id\":\"https:\/\/experienciadevida.com.ar\/portalurbano\/dia-internacional-de-la-dislexia-el-municipio-adhiere-a-la-campana-de-concientizacion\/#breadcrumb\"},\"inLanguage\":\"es\",\"potentialAction\":[{\"@type\":\"ReadAction\",\"target\":[\"https:\/\/experienciadevida.com.ar\/portalurbano\/dia-internacional-de-la-dislexia-el-municipio-adhiere-a-la-campana-de-concientizacion\/\"]}]},{\"@type\":\"BreadcrumbList\",\"@id\":\"https:\/\/experienciadevida.com.ar\/portalurbano\/dia-internacional-de-la-dislexia-el-municipio-adhiere-a-la-campana-de-concientizacion\/#breadcrumb\",\"itemListElement\":[{\"@type\":\"ListItem\",\"position\":1,\"name\":\"Portada\",\"item\":\"https:\/\/experienciadevida.com.ar\/portalurbano\/\"},{\"@type\":\"ListItem\",\"position\":2,\"name\":\"D\u00eda Internacional de la dislexia: El Municipio adhiere a la campa\u00f1a de concientizaci\u00f3n\"}]},{\"@type\":\"WebSite\",\"@id\":\"https:\/\/experienciadevida.com.ar\/portalurbano\/#website\",\"url\":\"https:\/\/experienciadevida.com.ar\/portalurbano\/\",\"name\":\"\",\"description\":\"\",\"publisher\":{\"@id\":\"https:\/\/experienciadevida.com.ar\/portalurbano\/#organization\"},\"potentialAction\":[{\"@type\":\"SearchAction\",\"target\":{\"@type\":\"EntryPoint\",\"urlTemplate\":\"https:\/\/experienciadevida.com.ar\/portalurbano\/?s={search_term_string}\"},\"query-input\":\"required name=search_term_string\"}],\"inLanguage\":\"es\"},{\"@type\":\"Organization\",\"@id\":\"https:\/\/experienciadevida.com.ar\/portalurbano\/#organization\",\"name\":\"Portal Urbano\",\"url\":\"https:\/\/experienciadevida.com.ar\/portalurbano\/\",\"logo\":{\"@type\":\"ImageObject\",\"inLanguage\":\"es\",\"@id\":\"https:\/\/experienciadevida.com.ar\/portalurbano\/#\/schema\/logo\/image\/\",\"url\":\"https:\/\/experienciadevida.com.ar\/portalurbano\/wp-content\/uploads\/2019\/09\/Logo-Original.png\",\"contentUrl\":\"https:\/\/experienciadevida.com.ar\/portalurbano\/wp-content\/uploads\/2019\/09\/Logo-Original.png\",\"width\":2236,\"height\":1216,\"caption\":\"Portal Urbano\"},\"image\":{\"@id\":\"https:\/\/experienciadevida.com.ar\/portalurbano\/#\/schema\/logo\/image\/\"},\"sameAs\":[\"https:\/\/www.facebook.com\/Portal-Urbano-171542830093757\/\",\"https:\/\/twitter.com\/portalurbanook\",\"https:\/\/www.instagram.com\/_portalurbano\/\",\"https:\/\/www.youtube.com\/channel\/UCXhagIfszH8KxFiOok79zbA?view_as=subscriber\"]},{\"@type\":\"Person\",\"@id\":\"https:\/\/experienciadevida.com.ar\/portalurbano\/#\/schema\/person\/02dd326b1c4b056e9cc972486934a3a7\",\"name\":\"admpu17wp\",\"image\":{\"@type\":\"ImageObject\",\"inLanguage\":\"es\",\"@id\":\"https:\/\/experienciadevida.com.ar\/portalurbano\/#\/schema\/person\/image\/\",\"url\":\"https:\/\/secure.gravatar.com\/avatar\/830d4c57adaae6630765e449a6908047?s=96&d=mm&r=g\",\"contentUrl\":\"https:\/\/secure.gravatar.com\/avatar\/830d4c57adaae6630765e449a6908047?s=96&d=mm&r=g\",\"caption\":\"admpu17wp\"}}]}<\/script>\n<!-- \/ Yoast SEO plugin. -->","yoast_head_json":{"title":"D\u00eda internacional de la dislexia: El Municipio adhiere a la campa\u00f1a","description":"En el d\u00eda internacional de la dislexia el municipio adhiere a la campa\u00f1a de concientizaci\u00f3n sobre la enfermedad, por eso el Azul.","robots":{"index":"index","follow":"follow","max-snippet":"max-snippet:-1","max-image-preview":"max-image-preview:large","max-video-preview":"max-video-preview:-1"},"canonical":"https:\/\/experienciadevida.com.ar\/portalurbano\/dia-internacional-de-la-dislexia-el-municipio-adhiere-a-la-campana-de-concientizacion\/","og_locale":"es_ES","og_type":"article","og_title":"D\u00eda internacional de la dislexia: El Municipio adhiere a la campa\u00f1a","og_description":"En el d\u00eda internacional de la dislexia el municipio adhiere a la campa\u00f1a de concientizaci\u00f3n sobre la enfermedad, por eso el Azul.","og_url":"https:\/\/experienciadevida.com.ar\/portalurbano\/dia-internacional-de-la-dislexia-el-municipio-adhiere-a-la-campana-de-concientizacion\/","article_publisher":"https:\/\/www.facebook.com\/Portal-Urbano-171542830093757\/","article_published_time":"2020-10-06T13:01:37+00:00","article_modified_time":"2020-10-06T13:02:04+00:00","og_image":[{"width":1024,"height":730,"url":"https:\/\/experienciadevida.com.ar\/portalurbano\/wp-content\/uploads\/2020\/10\/Dia-internacional-de-la-dislexia.jpg","type":"image\/jpeg"}],"author":"admpu17wp","twitter_card":"summary_large_image","twitter_creator":"@portalurbanook","twitter_site":"@portalurbanook","twitter_misc":{"Escrito por":"admpu17wp","Tiempo de lectura":"2 minutos"},"schema":{"@context":"https:\/\/schema.org","@graph":[{"@type":"Article","@id":"https:\/\/experienciadevida.com.ar\/portalurbano\/dia-internacional-de-la-dislexia-el-municipio-adhiere-a-la-campana-de-concientizacion\/#article","isPartOf":{"@id":"https:\/\/experienciadevida.com.ar\/portalurbano\/dia-internacional-de-la-dislexia-el-municipio-adhiere-a-la-campana-de-concientizacion\/"},"author":{"name":"admpu17wp","@id":"https:\/\/experienciadevida.com.ar\/portalurbano\/#\/schema\/person\/02dd326b1c4b056e9cc972486934a3a7"},"headline":"D\u00eda Internacional de la dislexia: El Municipio adhiere a la campa\u00f1a de concientizaci\u00f3n","datePublished":"2020-10-06T13:01:37+00:00","dateModified":"2020-10-06T13:02:04+00:00","mainEntityOfPage":{"@id":"https:\/\/experienciadevida.com.ar\/portalurbano\/dia-internacional-de-la-dislexia-el-municipio-adhiere-a-la-campana-de-concientizacion\/"},"wordCount":455,"publisher":{"@id":"https:\/\/experienciadevida.com.ar\/portalurbano\/#organization"},"articleSection":["Ciudad","Destacadas"],"inLanguage":"es"},{"@type":"WebPage","@id":"https:\/\/experienciadevida.com.ar\/portalurbano\/dia-internacional-de-la-dislexia-el-municipio-adhiere-a-la-campana-de-concientizacion\/","url":"https:\/\/experienciadevida.com.ar\/portalurbano\/dia-internacional-de-la-dislexia-el-municipio-adhiere-a-la-campana-de-concientizacion\/","name":"D\u00eda internacional de la dislexia: El Municipio adhiere a la campa\u00f1a","isPartOf":{"@id":"https:\/\/experienciadevida.com.ar\/portalurbano\/#website"},"datePublished":"2020-10-06T13:01:37+00:00","dateModified":"2020-10-06T13:02:04+00:00","description":"En el d\u00eda internacional de la dislexia el municipio adhiere a la campa\u00f1a de concientizaci\u00f3n sobre la enfermedad, por eso el Azul.","breadcrumb":{"@id":"https:\/\/experienciadevida.com.ar\/portalurbano\/dia-internacional-de-la-dislexia-el-municipio-adhiere-a-la-campana-de-concientizacion\/#breadcrumb"},"inLanguage":"es","potentialAction":[{"@type":"ReadAction","target":["https:\/\/experienciadevida.com.ar\/portalurbano\/dia-internacional-de-la-dislexia-el-municipio-adhiere-a-la-campana-de-concientizacion\/"]}]},{"@type":"BreadcrumbList","@id":"https:\/\/experienciadevida.com.ar\/portalurbano\/dia-internacional-de-la-dislexia-el-municipio-adhiere-a-la-campana-de-concientizacion\/#breadcrumb","itemListElement":[{"@type":"ListItem","position":1,"name":"Portada","item":"https:\/\/experienciadevida.com.ar\/portalurbano\/"},{"@type":"ListItem","position":2,"name":"D\u00eda Internacional de la dislexia: El Municipio adhiere a la campa\u00f1a de concientizaci\u00f3n"}]},{"@type":"WebSite","@id":"https:\/\/experienciadevida.com.ar\/portalurbano\/#website","url":"https:\/\/experienciadevida.com.ar\/portalurbano\/","name":"","description":"","publisher":{"@id":"https:\/\/experienciadevida.com.ar\/portalurbano\/#organization"},"potentialAction":[{"@type":"SearchAction","target":{"@type":"EntryPoint","urlTemplate":"https:\/\/experienciadevida.com.ar\/portalurbano\/?s={search_term_string}"},"query-input":"required name=search_term_string"}],"inLanguage":"es"},{"@type":"Organization","@id":"https:\/\/experienciadevida.com.ar\/portalurbano\/#organization","name":"Portal Urbano","url":"https:\/\/experienciadevida.com.ar\/portalurbano\/","logo":{"@type":"ImageObject","inLanguage":"es","@id":"https:\/\/experienciadevida.com.ar\/portalurbano\/#\/schema\/logo\/image\/","url":"https:\/\/experienciadevida.com.ar\/portalurbano\/wp-content\/uploads\/2019\/09\/Logo-Original.png","contentUrl":"https:\/\/experienciadevida.com.ar\/portalurbano\/wp-content\/uploads\/2019\/09\/Logo-Original.png","width":2236,"height":1216,"caption":"Portal Urbano"},"image":{"@id":"https:\/\/experienciadevida.com.ar\/portalurbano\/#\/schema\/logo\/image\/"},"sameAs":["https:\/\/www.facebook.com\/Portal-Urbano-171542830093757\/","https:\/\/twitter.com\/portalurbanook","https:\/\/www.instagram.com\/_portalurbano\/","https:\/\/www.youtube.com\/channel\/UCXhagIfszH8KxFiOok79zbA?view_as=subscriber"]},{"@type":"Person","@id":"https:\/\/experienciadevida.com.ar\/portalurbano\/#\/schema\/person\/02dd326b1c4b056e9cc972486934a3a7","name":"admpu17wp","image":{"@type":"ImageObject","inLanguage":"es","@id":"https:\/\/experienciadevida.com.ar\/portalurbano\/#\/schema\/person\/image\/","url":"https:\/\/secure.gravatar.com\/avatar\/830d4c57adaae6630765e449a6908047?s=96&d=mm&r=g","contentUrl":"https:\/\/secure.gravatar.com\/avatar\/830d4c57adaae6630765e449a6908047?s=96&d=mm&r=g","caption":"admpu17wp"}}]}},"featured_image_urls":{"full":["https:\/\/experienciadevida.com.ar\/portalurbano\/wp-content\/uploads\/2020\/10\/Dia-internacional-de-la-dislexia.jpg",1024,730,false],"thumbnail":["https:\/\/experienciadevida.com.ar\/portalurbano\/wp-content\/uploads\/2020\/10\/Dia-internacional-de-la-dislexia-150x150.jpg",150,150,true],"medium":["https:\/\/experienciadevida.com.ar\/portalurbano\/wp-content\/uploads\/2020\/10\/Dia-internacional-de-la-dislexia-300x214.jpg",300,214,true],"medium_large":["https:\/\/experienciadevida.com.ar\/portalurbano\/wp-content\/uploads\/2020\/10\/Dia-internacional-de-la-dislexia-768x548.jpg",640,457,true],"large":["https:\/\/experienciadevida.com.ar\/portalurbano\/wp-content\/uploads\/2020\/10\/Dia-internacional-de-la-dislexia.jpg",640,456,false],"ug_big":["https:\/\/experienciadevida.com.ar\/portalurbano\/wp-content\/uploads\/2020\/10\/Dia-internacional-de-la-dislexia-768x548.jpg",768,548,true],"1536x1536":["https:\/\/experienciadevida.com.ar\/portalurbano\/wp-content\/uploads\/2020\/10\/Dia-internacional-de-la-dislexia.jpg",1024,730,false],"2048x2048":["https:\/\/experienciadevida.com.ar\/portalurbano\/wp-content\/uploads\/2020\/10\/Dia-internacional-de-la-dislexia.jpg",1024,730,false],"newsever-slider-full":["https:\/\/experienciadevida.com.ar\/portalurbano\/wp-content\/uploads\/2020\/10\/Dia-internacional-de-la-dislexia.jpg",1024,730,false],"newsever-featured":["https:\/\/experienciadevida.com.ar\/portalurbano\/wp-content\/uploads\/2020\/10\/Dia-internacional-de-la-dislexia.jpg",1024,730,false],"newsever-medium":["https:\/\/experienciadevida.com.ar\/portalurbano\/wp-content\/uploads\/2020\/10\/Dia-internacional-de-la-dislexia.jpg",666,475,false],"web-stories-poster-portrait":["https:\/\/experienciadevida.com.ar\/portalurbano\/wp-content\/uploads\/2020\/10\/Dia-internacional-de-la-dislexia.jpg",640,456,false],"web-stories-publisher-logo":["https:\/\/experienciadevida.com.ar\/portalurbano\/wp-content\/uploads\/2020\/10\/Dia-internacional-de-la-dislexia.jpg",96,68,false],"web-stories-thumbnail":["https:\/\/experienciadevida.com.ar\/portalurbano\/wp-content\/uploads\/2020\/10\/Dia-internacional-de-la-dislexia.jpg",150,107,false]},"author_info":{"display_name":"admpu17wp","author_link":"https:\/\/experienciadevida.com.ar\/portalurbano\/author\/admpu17wp\/"},"category_info":"<a href=\"https:\/\/experienciadevida.com.ar\/portalurbano\/category\/ciudad\/\" rel=\"category tag\">Ciudad<\/a> <a href=\"https:\/\/experienciadevida.com.ar\/portalurbano\/category\/destacadas\/\" rel=\"category tag\">Destacadas<\/a>","tag_info":"Destacadas","comment_count":"0","amp_enabled":true,"_links":{"self":[{"href":"https:\/\/experienciadevida.com.ar\/portalurbano\/wp-json\/wp\/v2\/posts\/123479"}],"collection":[{"href":"https:\/\/experienciadevida.com.ar\/portalurbano\/wp-json\/wp\/v2\/posts"}],"about":[{"href":"https:\/\/experienciadevida.com.ar\/portalurbano\/wp-json\/wp\/v2\/types\/post"}],"author":[{"embeddable":true,"href":"https:\/\/experienciadevida.com.ar\/portalurbano\/wp-json\/wp\/v2\/users\/1"}],"replies":[{"embeddable":true,"href":"https:\/\/experienciadevida.com.ar\/portalurbano\/wp-json\/wp\/v2\/comments?post=123479"}],"version-history":[{"count":1,"href":"https:\/\/experienciadevida.com.ar\/portalurbano\/wp-json\/wp\/v2\/posts\/123479\/revisions"}],"predecessor-version":[{"id":123481,"href":"https:\/\/experienciadevida.com.ar\/portalurbano\/wp-json\/wp\/v2\/posts\/123479\/revisions\/123481"}],"wp:featuredmedia":[{"embeddable":true,"href":"https:\/\/experienciadevida.com.ar\/portalurbano\/wp-json\/wp\/v2\/media\/123480"}],"wp:attachment":[{"href":"https:\/\/experienciadevida.com.ar\/portalurbano\/wp-json\/wp\/v2\/media?parent=123479"}],"wp:term":[{"taxonomy":"category","embeddable":true,"href":"https:\/\/experienciadevida.com.ar\/portalurbano\/wp-json\/wp\/v2\/categories?post=123479"},{"taxonomy":"post_tag","embeddable":true,"href":"https:\/\/experienciadevida.com.ar\/portalurbano\/wp-json\/wp\/v2\/tags?post=123479"}],"curies":[{"name":"wp","href":"https:\/\/api.w.org\/{rel}","templated":true}]}}