{"id":123428,"date":"2020-10-06T15:46:09","date_gmt":"2020-10-06T18:46:09","guid":{"rendered":"https:\/\/experienciadevida.com.ar\/portalurbano\/?p=123428"},"modified":"2020-10-06T15:51:58","modified_gmt":"2020-10-06T18:51:58","slug":"robo-en-primera-persona-en-sierras-bayas-quiero-concientizar-para-que-estas-cosas-no-pasen-mas-en-el-pueblo-y-la-gente-se-anime-a-denunciar","status":"publish","type":"post","link":"https:\/\/experienciadevida.com.ar\/portalurbano\/robo-en-primera-persona-en-sierras-bayas-quiero-concientizar-para-que-estas-cosas-no-pasen-mas-en-el-pueblo-y-la-gente-se-anime-a-denunciar\/","title":{"rendered":"Robo en primera persona: \u201cQuiero concientizar para que estas cosas no pasen m\u00e1s en el pueblo  y la gente se anime a denunciar\u201d."},"content":{"rendered":"<p>Dos menores de edad, de nuestra ciudad que residen en <strong>Sierras Bayas<\/strong> resultaron implicados por el robo de una billetera con documentaci\u00f3n, tarjetas de cr\u00e9dito que se encontraban en el interior de un autom\u00f3vil. Los j\u00f3venes tras el robo realizaron una compra con la tarjeta en un comercio y quedaron identificados. Tras la intervenci\u00f3n de la polic\u00eda se logr\u00f3 dar con los autores del hecho y efectuar un allanamiento en una vivienda.<\/p>\n<p>Finalmente los menores quemaron la documentaci\u00f3n y las tarjetas que aparecieron en un descampado.<\/p>\n<p>Este medio, dialog\u00f3 con la damnificada, quien se comunic\u00f3 para expresar su indignaci\u00f3n tras el robo que sufri\u00f3 d\u00edas atr\u00e1s, en\u00a0<strong>Sierras Bayas <\/strong>\u00a0<em>\u201cvivimos en un para\u00edso y es una l\u00e1stima que por dos o tres personas que no tendr\u00edan que estar ac\u00e1, se pierda eso\u201d<\/em>, remarc\u00f3.<\/p>\n<p><em>&#8220;Hay un c\u00famulo de problemas que est\u00e1n tapados como robos, amenazas, droga. Cuando me robaron me comuniqu\u00e9 con el delegado y junto con la polic\u00eda realizaron un trabajo impecable, pero es m\u00e1s de lo mismo, lo que quiero es concientizar para que estas cosas no pasen en el pueblo y para que se animen a denunciar&#8221;.<\/em><\/p>\n<p>Por otro lado, la vecina dijo \u201c<em>nosotros vivimos en un para\u00edso ac\u00e1 y es una l\u00e1stima que por dos o tres personas se pierda eso, no tendr\u00edan que estar ac\u00e1. Lo que pido es que la gente se anime a denunciar y comprometerse, estamos todos expuestos a estos delincuentes\u201d.<\/em><\/p>\n<p>Por \u00faltimo coment\u00f3 \u201c<em>pienso juntar firmas y espero que la gente quiera ayudar, la \u00fanica que nos queda es hacer un movimiento vecinal para que se vayan, porque no quiero que le pase m\u00e1s a nadie ni lidiar con que son menores y no pueden hacer nada\u201d.<\/em><\/p>\n","protected":false},"excerpt":{"rendered":"<p>Dos menores de edad, de nuestra ciudad que residen en Sierras Bayas resultaron implicados por&#8230;<\/p>\n","protected":false},"author":1,"featured_media":0,"comment_status":"closed","ping_status":"closed","sticky":false,"template":"","format":"standard","meta":{"content-type":""},"categories":[64,40],"tags":[],"nelio_content":{"isAutoShareEnabled":false,"autoShareEndMode":"default","automationSources":{"useContentSentences":true,"useSocialTemplates":true,"useCustomSentences":false,"customSentences":[]},"followers":[1],"suggestedReferences":[],"includedReferences":[],"efiUrl":"","efiAlt":"","highlights":[]},"yoast_head":"<!-- This site is optimized with the Yoast SEO plugin v20.7 - https:\/\/yoast.com\/wordpress\/plugins\/seo\/ -->\n<title>Robo en primera persona en Sierras Bayas: &quot;No quiero que pase m\u00e1s&quot;<\/title>\n<meta name=\"description\" content=\"Dos menores de edad, de nuestra ciudad que residen en Sierras Bayas resultaron implicados por el robo de una billetera con documentaci\u00f3n.\" \/>\n<meta name=\"robots\" content=\"index, follow, max-snippet:-1, max-image-preview:large, max-video-preview:-1\" \/>\n<link rel=\"canonical\" href=\"https:\/\/experienciadevida.com.ar\/portalurbano\/robo-en-primera-persona-en-sierras-bayas-quiero-concientizar-para-que-estas-cosas-no-pasen-mas-en-el-pueblo-y-la-gente-se-anime-a-denunciar\/\" \/>\n<meta property=\"og:locale\" content=\"es_ES\" \/>\n<meta property=\"og:type\" content=\"article\" \/>\n<meta property=\"og:title\" content=\"Robo en primera persona en Sierras Bayas: &quot;No quiero que pase m\u00e1s&quot;\" \/>\n<meta property=\"og:description\" content=\"Dos menores de edad, de nuestra ciudad que residen en Sierras Bayas resultaron implicados por el robo de una billetera con documentaci\u00f3n.\" \/>\n<meta property=\"og:url\" content=\"https:\/\/experienciadevida.com.ar\/portalurbano\/robo-en-primera-persona-en-sierras-bayas-quiero-concientizar-para-que-estas-cosas-no-pasen-mas-en-el-pueblo-y-la-gente-se-anime-a-denunciar\/\" \/>\n<meta property=\"article:publisher\" content=\"https:\/\/www.facebook.com\/Portal-Urbano-171542830093757\/\" \/>\n<meta property=\"article:published_time\" content=\"2020-10-06T18:46:09+00:00\" \/>\n<meta property=\"article:modified_time\" content=\"2020-10-06T18:51:58+00:00\" \/>\n<meta property=\"og:image\" content=\"https:\/\/experienciadevida.com.ar\/portalurbano\/wp-content\/uploads\/2019\/01\/SIERRASBAYAS-e1566131858361.jpg\" \/>\n\t<meta property=\"og:image:width\" content=\"750\" \/>\n\t<meta property=\"og:image:height\" content=\"422\" \/>\n\t<meta property=\"og:image:type\" content=\"image\/jpeg\" \/>\n<meta name=\"author\" content=\"admpu17wp\" \/>\n<meta name=\"twitter:card\" content=\"summary_large_image\" \/>\n<meta name=\"twitter:creator\" content=\"@portalurbanook\" \/>\n<meta name=\"twitter:site\" content=\"@portalurbanook\" \/>\n<meta name=\"twitter:label1\" content=\"Escrito por\" \/>\n\t<meta name=\"twitter:data1\" content=\"admpu17wp\" \/>\n\t<meta name=\"twitter:label2\" content=\"Tiempo de lectura\" \/>\n\t<meta name=\"twitter:data2\" content=\"2 minutos\" \/>\n<script type=\"application\/ld+json\" class=\"yoast-schema-graph\">{\"@context\":\"https:\/\/schema.org\",\"@graph\":[{\"@type\":\"Article\",\"@id\":\"https:\/\/experienciadevida.com.ar\/portalurbano\/robo-en-primera-persona-en-sierras-bayas-quiero-concientizar-para-que-estas-cosas-no-pasen-mas-en-el-pueblo-y-la-gente-se-anime-a-denunciar\/#article\",\"isPartOf\":{\"@id\":\"https:\/\/experienciadevida.com.ar\/portalurbano\/robo-en-primera-persona-en-sierras-bayas-quiero-concientizar-para-que-estas-cosas-no-pasen-mas-en-el-pueblo-y-la-gente-se-anime-a-denunciar\/\"},\"author\":{\"name\":\"admpu17wp\",\"@id\":\"https:\/\/experienciadevida.com.ar\/portalurbano\/#\/schema\/person\/02dd326b1c4b056e9cc972486934a3a7\"},\"headline\":\"Robo en primera persona: \u201cQuiero concientizar para que estas cosas no pasen m\u00e1s en el pueblo y la gente se anime a denunciar\u201d.\",\"datePublished\":\"2020-10-06T18:46:09+00:00\",\"dateModified\":\"2020-10-06T18:51:58+00:00\",\"mainEntityOfPage\":{\"@id\":\"https:\/\/experienciadevida.com.ar\/portalurbano\/robo-en-primera-persona-en-sierras-bayas-quiero-concientizar-para-que-estas-cosas-no-pasen-mas-en-el-pueblo-y-la-gente-se-anime-a-denunciar\/\"},\"wordCount\":330,\"publisher\":{\"@id\":\"https:\/\/experienciadevida.com.ar\/portalurbano\/#organization\"},\"articleSection\":[\"Destacadas 2\",\"Policiales\"],\"inLanguage\":\"es\"},{\"@type\":\"WebPage\",\"@id\":\"https:\/\/experienciadevida.com.ar\/portalurbano\/robo-en-primera-persona-en-sierras-bayas-quiero-concientizar-para-que-estas-cosas-no-pasen-mas-en-el-pueblo-y-la-gente-se-anime-a-denunciar\/\",\"url\":\"https:\/\/experienciadevida.com.ar\/portalurbano\/robo-en-primera-persona-en-sierras-bayas-quiero-concientizar-para-que-estas-cosas-no-pasen-mas-en-el-pueblo-y-la-gente-se-anime-a-denunciar\/\",\"name\":\"Robo en primera persona en Sierras Bayas: \\\"No quiero que pase m\u00e1s\\\"\",\"isPartOf\":{\"@id\":\"https:\/\/experienciadevida.com.ar\/portalurbano\/#website\"},\"datePublished\":\"2020-10-06T18:46:09+00:00\",\"dateModified\":\"2020-10-06T18:51:58+00:00\",\"description\":\"Dos menores de edad, de nuestra ciudad que residen en Sierras Bayas resultaron implicados por el robo de una billetera con documentaci\u00f3n.\",\"breadcrumb\":{\"@id\":\"https:\/\/experienciadevida.com.ar\/portalurbano\/robo-en-primera-persona-en-sierras-bayas-quiero-concientizar-para-que-estas-cosas-no-pasen-mas-en-el-pueblo-y-la-gente-se-anime-a-denunciar\/#breadcrumb\"},\"inLanguage\":\"es\",\"potentialAction\":[{\"@type\":\"ReadAction\",\"target\":[\"https:\/\/experienciadevida.com.ar\/portalurbano\/robo-en-primera-persona-en-sierras-bayas-quiero-concientizar-para-que-estas-cosas-no-pasen-mas-en-el-pueblo-y-la-gente-se-anime-a-denunciar\/\"]}]},{\"@type\":\"BreadcrumbList\",\"@id\":\"https:\/\/experienciadevida.com.ar\/portalurbano\/robo-en-primera-persona-en-sierras-bayas-quiero-concientizar-para-que-estas-cosas-no-pasen-mas-en-el-pueblo-y-la-gente-se-anime-a-denunciar\/#breadcrumb\",\"itemListElement\":[{\"@type\":\"ListItem\",\"position\":1,\"name\":\"Portada\",\"item\":\"https:\/\/experienciadevida.com.ar\/portalurbano\/\"},{\"@type\":\"ListItem\",\"position\":2,\"name\":\"Robo en primera persona: \u201cQuiero concientizar para que estas cosas no pasen m\u00e1s en el pueblo y la gente se anime a denunciar\u201d.\"}]},{\"@type\":\"WebSite\",\"@id\":\"https:\/\/experienciadevida.com.ar\/portalurbano\/#website\",\"url\":\"https:\/\/experienciadevida.com.ar\/portalurbano\/\",\"name\":\"\",\"description\":\"\",\"publisher\":{\"@id\":\"https:\/\/experienciadevida.com.ar\/portalurbano\/#organization\"},\"potentialAction\":[{\"@type\":\"SearchAction\",\"target\":{\"@type\":\"EntryPoint\",\"urlTemplate\":\"https:\/\/experienciadevida.com.ar\/portalurbano\/?s={search_term_string}\"},\"query-input\":\"required name=search_term_string\"}],\"inLanguage\":\"es\"},{\"@type\":\"Organization\",\"@id\":\"https:\/\/experienciadevida.com.ar\/portalurbano\/#organization\",\"name\":\"Portal Urbano\",\"url\":\"https:\/\/experienciadevida.com.ar\/portalurbano\/\",\"logo\":{\"@type\":\"ImageObject\",\"inLanguage\":\"es\",\"@id\":\"https:\/\/experienciadevida.com.ar\/portalurbano\/#\/schema\/logo\/image\/\",\"url\":\"https:\/\/experienciadevida.com.ar\/portalurbano\/wp-content\/uploads\/2019\/09\/Logo-Original.png\",\"contentUrl\":\"https:\/\/experienciadevida.com.ar\/portalurbano\/wp-content\/uploads\/2019\/09\/Logo-Original.png\",\"width\":2236,\"height\":1216,\"caption\":\"Portal Urbano\"},\"image\":{\"@id\":\"https:\/\/experienciadevida.com.ar\/portalurbano\/#\/schema\/logo\/image\/\"},\"sameAs\":[\"https:\/\/www.facebook.com\/Portal-Urbano-171542830093757\/\",\"https:\/\/twitter.com\/portalurbanook\",\"https:\/\/www.instagram.com\/_portalurbano\/\",\"https:\/\/www.youtube.com\/channel\/UCXhagIfszH8KxFiOok79zbA?view_as=subscriber\"]},{\"@type\":\"Person\",\"@id\":\"https:\/\/experienciadevida.com.ar\/portalurbano\/#\/schema\/person\/02dd326b1c4b056e9cc972486934a3a7\",\"name\":\"admpu17wp\",\"image\":{\"@type\":\"ImageObject\",\"inLanguage\":\"es\",\"@id\":\"https:\/\/experienciadevida.com.ar\/portalurbano\/#\/schema\/person\/image\/\",\"url\":\"https:\/\/secure.gravatar.com\/avatar\/830d4c57adaae6630765e449a6908047?s=96&d=mm&r=g\",\"contentUrl\":\"https:\/\/secure.gravatar.com\/avatar\/830d4c57adaae6630765e449a6908047?s=96&d=mm&r=g\",\"caption\":\"admpu17wp\"}}]}<\/script>\n<!-- \/ Yoast SEO plugin. -->","yoast_head_json":{"title":"Robo en primera persona en Sierras Bayas: \"No quiero que pase m\u00e1s\"","description":"Dos menores de edad, de nuestra ciudad que residen en Sierras Bayas resultaron implicados por el robo de una billetera con documentaci\u00f3n.","robots":{"index":"index","follow":"follow","max-snippet":"max-snippet:-1","max-image-preview":"max-image-preview:large","max-video-preview":"max-video-preview:-1"},"canonical":"https:\/\/experienciadevida.com.ar\/portalurbano\/robo-en-primera-persona-en-sierras-bayas-quiero-concientizar-para-que-estas-cosas-no-pasen-mas-en-el-pueblo-y-la-gente-se-anime-a-denunciar\/","og_locale":"es_ES","og_type":"article","og_title":"Robo en primera persona en Sierras Bayas: \"No quiero que pase m\u00e1s\"","og_description":"Dos menores de edad, de nuestra ciudad que residen en Sierras Bayas resultaron implicados por el robo de una billetera con documentaci\u00f3n.","og_url":"https:\/\/experienciadevida.com.ar\/portalurbano\/robo-en-primera-persona-en-sierras-bayas-quiero-concientizar-para-que-estas-cosas-no-pasen-mas-en-el-pueblo-y-la-gente-se-anime-a-denunciar\/","article_publisher":"https:\/\/www.facebook.com\/Portal-Urbano-171542830093757\/","article_published_time":"2020-10-06T18:46:09+00:00","article_modified_time":"2020-10-06T18:51:58+00:00","og_image":[{"width":750,"height":422,"url":"https:\/\/experienciadevida.com.ar\/portalurbano\/wp-content\/uploads\/2019\/01\/SIERRASBAYAS-e1566131858361.jpg","type":"image\/jpeg"}],"author":"admpu17wp","twitter_card":"summary_large_image","twitter_creator":"@portalurbanook","twitter_site":"@portalurbanook","twitter_misc":{"Escrito por":"admpu17wp","Tiempo de lectura":"2 minutos"},"schema":{"@context":"https:\/\/schema.org","@graph":[{"@type":"Article","@id":"https:\/\/experienciadevida.com.ar\/portalurbano\/robo-en-primera-persona-en-sierras-bayas-quiero-concientizar-para-que-estas-cosas-no-pasen-mas-en-el-pueblo-y-la-gente-se-anime-a-denunciar\/#article","isPartOf":{"@id":"https:\/\/experienciadevida.com.ar\/portalurbano\/robo-en-primera-persona-en-sierras-bayas-quiero-concientizar-para-que-estas-cosas-no-pasen-mas-en-el-pueblo-y-la-gente-se-anime-a-denunciar\/"},"author":{"name":"admpu17wp","@id":"https:\/\/experienciadevida.com.ar\/portalurbano\/#\/schema\/person\/02dd326b1c4b056e9cc972486934a3a7"},"headline":"Robo en primera persona: \u201cQuiero concientizar para que estas cosas no pasen m\u00e1s en el pueblo y la gente se anime a denunciar\u201d.","datePublished":"2020-10-06T18:46:09+00:00","dateModified":"2020-10-06T18:51:58+00:00","mainEntityOfPage":{"@id":"https:\/\/experienciadevida.com.ar\/portalurbano\/robo-en-primera-persona-en-sierras-bayas-quiero-concientizar-para-que-estas-cosas-no-pasen-mas-en-el-pueblo-y-la-gente-se-anime-a-denunciar\/"},"wordCount":330,"publisher":{"@id":"https:\/\/experienciadevida.com.ar\/portalurbano\/#organization"},"articleSection":["Destacadas 2","Policiales"],"inLanguage":"es"},{"@type":"WebPage","@id":"https:\/\/experienciadevida.com.ar\/portalurbano\/robo-en-primera-persona-en-sierras-bayas-quiero-concientizar-para-que-estas-cosas-no-pasen-mas-en-el-pueblo-y-la-gente-se-anime-a-denunciar\/","url":"https:\/\/experienciadevida.com.ar\/portalurbano\/robo-en-primera-persona-en-sierras-bayas-quiero-concientizar-para-que-estas-cosas-no-pasen-mas-en-el-pueblo-y-la-gente-se-anime-a-denunciar\/","name":"Robo en primera persona en Sierras Bayas: \"No quiero que pase m\u00e1s\"","isPartOf":{"@id":"https:\/\/experienciadevida.com.ar\/portalurbano\/#website"},"datePublished":"2020-10-06T18:46:09+00:00","dateModified":"2020-10-06T18:51:58+00:00","description":"Dos menores de edad, de nuestra ciudad que residen en Sierras Bayas resultaron implicados por el robo de una billetera con documentaci\u00f3n.","breadcrumb":{"@id":"https:\/\/experienciadevida.com.ar\/portalurbano\/robo-en-primera-persona-en-sierras-bayas-quiero-concientizar-para-que-estas-cosas-no-pasen-mas-en-el-pueblo-y-la-gente-se-anime-a-denunciar\/#breadcrumb"},"inLanguage":"es","potentialAction":[{"@type":"ReadAction","target":["https:\/\/experienciadevida.com.ar\/portalurbano\/robo-en-primera-persona-en-sierras-bayas-quiero-concientizar-para-que-estas-cosas-no-pasen-mas-en-el-pueblo-y-la-gente-se-anime-a-denunciar\/"]}]},{"@type":"BreadcrumbList","@id":"https:\/\/experienciadevida.com.ar\/portalurbano\/robo-en-primera-persona-en-sierras-bayas-quiero-concientizar-para-que-estas-cosas-no-pasen-mas-en-el-pueblo-y-la-gente-se-anime-a-denunciar\/#breadcrumb","itemListElement":[{"@type":"ListItem","position":1,"name":"Portada","item":"https:\/\/experienciadevida.com.ar\/portalurbano\/"},{"@type":"ListItem","position":2,"name":"Robo en primera persona: \u201cQuiero concientizar para que estas cosas no pasen m\u00e1s en el pueblo y la gente se anime a denunciar\u201d."}]},{"@type":"WebSite","@id":"https:\/\/experienciadevida.com.ar\/portalurbano\/#website","url":"https:\/\/experienciadevida.com.ar\/portalurbano\/","name":"","description":"","publisher":{"@id":"https:\/\/experienciadevida.com.ar\/portalurbano\/#organization"},"potentialAction":[{"@type":"SearchAction","target":{"@type":"EntryPoint","urlTemplate":"https:\/\/experienciadevida.com.ar\/portalurbano\/?s={search_term_string}"},"query-input":"required name=search_term_string"}],"inLanguage":"es"},{"@type":"Organization","@id":"https:\/\/experienciadevida.com.ar\/portalurbano\/#organization","name":"Portal Urbano","url":"https:\/\/experienciadevida.com.ar\/portalurbano\/","logo":{"@type":"ImageObject","inLanguage":"es","@id":"https:\/\/experienciadevida.com.ar\/portalurbano\/#\/schema\/logo\/image\/","url":"https:\/\/experienciadevida.com.ar\/portalurbano\/wp-content\/uploads\/2019\/09\/Logo-Original.png","contentUrl":"https:\/\/experienciadevida.com.ar\/portalurbano\/wp-content\/uploads\/2019\/09\/Logo-Original.png","width":2236,"height":1216,"caption":"Portal Urbano"},"image":{"@id":"https:\/\/experienciadevida.com.ar\/portalurbano\/#\/schema\/logo\/image\/"},"sameAs":["https:\/\/www.facebook.com\/Portal-Urbano-171542830093757\/","https:\/\/twitter.com\/portalurbanook","https:\/\/www.instagram.com\/_portalurbano\/","https:\/\/www.youtube.com\/channel\/UCXhagIfszH8KxFiOok79zbA?view_as=subscriber"]},{"@type":"Person","@id":"https:\/\/experienciadevida.com.ar\/portalurbano\/#\/schema\/person\/02dd326b1c4b056e9cc972486934a3a7","name":"admpu17wp","image":{"@type":"ImageObject","inLanguage":"es","@id":"https:\/\/experienciadevida.com.ar\/portalurbano\/#\/schema\/person\/image\/","url":"https:\/\/secure.gravatar.com\/avatar\/830d4c57adaae6630765e449a6908047?s=96&d=mm&r=g","contentUrl":"https:\/\/secure.gravatar.com\/avatar\/830d4c57adaae6630765e449a6908047?s=96&d=mm&r=g","caption":"admpu17wp"}}]}},"featured_image_urls":{"full":"","thumbnail":"","medium":"","medium_large":"","large":"","ug_big":"","1536x1536":"","2048x2048":"","newsever-slider-full":"","newsever-featured":"","newsever-medium":"","web-stories-poster-portrait":"","web-stories-publisher-logo":"","web-stories-thumbnail":""},"author_info":{"display_name":"admpu17wp","author_link":"https:\/\/experienciadevida.com.ar\/portalurbano\/author\/admpu17wp\/"},"category_info":"<a href=\"https:\/\/experienciadevida.com.ar\/portalurbano\/category\/destacadas-2\/\" rel=\"category tag\">Destacadas 2<\/a> <a href=\"https:\/\/experienciadevida.com.ar\/portalurbano\/category\/policiales\/\" rel=\"category tag\">Policiales<\/a>","tag_info":"Policiales","comment_count":"0","amp_enabled":true,"_links":{"self":[{"href":"https:\/\/experienciadevida.com.ar\/portalurbano\/wp-json\/wp\/v2\/posts\/123428"}],"collection":[{"href":"https:\/\/experienciadevida.com.ar\/portalurbano\/wp-json\/wp\/v2\/posts"}],"about":[{"href":"https:\/\/experienciadevida.com.ar\/portalurbano\/wp-json\/wp\/v2\/types\/post"}],"author":[{"embeddable":true,"href":"https:\/\/experienciadevida.com.ar\/portalurbano\/wp-json\/wp\/v2\/users\/1"}],"replies":[{"embeddable":true,"href":"https:\/\/experienciadevida.com.ar\/portalurbano\/wp-json\/wp\/v2\/comments?post=123428"}],"version-history":[{"count":11,"href":"https:\/\/experienciadevida.com.ar\/portalurbano\/wp-json\/wp\/v2\/posts\/123428\/revisions"}],"predecessor-version":[{"id":123540,"href":"https:\/\/experienciadevida.com.ar\/portalurbano\/wp-json\/wp\/v2\/posts\/123428\/revisions\/123540"}],"wp:attachment":[{"href":"https:\/\/experienciadevida.com.ar\/portalurbano\/wp-json\/wp\/v2\/media?parent=123428"}],"wp:term":[{"taxonomy":"category","embeddable":true,"href":"https:\/\/experienciadevida.com.ar\/portalurbano\/wp-json\/wp\/v2\/categories?post=123428"},{"taxonomy":"post_tag","embeddable":true,"href":"https:\/\/experienciadevida.com.ar\/portalurbano\/wp-json\/wp\/v2\/tags?post=123428"}],"curies":[{"name":"wp","href":"https:\/\/api.w.org\/{rel}","templated":true}]}}