{"id":123378,"date":"2020-10-04T18:57:52","date_gmt":"2020-10-04T21:57:52","guid":{"rendered":"https:\/\/experienciadevida.com.ar\/portalurbano\/?p=123378"},"modified":"2020-10-04T18:58:35","modified_gmt":"2020-10-04T21:58:35","slug":"violencia-de-genero-aprehendieron-a-un-joven-por-quebrantar-medidas-cautelares","status":"publish","type":"post","link":"https:\/\/experienciadevida.com.ar\/portalurbano\/violencia-de-genero-aprehendieron-a-un-joven-por-quebrantar-medidas-cautelares\/","title":{"rendered":"Violencia de g\u00e9nero: Aprehendieron a un joven por quebrantar medidas cautelares"},"content":{"rendered":"<p>El Personal del comando de patrullas junto con el personal de la comisar\u00eda de la mujer a ra\u00edz de un llamado al 911 se dirigieron hacia la Avenida Circunvalaci\u00f3n al 3.300 donde procedieron a la aprehensi\u00f3n de un hombre de 23 a\u00f1os de edad, en el marco de una causa por\u00a0<strong>violencia de g\u00e9nero<\/strong>.<\/p>\n<p>El sujeto, al momento del arribo del personal actuante se encontraba afuera de la vivienda de su ex pareja, quebrantando las medidas cautelares tales como prohibici\u00f3n de acercamiento, per\u00edmetro de exclusi\u00f3n, interpuestas por el Juzgado de Familia n\u00b01.<\/p>\n<p>El joven fue trasladado hacia la comisar\u00eda de la segunda donde se le inici\u00f3 una causa por &#8220;desobediencia&#8221; con intervenci\u00f3n de la Secretar\u00eda Especializada en <strong>violencia de g\u00e9nero.\u00a0<\/strong><\/p>\n","protected":false},"excerpt":{"rendered":"<p>El Personal del comando de patrullas junto con el personal de la comisar\u00eda de la&#8230;<\/p>\n","protected":false},"author":1,"featured_media":123379,"comment_status":"closed","ping_status":"closed","sticky":false,"template":"","format":"standard","meta":{"content-type":""},"categories":[51,40],"tags":[],"nelio_content":{"isAutoShareEnabled":false,"autoShareEndMode":"default","automationSources":{"useContentSentences":true,"useSocialTemplates":true,"useCustomSentences":false,"customSentences":[]},"followers":[1],"suggestedReferences":[],"includedReferences":[],"efiUrl":"","efiAlt":"","highlights":[]},"yoast_head":"<!-- This site is optimized with the Yoast SEO plugin v20.7 - https:\/\/yoast.com\/wordpress\/plugins\/seo\/ -->\n<title>Violencia de g\u00e9nero: Aprehendieron a un hombre por quebrantar medidas<\/title>\n<meta name=\"description\" content=\"En el marco de una causa por violencia de g\u00e9nero aprehendieron a un joven de 23 a\u00f1os por quebrantar medidas cautelares con su ex pareja.\" \/>\n<meta name=\"robots\" content=\"index, follow, max-snippet:-1, max-image-preview:large, max-video-preview:-1\" \/>\n<link rel=\"canonical\" href=\"https:\/\/experienciadevida.com.ar\/portalurbano\/violencia-de-genero-aprehendieron-a-un-joven-por-quebrantar-medidas-cautelares\/\" \/>\n<meta property=\"og:locale\" content=\"es_ES\" \/>\n<meta property=\"og:type\" content=\"article\" \/>\n<meta property=\"og:title\" content=\"Violencia de g\u00e9nero: Aprehendieron a un hombre por quebrantar medidas\" \/>\n<meta property=\"og:description\" content=\"En el marco de una causa por violencia de g\u00e9nero aprehendieron a un joven de 23 a\u00f1os por quebrantar medidas cautelares con su ex pareja.\" \/>\n<meta property=\"og:url\" content=\"https:\/\/experienciadevida.com.ar\/portalurbano\/violencia-de-genero-aprehendieron-a-un-joven-por-quebrantar-medidas-cautelares\/\" \/>\n<meta property=\"article:publisher\" content=\"https:\/\/www.facebook.com\/Portal-Urbano-171542830093757\/\" \/>\n<meta property=\"article:published_time\" content=\"2020-10-04T21:57:52+00:00\" \/>\n<meta property=\"article:modified_time\" content=\"2020-10-04T21:58:35+00:00\" \/>\n<meta property=\"og:image\" content=\"https:\/\/experienciadevida.com.ar\/portalurbano\/wp-content\/uploads\/2020\/10\/Violencia-de-genero.jpg\" \/>\n\t<meta property=\"og:image:width\" content=\"1000\" \/>\n\t<meta property=\"og:image:height\" content=\"461\" \/>\n\t<meta property=\"og:image:type\" content=\"image\/jpeg\" \/>\n<meta name=\"author\" content=\"admpu17wp\" \/>\n<meta name=\"twitter:card\" content=\"summary_large_image\" \/>\n<meta name=\"twitter:creator\" content=\"@portalurbanook\" \/>\n<meta name=\"twitter:site\" content=\"@portalurbanook\" \/>\n<meta name=\"twitter:label1\" content=\"Escrito por\" \/>\n\t<meta name=\"twitter:data1\" content=\"admpu17wp\" \/>\n\t<meta name=\"twitter:label2\" content=\"Tiempo de lectura\" \/>\n\t<meta name=\"twitter:data2\" content=\"1 minuto\" \/>\n<script type=\"application\/ld+json\" class=\"yoast-schema-graph\">{\"@context\":\"https:\/\/schema.org\",\"@graph\":[{\"@type\":\"Article\",\"@id\":\"https:\/\/experienciadevida.com.ar\/portalurbano\/violencia-de-genero-aprehendieron-a-un-joven-por-quebrantar-medidas-cautelares\/#article\",\"isPartOf\":{\"@id\":\"https:\/\/experienciadevida.com.ar\/portalurbano\/violencia-de-genero-aprehendieron-a-un-joven-por-quebrantar-medidas-cautelares\/\"},\"author\":{\"name\":\"admpu17wp\",\"@id\":\"https:\/\/experienciadevida.com.ar\/portalurbano\/#\/schema\/person\/02dd326b1c4b056e9cc972486934a3a7\"},\"headline\":\"Violencia de g\u00e9nero: Aprehendieron a un joven por quebrantar medidas cautelares\",\"datePublished\":\"2020-10-04T21:57:52+00:00\",\"dateModified\":\"2020-10-04T21:58:35+00:00\",\"mainEntityOfPage\":{\"@id\":\"https:\/\/experienciadevida.com.ar\/portalurbano\/violencia-de-genero-aprehendieron-a-un-joven-por-quebrantar-medidas-cautelares\/\"},\"wordCount\":142,\"publisher\":{\"@id\":\"https:\/\/experienciadevida.com.ar\/portalurbano\/#organization\"},\"articleSection\":[\"Destacadas\",\"Policiales\"],\"inLanguage\":\"es\"},{\"@type\":\"WebPage\",\"@id\":\"https:\/\/experienciadevida.com.ar\/portalurbano\/violencia-de-genero-aprehendieron-a-un-joven-por-quebrantar-medidas-cautelares\/\",\"url\":\"https:\/\/experienciadevida.com.ar\/portalurbano\/violencia-de-genero-aprehendieron-a-un-joven-por-quebrantar-medidas-cautelares\/\",\"name\":\"Violencia de g\u00e9nero: Aprehendieron a un hombre por quebrantar medidas\",\"isPartOf\":{\"@id\":\"https:\/\/experienciadevida.com.ar\/portalurbano\/#website\"},\"datePublished\":\"2020-10-04T21:57:52+00:00\",\"dateModified\":\"2020-10-04T21:58:35+00:00\",\"description\":\"En el marco de una causa por violencia de g\u00e9nero aprehendieron a un joven de 23 a\u00f1os por quebrantar medidas cautelares con su ex pareja.\",\"breadcrumb\":{\"@id\":\"https:\/\/experienciadevida.com.ar\/portalurbano\/violencia-de-genero-aprehendieron-a-un-joven-por-quebrantar-medidas-cautelares\/#breadcrumb\"},\"inLanguage\":\"es\",\"potentialAction\":[{\"@type\":\"ReadAction\",\"target\":[\"https:\/\/experienciadevida.com.ar\/portalurbano\/violencia-de-genero-aprehendieron-a-un-joven-por-quebrantar-medidas-cautelares\/\"]}]},{\"@type\":\"BreadcrumbList\",\"@id\":\"https:\/\/experienciadevida.com.ar\/portalurbano\/violencia-de-genero-aprehendieron-a-un-joven-por-quebrantar-medidas-cautelares\/#breadcrumb\",\"itemListElement\":[{\"@type\":\"ListItem\",\"position\":1,\"name\":\"Portada\",\"item\":\"https:\/\/experienciadevida.com.ar\/portalurbano\/\"},{\"@type\":\"ListItem\",\"position\":2,\"name\":\"Violencia de g\u00e9nero: Aprehendieron a un joven por quebrantar medidas cautelares\"}]},{\"@type\":\"WebSite\",\"@id\":\"https:\/\/experienciadevida.com.ar\/portalurbano\/#website\",\"url\":\"https:\/\/experienciadevida.com.ar\/portalurbano\/\",\"name\":\"\",\"description\":\"\",\"publisher\":{\"@id\":\"https:\/\/experienciadevida.com.ar\/portalurbano\/#organization\"},\"potentialAction\":[{\"@type\":\"SearchAction\",\"target\":{\"@type\":\"EntryPoint\",\"urlTemplate\":\"https:\/\/experienciadevida.com.ar\/portalurbano\/?s={search_term_string}\"},\"query-input\":\"required name=search_term_string\"}],\"inLanguage\":\"es\"},{\"@type\":\"Organization\",\"@id\":\"https:\/\/experienciadevida.com.ar\/portalurbano\/#organization\",\"name\":\"Portal Urbano\",\"url\":\"https:\/\/experienciadevida.com.ar\/portalurbano\/\",\"logo\":{\"@type\":\"ImageObject\",\"inLanguage\":\"es\",\"@id\":\"https:\/\/experienciadevida.com.ar\/portalurbano\/#\/schema\/logo\/image\/\",\"url\":\"https:\/\/experienciadevida.com.ar\/portalurbano\/wp-content\/uploads\/2019\/09\/Logo-Original.png\",\"contentUrl\":\"https:\/\/experienciadevida.com.ar\/portalurbano\/wp-content\/uploads\/2019\/09\/Logo-Original.png\",\"width\":2236,\"height\":1216,\"caption\":\"Portal Urbano\"},\"image\":{\"@id\":\"https:\/\/experienciadevida.com.ar\/portalurbano\/#\/schema\/logo\/image\/\"},\"sameAs\":[\"https:\/\/www.facebook.com\/Portal-Urbano-171542830093757\/\",\"https:\/\/twitter.com\/portalurbanook\",\"https:\/\/www.instagram.com\/_portalurbano\/\",\"https:\/\/www.youtube.com\/channel\/UCXhagIfszH8KxFiOok79zbA?view_as=subscriber\"]},{\"@type\":\"Person\",\"@id\":\"https:\/\/experienciadevida.com.ar\/portalurbano\/#\/schema\/person\/02dd326b1c4b056e9cc972486934a3a7\",\"name\":\"admpu17wp\",\"image\":{\"@type\":\"ImageObject\",\"inLanguage\":\"es\",\"@id\":\"https:\/\/experienciadevida.com.ar\/portalurbano\/#\/schema\/person\/image\/\",\"url\":\"https:\/\/secure.gravatar.com\/avatar\/830d4c57adaae6630765e449a6908047?s=96&d=mm&r=g\",\"contentUrl\":\"https:\/\/secure.gravatar.com\/avatar\/830d4c57adaae6630765e449a6908047?s=96&d=mm&r=g\",\"caption\":\"admpu17wp\"}}]}<\/script>\n<!-- \/ Yoast SEO plugin. -->","yoast_head_json":{"title":"Violencia de g\u00e9nero: Aprehendieron a un hombre por quebrantar medidas","description":"En el marco de una causa por violencia de g\u00e9nero aprehendieron a un joven de 23 a\u00f1os por quebrantar medidas cautelares con su ex pareja.","robots":{"index":"index","follow":"follow","max-snippet":"max-snippet:-1","max-image-preview":"max-image-preview:large","max-video-preview":"max-video-preview:-1"},"canonical":"https:\/\/experienciadevida.com.ar\/portalurbano\/violencia-de-genero-aprehendieron-a-un-joven-por-quebrantar-medidas-cautelares\/","og_locale":"es_ES","og_type":"article","og_title":"Violencia de g\u00e9nero: Aprehendieron a un hombre por quebrantar medidas","og_description":"En el marco de una causa por violencia de g\u00e9nero aprehendieron a un joven de 23 a\u00f1os por quebrantar medidas cautelares con su ex pareja.","og_url":"https:\/\/experienciadevida.com.ar\/portalurbano\/violencia-de-genero-aprehendieron-a-un-joven-por-quebrantar-medidas-cautelares\/","article_publisher":"https:\/\/www.facebook.com\/Portal-Urbano-171542830093757\/","article_published_time":"2020-10-04T21:57:52+00:00","article_modified_time":"2020-10-04T21:58:35+00:00","og_image":[{"width":1000,"height":461,"url":"https:\/\/experienciadevida.com.ar\/portalurbano\/wp-content\/uploads\/2020\/10\/Violencia-de-genero.jpg","type":"image\/jpeg"}],"author":"admpu17wp","twitter_card":"summary_large_image","twitter_creator":"@portalurbanook","twitter_site":"@portalurbanook","twitter_misc":{"Escrito por":"admpu17wp","Tiempo de lectura":"1 minuto"},"schema":{"@context":"https:\/\/schema.org","@graph":[{"@type":"Article","@id":"https:\/\/experienciadevida.com.ar\/portalurbano\/violencia-de-genero-aprehendieron-a-un-joven-por-quebrantar-medidas-cautelares\/#article","isPartOf":{"@id":"https:\/\/experienciadevida.com.ar\/portalurbano\/violencia-de-genero-aprehendieron-a-un-joven-por-quebrantar-medidas-cautelares\/"},"author":{"name":"admpu17wp","@id":"https:\/\/experienciadevida.com.ar\/portalurbano\/#\/schema\/person\/02dd326b1c4b056e9cc972486934a3a7"},"headline":"Violencia de g\u00e9nero: Aprehendieron a un joven por quebrantar medidas cautelares","datePublished":"2020-10-04T21:57:52+00:00","dateModified":"2020-10-04T21:58:35+00:00","mainEntityOfPage":{"@id":"https:\/\/experienciadevida.com.ar\/portalurbano\/violencia-de-genero-aprehendieron-a-un-joven-por-quebrantar-medidas-cautelares\/"},"wordCount":142,"publisher":{"@id":"https:\/\/experienciadevida.com.ar\/portalurbano\/#organization"},"articleSection":["Destacadas","Policiales"],"inLanguage":"es"},{"@type":"WebPage","@id":"https:\/\/experienciadevida.com.ar\/portalurbano\/violencia-de-genero-aprehendieron-a-un-joven-por-quebrantar-medidas-cautelares\/","url":"https:\/\/experienciadevida.com.ar\/portalurbano\/violencia-de-genero-aprehendieron-a-un-joven-por-quebrantar-medidas-cautelares\/","name":"Violencia de g\u00e9nero: Aprehendieron a un hombre por quebrantar medidas","isPartOf":{"@id":"https:\/\/experienciadevida.com.ar\/portalurbano\/#website"},"datePublished":"2020-10-04T21:57:52+00:00","dateModified":"2020-10-04T21:58:35+00:00","description":"En el marco de una causa por violencia de g\u00e9nero aprehendieron a un joven de 23 a\u00f1os por quebrantar medidas cautelares con su ex pareja.","breadcrumb":{"@id":"https:\/\/experienciadevida.com.ar\/portalurbano\/violencia-de-genero-aprehendieron-a-un-joven-por-quebrantar-medidas-cautelares\/#breadcrumb"},"inLanguage":"es","potentialAction":[{"@type":"ReadAction","target":["https:\/\/experienciadevida.com.ar\/portalurbano\/violencia-de-genero-aprehendieron-a-un-joven-por-quebrantar-medidas-cautelares\/"]}]},{"@type":"BreadcrumbList","@id":"https:\/\/experienciadevida.com.ar\/portalurbano\/violencia-de-genero-aprehendieron-a-un-joven-por-quebrantar-medidas-cautelares\/#breadcrumb","itemListElement":[{"@type":"ListItem","position":1,"name":"Portada","item":"https:\/\/experienciadevida.com.ar\/portalurbano\/"},{"@type":"ListItem","position":2,"name":"Violencia de g\u00e9nero: Aprehendieron a un joven por quebrantar medidas cautelares"}]},{"@type":"WebSite","@id":"https:\/\/experienciadevida.com.ar\/portalurbano\/#website","url":"https:\/\/experienciadevida.com.ar\/portalurbano\/","name":"","description":"","publisher":{"@id":"https:\/\/experienciadevida.com.ar\/portalurbano\/#organization"},"potentialAction":[{"@type":"SearchAction","target":{"@type":"EntryPoint","urlTemplate":"https:\/\/experienciadevida.com.ar\/portalurbano\/?s={search_term_string}"},"query-input":"required name=search_term_string"}],"inLanguage":"es"},{"@type":"Organization","@id":"https:\/\/experienciadevida.com.ar\/portalurbano\/#organization","name":"Portal Urbano","url":"https:\/\/experienciadevida.com.ar\/portalurbano\/","logo":{"@type":"ImageObject","inLanguage":"es","@id":"https:\/\/experienciadevida.com.ar\/portalurbano\/#\/schema\/logo\/image\/","url":"https:\/\/experienciadevida.com.ar\/portalurbano\/wp-content\/uploads\/2019\/09\/Logo-Original.png","contentUrl":"https:\/\/experienciadevida.com.ar\/portalurbano\/wp-content\/uploads\/2019\/09\/Logo-Original.png","width":2236,"height":1216,"caption":"Portal Urbano"},"image":{"@id":"https:\/\/experienciadevida.com.ar\/portalurbano\/#\/schema\/logo\/image\/"},"sameAs":["https:\/\/www.facebook.com\/Portal-Urbano-171542830093757\/","https:\/\/twitter.com\/portalurbanook","https:\/\/www.instagram.com\/_portalurbano\/","https:\/\/www.youtube.com\/channel\/UCXhagIfszH8KxFiOok79zbA?view_as=subscriber"]},{"@type":"Person","@id":"https:\/\/experienciadevida.com.ar\/portalurbano\/#\/schema\/person\/02dd326b1c4b056e9cc972486934a3a7","name":"admpu17wp","image":{"@type":"ImageObject","inLanguage":"es","@id":"https:\/\/experienciadevida.com.ar\/portalurbano\/#\/schema\/person\/image\/","url":"https:\/\/secure.gravatar.com\/avatar\/830d4c57adaae6630765e449a6908047?s=96&d=mm&r=g","contentUrl":"https:\/\/secure.gravatar.com\/avatar\/830d4c57adaae6630765e449a6908047?s=96&d=mm&r=g","caption":"admpu17wp"}}]}},"featured_image_urls":{"full":["https:\/\/experienciadevida.com.ar\/portalurbano\/wp-content\/uploads\/2020\/10\/Violencia-de-genero.jpg",1000,461,false],"thumbnail":["https:\/\/experienciadevida.com.ar\/portalurbano\/wp-content\/uploads\/2020\/10\/Violencia-de-genero-150x150.jpg",150,150,true],"medium":["https:\/\/experienciadevida.com.ar\/portalurbano\/wp-content\/uploads\/2020\/10\/Violencia-de-genero-300x138.jpg",300,138,true],"medium_large":["https:\/\/experienciadevida.com.ar\/portalurbano\/wp-content\/uploads\/2020\/10\/Violencia-de-genero-768x354.jpg",640,295,true],"large":["https:\/\/experienciadevida.com.ar\/portalurbano\/wp-content\/uploads\/2020\/10\/Violencia-de-genero.jpg",640,295,false],"ug_big":["https:\/\/experienciadevida.com.ar\/portalurbano\/wp-content\/uploads\/2020\/10\/Violencia-de-genero-768x354.jpg",768,354,true],"1536x1536":["https:\/\/experienciadevida.com.ar\/portalurbano\/wp-content\/uploads\/2020\/10\/Violencia-de-genero.jpg",1000,461,false],"2048x2048":["https:\/\/experienciadevida.com.ar\/portalurbano\/wp-content\/uploads\/2020\/10\/Violencia-de-genero.jpg",1000,461,false],"newsever-slider-full":["https:\/\/experienciadevida.com.ar\/portalurbano\/wp-content\/uploads\/2020\/10\/Violencia-de-genero.jpg",1000,461,false],"newsever-featured":["https:\/\/experienciadevida.com.ar\/portalurbano\/wp-content\/uploads\/2020\/10\/Violencia-de-genero.jpg",1000,461,false],"newsever-medium":["https:\/\/experienciadevida.com.ar\/portalurbano\/wp-content\/uploads\/2020\/10\/Violencia-de-genero.jpg",720,332,false],"web-stories-poster-portrait":["https:\/\/experienciadevida.com.ar\/portalurbano\/wp-content\/uploads\/2020\/10\/Violencia-de-genero.jpg",640,295,false],"web-stories-publisher-logo":["https:\/\/experienciadevida.com.ar\/portalurbano\/wp-content\/uploads\/2020\/10\/Violencia-de-genero.jpg",96,44,false],"web-stories-thumbnail":["https:\/\/experienciadevida.com.ar\/portalurbano\/wp-content\/uploads\/2020\/10\/Violencia-de-genero.jpg",150,69,false]},"author_info":{"display_name":"admpu17wp","author_link":"https:\/\/experienciadevida.com.ar\/portalurbano\/author\/admpu17wp\/"},"category_info":"<a href=\"https:\/\/experienciadevida.com.ar\/portalurbano\/category\/destacadas\/\" rel=\"category tag\">Destacadas<\/a> <a href=\"https:\/\/experienciadevida.com.ar\/portalurbano\/category\/policiales\/\" rel=\"category tag\">Policiales<\/a>","tag_info":"Policiales","comment_count":"0","amp_enabled":true,"_links":{"self":[{"href":"https:\/\/experienciadevida.com.ar\/portalurbano\/wp-json\/wp\/v2\/posts\/123378"}],"collection":[{"href":"https:\/\/experienciadevida.com.ar\/portalurbano\/wp-json\/wp\/v2\/posts"}],"about":[{"href":"https:\/\/experienciadevida.com.ar\/portalurbano\/wp-json\/wp\/v2\/types\/post"}],"author":[{"embeddable":true,"href":"https:\/\/experienciadevida.com.ar\/portalurbano\/wp-json\/wp\/v2\/users\/1"}],"replies":[{"embeddable":true,"href":"https:\/\/experienciadevida.com.ar\/portalurbano\/wp-json\/wp\/v2\/comments?post=123378"}],"version-history":[{"count":2,"href":"https:\/\/experienciadevida.com.ar\/portalurbano\/wp-json\/wp\/v2\/posts\/123378\/revisions"}],"predecessor-version":[{"id":123381,"href":"https:\/\/experienciadevida.com.ar\/portalurbano\/wp-json\/wp\/v2\/posts\/123378\/revisions\/123381"}],"wp:featuredmedia":[{"embeddable":true,"href":"https:\/\/experienciadevida.com.ar\/portalurbano\/wp-json\/wp\/v2\/media\/123379"}],"wp:attachment":[{"href":"https:\/\/experienciadevida.com.ar\/portalurbano\/wp-json\/wp\/v2\/media?parent=123378"}],"wp:term":[{"taxonomy":"category","embeddable":true,"href":"https:\/\/experienciadevida.com.ar\/portalurbano\/wp-json\/wp\/v2\/categories?post=123378"},{"taxonomy":"post_tag","embeddable":true,"href":"https:\/\/experienciadevida.com.ar\/portalurbano\/wp-json\/wp\/v2\/tags?post=123378"}],"curies":[{"name":"wp","href":"https:\/\/api.w.org\/{rel}","templated":true}]}}