{"id":123024,"date":"2020-09-30T18:03:31","date_gmt":"2020-09-30T21:03:31","guid":{"rendered":"https:\/\/experienciadevida.com.ar\/portalurbano\/?p=123024"},"modified":"2020-09-30T18:05:51","modified_gmt":"2020-09-30T21:05:51","slug":"por-el-caso-de-covid-19-coopelectric-permanecera-cerrada-hasta-este-viernes","status":"publish","type":"post","link":"https:\/\/experienciadevida.com.ar\/portalurbano\/por-el-caso-de-covid-19-coopelectric-permanecera-cerrada-hasta-este-viernes\/","title":{"rendered":"Por el caso de Covid-19 Coopelectric permanecer\u00e1 cerrada hasta este viernes"},"content":{"rendered":"<p>Por el <strong>caso de Covid<\/strong>-19 coopelectric permanecer\u00e1 cerrada hasta este viernes. <a href=\"https:\/\/experienciadevida.com.ar\/portalurbano\/por-un-caso-de-covid-19-coopelectric-permanecera-cerrado-este-miercoles\/\">La noticia se dio a conocer en la jornada de este mi\u00e9rcoles.<\/a><\/p>\n<p>La entidad ubicada en Belgrano N\u00b0 2850\u00a0 continuar\u00e1 cerrada y sin atenci\u00f3n al p\u00fablico durante el jueves 1 y el viernes 2 de octubre.<\/p>\n<p>Por tal motivo, por el\u00a0<strong>caso de Covid-19<\/strong>\u00a0se cancelan los turnos que se hab\u00edan asignado para la atenci\u00f3n de tr\u00e1mites, los cuales ser\u00e1n reprogramados.<\/p>\n","protected":false},"excerpt":{"rendered":"<p>Por el caso de Covid-19 coopelectric permanecer\u00e1 cerrada hasta este viernes. La noticia se dio&#8230;<\/p>\n","protected":false},"author":1,"featured_media":0,"comment_status":"closed","ping_status":"closed","sticky":false,"template":"","format":"standard","meta":{"content-type":""},"categories":[27,51],"tags":[],"nelio_content":{"isAutoShareEnabled":false,"autoShareEndMode":"default","automationSources":{"useContentSentences":true,"useSocialTemplates":true,"useCustomSentences":false,"customSentences":[]},"followers":[1],"suggestedReferences":[],"includedReferences":[],"efiUrl":"","efiAlt":"","highlights":[]},"yoast_head":"<!-- This site is optimized with the Yoast SEO plugin v20.7 - https:\/\/yoast.com\/wordpress\/plugins\/seo\/ -->\n<title>Por el caso de Covid-19 coopelectric permanecer\u00e1 cerrada<\/title>\n<meta name=\"description\" content=\"Por el caso de Covid-19 coopelectric permanecer\u00e1 cerrada hasta este viernes. La noticia se dio a conocer en la jornada de este mi\u00e9rcoles.\" \/>\n<meta name=\"robots\" content=\"index, follow, max-snippet:-1, max-image-preview:large, max-video-preview:-1\" \/>\n<link rel=\"canonical\" href=\"https:\/\/experienciadevida.com.ar\/portalurbano\/por-el-caso-de-covid-19-coopelectric-permanecera-cerrada-hasta-este-viernes\/\" \/>\n<meta property=\"og:locale\" content=\"es_ES\" \/>\n<meta property=\"og:type\" content=\"article\" \/>\n<meta property=\"og:title\" content=\"Por el caso de Covid-19 coopelectric permanecer\u00e1 cerrada\" \/>\n<meta property=\"og:description\" content=\"Por el caso de Covid-19 coopelectric permanecer\u00e1 cerrada hasta este viernes. La noticia se dio a conocer en la jornada de este mi\u00e9rcoles.\" \/>\n<meta property=\"og:url\" content=\"https:\/\/experienciadevida.com.ar\/portalurbano\/por-el-caso-de-covid-19-coopelectric-permanecera-cerrada-hasta-este-viernes\/\" \/>\n<meta property=\"article:publisher\" content=\"https:\/\/www.facebook.com\/Portal-Urbano-171542830093757\/\" \/>\n<meta property=\"article:published_time\" content=\"2020-09-30T21:03:31+00:00\" \/>\n<meta property=\"article:modified_time\" content=\"2020-09-30T21:05:51+00:00\" \/>\n<meta property=\"og:image\" content=\"https:\/\/experienciadevida.com.ar\/portalurbano\/wp-content\/uploads\/2018\/09\/PARO2-1.jpg\" \/>\n\t<meta property=\"og:image:width\" content=\"667\" \/>\n\t<meta property=\"og:image:height\" content=\"445\" \/>\n\t<meta property=\"og:image:type\" content=\"image\/jpeg\" \/>\n<meta name=\"author\" content=\"admpu17wp\" \/>\n<meta name=\"twitter:card\" content=\"summary_large_image\" \/>\n<meta name=\"twitter:creator\" content=\"@portalurbanook\" \/>\n<meta name=\"twitter:site\" content=\"@portalurbanook\" \/>\n<meta name=\"twitter:label1\" content=\"Escrito por\" \/>\n\t<meta name=\"twitter:data1\" content=\"admpu17wp\" \/>\n<script type=\"application\/ld+json\" class=\"yoast-schema-graph\">{\"@context\":\"https:\/\/schema.org\",\"@graph\":[{\"@type\":\"Article\",\"@id\":\"https:\/\/experienciadevida.com.ar\/portalurbano\/por-el-caso-de-covid-19-coopelectric-permanecera-cerrada-hasta-este-viernes\/#article\",\"isPartOf\":{\"@id\":\"https:\/\/experienciadevida.com.ar\/portalurbano\/por-el-caso-de-covid-19-coopelectric-permanecera-cerrada-hasta-este-viernes\/\"},\"author\":{\"name\":\"admpu17wp\",\"@id\":\"https:\/\/experienciadevida.com.ar\/portalurbano\/#\/schema\/person\/02dd326b1c4b056e9cc972486934a3a7\"},\"headline\":\"Por el caso de Covid-19 Coopelectric permanecer\u00e1 cerrada hasta este viernes\",\"datePublished\":\"2020-09-30T21:03:31+00:00\",\"dateModified\":\"2020-09-30T21:05:51+00:00\",\"mainEntityOfPage\":{\"@id\":\"https:\/\/experienciadevida.com.ar\/portalurbano\/por-el-caso-de-covid-19-coopelectric-permanecera-cerrada-hasta-este-viernes\/\"},\"wordCount\":87,\"publisher\":{\"@id\":\"https:\/\/experienciadevida.com.ar\/portalurbano\/#organization\"},\"articleSection\":[\"Ciudad\",\"Destacadas\"],\"inLanguage\":\"es\"},{\"@type\":\"WebPage\",\"@id\":\"https:\/\/experienciadevida.com.ar\/portalurbano\/por-el-caso-de-covid-19-coopelectric-permanecera-cerrada-hasta-este-viernes\/\",\"url\":\"https:\/\/experienciadevida.com.ar\/portalurbano\/por-el-caso-de-covid-19-coopelectric-permanecera-cerrada-hasta-este-viernes\/\",\"name\":\"Por el caso de Covid-19 coopelectric permanecer\u00e1 cerrada\",\"isPartOf\":{\"@id\":\"https:\/\/experienciadevida.com.ar\/portalurbano\/#website\"},\"datePublished\":\"2020-09-30T21:03:31+00:00\",\"dateModified\":\"2020-09-30T21:05:51+00:00\",\"description\":\"Por el caso de Covid-19 coopelectric permanecer\u00e1 cerrada hasta este viernes. La noticia se dio a conocer en la jornada de este mi\u00e9rcoles.\",\"breadcrumb\":{\"@id\":\"https:\/\/experienciadevida.com.ar\/portalurbano\/por-el-caso-de-covid-19-coopelectric-permanecera-cerrada-hasta-este-viernes\/#breadcrumb\"},\"inLanguage\":\"es\",\"potentialAction\":[{\"@type\":\"ReadAction\",\"target\":[\"https:\/\/experienciadevida.com.ar\/portalurbano\/por-el-caso-de-covid-19-coopelectric-permanecera-cerrada-hasta-este-viernes\/\"]}]},{\"@type\":\"BreadcrumbList\",\"@id\":\"https:\/\/experienciadevida.com.ar\/portalurbano\/por-el-caso-de-covid-19-coopelectric-permanecera-cerrada-hasta-este-viernes\/#breadcrumb\",\"itemListElement\":[{\"@type\":\"ListItem\",\"position\":1,\"name\":\"Portada\",\"item\":\"https:\/\/experienciadevida.com.ar\/portalurbano\/\"},{\"@type\":\"ListItem\",\"position\":2,\"name\":\"Por el caso de Covid-19 Coopelectric permanecer\u00e1 cerrada hasta este viernes\"}]},{\"@type\":\"WebSite\",\"@id\":\"https:\/\/experienciadevida.com.ar\/portalurbano\/#website\",\"url\":\"https:\/\/experienciadevida.com.ar\/portalurbano\/\",\"name\":\"\",\"description\":\"\",\"publisher\":{\"@id\":\"https:\/\/experienciadevida.com.ar\/portalurbano\/#organization\"},\"potentialAction\":[{\"@type\":\"SearchAction\",\"target\":{\"@type\":\"EntryPoint\",\"urlTemplate\":\"https:\/\/experienciadevida.com.ar\/portalurbano\/?s={search_term_string}\"},\"query-input\":\"required name=search_term_string\"}],\"inLanguage\":\"es\"},{\"@type\":\"Organization\",\"@id\":\"https:\/\/experienciadevida.com.ar\/portalurbano\/#organization\",\"name\":\"Portal Urbano\",\"url\":\"https:\/\/experienciadevida.com.ar\/portalurbano\/\",\"logo\":{\"@type\":\"ImageObject\",\"inLanguage\":\"es\",\"@id\":\"https:\/\/experienciadevida.com.ar\/portalurbano\/#\/schema\/logo\/image\/\",\"url\":\"https:\/\/experienciadevida.com.ar\/portalurbano\/wp-content\/uploads\/2019\/09\/Logo-Original.png\",\"contentUrl\":\"https:\/\/experienciadevida.com.ar\/portalurbano\/wp-content\/uploads\/2019\/09\/Logo-Original.png\",\"width\":2236,\"height\":1216,\"caption\":\"Portal Urbano\"},\"image\":{\"@id\":\"https:\/\/experienciadevida.com.ar\/portalurbano\/#\/schema\/logo\/image\/\"},\"sameAs\":[\"https:\/\/www.facebook.com\/Portal-Urbano-171542830093757\/\",\"https:\/\/twitter.com\/portalurbanook\",\"https:\/\/www.instagram.com\/_portalurbano\/\",\"https:\/\/www.youtube.com\/channel\/UCXhagIfszH8KxFiOok79zbA?view_as=subscriber\"]},{\"@type\":\"Person\",\"@id\":\"https:\/\/experienciadevida.com.ar\/portalurbano\/#\/schema\/person\/02dd326b1c4b056e9cc972486934a3a7\",\"name\":\"admpu17wp\",\"image\":{\"@type\":\"ImageObject\",\"inLanguage\":\"es\",\"@id\":\"https:\/\/experienciadevida.com.ar\/portalurbano\/#\/schema\/person\/image\/\",\"url\":\"https:\/\/secure.gravatar.com\/avatar\/830d4c57adaae6630765e449a6908047?s=96&d=mm&r=g\",\"contentUrl\":\"https:\/\/secure.gravatar.com\/avatar\/830d4c57adaae6630765e449a6908047?s=96&d=mm&r=g\",\"caption\":\"admpu17wp\"}}]}<\/script>\n<!-- \/ Yoast SEO plugin. -->","yoast_head_json":{"title":"Por el caso de Covid-19 coopelectric permanecer\u00e1 cerrada","description":"Por el caso de Covid-19 coopelectric permanecer\u00e1 cerrada hasta este viernes. La noticia se dio a conocer en la jornada de este mi\u00e9rcoles.","robots":{"index":"index","follow":"follow","max-snippet":"max-snippet:-1","max-image-preview":"max-image-preview:large","max-video-preview":"max-video-preview:-1"},"canonical":"https:\/\/experienciadevida.com.ar\/portalurbano\/por-el-caso-de-covid-19-coopelectric-permanecera-cerrada-hasta-este-viernes\/","og_locale":"es_ES","og_type":"article","og_title":"Por el caso de Covid-19 coopelectric permanecer\u00e1 cerrada","og_description":"Por el caso de Covid-19 coopelectric permanecer\u00e1 cerrada hasta este viernes. La noticia se dio a conocer en la jornada de este mi\u00e9rcoles.","og_url":"https:\/\/experienciadevida.com.ar\/portalurbano\/por-el-caso-de-covid-19-coopelectric-permanecera-cerrada-hasta-este-viernes\/","article_publisher":"https:\/\/www.facebook.com\/Portal-Urbano-171542830093757\/","article_published_time":"2020-09-30T21:03:31+00:00","article_modified_time":"2020-09-30T21:05:51+00:00","og_image":[{"width":667,"height":445,"url":"https:\/\/experienciadevida.com.ar\/portalurbano\/wp-content\/uploads\/2018\/09\/PARO2-1.jpg","type":"image\/jpeg"}],"author":"admpu17wp","twitter_card":"summary_large_image","twitter_creator":"@portalurbanook","twitter_site":"@portalurbanook","twitter_misc":{"Escrito por":"admpu17wp"},"schema":{"@context":"https:\/\/schema.org","@graph":[{"@type":"Article","@id":"https:\/\/experienciadevida.com.ar\/portalurbano\/por-el-caso-de-covid-19-coopelectric-permanecera-cerrada-hasta-este-viernes\/#article","isPartOf":{"@id":"https:\/\/experienciadevida.com.ar\/portalurbano\/por-el-caso-de-covid-19-coopelectric-permanecera-cerrada-hasta-este-viernes\/"},"author":{"name":"admpu17wp","@id":"https:\/\/experienciadevida.com.ar\/portalurbano\/#\/schema\/person\/02dd326b1c4b056e9cc972486934a3a7"},"headline":"Por el caso de Covid-19 Coopelectric permanecer\u00e1 cerrada hasta este viernes","datePublished":"2020-09-30T21:03:31+00:00","dateModified":"2020-09-30T21:05:51+00:00","mainEntityOfPage":{"@id":"https:\/\/experienciadevida.com.ar\/portalurbano\/por-el-caso-de-covid-19-coopelectric-permanecera-cerrada-hasta-este-viernes\/"},"wordCount":87,"publisher":{"@id":"https:\/\/experienciadevida.com.ar\/portalurbano\/#organization"},"articleSection":["Ciudad","Destacadas"],"inLanguage":"es"},{"@type":"WebPage","@id":"https:\/\/experienciadevida.com.ar\/portalurbano\/por-el-caso-de-covid-19-coopelectric-permanecera-cerrada-hasta-este-viernes\/","url":"https:\/\/experienciadevida.com.ar\/portalurbano\/por-el-caso-de-covid-19-coopelectric-permanecera-cerrada-hasta-este-viernes\/","name":"Por el caso de Covid-19 coopelectric permanecer\u00e1 cerrada","isPartOf":{"@id":"https:\/\/experienciadevida.com.ar\/portalurbano\/#website"},"datePublished":"2020-09-30T21:03:31+00:00","dateModified":"2020-09-30T21:05:51+00:00","description":"Por el caso de Covid-19 coopelectric permanecer\u00e1 cerrada hasta este viernes. La noticia se dio a conocer en la jornada de este mi\u00e9rcoles.","breadcrumb":{"@id":"https:\/\/experienciadevida.com.ar\/portalurbano\/por-el-caso-de-covid-19-coopelectric-permanecera-cerrada-hasta-este-viernes\/#breadcrumb"},"inLanguage":"es","potentialAction":[{"@type":"ReadAction","target":["https:\/\/experienciadevida.com.ar\/portalurbano\/por-el-caso-de-covid-19-coopelectric-permanecera-cerrada-hasta-este-viernes\/"]}]},{"@type":"BreadcrumbList","@id":"https:\/\/experienciadevida.com.ar\/portalurbano\/por-el-caso-de-covid-19-coopelectric-permanecera-cerrada-hasta-este-viernes\/#breadcrumb","itemListElement":[{"@type":"ListItem","position":1,"name":"Portada","item":"https:\/\/experienciadevida.com.ar\/portalurbano\/"},{"@type":"ListItem","position":2,"name":"Por el caso de Covid-19 Coopelectric permanecer\u00e1 cerrada hasta este viernes"}]},{"@type":"WebSite","@id":"https:\/\/experienciadevida.com.ar\/portalurbano\/#website","url":"https:\/\/experienciadevida.com.ar\/portalurbano\/","name":"","description":"","publisher":{"@id":"https:\/\/experienciadevida.com.ar\/portalurbano\/#organization"},"potentialAction":[{"@type":"SearchAction","target":{"@type":"EntryPoint","urlTemplate":"https:\/\/experienciadevida.com.ar\/portalurbano\/?s={search_term_string}"},"query-input":"required name=search_term_string"}],"inLanguage":"es"},{"@type":"Organization","@id":"https:\/\/experienciadevida.com.ar\/portalurbano\/#organization","name":"Portal Urbano","url":"https:\/\/experienciadevida.com.ar\/portalurbano\/","logo":{"@type":"ImageObject","inLanguage":"es","@id":"https:\/\/experienciadevida.com.ar\/portalurbano\/#\/schema\/logo\/image\/","url":"https:\/\/experienciadevida.com.ar\/portalurbano\/wp-content\/uploads\/2019\/09\/Logo-Original.png","contentUrl":"https:\/\/experienciadevida.com.ar\/portalurbano\/wp-content\/uploads\/2019\/09\/Logo-Original.png","width":2236,"height":1216,"caption":"Portal Urbano"},"image":{"@id":"https:\/\/experienciadevida.com.ar\/portalurbano\/#\/schema\/logo\/image\/"},"sameAs":["https:\/\/www.facebook.com\/Portal-Urbano-171542830093757\/","https:\/\/twitter.com\/portalurbanook","https:\/\/www.instagram.com\/_portalurbano\/","https:\/\/www.youtube.com\/channel\/UCXhagIfszH8KxFiOok79zbA?view_as=subscriber"]},{"@type":"Person","@id":"https:\/\/experienciadevida.com.ar\/portalurbano\/#\/schema\/person\/02dd326b1c4b056e9cc972486934a3a7","name":"admpu17wp","image":{"@type":"ImageObject","inLanguage":"es","@id":"https:\/\/experienciadevida.com.ar\/portalurbano\/#\/schema\/person\/image\/","url":"https:\/\/secure.gravatar.com\/avatar\/830d4c57adaae6630765e449a6908047?s=96&d=mm&r=g","contentUrl":"https:\/\/secure.gravatar.com\/avatar\/830d4c57adaae6630765e449a6908047?s=96&d=mm&r=g","caption":"admpu17wp"}}]}},"featured_image_urls":{"full":"","thumbnail":"","medium":"","medium_large":"","large":"","ug_big":"","1536x1536":"","2048x2048":"","newsever-slider-full":"","newsever-featured":"","newsever-medium":"","web-stories-poster-portrait":"","web-stories-publisher-logo":"","web-stories-thumbnail":""},"author_info":{"display_name":"admpu17wp","author_link":"https:\/\/experienciadevida.com.ar\/portalurbano\/author\/admpu17wp\/"},"category_info":"<a href=\"https:\/\/experienciadevida.com.ar\/portalurbano\/category\/ciudad\/\" rel=\"category tag\">Ciudad<\/a> <a href=\"https:\/\/experienciadevida.com.ar\/portalurbano\/category\/destacadas\/\" rel=\"category tag\">Destacadas<\/a>","tag_info":"Destacadas","comment_count":"0","amp_enabled":true,"_links":{"self":[{"href":"https:\/\/experienciadevida.com.ar\/portalurbano\/wp-json\/wp\/v2\/posts\/123024"}],"collection":[{"href":"https:\/\/experienciadevida.com.ar\/portalurbano\/wp-json\/wp\/v2\/posts"}],"about":[{"href":"https:\/\/experienciadevida.com.ar\/portalurbano\/wp-json\/wp\/v2\/types\/post"}],"author":[{"embeddable":true,"href":"https:\/\/experienciadevida.com.ar\/portalurbano\/wp-json\/wp\/v2\/users\/1"}],"replies":[{"embeddable":true,"href":"https:\/\/experienciadevida.com.ar\/portalurbano\/wp-json\/wp\/v2\/comments?post=123024"}],"version-history":[{"count":3,"href":"https:\/\/experienciadevida.com.ar\/portalurbano\/wp-json\/wp\/v2\/posts\/123024\/revisions"}],"predecessor-version":[{"id":123027,"href":"https:\/\/experienciadevida.com.ar\/portalurbano\/wp-json\/wp\/v2\/posts\/123024\/revisions\/123027"}],"wp:attachment":[{"href":"https:\/\/experienciadevida.com.ar\/portalurbano\/wp-json\/wp\/v2\/media?parent=123024"}],"wp:term":[{"taxonomy":"category","embeddable":true,"href":"https:\/\/experienciadevida.com.ar\/portalurbano\/wp-json\/wp\/v2\/categories?post=123024"},{"taxonomy":"post_tag","embeddable":true,"href":"https:\/\/experienciadevida.com.ar\/portalurbano\/wp-json\/wp\/v2\/tags?post=123024"}],"curies":[{"name":"wp","href":"https:\/\/api.w.org\/{rel}","templated":true}]}}