{"id":123010,"date":"2020-09-30T14:26:15","date_gmt":"2020-09-30T17:26:15","guid":{"rendered":"https:\/\/experienciadevida.com.ar\/portalurbano\/?p=123010"},"modified":"2020-09-30T14:27:12","modified_gmt":"2020-09-30T17:27:12","slug":"la-fio-rediseno-la-senaletica-del-hospital-de-olavarria-con-criterios-de-accesibilidad","status":"publish","type":"post","link":"https:\/\/experienciadevida.com.ar\/portalurbano\/la-fio-rediseno-la-senaletica-del-hospital-de-olavarria-con-criterios-de-accesibilidad\/","title":{"rendered":"La FIO redise\u00f1\u00f3 la se\u00f1al\u00e9tica del Hospital de Olavarr\u00eda con criterios de accesibilidad"},"content":{"rendered":"<p>La FIO redise\u00f1\u00f3 la <strong>se\u00f1al\u00e9tica<\/strong> del Hospital de Olavarr\u00eda con criterios de accesibilidad.<\/p>\n<p>Los pasillos del Hospital Municipal de Olavarr\u00eda tienen otro color. O varios colores. Dibujos en los vidrios, estampados en el suelo, franjas crom\u00e1ticas que caminan por las paredes. Desde marzo, el centro de salud tiene un nuevo sistema de comunicaci\u00f3n para que personas con alguna discapacidad cognitiva puedan llegar f\u00e1cil y r\u00e1pido a los distintos servicios.<\/p>\n<p><a href=\"https:\/\/experienciadevida.com.ar\/portalurbano\/la-fio-rediseno-la-senaletica-del-hospital-de-olavarria-con-criterios-de-accesibilidad\/senaletica-en-el-hospital\/\" rel=\"attachment wp-att-123012\"><img decoding=\"async\" class=\"alignnone size-full wp-image-123012\" src=\"https:\/\/experienciadevida.com.ar\/portalurbano\/wp-content\/uploads\/2020\/09\/Senaletica-en-el-hospital.jpg\" alt=\"Se\u00f1al\u00e9tica en el hospital \" width=\"800\" height=\"400\" srcset=\"https:\/\/experienciadevida.com.ar\/portalurbano\/wp-content\/uploads\/2020\/09\/Senaletica-en-el-hospital.jpg 800w, https:\/\/experienciadevida.com.ar\/portalurbano\/wp-content\/uploads\/2020\/09\/Senaletica-en-el-hospital-300x150.jpg 300w, https:\/\/experienciadevida.com.ar\/portalurbano\/wp-content\/uploads\/2020\/09\/Senaletica-en-el-hospital-768x384.jpg 768w\" sizes=\"(max-width: 800px) 100vw, 800px\" \/><\/a><\/p>\n<p>Con el eje puesto en criterios de accesibilidad, docentes y estudiantes de la Facultad de Ingenier\u00eda, junto al Municipio, la Escuela Especial 505 para no videntes, y el Instituto Especial de Ense\u00f1anza Oral (IDEO), dise\u00f1aron un programa integral para poder recorrer los espacios del hospital con <strong>se\u00f1al\u00e9tica <\/strong>de manera simple e intuitiva.<\/p>\n<p>El equipo fue grande y trabajaron durante varios meses para lograr adecuar el entorno y hacerlo m\u00e1s inclusivo. Desde el Departamento de Ingenier\u00eda Industrial de la FIO participaron Claudia Rohvein, Emilia Spina y Mario Jaureguiberry, con los estudiantes Ivo P\u00e9rez Colo, Mar\u00eda Clara Kolman y Roc\u00eda Pereyra. El municipio involucr\u00f3 a varias \u00e1reas, y realiz\u00f3 un gran aporte el personal de Salud y de dise\u00f1o gr\u00e1fico. Por la Escuela 505 se comprometieron Nora Rodr\u00edguez, Vanesa Walter y Daiana Labelle; y por IDEO Mait\u00e9n Arrondo y Rosana Kessler.<\/p>\n<p>Esta iniciativa se articul\u00f3 a trav\u00e9s de un proyecto de extensi\u00f3n universitaria, que fue aprobado y financiado por la UNICEN.<\/p>\n<p>A trav\u00e9s de una gr\u00e1fica sencilla y contundente, las personas con discapacidad f\u00edsica, psicosocial, intelectual y sensorial, incluso los analfabetos, pueden guiar sus trayectos de forma aut\u00f3noma.<\/p>\n<p>\u201cFue una experiencia que nos dej\u00f3 m\u00e1s enriquecidos\u201d, reconoci\u00f3 la ingeniera Rohvein. \u201cLa concreci\u00f3n de este programa fue un peque\u00f1o aporte a la concientizaci\u00f3n, reafirmando que desde el proceso de dise\u00f1o se puede incluir personas con discapacidad, al considerar aspectos de accesibilidad cognitiva\u201d, agreg\u00f3.<\/p>\n<p>En una primera etapa se definieron cu\u00e1les eran las \u00e1rea funcionales del hospital, que inclu\u00edan a todos los servicios que se realizan (laboratorios, radiograf\u00edas, hemoterapia, diagn\u00f3stico por imagen, etc.). \u201cCon eso armamos los planos de acceso, las ubicaciones, asignamos colores a cada \u00e1rea, armamos las referencias con su respectiva\u00a0<strong>se\u00f1al\u00e9tica.\u00a0<\/strong>Cada servicio tuvo su pictograma, y esto es muy importante para la gente que no sabe leer, con la idea de que sean bien representativos del lugar\u201d, explic\u00f3 Rohvein.<\/p>\n<p>Si bien el \u00e9nfasis est\u00e1 puesto en la accesibilidad, todos los visitantes del Hospital pueden llegar al \u00e1rea deseada siguiendo un s\u00edmbolo, un color, una referencia.<\/p>\n<p>\u201cTambi\u00e9n colocamos nodos \u2013se\u00f1al\u00f3 la ingeniera- que son c\u00edrculos en el piso ubicados en las entradas o bifurcaciones, con indicaciones y referencias de lo que hay en cada direcci\u00f3n\u201d.<\/p>\n<p>La implementaci\u00f3n de este programa lleg\u00f3 hasta marzo, cuando la pandemia modific\u00f3 todos los planes. Solo hubo una intervenci\u00f3n vinculada al covid-19, con el aporte de carteler\u00eda para el nuevo laboratorio de biolog\u00eda molecular, para que mantenga una misma sem\u00e1ntica y estilo. Este escenario releg\u00f3 una segunda etapa de ejecuci\u00f3n de los dise\u00f1os.<\/p>\n<p>Seg\u00fan Rohvein, \u201cla segunda etapa de\u00a0<strong>se\u00f1al\u00e9tica<\/strong>\u00a0contempla los recorridos y las referencias llamadas umbrales. Los recorridos son l\u00edneas de color en las paredes, y los umbrales son referencias que ayudan para que no sea necesario la memorizaci\u00f3n\u201d.<\/p>\n<p>Con todo, \u201cesperamos concientizar en el uso de los conceptos de accesibilidad cognitiva y que otras instituciones adopten como impulso este proyecto que busca la inclusi\u00f3n, seguridad y accesibilidad de todos, mejorando su calidad de vida\u201d, subray\u00f3.<\/p>\n<p>&nbsp;<\/p>\n","protected":false},"excerpt":{"rendered":"<p>La FIO redise\u00f1\u00f3 la se\u00f1al\u00e9tica del Hospital de Olavarr\u00eda con criterios de accesibilidad. Los pasillos&#8230;<\/p>\n","protected":false},"author":1,"featured_media":123011,"comment_status":"closed","ping_status":"closed","sticky":false,"template":"","format":"standard","meta":{"content-type":""},"categories":[27,51],"tags":[],"nelio_content":{"isAutoShareEnabled":false,"autoShareEndMode":"default","automationSources":{"useContentSentences":true,"useSocialTemplates":true,"useCustomSentences":false,"customSentences":[]},"followers":[1],"suggestedReferences":[],"includedReferences":[],"efiUrl":"","efiAlt":"","highlights":[]},"yoast_head":"<!-- This site is optimized with the Yoast SEO plugin v20.7 - https:\/\/yoast.com\/wordpress\/plugins\/seo\/ -->\n<title>La FIO redise\u00f1o la se\u00f1al\u00e9tica del Hospital con criterios de accesibilidad<\/title>\n<meta name=\"description\" content=\"La FIO redise\u00f1\u00f3 la se\u00f1al\u00e9tica del Hospital de Olavarr\u00eda con criterios de accesibilidad. Los pasillos del Hospital tienen otro color o varios\" \/>\n<meta name=\"robots\" content=\"index, follow, max-snippet:-1, max-image-preview:large, max-video-preview:-1\" \/>\n<link rel=\"canonical\" href=\"https:\/\/experienciadevida.com.ar\/portalurbano\/la-fio-rediseno-la-senaletica-del-hospital-de-olavarria-con-criterios-de-accesibilidad\/\" \/>\n<meta property=\"og:locale\" content=\"es_ES\" \/>\n<meta property=\"og:type\" content=\"article\" \/>\n<meta property=\"og:title\" content=\"La FIO redise\u00f1o la se\u00f1al\u00e9tica del Hospital con criterios de accesibilidad\" \/>\n<meta property=\"og:description\" content=\"La FIO redise\u00f1\u00f3 la se\u00f1al\u00e9tica del Hospital de Olavarr\u00eda con criterios de accesibilidad. Los pasillos del Hospital tienen otro color o varios\" \/>\n<meta property=\"og:url\" content=\"https:\/\/experienciadevida.com.ar\/portalurbano\/la-fio-rediseno-la-senaletica-del-hospital-de-olavarria-con-criterios-de-accesibilidad\/\" \/>\n<meta property=\"article:publisher\" content=\"https:\/\/www.facebook.com\/Portal-Urbano-171542830093757\/\" \/>\n<meta property=\"article:published_time\" content=\"2020-09-30T17:26:15+00:00\" \/>\n<meta property=\"article:modified_time\" content=\"2020-09-30T17:27:12+00:00\" \/>\n<meta property=\"og:image\" content=\"https:\/\/experienciadevida.com.ar\/portalurbano\/wp-content\/uploads\/2020\/09\/Senaletica.jpeg\" \/>\n\t<meta property=\"og:image:width\" content=\"1280\" \/>\n\t<meta property=\"og:image:height\" content=\"720\" \/>\n\t<meta property=\"og:image:type\" content=\"image\/jpeg\" \/>\n<meta name=\"author\" content=\"admpu17wp\" \/>\n<meta name=\"twitter:card\" content=\"summary_large_image\" \/>\n<meta name=\"twitter:creator\" content=\"@portalurbanook\" \/>\n<meta name=\"twitter:site\" content=\"@portalurbanook\" \/>\n<meta name=\"twitter:label1\" content=\"Escrito por\" \/>\n\t<meta name=\"twitter:data1\" content=\"admpu17wp\" \/>\n\t<meta name=\"twitter:label2\" content=\"Tiempo de lectura\" \/>\n\t<meta name=\"twitter:data2\" content=\"3 minutos\" \/>\n<script type=\"application\/ld+json\" class=\"yoast-schema-graph\">{\"@context\":\"https:\/\/schema.org\",\"@graph\":[{\"@type\":\"Article\",\"@id\":\"https:\/\/experienciadevida.com.ar\/portalurbano\/la-fio-rediseno-la-senaletica-del-hospital-de-olavarria-con-criterios-de-accesibilidad\/#article\",\"isPartOf\":{\"@id\":\"https:\/\/experienciadevida.com.ar\/portalurbano\/la-fio-rediseno-la-senaletica-del-hospital-de-olavarria-con-criterios-de-accesibilidad\/\"},\"author\":{\"name\":\"admpu17wp\",\"@id\":\"https:\/\/experienciadevida.com.ar\/portalurbano\/#\/schema\/person\/02dd326b1c4b056e9cc972486934a3a7\"},\"headline\":\"La FIO redise\u00f1\u00f3 la se\u00f1al\u00e9tica del Hospital de Olavarr\u00eda con criterios de accesibilidad\",\"datePublished\":\"2020-09-30T17:26:15+00:00\",\"dateModified\":\"2020-09-30T17:27:12+00:00\",\"mainEntityOfPage\":{\"@id\":\"https:\/\/experienciadevida.com.ar\/portalurbano\/la-fio-rediseno-la-senaletica-del-hospital-de-olavarria-con-criterios-de-accesibilidad\/\"},\"wordCount\":633,\"publisher\":{\"@id\":\"https:\/\/experienciadevida.com.ar\/portalurbano\/#organization\"},\"articleSection\":[\"Ciudad\",\"Destacadas\"],\"inLanguage\":\"es\"},{\"@type\":\"WebPage\",\"@id\":\"https:\/\/experienciadevida.com.ar\/portalurbano\/la-fio-rediseno-la-senaletica-del-hospital-de-olavarria-con-criterios-de-accesibilidad\/\",\"url\":\"https:\/\/experienciadevida.com.ar\/portalurbano\/la-fio-rediseno-la-senaletica-del-hospital-de-olavarria-con-criterios-de-accesibilidad\/\",\"name\":\"La FIO redise\u00f1o la se\u00f1al\u00e9tica del Hospital con criterios de accesibilidad\",\"isPartOf\":{\"@id\":\"https:\/\/experienciadevida.com.ar\/portalurbano\/#website\"},\"datePublished\":\"2020-09-30T17:26:15+00:00\",\"dateModified\":\"2020-09-30T17:27:12+00:00\",\"description\":\"La FIO redise\u00f1\u00f3 la se\u00f1al\u00e9tica del Hospital de Olavarr\u00eda con criterios de accesibilidad. Los pasillos del Hospital tienen otro color o varios\",\"breadcrumb\":{\"@id\":\"https:\/\/experienciadevida.com.ar\/portalurbano\/la-fio-rediseno-la-senaletica-del-hospital-de-olavarria-con-criterios-de-accesibilidad\/#breadcrumb\"},\"inLanguage\":\"es\",\"potentialAction\":[{\"@type\":\"ReadAction\",\"target\":[\"https:\/\/experienciadevida.com.ar\/portalurbano\/la-fio-rediseno-la-senaletica-del-hospital-de-olavarria-con-criterios-de-accesibilidad\/\"]}]},{\"@type\":\"BreadcrumbList\",\"@id\":\"https:\/\/experienciadevida.com.ar\/portalurbano\/la-fio-rediseno-la-senaletica-del-hospital-de-olavarria-con-criterios-de-accesibilidad\/#breadcrumb\",\"itemListElement\":[{\"@type\":\"ListItem\",\"position\":1,\"name\":\"Portada\",\"item\":\"https:\/\/experienciadevida.com.ar\/portalurbano\/\"},{\"@type\":\"ListItem\",\"position\":2,\"name\":\"La FIO redise\u00f1\u00f3 la se\u00f1al\u00e9tica del Hospital de Olavarr\u00eda con criterios de accesibilidad\"}]},{\"@type\":\"WebSite\",\"@id\":\"https:\/\/experienciadevida.com.ar\/portalurbano\/#website\",\"url\":\"https:\/\/experienciadevida.com.ar\/portalurbano\/\",\"name\":\"\",\"description\":\"\",\"publisher\":{\"@id\":\"https:\/\/experienciadevida.com.ar\/portalurbano\/#organization\"},\"potentialAction\":[{\"@type\":\"SearchAction\",\"target\":{\"@type\":\"EntryPoint\",\"urlTemplate\":\"https:\/\/experienciadevida.com.ar\/portalurbano\/?s={search_term_string}\"},\"query-input\":\"required name=search_term_string\"}],\"inLanguage\":\"es\"},{\"@type\":\"Organization\",\"@id\":\"https:\/\/experienciadevida.com.ar\/portalurbano\/#organization\",\"name\":\"Portal Urbano\",\"url\":\"https:\/\/experienciadevida.com.ar\/portalurbano\/\",\"logo\":{\"@type\":\"ImageObject\",\"inLanguage\":\"es\",\"@id\":\"https:\/\/experienciadevida.com.ar\/portalurbano\/#\/schema\/logo\/image\/\",\"url\":\"https:\/\/experienciadevida.com.ar\/portalurbano\/wp-content\/uploads\/2019\/09\/Logo-Original.png\",\"contentUrl\":\"https:\/\/experienciadevida.com.ar\/portalurbano\/wp-content\/uploads\/2019\/09\/Logo-Original.png\",\"width\":2236,\"height\":1216,\"caption\":\"Portal Urbano\"},\"image\":{\"@id\":\"https:\/\/experienciadevida.com.ar\/portalurbano\/#\/schema\/logo\/image\/\"},\"sameAs\":[\"https:\/\/www.facebook.com\/Portal-Urbano-171542830093757\/\",\"https:\/\/twitter.com\/portalurbanook\",\"https:\/\/www.instagram.com\/_portalurbano\/\",\"https:\/\/www.youtube.com\/channel\/UCXhagIfszH8KxFiOok79zbA?view_as=subscriber\"]},{\"@type\":\"Person\",\"@id\":\"https:\/\/experienciadevida.com.ar\/portalurbano\/#\/schema\/person\/02dd326b1c4b056e9cc972486934a3a7\",\"name\":\"admpu17wp\",\"image\":{\"@type\":\"ImageObject\",\"inLanguage\":\"es\",\"@id\":\"https:\/\/experienciadevida.com.ar\/portalurbano\/#\/schema\/person\/image\/\",\"url\":\"https:\/\/secure.gravatar.com\/avatar\/830d4c57adaae6630765e449a6908047?s=96&d=mm&r=g\",\"contentUrl\":\"https:\/\/secure.gravatar.com\/avatar\/830d4c57adaae6630765e449a6908047?s=96&d=mm&r=g\",\"caption\":\"admpu17wp\"}}]}<\/script>\n<!-- \/ Yoast SEO plugin. -->","yoast_head_json":{"title":"La FIO redise\u00f1o la se\u00f1al\u00e9tica del Hospital con criterios de accesibilidad","description":"La FIO redise\u00f1\u00f3 la se\u00f1al\u00e9tica del Hospital de Olavarr\u00eda con criterios de accesibilidad. Los pasillos del Hospital tienen otro color o varios","robots":{"index":"index","follow":"follow","max-snippet":"max-snippet:-1","max-image-preview":"max-image-preview:large","max-video-preview":"max-video-preview:-1"},"canonical":"https:\/\/experienciadevida.com.ar\/portalurbano\/la-fio-rediseno-la-senaletica-del-hospital-de-olavarria-con-criterios-de-accesibilidad\/","og_locale":"es_ES","og_type":"article","og_title":"La FIO redise\u00f1o la se\u00f1al\u00e9tica del Hospital con criterios de accesibilidad","og_description":"La FIO redise\u00f1\u00f3 la se\u00f1al\u00e9tica del Hospital de Olavarr\u00eda con criterios de accesibilidad. Los pasillos del Hospital tienen otro color o varios","og_url":"https:\/\/experienciadevida.com.ar\/portalurbano\/la-fio-rediseno-la-senaletica-del-hospital-de-olavarria-con-criterios-de-accesibilidad\/","article_publisher":"https:\/\/www.facebook.com\/Portal-Urbano-171542830093757\/","article_published_time":"2020-09-30T17:26:15+00:00","article_modified_time":"2020-09-30T17:27:12+00:00","og_image":[{"width":1280,"height":720,"url":"https:\/\/experienciadevida.com.ar\/portalurbano\/wp-content\/uploads\/2020\/09\/Senaletica.jpeg","type":"image\/jpeg"}],"author":"admpu17wp","twitter_card":"summary_large_image","twitter_creator":"@portalurbanook","twitter_site":"@portalurbanook","twitter_misc":{"Escrito por":"admpu17wp","Tiempo de lectura":"3 minutos"},"schema":{"@context":"https:\/\/schema.org","@graph":[{"@type":"Article","@id":"https:\/\/experienciadevida.com.ar\/portalurbano\/la-fio-rediseno-la-senaletica-del-hospital-de-olavarria-con-criterios-de-accesibilidad\/#article","isPartOf":{"@id":"https:\/\/experienciadevida.com.ar\/portalurbano\/la-fio-rediseno-la-senaletica-del-hospital-de-olavarria-con-criterios-de-accesibilidad\/"},"author":{"name":"admpu17wp","@id":"https:\/\/experienciadevida.com.ar\/portalurbano\/#\/schema\/person\/02dd326b1c4b056e9cc972486934a3a7"},"headline":"La FIO redise\u00f1\u00f3 la se\u00f1al\u00e9tica del Hospital de Olavarr\u00eda con criterios de accesibilidad","datePublished":"2020-09-30T17:26:15+00:00","dateModified":"2020-09-30T17:27:12+00:00","mainEntityOfPage":{"@id":"https:\/\/experienciadevida.com.ar\/portalurbano\/la-fio-rediseno-la-senaletica-del-hospital-de-olavarria-con-criterios-de-accesibilidad\/"},"wordCount":633,"publisher":{"@id":"https:\/\/experienciadevida.com.ar\/portalurbano\/#organization"},"articleSection":["Ciudad","Destacadas"],"inLanguage":"es"},{"@type":"WebPage","@id":"https:\/\/experienciadevida.com.ar\/portalurbano\/la-fio-rediseno-la-senaletica-del-hospital-de-olavarria-con-criterios-de-accesibilidad\/","url":"https:\/\/experienciadevida.com.ar\/portalurbano\/la-fio-rediseno-la-senaletica-del-hospital-de-olavarria-con-criterios-de-accesibilidad\/","name":"La FIO redise\u00f1o la se\u00f1al\u00e9tica del Hospital con criterios de accesibilidad","isPartOf":{"@id":"https:\/\/experienciadevida.com.ar\/portalurbano\/#website"},"datePublished":"2020-09-30T17:26:15+00:00","dateModified":"2020-09-30T17:27:12+00:00","description":"La FIO redise\u00f1\u00f3 la se\u00f1al\u00e9tica del Hospital de Olavarr\u00eda con criterios de accesibilidad. Los pasillos del Hospital tienen otro color o varios","breadcrumb":{"@id":"https:\/\/experienciadevida.com.ar\/portalurbano\/la-fio-rediseno-la-senaletica-del-hospital-de-olavarria-con-criterios-de-accesibilidad\/#breadcrumb"},"inLanguage":"es","potentialAction":[{"@type":"ReadAction","target":["https:\/\/experienciadevida.com.ar\/portalurbano\/la-fio-rediseno-la-senaletica-del-hospital-de-olavarria-con-criterios-de-accesibilidad\/"]}]},{"@type":"BreadcrumbList","@id":"https:\/\/experienciadevida.com.ar\/portalurbano\/la-fio-rediseno-la-senaletica-del-hospital-de-olavarria-con-criterios-de-accesibilidad\/#breadcrumb","itemListElement":[{"@type":"ListItem","position":1,"name":"Portada","item":"https:\/\/experienciadevida.com.ar\/portalurbano\/"},{"@type":"ListItem","position":2,"name":"La FIO redise\u00f1\u00f3 la se\u00f1al\u00e9tica del Hospital de Olavarr\u00eda con criterios de accesibilidad"}]},{"@type":"WebSite","@id":"https:\/\/experienciadevida.com.ar\/portalurbano\/#website","url":"https:\/\/experienciadevida.com.ar\/portalurbano\/","name":"","description":"","publisher":{"@id":"https:\/\/experienciadevida.com.ar\/portalurbano\/#organization"},"potentialAction":[{"@type":"SearchAction","target":{"@type":"EntryPoint","urlTemplate":"https:\/\/experienciadevida.com.ar\/portalurbano\/?s={search_term_string}"},"query-input":"required name=search_term_string"}],"inLanguage":"es"},{"@type":"Organization","@id":"https:\/\/experienciadevida.com.ar\/portalurbano\/#organization","name":"Portal Urbano","url":"https:\/\/experienciadevida.com.ar\/portalurbano\/","logo":{"@type":"ImageObject","inLanguage":"es","@id":"https:\/\/experienciadevida.com.ar\/portalurbano\/#\/schema\/logo\/image\/","url":"https:\/\/experienciadevida.com.ar\/portalurbano\/wp-content\/uploads\/2019\/09\/Logo-Original.png","contentUrl":"https:\/\/experienciadevida.com.ar\/portalurbano\/wp-content\/uploads\/2019\/09\/Logo-Original.png","width":2236,"height":1216,"caption":"Portal Urbano"},"image":{"@id":"https:\/\/experienciadevida.com.ar\/portalurbano\/#\/schema\/logo\/image\/"},"sameAs":["https:\/\/www.facebook.com\/Portal-Urbano-171542830093757\/","https:\/\/twitter.com\/portalurbanook","https:\/\/www.instagram.com\/_portalurbano\/","https:\/\/www.youtube.com\/channel\/UCXhagIfszH8KxFiOok79zbA?view_as=subscriber"]},{"@type":"Person","@id":"https:\/\/experienciadevida.com.ar\/portalurbano\/#\/schema\/person\/02dd326b1c4b056e9cc972486934a3a7","name":"admpu17wp","image":{"@type":"ImageObject","inLanguage":"es","@id":"https:\/\/experienciadevida.com.ar\/portalurbano\/#\/schema\/person\/image\/","url":"https:\/\/secure.gravatar.com\/avatar\/830d4c57adaae6630765e449a6908047?s=96&d=mm&r=g","contentUrl":"https:\/\/secure.gravatar.com\/avatar\/830d4c57adaae6630765e449a6908047?s=96&d=mm&r=g","caption":"admpu17wp"}}]}},"featured_image_urls":{"full":["https:\/\/experienciadevida.com.ar\/portalurbano\/wp-content\/uploads\/2020\/09\/Senaletica.jpeg",1280,720,false],"thumbnail":["https:\/\/experienciadevida.com.ar\/portalurbano\/wp-content\/uploads\/2020\/09\/Senaletica-150x150.jpeg",150,150,true],"medium":["https:\/\/experienciadevida.com.ar\/portalurbano\/wp-content\/uploads\/2020\/09\/Senaletica-300x169.jpeg",300,169,true],"medium_large":["https:\/\/experienciadevida.com.ar\/portalurbano\/wp-content\/uploads\/2020\/09\/Senaletica-768x432.jpeg",640,360,true],"large":["https:\/\/experienciadevida.com.ar\/portalurbano\/wp-content\/uploads\/2020\/09\/Senaletica-1024x576.jpeg",640,360,true],"ug_big":["https:\/\/experienciadevida.com.ar\/portalurbano\/wp-content\/uploads\/2020\/09\/Senaletica-768x432.jpeg",768,432,true],"1536x1536":["https:\/\/experienciadevida.com.ar\/portalurbano\/wp-content\/uploads\/2020\/09\/Senaletica.jpeg",1280,720,false],"2048x2048":["https:\/\/experienciadevida.com.ar\/portalurbano\/wp-content\/uploads\/2020\/09\/Senaletica.jpeg",1280,720,false],"newsever-slider-full":["https:\/\/experienciadevida.com.ar\/portalurbano\/wp-content\/uploads\/2020\/09\/Senaletica.jpeg",1280,720,false],"newsever-featured":["https:\/\/experienciadevida.com.ar\/portalurbano\/wp-content\/uploads\/2020\/09\/Senaletica.jpeg",1024,576,false],"newsever-medium":["https:\/\/experienciadevida.com.ar\/portalurbano\/wp-content\/uploads\/2020\/09\/Senaletica.jpeg",720,405,false],"web-stories-poster-portrait":["https:\/\/experienciadevida.com.ar\/portalurbano\/wp-content\/uploads\/2020\/09\/Senaletica.jpeg",640,360,false],"web-stories-publisher-logo":["https:\/\/experienciadevida.com.ar\/portalurbano\/wp-content\/uploads\/2020\/09\/Senaletica.jpeg",96,54,false],"web-stories-thumbnail":["https:\/\/experienciadevida.com.ar\/portalurbano\/wp-content\/uploads\/2020\/09\/Senaletica.jpeg",150,84,false]},"author_info":{"display_name":"admpu17wp","author_link":"https:\/\/experienciadevida.com.ar\/portalurbano\/author\/admpu17wp\/"},"category_info":"<a href=\"https:\/\/experienciadevida.com.ar\/portalurbano\/category\/ciudad\/\" rel=\"category tag\">Ciudad<\/a> <a href=\"https:\/\/experienciadevida.com.ar\/portalurbano\/category\/destacadas\/\" rel=\"category tag\">Destacadas<\/a>","tag_info":"Destacadas","comment_count":"0","amp_enabled":true,"_links":{"self":[{"href":"https:\/\/experienciadevida.com.ar\/portalurbano\/wp-json\/wp\/v2\/posts\/123010"}],"collection":[{"href":"https:\/\/experienciadevida.com.ar\/portalurbano\/wp-json\/wp\/v2\/posts"}],"about":[{"href":"https:\/\/experienciadevida.com.ar\/portalurbano\/wp-json\/wp\/v2\/types\/post"}],"author":[{"embeddable":true,"href":"https:\/\/experienciadevida.com.ar\/portalurbano\/wp-json\/wp\/v2\/users\/1"}],"replies":[{"embeddable":true,"href":"https:\/\/experienciadevida.com.ar\/portalurbano\/wp-json\/wp\/v2\/comments?post=123010"}],"version-history":[{"count":3,"href":"https:\/\/experienciadevida.com.ar\/portalurbano\/wp-json\/wp\/v2\/posts\/123010\/revisions"}],"predecessor-version":[{"id":123015,"href":"https:\/\/experienciadevida.com.ar\/portalurbano\/wp-json\/wp\/v2\/posts\/123010\/revisions\/123015"}],"wp:featuredmedia":[{"embeddable":true,"href":"https:\/\/experienciadevida.com.ar\/portalurbano\/wp-json\/wp\/v2\/media\/123011"}],"wp:attachment":[{"href":"https:\/\/experienciadevida.com.ar\/portalurbano\/wp-json\/wp\/v2\/media?parent=123010"}],"wp:term":[{"taxonomy":"category","embeddable":true,"href":"https:\/\/experienciadevida.com.ar\/portalurbano\/wp-json\/wp\/v2\/categories?post=123010"},{"taxonomy":"post_tag","embeddable":true,"href":"https:\/\/experienciadevida.com.ar\/portalurbano\/wp-json\/wp\/v2\/tags?post=123010"}],"curies":[{"name":"wp","href":"https:\/\/api.w.org\/{rel}","templated":true}]}}