{"id":122972,"date":"2020-09-30T10:11:52","date_gmt":"2020-09-30T13:11:52","guid":{"rendered":"https:\/\/experienciadevida.com.ar\/portalurbano\/?p=122972"},"modified":"2020-09-30T10:12:25","modified_gmt":"2020-09-30T13:12:25","slug":"concejales-del-frente-de-todos-de-la-7ma-seccion-conformaron-un-ambito-de-trabajo-colectivo","status":"publish","type":"post","link":"https:\/\/experienciadevida.com.ar\/portalurbano\/concejales-del-frente-de-todos-de-la-7ma-seccion-conformaron-un-ambito-de-trabajo-colectivo\/","title":{"rendered":"Concejales del Frente de Todos de la 7ma Secci\u00f3n  conformaron un \u00e1mbito de trabajo colectivo"},"content":{"rendered":"<p>Fue este martes, concejales y concejalas\u00a0 de todos los distritos de la S\u00e9ptima Secci\u00f3n Electoral del <strong>Frente de todos <\/strong>mantuvieron una reuni\u00f3n para coordinar acciones y planificar trabajo en los \u00e1mbitos deliberativos.<\/p>\n<p>El objetivo del espacio es el de fortalecer v\u00ednculos y el trabajo seccional trazando una agenda de trabajo legislativa que contemple las principales problem\u00e1ticas de la regi\u00f3n.<\/p>\n<p>A lo largo de los encuentros se elaborar\u00e1 una agenda com\u00fan, con un orden del d\u00eda para poder unificar criterios, intercambiar proyectos, ordenanzas, resoluciones, compartir diagn\u00f3sticos, relevamiento a nivel regional y provincial para crear pol\u00edticas p\u00fablicas y que se puedan replicar en los dem\u00e1s distritos.<\/p>\n<p>Adem\u00e1s las reuniones contar\u00e1n con el acompa\u00f1amiento de funcionarios nacionales y provinciales para trasladar demandas, necesidades y propuestas que permitan fortalecer la labor de los ediles del\u00a0<strong>frente de todos\u00a0<\/strong> y generar las herramientas necesarias para afrontar este contexto.<\/p>\n<p>Durante el encuentro se hizo referencia tambi\u00e9n a la situaci\u00f3n de cada distrito y el impacto que tuvieron las pol\u00edticas impulsadas por el Gobierno Nacional y el Provincial como las ATP, el IFE, el congelamiento de tarifas, para la reactivaci\u00f3n econ\u00f3mica y en materia sanitaria destacaron la inversi\u00f3n y la revalorizaci\u00f3n del sistema de salud p\u00fablica que permite hacerle frente a la pandemia.<\/p>\n<p>Participaron de la reuni\u00f3n concejales del\u00a0<strong>frente de todos\u00a0<\/strong> de los distritos de Olavarr\u00eda, 25 de Mayo, Saladillo, Azul, Roque Perez, General Alvear, Tapalqu\u00e9 y Roque Perez.<\/p>\n","protected":false},"excerpt":{"rendered":"<p>Fue este martes, concejales y concejalas\u00a0 de todos los distritos de la S\u00e9ptima Secci\u00f3n Electoral&#8230;<\/p>\n","protected":false},"author":1,"featured_media":122973,"comment_status":"closed","ping_status":"closed","sticky":false,"template":"","format":"standard","meta":{"content-type":""},"categories":[64,43],"tags":[],"nelio_content":{"isAutoShareEnabled":false,"autoShareEndMode":"default","automationSources":{"useContentSentences":true,"useSocialTemplates":true,"useCustomSentences":false,"customSentences":[]},"followers":[1],"suggestedReferences":[],"includedReferences":[],"efiUrl":"","efiAlt":"","highlights":[]},"yoast_head":"<!-- This site is optimized with the Yoast SEO plugin v20.7 - https:\/\/yoast.com\/wordpress\/plugins\/seo\/ -->\n<title>Concejales del frente de todos conformaron un \u00e1mbito de trabajo<\/title>\n<meta name=\"description\" content=\"Concejales del frente de todos, mantuvieron una reuni\u00f3n para coordinar acciones y planificar el trabajo en los \u00e1mbitos deliberativos.\" \/>\n<meta name=\"robots\" content=\"index, follow, max-snippet:-1, max-image-preview:large, max-video-preview:-1\" \/>\n<link rel=\"canonical\" href=\"https:\/\/experienciadevida.com.ar\/portalurbano\/concejales-del-frente-de-todos-de-la-7ma-seccion-conformaron-un-ambito-de-trabajo-colectivo\/\" \/>\n<meta property=\"og:locale\" content=\"es_ES\" \/>\n<meta property=\"og:type\" content=\"article\" \/>\n<meta property=\"og:title\" content=\"Concejales del frente de todos conformaron un \u00e1mbito de trabajo\" \/>\n<meta property=\"og:description\" content=\"Concejales del frente de todos, mantuvieron una reuni\u00f3n para coordinar acciones y planificar el trabajo en los \u00e1mbitos deliberativos.\" \/>\n<meta property=\"og:url\" content=\"https:\/\/experienciadevida.com.ar\/portalurbano\/concejales-del-frente-de-todos-de-la-7ma-seccion-conformaron-un-ambito-de-trabajo-colectivo\/\" \/>\n<meta property=\"article:publisher\" content=\"https:\/\/www.facebook.com\/Portal-Urbano-171542830093757\/\" \/>\n<meta property=\"article:published_time\" content=\"2020-09-30T13:11:52+00:00\" \/>\n<meta property=\"article:modified_time\" content=\"2020-09-30T13:12:25+00:00\" \/>\n<meta property=\"og:image\" content=\"https:\/\/experienciadevida.com.ar\/portalurbano\/wp-content\/uploads\/2020\/09\/Frente-de-todos.jpeg\" \/>\n\t<meta property=\"og:image:width\" content=\"765\" \/>\n\t<meta property=\"og:image:height\" content=\"401\" \/>\n\t<meta property=\"og:image:type\" content=\"image\/jpeg\" \/>\n<meta name=\"author\" content=\"admpu17wp\" \/>\n<meta name=\"twitter:card\" content=\"summary_large_image\" \/>\n<meta name=\"twitter:creator\" content=\"@portalurbanook\" \/>\n<meta name=\"twitter:site\" content=\"@portalurbanook\" \/>\n<meta name=\"twitter:label1\" content=\"Escrito por\" \/>\n\t<meta name=\"twitter:data1\" content=\"admpu17wp\" \/>\n\t<meta name=\"twitter:label2\" content=\"Tiempo de lectura\" \/>\n\t<meta name=\"twitter:data2\" content=\"1 minuto\" \/>\n<script type=\"application\/ld+json\" class=\"yoast-schema-graph\">{\"@context\":\"https:\/\/schema.org\",\"@graph\":[{\"@type\":\"Article\",\"@id\":\"https:\/\/experienciadevida.com.ar\/portalurbano\/concejales-del-frente-de-todos-de-la-7ma-seccion-conformaron-un-ambito-de-trabajo-colectivo\/#article\",\"isPartOf\":{\"@id\":\"https:\/\/experienciadevida.com.ar\/portalurbano\/concejales-del-frente-de-todos-de-la-7ma-seccion-conformaron-un-ambito-de-trabajo-colectivo\/\"},\"author\":{\"name\":\"admpu17wp\",\"@id\":\"https:\/\/experienciadevida.com.ar\/portalurbano\/#\/schema\/person\/02dd326b1c4b056e9cc972486934a3a7\"},\"headline\":\"Concejales del Frente de Todos de la 7ma Secci\u00f3n conformaron un \u00e1mbito de trabajo colectivo\",\"datePublished\":\"2020-09-30T13:11:52+00:00\",\"dateModified\":\"2020-09-30T13:12:25+00:00\",\"mainEntityOfPage\":{\"@id\":\"https:\/\/experienciadevida.com.ar\/portalurbano\/concejales-del-frente-de-todos-de-la-7ma-seccion-conformaron-un-ambito-de-trabajo-colectivo\/\"},\"wordCount\":273,\"publisher\":{\"@id\":\"https:\/\/experienciadevida.com.ar\/portalurbano\/#organization\"},\"articleSection\":[\"Destacadas 2\",\"Pol\u00edtica\"],\"inLanguage\":\"es\"},{\"@type\":\"WebPage\",\"@id\":\"https:\/\/experienciadevida.com.ar\/portalurbano\/concejales-del-frente-de-todos-de-la-7ma-seccion-conformaron-un-ambito-de-trabajo-colectivo\/\",\"url\":\"https:\/\/experienciadevida.com.ar\/portalurbano\/concejales-del-frente-de-todos-de-la-7ma-seccion-conformaron-un-ambito-de-trabajo-colectivo\/\",\"name\":\"Concejales del frente de todos conformaron un \u00e1mbito de trabajo\",\"isPartOf\":{\"@id\":\"https:\/\/experienciadevida.com.ar\/portalurbano\/#website\"},\"datePublished\":\"2020-09-30T13:11:52+00:00\",\"dateModified\":\"2020-09-30T13:12:25+00:00\",\"description\":\"Concejales del frente de todos, mantuvieron una reuni\u00f3n para coordinar acciones y planificar el trabajo en los \u00e1mbitos deliberativos.\",\"breadcrumb\":{\"@id\":\"https:\/\/experienciadevida.com.ar\/portalurbano\/concejales-del-frente-de-todos-de-la-7ma-seccion-conformaron-un-ambito-de-trabajo-colectivo\/#breadcrumb\"},\"inLanguage\":\"es\",\"potentialAction\":[{\"@type\":\"ReadAction\",\"target\":[\"https:\/\/experienciadevida.com.ar\/portalurbano\/concejales-del-frente-de-todos-de-la-7ma-seccion-conformaron-un-ambito-de-trabajo-colectivo\/\"]}]},{\"@type\":\"BreadcrumbList\",\"@id\":\"https:\/\/experienciadevida.com.ar\/portalurbano\/concejales-del-frente-de-todos-de-la-7ma-seccion-conformaron-un-ambito-de-trabajo-colectivo\/#breadcrumb\",\"itemListElement\":[{\"@type\":\"ListItem\",\"position\":1,\"name\":\"Portada\",\"item\":\"https:\/\/experienciadevida.com.ar\/portalurbano\/\"},{\"@type\":\"ListItem\",\"position\":2,\"name\":\"Concejales del Frente de Todos de la 7ma Secci\u00f3n conformaron un \u00e1mbito de trabajo colectivo\"}]},{\"@type\":\"WebSite\",\"@id\":\"https:\/\/experienciadevida.com.ar\/portalurbano\/#website\",\"url\":\"https:\/\/experienciadevida.com.ar\/portalurbano\/\",\"name\":\"\",\"description\":\"\",\"publisher\":{\"@id\":\"https:\/\/experienciadevida.com.ar\/portalurbano\/#organization\"},\"potentialAction\":[{\"@type\":\"SearchAction\",\"target\":{\"@type\":\"EntryPoint\",\"urlTemplate\":\"https:\/\/experienciadevida.com.ar\/portalurbano\/?s={search_term_string}\"},\"query-input\":\"required name=search_term_string\"}],\"inLanguage\":\"es\"},{\"@type\":\"Organization\",\"@id\":\"https:\/\/experienciadevida.com.ar\/portalurbano\/#organization\",\"name\":\"Portal Urbano\",\"url\":\"https:\/\/experienciadevida.com.ar\/portalurbano\/\",\"logo\":{\"@type\":\"ImageObject\",\"inLanguage\":\"es\",\"@id\":\"https:\/\/experienciadevida.com.ar\/portalurbano\/#\/schema\/logo\/image\/\",\"url\":\"https:\/\/experienciadevida.com.ar\/portalurbano\/wp-content\/uploads\/2019\/09\/Logo-Original.png\",\"contentUrl\":\"https:\/\/experienciadevida.com.ar\/portalurbano\/wp-content\/uploads\/2019\/09\/Logo-Original.png\",\"width\":2236,\"height\":1216,\"caption\":\"Portal Urbano\"},\"image\":{\"@id\":\"https:\/\/experienciadevida.com.ar\/portalurbano\/#\/schema\/logo\/image\/\"},\"sameAs\":[\"https:\/\/www.facebook.com\/Portal-Urbano-171542830093757\/\",\"https:\/\/twitter.com\/portalurbanook\",\"https:\/\/www.instagram.com\/_portalurbano\/\",\"https:\/\/www.youtube.com\/channel\/UCXhagIfszH8KxFiOok79zbA?view_as=subscriber\"]},{\"@type\":\"Person\",\"@id\":\"https:\/\/experienciadevida.com.ar\/portalurbano\/#\/schema\/person\/02dd326b1c4b056e9cc972486934a3a7\",\"name\":\"admpu17wp\",\"image\":{\"@type\":\"ImageObject\",\"inLanguage\":\"es\",\"@id\":\"https:\/\/experienciadevida.com.ar\/portalurbano\/#\/schema\/person\/image\/\",\"url\":\"https:\/\/secure.gravatar.com\/avatar\/830d4c57adaae6630765e449a6908047?s=96&d=mm&r=g\",\"contentUrl\":\"https:\/\/secure.gravatar.com\/avatar\/830d4c57adaae6630765e449a6908047?s=96&d=mm&r=g\",\"caption\":\"admpu17wp\"}}]}<\/script>\n<!-- \/ Yoast SEO plugin. -->","yoast_head_json":{"title":"Concejales del frente de todos conformaron un \u00e1mbito de trabajo","description":"Concejales del frente de todos, mantuvieron una reuni\u00f3n para coordinar acciones y planificar el trabajo en los \u00e1mbitos deliberativos.","robots":{"index":"index","follow":"follow","max-snippet":"max-snippet:-1","max-image-preview":"max-image-preview:large","max-video-preview":"max-video-preview:-1"},"canonical":"https:\/\/experienciadevida.com.ar\/portalurbano\/concejales-del-frente-de-todos-de-la-7ma-seccion-conformaron-un-ambito-de-trabajo-colectivo\/","og_locale":"es_ES","og_type":"article","og_title":"Concejales del frente de todos conformaron un \u00e1mbito de trabajo","og_description":"Concejales del frente de todos, mantuvieron una reuni\u00f3n para coordinar acciones y planificar el trabajo en los \u00e1mbitos deliberativos.","og_url":"https:\/\/experienciadevida.com.ar\/portalurbano\/concejales-del-frente-de-todos-de-la-7ma-seccion-conformaron-un-ambito-de-trabajo-colectivo\/","article_publisher":"https:\/\/www.facebook.com\/Portal-Urbano-171542830093757\/","article_published_time":"2020-09-30T13:11:52+00:00","article_modified_time":"2020-09-30T13:12:25+00:00","og_image":[{"width":765,"height":401,"url":"https:\/\/experienciadevida.com.ar\/portalurbano\/wp-content\/uploads\/2020\/09\/Frente-de-todos.jpeg","type":"image\/jpeg"}],"author":"admpu17wp","twitter_card":"summary_large_image","twitter_creator":"@portalurbanook","twitter_site":"@portalurbanook","twitter_misc":{"Escrito por":"admpu17wp","Tiempo de lectura":"1 minuto"},"schema":{"@context":"https:\/\/schema.org","@graph":[{"@type":"Article","@id":"https:\/\/experienciadevida.com.ar\/portalurbano\/concejales-del-frente-de-todos-de-la-7ma-seccion-conformaron-un-ambito-de-trabajo-colectivo\/#article","isPartOf":{"@id":"https:\/\/experienciadevida.com.ar\/portalurbano\/concejales-del-frente-de-todos-de-la-7ma-seccion-conformaron-un-ambito-de-trabajo-colectivo\/"},"author":{"name":"admpu17wp","@id":"https:\/\/experienciadevida.com.ar\/portalurbano\/#\/schema\/person\/02dd326b1c4b056e9cc972486934a3a7"},"headline":"Concejales del Frente de Todos de la 7ma Secci\u00f3n conformaron un \u00e1mbito de trabajo colectivo","datePublished":"2020-09-30T13:11:52+00:00","dateModified":"2020-09-30T13:12:25+00:00","mainEntityOfPage":{"@id":"https:\/\/experienciadevida.com.ar\/portalurbano\/concejales-del-frente-de-todos-de-la-7ma-seccion-conformaron-un-ambito-de-trabajo-colectivo\/"},"wordCount":273,"publisher":{"@id":"https:\/\/experienciadevida.com.ar\/portalurbano\/#organization"},"articleSection":["Destacadas 2","Pol\u00edtica"],"inLanguage":"es"},{"@type":"WebPage","@id":"https:\/\/experienciadevida.com.ar\/portalurbano\/concejales-del-frente-de-todos-de-la-7ma-seccion-conformaron-un-ambito-de-trabajo-colectivo\/","url":"https:\/\/experienciadevida.com.ar\/portalurbano\/concejales-del-frente-de-todos-de-la-7ma-seccion-conformaron-un-ambito-de-trabajo-colectivo\/","name":"Concejales del frente de todos conformaron un \u00e1mbito de trabajo","isPartOf":{"@id":"https:\/\/experienciadevida.com.ar\/portalurbano\/#website"},"datePublished":"2020-09-30T13:11:52+00:00","dateModified":"2020-09-30T13:12:25+00:00","description":"Concejales del frente de todos, mantuvieron una reuni\u00f3n para coordinar acciones y planificar el trabajo en los \u00e1mbitos deliberativos.","breadcrumb":{"@id":"https:\/\/experienciadevida.com.ar\/portalurbano\/concejales-del-frente-de-todos-de-la-7ma-seccion-conformaron-un-ambito-de-trabajo-colectivo\/#breadcrumb"},"inLanguage":"es","potentialAction":[{"@type":"ReadAction","target":["https:\/\/experienciadevida.com.ar\/portalurbano\/concejales-del-frente-de-todos-de-la-7ma-seccion-conformaron-un-ambito-de-trabajo-colectivo\/"]}]},{"@type":"BreadcrumbList","@id":"https:\/\/experienciadevida.com.ar\/portalurbano\/concejales-del-frente-de-todos-de-la-7ma-seccion-conformaron-un-ambito-de-trabajo-colectivo\/#breadcrumb","itemListElement":[{"@type":"ListItem","position":1,"name":"Portada","item":"https:\/\/experienciadevida.com.ar\/portalurbano\/"},{"@type":"ListItem","position":2,"name":"Concejales del Frente de Todos de la 7ma Secci\u00f3n conformaron un \u00e1mbito de trabajo colectivo"}]},{"@type":"WebSite","@id":"https:\/\/experienciadevida.com.ar\/portalurbano\/#website","url":"https:\/\/experienciadevida.com.ar\/portalurbano\/","name":"","description":"","publisher":{"@id":"https:\/\/experienciadevida.com.ar\/portalurbano\/#organization"},"potentialAction":[{"@type":"SearchAction","target":{"@type":"EntryPoint","urlTemplate":"https:\/\/experienciadevida.com.ar\/portalurbano\/?s={search_term_string}"},"query-input":"required name=search_term_string"}],"inLanguage":"es"},{"@type":"Organization","@id":"https:\/\/experienciadevida.com.ar\/portalurbano\/#organization","name":"Portal Urbano","url":"https:\/\/experienciadevida.com.ar\/portalurbano\/","logo":{"@type":"ImageObject","inLanguage":"es","@id":"https:\/\/experienciadevida.com.ar\/portalurbano\/#\/schema\/logo\/image\/","url":"https:\/\/experienciadevida.com.ar\/portalurbano\/wp-content\/uploads\/2019\/09\/Logo-Original.png","contentUrl":"https:\/\/experienciadevida.com.ar\/portalurbano\/wp-content\/uploads\/2019\/09\/Logo-Original.png","width":2236,"height":1216,"caption":"Portal Urbano"},"image":{"@id":"https:\/\/experienciadevida.com.ar\/portalurbano\/#\/schema\/logo\/image\/"},"sameAs":["https:\/\/www.facebook.com\/Portal-Urbano-171542830093757\/","https:\/\/twitter.com\/portalurbanook","https:\/\/www.instagram.com\/_portalurbano\/","https:\/\/www.youtube.com\/channel\/UCXhagIfszH8KxFiOok79zbA?view_as=subscriber"]},{"@type":"Person","@id":"https:\/\/experienciadevida.com.ar\/portalurbano\/#\/schema\/person\/02dd326b1c4b056e9cc972486934a3a7","name":"admpu17wp","image":{"@type":"ImageObject","inLanguage":"es","@id":"https:\/\/experienciadevida.com.ar\/portalurbano\/#\/schema\/person\/image\/","url":"https:\/\/secure.gravatar.com\/avatar\/830d4c57adaae6630765e449a6908047?s=96&d=mm&r=g","contentUrl":"https:\/\/secure.gravatar.com\/avatar\/830d4c57adaae6630765e449a6908047?s=96&d=mm&r=g","caption":"admpu17wp"}}]}},"featured_image_urls":{"full":["https:\/\/experienciadevida.com.ar\/portalurbano\/wp-content\/uploads\/2020\/09\/Frente-de-todos.jpeg",765,401,false],"thumbnail":["https:\/\/experienciadevida.com.ar\/portalurbano\/wp-content\/uploads\/2020\/09\/Frente-de-todos-150x150.jpeg",150,150,true],"medium":["https:\/\/experienciadevida.com.ar\/portalurbano\/wp-content\/uploads\/2020\/09\/Frente-de-todos-300x157.jpeg",300,157,true],"medium_large":["https:\/\/experienciadevida.com.ar\/portalurbano\/wp-content\/uploads\/2020\/09\/Frente-de-todos.jpeg",640,335,false],"large":["https:\/\/experienciadevida.com.ar\/portalurbano\/wp-content\/uploads\/2020\/09\/Frente-de-todos.jpeg",640,335,false],"ug_big":["https:\/\/experienciadevida.com.ar\/portalurbano\/wp-content\/uploads\/2020\/09\/Frente-de-todos.jpeg",765,401,false],"1536x1536":["https:\/\/experienciadevida.com.ar\/portalurbano\/wp-content\/uploads\/2020\/09\/Frente-de-todos.jpeg",765,401,false],"2048x2048":["https:\/\/experienciadevida.com.ar\/portalurbano\/wp-content\/uploads\/2020\/09\/Frente-de-todos.jpeg",765,401,false],"newsever-slider-full":["https:\/\/experienciadevida.com.ar\/portalurbano\/wp-content\/uploads\/2020\/09\/Frente-de-todos.jpeg",765,401,false],"newsever-featured":["https:\/\/experienciadevida.com.ar\/portalurbano\/wp-content\/uploads\/2020\/09\/Frente-de-todos.jpeg",765,401,false],"newsever-medium":["https:\/\/experienciadevida.com.ar\/portalurbano\/wp-content\/uploads\/2020\/09\/Frente-de-todos.jpeg",720,377,false],"web-stories-poster-portrait":["https:\/\/experienciadevida.com.ar\/portalurbano\/wp-content\/uploads\/2020\/09\/Frente-de-todos.jpeg",640,335,false],"web-stories-publisher-logo":["https:\/\/experienciadevida.com.ar\/portalurbano\/wp-content\/uploads\/2020\/09\/Frente-de-todos.jpeg",96,50,false],"web-stories-thumbnail":["https:\/\/experienciadevida.com.ar\/portalurbano\/wp-content\/uploads\/2020\/09\/Frente-de-todos.jpeg",150,79,false]},"author_info":{"display_name":"admpu17wp","author_link":"https:\/\/experienciadevida.com.ar\/portalurbano\/author\/admpu17wp\/"},"category_info":"<a href=\"https:\/\/experienciadevida.com.ar\/portalurbano\/category\/destacadas-2\/\" rel=\"category tag\">Destacadas 2<\/a> <a href=\"https:\/\/experienciadevida.com.ar\/portalurbano\/category\/politica\/\" rel=\"category tag\">Pol\u00edtica<\/a>","tag_info":"Pol\u00edtica","comment_count":"0","amp_enabled":true,"_links":{"self":[{"href":"https:\/\/experienciadevida.com.ar\/portalurbano\/wp-json\/wp\/v2\/posts\/122972"}],"collection":[{"href":"https:\/\/experienciadevida.com.ar\/portalurbano\/wp-json\/wp\/v2\/posts"}],"about":[{"href":"https:\/\/experienciadevida.com.ar\/portalurbano\/wp-json\/wp\/v2\/types\/post"}],"author":[{"embeddable":true,"href":"https:\/\/experienciadevida.com.ar\/portalurbano\/wp-json\/wp\/v2\/users\/1"}],"replies":[{"embeddable":true,"href":"https:\/\/experienciadevida.com.ar\/portalurbano\/wp-json\/wp\/v2\/comments?post=122972"}],"version-history":[{"count":1,"href":"https:\/\/experienciadevida.com.ar\/portalurbano\/wp-json\/wp\/v2\/posts\/122972\/revisions"}],"predecessor-version":[{"id":122974,"href":"https:\/\/experienciadevida.com.ar\/portalurbano\/wp-json\/wp\/v2\/posts\/122972\/revisions\/122974"}],"wp:featuredmedia":[{"embeddable":true,"href":"https:\/\/experienciadevida.com.ar\/portalurbano\/wp-json\/wp\/v2\/media\/122973"}],"wp:attachment":[{"href":"https:\/\/experienciadevida.com.ar\/portalurbano\/wp-json\/wp\/v2\/media?parent=122972"}],"wp:term":[{"taxonomy":"category","embeddable":true,"href":"https:\/\/experienciadevida.com.ar\/portalurbano\/wp-json\/wp\/v2\/categories?post=122972"},{"taxonomy":"post_tag","embeddable":true,"href":"https:\/\/experienciadevida.com.ar\/portalurbano\/wp-json\/wp\/v2\/tags?post=122972"}],"curies":[{"name":"wp","href":"https:\/\/api.w.org\/{rel}","templated":true}]}}