{"id":122934,"date":"2020-09-29T17:11:27","date_gmt":"2020-09-29T20:11:27","guid":{"rendered":"https:\/\/experienciadevida.com.ar\/portalurbano\/?p=122934"},"modified":"2020-09-29T17:14:00","modified_gmt":"2020-09-29T20:14:00","slug":"lastape-retiro-el-proyecto-que-buscaba-regular-a-los-motomandados","status":"publish","type":"post","link":"https:\/\/experienciadevida.com.ar\/portalurbano\/lastape-retiro-el-proyecto-que-buscaba-regular-a-los-motomandados\/","title":{"rendered":"Lastape retir\u00f3 el proyecto que buscaba regular a los motomandados"},"content":{"rendered":"<p>En la jornada de este martes, los <strong>motomandados<\/strong> hicieron un paro tras el proyecto de ordenanza presentado por el concejal <a href=\"https:\/\/experienciadevida.com.ar\/portalurbano\/el-bloque-ucr-presento-un-proyecto-para-reglamentar-el-servicio-de-mensajeria-y-reparto-a-domicilio\/\">Mart\u00edn Lastape para reglamentar el servicio de mensajer\u00eda y reparto a domicilio.<\/a><\/p>\n<p>Se movilizaron desde la sede del CECO para expresar su oposici\u00f3n al proyecto mencionado anteriormente. En caravana finalizaron en el paseo jesus mendia.<\/p>\n<p>Uno de los <strong>motomandados <\/strong>mencion\u00f3 &#8220;<em>nos hemos reunido con todos los concejales leyendo los puntos del proyecto, entendiendo que es lo que se nos pide, y no estamos de acuerdo en nada por eso\u00a0 vamos a presentar un contra proyecto donde hay puntos que son claves&#8221;.<\/em><\/p>\n<p>Por otro lado, fueron recibidos por santell\u00e1n quien recibi\u00f3 a los\u00a0 <strong>motomandados<\/strong>.<\/p>\n<p>A ra\u00edz de esto, el edil de la Uni\u00f3n C\u00edvica Radical envi\u00f3 un comunicado:<\/p>\n<p><em>&#8220;Por medio de este comunicado informo que he solicitado el archivo del proyecto para regular los servicios de mensajer\u00eda y el reparto de alimentos a domicilio, el cual buscaba garantizar condiciones laborales dignas sin costo alguno para los <strong>motomandados<\/strong>. Lamentando que el proyecto no haya sido interpretado como una mejora para este servicio donde los trabajadores se encuentran en un estado de precarizaci\u00f3n total&#8221;.<\/em><\/p>\n<p>A su vez <em>&#8220;No se interpret\u00f3 el esp\u00edritu de este proyecto con el cual fue concebido, y fue atacado con una clara intencionalidad de golpear al autor del proyecto. Algunos actores pol\u00edticos privilegiaron mezquinamente sacar provecho por encima de trabajar por la seguridad de los trabajadores de mensajer\u00eda en este momento tan duro que estamos atravesando, donde mi \u00fanica preocupaci\u00f3n fue pensar en mejorar las condiciones laborales de este rubro&#8221;.<\/em><\/p>\n<p>Por \u00faltimo Lastape expres\u00f3 &#8220;<em>Conozco de estas condiciones de trabajo, ya que en dos momentos de mi vida mi fuente de ingreso fue como \u201c<strong>motomandados<\/strong>\u201d, por tanto se por todo lo que se atraviesa: inseguridad, clima adverso, destrato, falta de seguros, e incertidumbre respecto al futuro. Lo que fue un proyecto para generar un canal de di\u00e1logo y poner en discusi\u00f3n una labor que est\u00e1 sin regular, y donde fueran convocados todos los interesados a plantear sus inquietudes y modificaciones, se convirti\u00f3 en una negativa total al mismo&#8221;.<\/em><\/p>\n<p><em>&#8220;Por eso, decid\u00ed retirar el proyecto. No obstante, creo necesario retomar el di\u00e1logo vinculado a la regularizaci\u00f3n del rubro para garantizar y seguir avanzando en defender los derechos de todos los trabajadores&#8221;.<\/em><\/p>\n","protected":false},"excerpt":{"rendered":"<p>En la jornada de este martes, los motomandados hicieron un paro tras el proyecto de&#8230;<\/p>\n","protected":false},"author":1,"featured_media":74712,"comment_status":"closed","ping_status":"closed","sticky":false,"template":"","format":"standard","meta":{"content-type":""},"categories":[27,51],"tags":[],"nelio_content":{"isAutoShareEnabled":false,"autoShareEndMode":"default","automationSources":{"useContentSentences":true,"useSocialTemplates":true,"useCustomSentences":false,"customSentences":[]},"followers":[1],"suggestedReferences":[],"includedReferences":[],"efiUrl":"","efiAlt":"","highlights":[]},"yoast_head":"<!-- This site is optimized with the Yoast SEO plugin v20.7 - https:\/\/yoast.com\/wordpress\/plugins\/seo\/ -->\n<title>Lastape retir\u00f3 el proyecto que buscaba regular a los motomandados<\/title>\n<meta name=\"description\" content=\"Ls motomandados hicieron un paro tras el proyecto de ordenanza presentado por el concejal Mart\u00edn Lastape que buscaba regularlos.\" \/>\n<meta name=\"robots\" content=\"index, follow, max-snippet:-1, max-image-preview:large, max-video-preview:-1\" \/>\n<link rel=\"canonical\" href=\"https:\/\/experienciadevida.com.ar\/portalurbano\/lastape-retiro-el-proyecto-que-buscaba-regular-a-los-motomandados\/\" \/>\n<meta property=\"og:locale\" content=\"es_ES\" \/>\n<meta property=\"og:type\" content=\"article\" \/>\n<meta property=\"og:title\" content=\"Lastape retir\u00f3 el proyecto que buscaba regular a los motomandados\" \/>\n<meta property=\"og:description\" content=\"Ls motomandados hicieron un paro tras el proyecto de ordenanza presentado por el concejal Mart\u00edn Lastape que buscaba regularlos.\" \/>\n<meta property=\"og:url\" content=\"https:\/\/experienciadevida.com.ar\/portalurbano\/lastape-retiro-el-proyecto-que-buscaba-regular-a-los-motomandados\/\" \/>\n<meta property=\"article:publisher\" content=\"https:\/\/www.facebook.com\/Portal-Urbano-171542830093757\/\" \/>\n<meta property=\"article:published_time\" content=\"2020-09-29T20:11:27+00:00\" \/>\n<meta property=\"article:modified_time\" content=\"2020-09-29T20:14:00+00:00\" \/>\n<meta property=\"og:image\" content=\"https:\/\/experienciadevida.com.ar\/portalurbano\/wp-content\/uploads\/2019\/06\/LASTAPE-2.jpg\" \/>\n\t<meta property=\"og:image:width\" content=\"748\" \/>\n\t<meta property=\"og:image:height\" content=\"433\" \/>\n\t<meta property=\"og:image:type\" content=\"image\/jpeg\" \/>\n<meta name=\"author\" content=\"admpu17wp\" \/>\n<meta name=\"twitter:card\" content=\"summary_large_image\" \/>\n<meta name=\"twitter:creator\" content=\"@portalurbanook\" \/>\n<meta name=\"twitter:site\" content=\"@portalurbanook\" \/>\n<meta name=\"twitter:label1\" content=\"Escrito por\" \/>\n\t<meta name=\"twitter:data1\" content=\"admpu17wp\" \/>\n\t<meta name=\"twitter:label2\" content=\"Tiempo de lectura\" \/>\n\t<meta name=\"twitter:data2\" content=\"2 minutos\" \/>\n<script type=\"application\/ld+json\" class=\"yoast-schema-graph\">{\"@context\":\"https:\/\/schema.org\",\"@graph\":[{\"@type\":\"Article\",\"@id\":\"https:\/\/experienciadevida.com.ar\/portalurbano\/lastape-retiro-el-proyecto-que-buscaba-regular-a-los-motomandados\/#article\",\"isPartOf\":{\"@id\":\"https:\/\/experienciadevida.com.ar\/portalurbano\/lastape-retiro-el-proyecto-que-buscaba-regular-a-los-motomandados\/\"},\"author\":{\"name\":\"admpu17wp\",\"@id\":\"https:\/\/experienciadevida.com.ar\/portalurbano\/#\/schema\/person\/02dd326b1c4b056e9cc972486934a3a7\"},\"headline\":\"Lastape retir\u00f3 el proyecto que buscaba regular a los motomandados\",\"datePublished\":\"2020-09-29T20:11:27+00:00\",\"dateModified\":\"2020-09-29T20:14:00+00:00\",\"mainEntityOfPage\":{\"@id\":\"https:\/\/experienciadevida.com.ar\/portalurbano\/lastape-retiro-el-proyecto-que-buscaba-regular-a-los-motomandados\/\"},\"wordCount\":408,\"publisher\":{\"@id\":\"https:\/\/experienciadevida.com.ar\/portalurbano\/#organization\"},\"articleSection\":[\"Ciudad\",\"Destacadas\"],\"inLanguage\":\"es\"},{\"@type\":\"WebPage\",\"@id\":\"https:\/\/experienciadevida.com.ar\/portalurbano\/lastape-retiro-el-proyecto-que-buscaba-regular-a-los-motomandados\/\",\"url\":\"https:\/\/experienciadevida.com.ar\/portalurbano\/lastape-retiro-el-proyecto-que-buscaba-regular-a-los-motomandados\/\",\"name\":\"Lastape retir\u00f3 el proyecto que buscaba regular a los motomandados\",\"isPartOf\":{\"@id\":\"https:\/\/experienciadevida.com.ar\/portalurbano\/#website\"},\"datePublished\":\"2020-09-29T20:11:27+00:00\",\"dateModified\":\"2020-09-29T20:14:00+00:00\",\"description\":\"Ls motomandados hicieron un paro tras el proyecto de ordenanza presentado por el concejal Mart\u00edn Lastape que buscaba regularlos.\",\"breadcrumb\":{\"@id\":\"https:\/\/experienciadevida.com.ar\/portalurbano\/lastape-retiro-el-proyecto-que-buscaba-regular-a-los-motomandados\/#breadcrumb\"},\"inLanguage\":\"es\",\"potentialAction\":[{\"@type\":\"ReadAction\",\"target\":[\"https:\/\/experienciadevida.com.ar\/portalurbano\/lastape-retiro-el-proyecto-que-buscaba-regular-a-los-motomandados\/\"]}]},{\"@type\":\"BreadcrumbList\",\"@id\":\"https:\/\/experienciadevida.com.ar\/portalurbano\/lastape-retiro-el-proyecto-que-buscaba-regular-a-los-motomandados\/#breadcrumb\",\"itemListElement\":[{\"@type\":\"ListItem\",\"position\":1,\"name\":\"Portada\",\"item\":\"https:\/\/experienciadevida.com.ar\/portalurbano\/\"},{\"@type\":\"ListItem\",\"position\":2,\"name\":\"Lastape retir\u00f3 el proyecto que buscaba regular a los motomandados\"}]},{\"@type\":\"WebSite\",\"@id\":\"https:\/\/experienciadevida.com.ar\/portalurbano\/#website\",\"url\":\"https:\/\/experienciadevida.com.ar\/portalurbano\/\",\"name\":\"\",\"description\":\"\",\"publisher\":{\"@id\":\"https:\/\/experienciadevida.com.ar\/portalurbano\/#organization\"},\"potentialAction\":[{\"@type\":\"SearchAction\",\"target\":{\"@type\":\"EntryPoint\",\"urlTemplate\":\"https:\/\/experienciadevida.com.ar\/portalurbano\/?s={search_term_string}\"},\"query-input\":\"required name=search_term_string\"}],\"inLanguage\":\"es\"},{\"@type\":\"Organization\",\"@id\":\"https:\/\/experienciadevida.com.ar\/portalurbano\/#organization\",\"name\":\"Portal Urbano\",\"url\":\"https:\/\/experienciadevida.com.ar\/portalurbano\/\",\"logo\":{\"@type\":\"ImageObject\",\"inLanguage\":\"es\",\"@id\":\"https:\/\/experienciadevida.com.ar\/portalurbano\/#\/schema\/logo\/image\/\",\"url\":\"https:\/\/experienciadevida.com.ar\/portalurbano\/wp-content\/uploads\/2019\/09\/Logo-Original.png\",\"contentUrl\":\"https:\/\/experienciadevida.com.ar\/portalurbano\/wp-content\/uploads\/2019\/09\/Logo-Original.png\",\"width\":2236,\"height\":1216,\"caption\":\"Portal Urbano\"},\"image\":{\"@id\":\"https:\/\/experienciadevida.com.ar\/portalurbano\/#\/schema\/logo\/image\/\"},\"sameAs\":[\"https:\/\/www.facebook.com\/Portal-Urbano-171542830093757\/\",\"https:\/\/twitter.com\/portalurbanook\",\"https:\/\/www.instagram.com\/_portalurbano\/\",\"https:\/\/www.youtube.com\/channel\/UCXhagIfszH8KxFiOok79zbA?view_as=subscriber\"]},{\"@type\":\"Person\",\"@id\":\"https:\/\/experienciadevida.com.ar\/portalurbano\/#\/schema\/person\/02dd326b1c4b056e9cc972486934a3a7\",\"name\":\"admpu17wp\",\"image\":{\"@type\":\"ImageObject\",\"inLanguage\":\"es\",\"@id\":\"https:\/\/experienciadevida.com.ar\/portalurbano\/#\/schema\/person\/image\/\",\"url\":\"https:\/\/secure.gravatar.com\/avatar\/830d4c57adaae6630765e449a6908047?s=96&d=mm&r=g\",\"contentUrl\":\"https:\/\/secure.gravatar.com\/avatar\/830d4c57adaae6630765e449a6908047?s=96&d=mm&r=g\",\"caption\":\"admpu17wp\"}}]}<\/script>\n<!-- \/ Yoast SEO plugin. -->","yoast_head_json":{"title":"Lastape retir\u00f3 el proyecto que buscaba regular a los motomandados","description":"Ls motomandados hicieron un paro tras el proyecto de ordenanza presentado por el concejal Mart\u00edn Lastape que buscaba regularlos.","robots":{"index":"index","follow":"follow","max-snippet":"max-snippet:-1","max-image-preview":"max-image-preview:large","max-video-preview":"max-video-preview:-1"},"canonical":"https:\/\/experienciadevida.com.ar\/portalurbano\/lastape-retiro-el-proyecto-que-buscaba-regular-a-los-motomandados\/","og_locale":"es_ES","og_type":"article","og_title":"Lastape retir\u00f3 el proyecto que buscaba regular a los motomandados","og_description":"Ls motomandados hicieron un paro tras el proyecto de ordenanza presentado por el concejal Mart\u00edn Lastape que buscaba regularlos.","og_url":"https:\/\/experienciadevida.com.ar\/portalurbano\/lastape-retiro-el-proyecto-que-buscaba-regular-a-los-motomandados\/","article_publisher":"https:\/\/www.facebook.com\/Portal-Urbano-171542830093757\/","article_published_time":"2020-09-29T20:11:27+00:00","article_modified_time":"2020-09-29T20:14:00+00:00","og_image":[{"width":748,"height":433,"url":"https:\/\/experienciadevida.com.ar\/portalurbano\/wp-content\/uploads\/2019\/06\/LASTAPE-2.jpg","type":"image\/jpeg"}],"author":"admpu17wp","twitter_card":"summary_large_image","twitter_creator":"@portalurbanook","twitter_site":"@portalurbanook","twitter_misc":{"Escrito por":"admpu17wp","Tiempo de lectura":"2 minutos"},"schema":{"@context":"https:\/\/schema.org","@graph":[{"@type":"Article","@id":"https:\/\/experienciadevida.com.ar\/portalurbano\/lastape-retiro-el-proyecto-que-buscaba-regular-a-los-motomandados\/#article","isPartOf":{"@id":"https:\/\/experienciadevida.com.ar\/portalurbano\/lastape-retiro-el-proyecto-que-buscaba-regular-a-los-motomandados\/"},"author":{"name":"admpu17wp","@id":"https:\/\/experienciadevida.com.ar\/portalurbano\/#\/schema\/person\/02dd326b1c4b056e9cc972486934a3a7"},"headline":"Lastape retir\u00f3 el proyecto que buscaba regular a los motomandados","datePublished":"2020-09-29T20:11:27+00:00","dateModified":"2020-09-29T20:14:00+00:00","mainEntityOfPage":{"@id":"https:\/\/experienciadevida.com.ar\/portalurbano\/lastape-retiro-el-proyecto-que-buscaba-regular-a-los-motomandados\/"},"wordCount":408,"publisher":{"@id":"https:\/\/experienciadevida.com.ar\/portalurbano\/#organization"},"articleSection":["Ciudad","Destacadas"],"inLanguage":"es"},{"@type":"WebPage","@id":"https:\/\/experienciadevida.com.ar\/portalurbano\/lastape-retiro-el-proyecto-que-buscaba-regular-a-los-motomandados\/","url":"https:\/\/experienciadevida.com.ar\/portalurbano\/lastape-retiro-el-proyecto-que-buscaba-regular-a-los-motomandados\/","name":"Lastape retir\u00f3 el proyecto que buscaba regular a los motomandados","isPartOf":{"@id":"https:\/\/experienciadevida.com.ar\/portalurbano\/#website"},"datePublished":"2020-09-29T20:11:27+00:00","dateModified":"2020-09-29T20:14:00+00:00","description":"Ls motomandados hicieron un paro tras el proyecto de ordenanza presentado por el concejal Mart\u00edn Lastape que buscaba regularlos.","breadcrumb":{"@id":"https:\/\/experienciadevida.com.ar\/portalurbano\/lastape-retiro-el-proyecto-que-buscaba-regular-a-los-motomandados\/#breadcrumb"},"inLanguage":"es","potentialAction":[{"@type":"ReadAction","target":["https:\/\/experienciadevida.com.ar\/portalurbano\/lastape-retiro-el-proyecto-que-buscaba-regular-a-los-motomandados\/"]}]},{"@type":"BreadcrumbList","@id":"https:\/\/experienciadevida.com.ar\/portalurbano\/lastape-retiro-el-proyecto-que-buscaba-regular-a-los-motomandados\/#breadcrumb","itemListElement":[{"@type":"ListItem","position":1,"name":"Portada","item":"https:\/\/experienciadevida.com.ar\/portalurbano\/"},{"@type":"ListItem","position":2,"name":"Lastape retir\u00f3 el proyecto que buscaba regular a los motomandados"}]},{"@type":"WebSite","@id":"https:\/\/experienciadevida.com.ar\/portalurbano\/#website","url":"https:\/\/experienciadevida.com.ar\/portalurbano\/","name":"","description":"","publisher":{"@id":"https:\/\/experienciadevida.com.ar\/portalurbano\/#organization"},"potentialAction":[{"@type":"SearchAction","target":{"@type":"EntryPoint","urlTemplate":"https:\/\/experienciadevida.com.ar\/portalurbano\/?s={search_term_string}"},"query-input":"required name=search_term_string"}],"inLanguage":"es"},{"@type":"Organization","@id":"https:\/\/experienciadevida.com.ar\/portalurbano\/#organization","name":"Portal Urbano","url":"https:\/\/experienciadevida.com.ar\/portalurbano\/","logo":{"@type":"ImageObject","inLanguage":"es","@id":"https:\/\/experienciadevida.com.ar\/portalurbano\/#\/schema\/logo\/image\/","url":"https:\/\/experienciadevida.com.ar\/portalurbano\/wp-content\/uploads\/2019\/09\/Logo-Original.png","contentUrl":"https:\/\/experienciadevida.com.ar\/portalurbano\/wp-content\/uploads\/2019\/09\/Logo-Original.png","width":2236,"height":1216,"caption":"Portal Urbano"},"image":{"@id":"https:\/\/experienciadevida.com.ar\/portalurbano\/#\/schema\/logo\/image\/"},"sameAs":["https:\/\/www.facebook.com\/Portal-Urbano-171542830093757\/","https:\/\/twitter.com\/portalurbanook","https:\/\/www.instagram.com\/_portalurbano\/","https:\/\/www.youtube.com\/channel\/UCXhagIfszH8KxFiOok79zbA?view_as=subscriber"]},{"@type":"Person","@id":"https:\/\/experienciadevida.com.ar\/portalurbano\/#\/schema\/person\/02dd326b1c4b056e9cc972486934a3a7","name":"admpu17wp","image":{"@type":"ImageObject","inLanguage":"es","@id":"https:\/\/experienciadevida.com.ar\/portalurbano\/#\/schema\/person\/image\/","url":"https:\/\/secure.gravatar.com\/avatar\/830d4c57adaae6630765e449a6908047?s=96&d=mm&r=g","contentUrl":"https:\/\/secure.gravatar.com\/avatar\/830d4c57adaae6630765e449a6908047?s=96&d=mm&r=g","caption":"admpu17wp"}}]}},"featured_image_urls":{"full":["https:\/\/experienciadevida.com.ar\/portalurbano\/wp-content\/uploads\/2019\/06\/LASTAPE-2.jpg",748,433,false],"thumbnail":["https:\/\/experienciadevida.com.ar\/portalurbano\/wp-content\/uploads\/2019\/06\/LASTAPE-2-150x150.jpg",150,150,true],"medium":["https:\/\/experienciadevida.com.ar\/portalurbano\/wp-content\/uploads\/2019\/06\/LASTAPE-2-300x174.jpg",300,174,true],"medium_large":["https:\/\/experienciadevida.com.ar\/portalurbano\/wp-content\/uploads\/2019\/06\/LASTAPE-2.jpg",640,370,false],"large":["https:\/\/experienciadevida.com.ar\/portalurbano\/wp-content\/uploads\/2019\/06\/LASTAPE-2.jpg",640,370,false],"ug_big":["https:\/\/experienciadevida.com.ar\/portalurbano\/wp-content\/uploads\/2019\/06\/LASTAPE-2.jpg",748,433,false],"1536x1536":["https:\/\/experienciadevida.com.ar\/portalurbano\/wp-content\/uploads\/2019\/06\/LASTAPE-2.jpg",748,433,false],"2048x2048":["https:\/\/experienciadevida.com.ar\/portalurbano\/wp-content\/uploads\/2019\/06\/LASTAPE-2.jpg",748,433,false],"newsever-slider-full":["https:\/\/experienciadevida.com.ar\/portalurbano\/wp-content\/uploads\/2019\/06\/LASTAPE-2.jpg",748,433,false],"newsever-featured":["https:\/\/experienciadevida.com.ar\/portalurbano\/wp-content\/uploads\/2019\/06\/LASTAPE-2.jpg",748,433,false],"newsever-medium":["https:\/\/experienciadevida.com.ar\/portalurbano\/wp-content\/uploads\/2019\/06\/LASTAPE-2.jpg",720,417,false],"web-stories-poster-portrait":["https:\/\/experienciadevida.com.ar\/portalurbano\/wp-content\/uploads\/2019\/06\/LASTAPE-2.jpg",640,370,false],"web-stories-publisher-logo":["https:\/\/experienciadevida.com.ar\/portalurbano\/wp-content\/uploads\/2019\/06\/LASTAPE-2.jpg",96,56,false],"web-stories-thumbnail":["https:\/\/experienciadevida.com.ar\/portalurbano\/wp-content\/uploads\/2019\/06\/LASTAPE-2.jpg",150,87,false]},"author_info":{"display_name":"admpu17wp","author_link":"https:\/\/experienciadevida.com.ar\/portalurbano\/author\/admpu17wp\/"},"category_info":"<a href=\"https:\/\/experienciadevida.com.ar\/portalurbano\/category\/ciudad\/\" rel=\"category tag\">Ciudad<\/a> <a href=\"https:\/\/experienciadevida.com.ar\/portalurbano\/category\/destacadas\/\" rel=\"category tag\">Destacadas<\/a>","tag_info":"Destacadas","comment_count":"0","amp_enabled":true,"_links":{"self":[{"href":"https:\/\/experienciadevida.com.ar\/portalurbano\/wp-json\/wp\/v2\/posts\/122934"}],"collection":[{"href":"https:\/\/experienciadevida.com.ar\/portalurbano\/wp-json\/wp\/v2\/posts"}],"about":[{"href":"https:\/\/experienciadevida.com.ar\/portalurbano\/wp-json\/wp\/v2\/types\/post"}],"author":[{"embeddable":true,"href":"https:\/\/experienciadevida.com.ar\/portalurbano\/wp-json\/wp\/v2\/users\/1"}],"replies":[{"embeddable":true,"href":"https:\/\/experienciadevida.com.ar\/portalurbano\/wp-json\/wp\/v2\/comments?post=122934"}],"version-history":[{"count":3,"href":"https:\/\/experienciadevida.com.ar\/portalurbano\/wp-json\/wp\/v2\/posts\/122934\/revisions"}],"predecessor-version":[{"id":122937,"href":"https:\/\/experienciadevida.com.ar\/portalurbano\/wp-json\/wp\/v2\/posts\/122934\/revisions\/122937"}],"wp:featuredmedia":[{"embeddable":true,"href":"https:\/\/experienciadevida.com.ar\/portalurbano\/wp-json\/wp\/v2\/media\/74712"}],"wp:attachment":[{"href":"https:\/\/experienciadevida.com.ar\/portalurbano\/wp-json\/wp\/v2\/media?parent=122934"}],"wp:term":[{"taxonomy":"category","embeddable":true,"href":"https:\/\/experienciadevida.com.ar\/portalurbano\/wp-json\/wp\/v2\/categories?post=122934"},{"taxonomy":"post_tag","embeddable":true,"href":"https:\/\/experienciadevida.com.ar\/portalurbano\/wp-json\/wp\/v2\/tags?post=122934"}],"curies":[{"name":"wp","href":"https:\/\/api.w.org\/{rel}","templated":true}]}}