{"id":122889,"date":"2020-09-29T11:29:43","date_gmt":"2020-09-29T14:29:43","guid":{"rendered":"https:\/\/experienciadevida.com.ar\/portalurbano\/?p=122889"},"modified":"2020-09-29T11:30:52","modified_gmt":"2020-09-29T14:30:52","slug":"comerciantes-unidos-lamentamos-que-no-se-haya-aprobado-el-proyecto","status":"publish","type":"post","link":"https:\/\/experienciadevida.com.ar\/portalurbano\/comerciantes-unidos-lamentamos-que-no-se-haya-aprobado-el-proyecto\/","title":{"rendered":"Comerciantes Unidos: &#8220;lamentamos que no se haya aprobado el proyecto&#8221;"},"content":{"rendered":"<p>Desde <strong>Comerciantes<\/strong> Unidos Olavarr\u00eda emitieron un comunicado a trav\u00e9s de un <a href=\"https:\/\/www.facebook.com\/comerciantesunidosolavarria\">video<\/a> para expresar que lamentan profundamente que el Intendente no haya aprobado este proyecto de ordenanza.<\/p>\n<p>La ordenanza mencionan &#8220;implicaba que se nos hiciera a los comercios, industrias y pymes en general un 50% de descuento en la tasa de seguridad e higiene, y que tambi\u00e9n ten\u00eda en cuenta que la ciudadan\u00eda no tenga que presentar libre de deuda Municipal, para tramitar el carnet de conducir y que los comercios no tengamos que presentar deuda de la tasa de seguridad e higiene para tramitar todo lo que es habilitaci\u00f3n\u00a0 y renovaci\u00f3n etc&#8221;.<\/p>\n<p>&#8220;Honestamente el sector comercial est\u00e1 viviendo unos momentos muy complicados, al igual que la ciudadan\u00eda en general, y por eso consider\u00e1bamos que esta medida era demostrar un poco de empat\u00eda a un sector que la viene remando, para sostenernos en\u00a0 pie y para sostener los puestos de trabajo de la gente que trabaja con nosotros&#8221;.<\/p>\n<p>Por otro lado desde <strong>comerciantes<\/strong> Unidos &#8220;desde la agrupaci\u00f3n hab\u00edamos llevado un proyecto que implicaba que las grandes cadenas de supermercados e hipermercados y los bancos hagan un aporte solidario para compensar estos descuentos que nos podr\u00edan llegar a hacer. Es algo que se hizo en otras localidades como en Vicente L\u00f3pez con Jorge Macri y lo hab\u00edamos presentado teniendo en cuenta el tema del d\u00e9ficit. No queremos dejar de mencionar que a\u00fan nos encontramos esperando el decreto que exige o inste a los hipermercados a cerrar sus g\u00f3ndolas de productos no esenciales a partir de las 18hs\u00a0 que es el momento en que los comercios que no estamos dentro de los rubros de alimentos cerramos nuestras puertas&#8221;.<\/p>\n<p>&#8220;Esta medida implicar\u00eda que no tengamos tanta competencia desleal\u00a0 como usualmente tenemos&#8221;.<\/p>\n<p>Por \u00faltimo <strong>comerciantes<\/strong> unidos expresaron &#8220;la decisi\u00f3n de mayores controles hacia los comercios queremos destacar que los comerciantes hemos hecho mucho hincapi\u00e9 en el cumplimiento de protocolos y que aceptamos cualquier tipo de control lo que pedimos es que sea para todos igual. Es de p\u00fablico conocimiento que hay sectores que no cumplen o que sus medidas de bioseguridad son bastantes deficientes por ejemplo el sector bancario, y nos parece importante que se busque la manera de resolver esta cuesti\u00f3n&#8221;.<\/p>\n<p>&#8220;Solicitamos que revisen estas medidas y como lo hemos hecho ya previamente nos ofrecemos a colaborar en propuestas superadoras que beneficien a la ciudad&#8221;.<\/p>\n","protected":false},"excerpt":{"rendered":"<p>Desde Comerciantes Unidos Olavarr\u00eda emitieron un comunicado a trav\u00e9s de un video para expresar que&#8230;<\/p>\n","protected":false},"author":1,"featured_media":122891,"comment_status":"closed","ping_status":"closed","sticky":false,"template":"","format":"standard","meta":{"content-type":""},"categories":[27,51],"tags":[],"nelio_content":{"isAutoShareEnabled":false,"autoShareEndMode":"default","automationSources":{"useContentSentences":true,"useSocialTemplates":true,"useCustomSentences":false,"customSentences":[]},"followers":[1],"suggestedReferences":[],"includedReferences":[],"efiUrl":"","efiAlt":"","highlights":[]},"yoast_head":"<!-- This site is optimized with the Yoast SEO plugin v20.7 - https:\/\/yoast.com\/wordpress\/plugins\/seo\/ -->\n<title>Comerciantes Unidos:&quot;Lamentamos que no se haya aprobado el proyecto&quot;<\/title>\n<meta name=\"description\" content=\"Desde Comerciantes Unidos emitieron un comunicado para expresar que lamentan que el Intendente no haya aprobado este proyecto de ordenanza.\" \/>\n<meta name=\"robots\" content=\"index, follow, max-snippet:-1, max-image-preview:large, max-video-preview:-1\" \/>\n<link rel=\"canonical\" href=\"https:\/\/experienciadevida.com.ar\/portalurbano\/comerciantes-unidos-lamentamos-que-no-se-haya-aprobado-el-proyecto\/\" \/>\n<meta property=\"og:locale\" content=\"es_ES\" \/>\n<meta property=\"og:type\" content=\"article\" \/>\n<meta property=\"og:title\" content=\"Comerciantes Unidos:&quot;Lamentamos que no se haya aprobado el proyecto&quot;\" \/>\n<meta property=\"og:description\" content=\"Desde Comerciantes Unidos emitieron un comunicado para expresar que lamentan que el Intendente no haya aprobado este proyecto de ordenanza.\" \/>\n<meta property=\"og:url\" content=\"https:\/\/experienciadevida.com.ar\/portalurbano\/comerciantes-unidos-lamentamos-que-no-se-haya-aprobado-el-proyecto\/\" \/>\n<meta property=\"article:publisher\" content=\"https:\/\/www.facebook.com\/Portal-Urbano-171542830093757\/\" \/>\n<meta property=\"article:published_time\" content=\"2020-09-29T14:29:43+00:00\" \/>\n<meta property=\"article:modified_time\" content=\"2020-09-29T14:30:52+00:00\" \/>\n<meta property=\"og:image\" content=\"https:\/\/experienciadevida.com.ar\/portalurbano\/wp-content\/uploads\/2020\/09\/Comerciantes.png\" \/>\n\t<meta property=\"og:image:width\" content=\"787\" \/>\n\t<meta property=\"og:image:height\" content=\"503\" \/>\n\t<meta property=\"og:image:type\" content=\"image\/png\" \/>\n<meta name=\"author\" content=\"admpu17wp\" \/>\n<meta name=\"twitter:card\" content=\"summary_large_image\" \/>\n<meta name=\"twitter:creator\" content=\"@portalurbanook\" \/>\n<meta name=\"twitter:site\" content=\"@portalurbanook\" \/>\n<meta name=\"twitter:label1\" content=\"Escrito por\" \/>\n\t<meta name=\"twitter:data1\" content=\"admpu17wp\" \/>\n\t<meta name=\"twitter:label2\" content=\"Tiempo de lectura\" \/>\n\t<meta name=\"twitter:data2\" content=\"2 minutos\" \/>\n<script type=\"application\/ld+json\" class=\"yoast-schema-graph\">{\"@context\":\"https:\/\/schema.org\",\"@graph\":[{\"@type\":\"Article\",\"@id\":\"https:\/\/experienciadevida.com.ar\/portalurbano\/comerciantes-unidos-lamentamos-que-no-se-haya-aprobado-el-proyecto\/#article\",\"isPartOf\":{\"@id\":\"https:\/\/experienciadevida.com.ar\/portalurbano\/comerciantes-unidos-lamentamos-que-no-se-haya-aprobado-el-proyecto\/\"},\"author\":{\"name\":\"admpu17wp\",\"@id\":\"https:\/\/experienciadevida.com.ar\/portalurbano\/#\/schema\/person\/02dd326b1c4b056e9cc972486934a3a7\"},\"headline\":\"Comerciantes Unidos: &#8220;lamentamos que no se haya aprobado el proyecto&#8221;\",\"datePublished\":\"2020-09-29T14:29:43+00:00\",\"dateModified\":\"2020-09-29T14:30:52+00:00\",\"mainEntityOfPage\":{\"@id\":\"https:\/\/experienciadevida.com.ar\/portalurbano\/comerciantes-unidos-lamentamos-que-no-se-haya-aprobado-el-proyecto\/\"},\"wordCount\":423,\"publisher\":{\"@id\":\"https:\/\/experienciadevida.com.ar\/portalurbano\/#organization\"},\"articleSection\":[\"Ciudad\",\"Destacadas\"],\"inLanguage\":\"es\"},{\"@type\":\"WebPage\",\"@id\":\"https:\/\/experienciadevida.com.ar\/portalurbano\/comerciantes-unidos-lamentamos-que-no-se-haya-aprobado-el-proyecto\/\",\"url\":\"https:\/\/experienciadevida.com.ar\/portalurbano\/comerciantes-unidos-lamentamos-que-no-se-haya-aprobado-el-proyecto\/\",\"name\":\"Comerciantes Unidos:\\\"Lamentamos que no se haya aprobado el proyecto\\\"\",\"isPartOf\":{\"@id\":\"https:\/\/experienciadevida.com.ar\/portalurbano\/#website\"},\"datePublished\":\"2020-09-29T14:29:43+00:00\",\"dateModified\":\"2020-09-29T14:30:52+00:00\",\"description\":\"Desde Comerciantes Unidos emitieron un comunicado para expresar que lamentan que el Intendente no haya aprobado este proyecto de ordenanza.\",\"breadcrumb\":{\"@id\":\"https:\/\/experienciadevida.com.ar\/portalurbano\/comerciantes-unidos-lamentamos-que-no-se-haya-aprobado-el-proyecto\/#breadcrumb\"},\"inLanguage\":\"es\",\"potentialAction\":[{\"@type\":\"ReadAction\",\"target\":[\"https:\/\/experienciadevida.com.ar\/portalurbano\/comerciantes-unidos-lamentamos-que-no-se-haya-aprobado-el-proyecto\/\"]}]},{\"@type\":\"BreadcrumbList\",\"@id\":\"https:\/\/experienciadevida.com.ar\/portalurbano\/comerciantes-unidos-lamentamos-que-no-se-haya-aprobado-el-proyecto\/#breadcrumb\",\"itemListElement\":[{\"@type\":\"ListItem\",\"position\":1,\"name\":\"Portada\",\"item\":\"https:\/\/experienciadevida.com.ar\/portalurbano\/\"},{\"@type\":\"ListItem\",\"position\":2,\"name\":\"Comerciantes Unidos: \u00ablamentamos que no se haya aprobado el proyecto\u00bb\"}]},{\"@type\":\"WebSite\",\"@id\":\"https:\/\/experienciadevida.com.ar\/portalurbano\/#website\",\"url\":\"https:\/\/experienciadevida.com.ar\/portalurbano\/\",\"name\":\"\",\"description\":\"\",\"publisher\":{\"@id\":\"https:\/\/experienciadevida.com.ar\/portalurbano\/#organization\"},\"potentialAction\":[{\"@type\":\"SearchAction\",\"target\":{\"@type\":\"EntryPoint\",\"urlTemplate\":\"https:\/\/experienciadevida.com.ar\/portalurbano\/?s={search_term_string}\"},\"query-input\":\"required name=search_term_string\"}],\"inLanguage\":\"es\"},{\"@type\":\"Organization\",\"@id\":\"https:\/\/experienciadevida.com.ar\/portalurbano\/#organization\",\"name\":\"Portal Urbano\",\"url\":\"https:\/\/experienciadevida.com.ar\/portalurbano\/\",\"logo\":{\"@type\":\"ImageObject\",\"inLanguage\":\"es\",\"@id\":\"https:\/\/experienciadevida.com.ar\/portalurbano\/#\/schema\/logo\/image\/\",\"url\":\"https:\/\/experienciadevida.com.ar\/portalurbano\/wp-content\/uploads\/2019\/09\/Logo-Original.png\",\"contentUrl\":\"https:\/\/experienciadevida.com.ar\/portalurbano\/wp-content\/uploads\/2019\/09\/Logo-Original.png\",\"width\":2236,\"height\":1216,\"caption\":\"Portal Urbano\"},\"image\":{\"@id\":\"https:\/\/experienciadevida.com.ar\/portalurbano\/#\/schema\/logo\/image\/\"},\"sameAs\":[\"https:\/\/www.facebook.com\/Portal-Urbano-171542830093757\/\",\"https:\/\/twitter.com\/portalurbanook\",\"https:\/\/www.instagram.com\/_portalurbano\/\",\"https:\/\/www.youtube.com\/channel\/UCXhagIfszH8KxFiOok79zbA?view_as=subscriber\"]},{\"@type\":\"Person\",\"@id\":\"https:\/\/experienciadevida.com.ar\/portalurbano\/#\/schema\/person\/02dd326b1c4b056e9cc972486934a3a7\",\"name\":\"admpu17wp\",\"image\":{\"@type\":\"ImageObject\",\"inLanguage\":\"es\",\"@id\":\"https:\/\/experienciadevida.com.ar\/portalurbano\/#\/schema\/person\/image\/\",\"url\":\"https:\/\/secure.gravatar.com\/avatar\/830d4c57adaae6630765e449a6908047?s=96&d=mm&r=g\",\"contentUrl\":\"https:\/\/secure.gravatar.com\/avatar\/830d4c57adaae6630765e449a6908047?s=96&d=mm&r=g\",\"caption\":\"admpu17wp\"}}]}<\/script>\n<!-- \/ Yoast SEO plugin. -->","yoast_head_json":{"title":"Comerciantes Unidos:\"Lamentamos que no se haya aprobado el proyecto\"","description":"Desde Comerciantes Unidos emitieron un comunicado para expresar que lamentan que el Intendente no haya aprobado este proyecto de ordenanza.","robots":{"index":"index","follow":"follow","max-snippet":"max-snippet:-1","max-image-preview":"max-image-preview:large","max-video-preview":"max-video-preview:-1"},"canonical":"https:\/\/experienciadevida.com.ar\/portalurbano\/comerciantes-unidos-lamentamos-que-no-se-haya-aprobado-el-proyecto\/","og_locale":"es_ES","og_type":"article","og_title":"Comerciantes Unidos:\"Lamentamos que no se haya aprobado el proyecto\"","og_description":"Desde Comerciantes Unidos emitieron un comunicado para expresar que lamentan que el Intendente no haya aprobado este proyecto de ordenanza.","og_url":"https:\/\/experienciadevida.com.ar\/portalurbano\/comerciantes-unidos-lamentamos-que-no-se-haya-aprobado-el-proyecto\/","article_publisher":"https:\/\/www.facebook.com\/Portal-Urbano-171542830093757\/","article_published_time":"2020-09-29T14:29:43+00:00","article_modified_time":"2020-09-29T14:30:52+00:00","og_image":[{"width":787,"height":503,"url":"https:\/\/experienciadevida.com.ar\/portalurbano\/wp-content\/uploads\/2020\/09\/Comerciantes.png","type":"image\/png"}],"author":"admpu17wp","twitter_card":"summary_large_image","twitter_creator":"@portalurbanook","twitter_site":"@portalurbanook","twitter_misc":{"Escrito por":"admpu17wp","Tiempo de lectura":"2 minutos"},"schema":{"@context":"https:\/\/schema.org","@graph":[{"@type":"Article","@id":"https:\/\/experienciadevida.com.ar\/portalurbano\/comerciantes-unidos-lamentamos-que-no-se-haya-aprobado-el-proyecto\/#article","isPartOf":{"@id":"https:\/\/experienciadevida.com.ar\/portalurbano\/comerciantes-unidos-lamentamos-que-no-se-haya-aprobado-el-proyecto\/"},"author":{"name":"admpu17wp","@id":"https:\/\/experienciadevida.com.ar\/portalurbano\/#\/schema\/person\/02dd326b1c4b056e9cc972486934a3a7"},"headline":"Comerciantes Unidos: &#8220;lamentamos que no se haya aprobado el proyecto&#8221;","datePublished":"2020-09-29T14:29:43+00:00","dateModified":"2020-09-29T14:30:52+00:00","mainEntityOfPage":{"@id":"https:\/\/experienciadevida.com.ar\/portalurbano\/comerciantes-unidos-lamentamos-que-no-se-haya-aprobado-el-proyecto\/"},"wordCount":423,"publisher":{"@id":"https:\/\/experienciadevida.com.ar\/portalurbano\/#organization"},"articleSection":["Ciudad","Destacadas"],"inLanguage":"es"},{"@type":"WebPage","@id":"https:\/\/experienciadevida.com.ar\/portalurbano\/comerciantes-unidos-lamentamos-que-no-se-haya-aprobado-el-proyecto\/","url":"https:\/\/experienciadevida.com.ar\/portalurbano\/comerciantes-unidos-lamentamos-que-no-se-haya-aprobado-el-proyecto\/","name":"Comerciantes Unidos:\"Lamentamos que no se haya aprobado el proyecto\"","isPartOf":{"@id":"https:\/\/experienciadevida.com.ar\/portalurbano\/#website"},"datePublished":"2020-09-29T14:29:43+00:00","dateModified":"2020-09-29T14:30:52+00:00","description":"Desde Comerciantes Unidos emitieron un comunicado para expresar que lamentan que el Intendente no haya aprobado este proyecto de ordenanza.","breadcrumb":{"@id":"https:\/\/experienciadevida.com.ar\/portalurbano\/comerciantes-unidos-lamentamos-que-no-se-haya-aprobado-el-proyecto\/#breadcrumb"},"inLanguage":"es","potentialAction":[{"@type":"ReadAction","target":["https:\/\/experienciadevida.com.ar\/portalurbano\/comerciantes-unidos-lamentamos-que-no-se-haya-aprobado-el-proyecto\/"]}]},{"@type":"BreadcrumbList","@id":"https:\/\/experienciadevida.com.ar\/portalurbano\/comerciantes-unidos-lamentamos-que-no-se-haya-aprobado-el-proyecto\/#breadcrumb","itemListElement":[{"@type":"ListItem","position":1,"name":"Portada","item":"https:\/\/experienciadevida.com.ar\/portalurbano\/"},{"@type":"ListItem","position":2,"name":"Comerciantes Unidos: \u00ablamentamos que no se haya aprobado el proyecto\u00bb"}]},{"@type":"WebSite","@id":"https:\/\/experienciadevida.com.ar\/portalurbano\/#website","url":"https:\/\/experienciadevida.com.ar\/portalurbano\/","name":"","description":"","publisher":{"@id":"https:\/\/experienciadevida.com.ar\/portalurbano\/#organization"},"potentialAction":[{"@type":"SearchAction","target":{"@type":"EntryPoint","urlTemplate":"https:\/\/experienciadevida.com.ar\/portalurbano\/?s={search_term_string}"},"query-input":"required name=search_term_string"}],"inLanguage":"es"},{"@type":"Organization","@id":"https:\/\/experienciadevida.com.ar\/portalurbano\/#organization","name":"Portal Urbano","url":"https:\/\/experienciadevida.com.ar\/portalurbano\/","logo":{"@type":"ImageObject","inLanguage":"es","@id":"https:\/\/experienciadevida.com.ar\/portalurbano\/#\/schema\/logo\/image\/","url":"https:\/\/experienciadevida.com.ar\/portalurbano\/wp-content\/uploads\/2019\/09\/Logo-Original.png","contentUrl":"https:\/\/experienciadevida.com.ar\/portalurbano\/wp-content\/uploads\/2019\/09\/Logo-Original.png","width":2236,"height":1216,"caption":"Portal Urbano"},"image":{"@id":"https:\/\/experienciadevida.com.ar\/portalurbano\/#\/schema\/logo\/image\/"},"sameAs":["https:\/\/www.facebook.com\/Portal-Urbano-171542830093757\/","https:\/\/twitter.com\/portalurbanook","https:\/\/www.instagram.com\/_portalurbano\/","https:\/\/www.youtube.com\/channel\/UCXhagIfszH8KxFiOok79zbA?view_as=subscriber"]},{"@type":"Person","@id":"https:\/\/experienciadevida.com.ar\/portalurbano\/#\/schema\/person\/02dd326b1c4b056e9cc972486934a3a7","name":"admpu17wp","image":{"@type":"ImageObject","inLanguage":"es","@id":"https:\/\/experienciadevida.com.ar\/portalurbano\/#\/schema\/person\/image\/","url":"https:\/\/secure.gravatar.com\/avatar\/830d4c57adaae6630765e449a6908047?s=96&d=mm&r=g","contentUrl":"https:\/\/secure.gravatar.com\/avatar\/830d4c57adaae6630765e449a6908047?s=96&d=mm&r=g","caption":"admpu17wp"}}]}},"featured_image_urls":{"full":["https:\/\/experienciadevida.com.ar\/portalurbano\/wp-content\/uploads\/2020\/09\/Comerciantes.png",787,503,false],"thumbnail":["https:\/\/experienciadevida.com.ar\/portalurbano\/wp-content\/uploads\/2020\/09\/Comerciantes-150x150.png",150,150,true],"medium":["https:\/\/experienciadevida.com.ar\/portalurbano\/wp-content\/uploads\/2020\/09\/Comerciantes-300x192.png",300,192,true],"medium_large":["https:\/\/experienciadevida.com.ar\/portalurbano\/wp-content\/uploads\/2020\/09\/Comerciantes-768x491.png",640,409,true],"large":["https:\/\/experienciadevida.com.ar\/portalurbano\/wp-content\/uploads\/2020\/09\/Comerciantes.png",640,409,false],"ug_big":["https:\/\/experienciadevida.com.ar\/portalurbano\/wp-content\/uploads\/2020\/09\/Comerciantes-768x491.png",768,491,true],"1536x1536":["https:\/\/experienciadevida.com.ar\/portalurbano\/wp-content\/uploads\/2020\/09\/Comerciantes.png",787,503,false],"2048x2048":["https:\/\/experienciadevida.com.ar\/portalurbano\/wp-content\/uploads\/2020\/09\/Comerciantes.png",787,503,false],"newsever-slider-full":["https:\/\/experienciadevida.com.ar\/portalurbano\/wp-content\/uploads\/2020\/09\/Comerciantes.png",787,503,false],"newsever-featured":["https:\/\/experienciadevida.com.ar\/portalurbano\/wp-content\/uploads\/2020\/09\/Comerciantes.png",787,503,false],"newsever-medium":["https:\/\/experienciadevida.com.ar\/portalurbano\/wp-content\/uploads\/2020\/09\/Comerciantes.png",720,460,false],"web-stories-poster-portrait":["https:\/\/experienciadevida.com.ar\/portalurbano\/wp-content\/uploads\/2020\/09\/Comerciantes.png",640,409,false],"web-stories-publisher-logo":["https:\/\/experienciadevida.com.ar\/portalurbano\/wp-content\/uploads\/2020\/09\/Comerciantes.png",96,61,false],"web-stories-thumbnail":["https:\/\/experienciadevida.com.ar\/portalurbano\/wp-content\/uploads\/2020\/09\/Comerciantes.png",150,96,false]},"author_info":{"display_name":"admpu17wp","author_link":"https:\/\/experienciadevida.com.ar\/portalurbano\/author\/admpu17wp\/"},"category_info":"<a href=\"https:\/\/experienciadevida.com.ar\/portalurbano\/category\/ciudad\/\" rel=\"category tag\">Ciudad<\/a> <a href=\"https:\/\/experienciadevida.com.ar\/portalurbano\/category\/destacadas\/\" rel=\"category tag\">Destacadas<\/a>","tag_info":"Destacadas","comment_count":"0","amp_enabled":true,"_links":{"self":[{"href":"https:\/\/experienciadevida.com.ar\/portalurbano\/wp-json\/wp\/v2\/posts\/122889"}],"collection":[{"href":"https:\/\/experienciadevida.com.ar\/portalurbano\/wp-json\/wp\/v2\/posts"}],"about":[{"href":"https:\/\/experienciadevida.com.ar\/portalurbano\/wp-json\/wp\/v2\/types\/post"}],"author":[{"embeddable":true,"href":"https:\/\/experienciadevida.com.ar\/portalurbano\/wp-json\/wp\/v2\/users\/1"}],"replies":[{"embeddable":true,"href":"https:\/\/experienciadevida.com.ar\/portalurbano\/wp-json\/wp\/v2\/comments?post=122889"}],"version-history":[{"count":2,"href":"https:\/\/experienciadevida.com.ar\/portalurbano\/wp-json\/wp\/v2\/posts\/122889\/revisions"}],"predecessor-version":[{"id":122893,"href":"https:\/\/experienciadevida.com.ar\/portalurbano\/wp-json\/wp\/v2\/posts\/122889\/revisions\/122893"}],"wp:featuredmedia":[{"embeddable":true,"href":"https:\/\/experienciadevida.com.ar\/portalurbano\/wp-json\/wp\/v2\/media\/122891"}],"wp:attachment":[{"href":"https:\/\/experienciadevida.com.ar\/portalurbano\/wp-json\/wp\/v2\/media?parent=122889"}],"wp:term":[{"taxonomy":"category","embeddable":true,"href":"https:\/\/experienciadevida.com.ar\/portalurbano\/wp-json\/wp\/v2\/categories?post=122889"},{"taxonomy":"post_tag","embeddable":true,"href":"https:\/\/experienciadevida.com.ar\/portalurbano\/wp-json\/wp\/v2\/tags?post=122889"}],"curies":[{"name":"wp","href":"https:\/\/api.w.org\/{rel}","templated":true}]}}