{"id":122793,"date":"2020-09-28T12:01:57","date_gmt":"2020-09-28T15:01:57","guid":{"rendered":"https:\/\/experienciadevida.com.ar\/portalurbano\/?p=122793"},"modified":"2020-09-28T12:07:07","modified_gmt":"2020-09-28T15:07:07","slug":"coopelectric-anuncia-baja-presion-de-agua-tras-el-robo-de-un-transformador","status":"publish","type":"post","link":"https:\/\/experienciadevida.com.ar\/portalurbano\/coopelectric-anuncia-baja-presion-de-agua-tras-el-robo-de-un-transformador\/","title":{"rendered":"Coopelectric anuncia baja presi\u00f3n de agua tras el robo de un transformador"},"content":{"rendered":"<p>Durante la ma\u00f1ana de este lunes, Coopelectric tom\u00f3 conocimiento sobre el robo de un <strong>transformador<\/strong> trif\u00e1sico de 100 KVA de 33000\/380 Volts que alimenta a los pozos de extracci\u00f3n de agua N\u00b0 3 y 4 del Servicio Sanitario. Seg\u00fan la informaci\u00f3n recabada, el hecho vand\u00e1lico habr\u00eda ocurrido durante la madrugada de hoy en La Rioja pasando el Terrapl\u00e9n.<\/p>\n<p>Actualmente, el personal operativo de Energ\u00eda El\u00e9ctrica se encuentra realizando las tareas necesarias para reemplazar el <strong>transformador<\/strong>. No obstante, al estar interrumpido el funcionamiento de dichos pozos podr\u00eda generarse baja presi\u00f3n de agua en el Servicio Sanitario. Por tal motivo, solicitamos a los vecinos tomar los recaudos necesarios para administrar su consumo de forma tal que puedan abastecerse con la reserva de su tanque domiciliario.<\/p>\n<p>Este hecho representa un perjuicio material para un Servicio que nos pertenece a todos los olavarrienses, por lo que en las pr\u00f3ximas horas Coopelectric radicar\u00e1 la denuncia penal correspondiente. Al mismo tiempo, quienes incurren en este tipo de delitos ponen en riesgo su propia vida al violentar instalaciones el\u00e9ctricas que requieren de personal calificado y elementos de protecci\u00f3n personal para ser manipuladas.<\/p>\n","protected":false},"excerpt":{"rendered":"<p>Durante la ma\u00f1ana de este lunes, Coopelectric tom\u00f3 conocimiento sobre el robo de un transformador&#8230;<\/p>\n","protected":false},"author":1,"featured_media":0,"comment_status":"closed","ping_status":"closed","sticky":false,"template":"","format":"standard","meta":{"content-type":""},"categories":[27,51],"tags":[],"nelio_content":{"isAutoShareEnabled":false,"autoShareEndMode":"default","automationSources":{"useContentSentences":true,"useSocialTemplates":true,"useCustomSentences":false,"customSentences":[]},"followers":[1],"suggestedReferences":[],"includedReferences":[],"efiUrl":"","efiAlt":"","highlights":[]},"yoast_head":"<!-- This site is optimized with the Yoast SEO plugin v20.7 - https:\/\/yoast.com\/wordpress\/plugins\/seo\/ -->\n<title>Coopelectric anuncia baja presi\u00f3n de agua tras el robo del transformador<\/title>\n<meta name=\"description\" content=\"Durante la ma\u00f1ana coopelectric tom\u00f3 conocimiento sobre el robo de un transformador trif\u00e1sico y anuncian baja presi\u00f3n de agua.\" \/>\n<meta name=\"robots\" content=\"index, follow, max-snippet:-1, max-image-preview:large, max-video-preview:-1\" \/>\n<link rel=\"canonical\" href=\"https:\/\/experienciadevida.com.ar\/portalurbano\/coopelectric-anuncia-baja-presion-de-agua-tras-el-robo-de-un-transformador\/\" \/>\n<meta property=\"og:locale\" content=\"es_ES\" \/>\n<meta property=\"og:type\" content=\"article\" \/>\n<meta property=\"og:title\" content=\"Coopelectric anuncia baja presi\u00f3n de agua tras el robo del transformador\" \/>\n<meta property=\"og:description\" content=\"Durante la ma\u00f1ana coopelectric tom\u00f3 conocimiento sobre el robo de un transformador trif\u00e1sico y anuncian baja presi\u00f3n de agua.\" \/>\n<meta property=\"og:url\" content=\"https:\/\/experienciadevida.com.ar\/portalurbano\/coopelectric-anuncia-baja-presion-de-agua-tras-el-robo-de-un-transformador\/\" \/>\n<meta property=\"article:publisher\" content=\"https:\/\/www.facebook.com\/Portal-Urbano-171542830093757\/\" \/>\n<meta property=\"article:published_time\" content=\"2020-09-28T15:01:57+00:00\" \/>\n<meta property=\"article:modified_time\" content=\"2020-09-28T15:07:07+00:00\" \/>\n<meta property=\"og:image\" content=\"https:\/\/experienciadevida.com.ar\/portalurbano\/wp-content\/uploads\/2018\/12\/TRANSFORMADOR1.jpg\" \/>\n\t<meta property=\"og:image:width\" content=\"720\" \/>\n\t<meta property=\"og:image:height\" content=\"480\" \/>\n\t<meta property=\"og:image:type\" content=\"image\/jpeg\" \/>\n<meta name=\"author\" content=\"admpu17wp\" \/>\n<meta name=\"twitter:card\" content=\"summary_large_image\" \/>\n<meta name=\"twitter:creator\" content=\"@portalurbanook\" \/>\n<meta name=\"twitter:site\" content=\"@portalurbanook\" \/>\n<meta name=\"twitter:label1\" content=\"Escrito por\" \/>\n\t<meta name=\"twitter:data1\" content=\"admpu17wp\" \/>\n\t<meta name=\"twitter:label2\" content=\"Tiempo de lectura\" \/>\n\t<meta name=\"twitter:data2\" content=\"1 minuto\" \/>\n<script type=\"application\/ld+json\" class=\"yoast-schema-graph\">{\"@context\":\"https:\/\/schema.org\",\"@graph\":[{\"@type\":\"Article\",\"@id\":\"https:\/\/experienciadevida.com.ar\/portalurbano\/coopelectric-anuncia-baja-presion-de-agua-tras-el-robo-de-un-transformador\/#article\",\"isPartOf\":{\"@id\":\"https:\/\/experienciadevida.com.ar\/portalurbano\/coopelectric-anuncia-baja-presion-de-agua-tras-el-robo-de-un-transformador\/\"},\"author\":{\"name\":\"admpu17wp\",\"@id\":\"https:\/\/experienciadevida.com.ar\/portalurbano\/#\/schema\/person\/02dd326b1c4b056e9cc972486934a3a7\"},\"headline\":\"Coopelectric anuncia baja presi\u00f3n de agua tras el robo de un transformador\",\"datePublished\":\"2020-09-28T15:01:57+00:00\",\"dateModified\":\"2020-09-28T15:07:07+00:00\",\"mainEntityOfPage\":{\"@id\":\"https:\/\/experienciadevida.com.ar\/portalurbano\/coopelectric-anuncia-baja-presion-de-agua-tras-el-robo-de-un-transformador\/\"},\"wordCount\":209,\"publisher\":{\"@id\":\"https:\/\/experienciadevida.com.ar\/portalurbano\/#organization\"},\"articleSection\":[\"Ciudad\",\"Destacadas\"],\"inLanguage\":\"es\"},{\"@type\":\"WebPage\",\"@id\":\"https:\/\/experienciadevida.com.ar\/portalurbano\/coopelectric-anuncia-baja-presion-de-agua-tras-el-robo-de-un-transformador\/\",\"url\":\"https:\/\/experienciadevida.com.ar\/portalurbano\/coopelectric-anuncia-baja-presion-de-agua-tras-el-robo-de-un-transformador\/\",\"name\":\"Coopelectric anuncia baja presi\u00f3n de agua tras el robo del transformador\",\"isPartOf\":{\"@id\":\"https:\/\/experienciadevida.com.ar\/portalurbano\/#website\"},\"datePublished\":\"2020-09-28T15:01:57+00:00\",\"dateModified\":\"2020-09-28T15:07:07+00:00\",\"description\":\"Durante la ma\u00f1ana coopelectric tom\u00f3 conocimiento sobre el robo de un transformador trif\u00e1sico y anuncian baja presi\u00f3n de agua.\",\"breadcrumb\":{\"@id\":\"https:\/\/experienciadevida.com.ar\/portalurbano\/coopelectric-anuncia-baja-presion-de-agua-tras-el-robo-de-un-transformador\/#breadcrumb\"},\"inLanguage\":\"es\",\"potentialAction\":[{\"@type\":\"ReadAction\",\"target\":[\"https:\/\/experienciadevida.com.ar\/portalurbano\/coopelectric-anuncia-baja-presion-de-agua-tras-el-robo-de-un-transformador\/\"]}]},{\"@type\":\"BreadcrumbList\",\"@id\":\"https:\/\/experienciadevida.com.ar\/portalurbano\/coopelectric-anuncia-baja-presion-de-agua-tras-el-robo-de-un-transformador\/#breadcrumb\",\"itemListElement\":[{\"@type\":\"ListItem\",\"position\":1,\"name\":\"Portada\",\"item\":\"https:\/\/experienciadevida.com.ar\/portalurbano\/\"},{\"@type\":\"ListItem\",\"position\":2,\"name\":\"Coopelectric anuncia baja presi\u00f3n de agua tras el robo de un transformador\"}]},{\"@type\":\"WebSite\",\"@id\":\"https:\/\/experienciadevida.com.ar\/portalurbano\/#website\",\"url\":\"https:\/\/experienciadevida.com.ar\/portalurbano\/\",\"name\":\"\",\"description\":\"\",\"publisher\":{\"@id\":\"https:\/\/experienciadevida.com.ar\/portalurbano\/#organization\"},\"potentialAction\":[{\"@type\":\"SearchAction\",\"target\":{\"@type\":\"EntryPoint\",\"urlTemplate\":\"https:\/\/experienciadevida.com.ar\/portalurbano\/?s={search_term_string}\"},\"query-input\":\"required name=search_term_string\"}],\"inLanguage\":\"es\"},{\"@type\":\"Organization\",\"@id\":\"https:\/\/experienciadevida.com.ar\/portalurbano\/#organization\",\"name\":\"Portal Urbano\",\"url\":\"https:\/\/experienciadevida.com.ar\/portalurbano\/\",\"logo\":{\"@type\":\"ImageObject\",\"inLanguage\":\"es\",\"@id\":\"https:\/\/experienciadevida.com.ar\/portalurbano\/#\/schema\/logo\/image\/\",\"url\":\"https:\/\/experienciadevida.com.ar\/portalurbano\/wp-content\/uploads\/2019\/09\/Logo-Original.png\",\"contentUrl\":\"https:\/\/experienciadevida.com.ar\/portalurbano\/wp-content\/uploads\/2019\/09\/Logo-Original.png\",\"width\":2236,\"height\":1216,\"caption\":\"Portal Urbano\"},\"image\":{\"@id\":\"https:\/\/experienciadevida.com.ar\/portalurbano\/#\/schema\/logo\/image\/\"},\"sameAs\":[\"https:\/\/www.facebook.com\/Portal-Urbano-171542830093757\/\",\"https:\/\/twitter.com\/portalurbanook\",\"https:\/\/www.instagram.com\/_portalurbano\/\",\"https:\/\/www.youtube.com\/channel\/UCXhagIfszH8KxFiOok79zbA?view_as=subscriber\"]},{\"@type\":\"Person\",\"@id\":\"https:\/\/experienciadevida.com.ar\/portalurbano\/#\/schema\/person\/02dd326b1c4b056e9cc972486934a3a7\",\"name\":\"admpu17wp\",\"image\":{\"@type\":\"ImageObject\",\"inLanguage\":\"es\",\"@id\":\"https:\/\/experienciadevida.com.ar\/portalurbano\/#\/schema\/person\/image\/\",\"url\":\"https:\/\/secure.gravatar.com\/avatar\/830d4c57adaae6630765e449a6908047?s=96&d=mm&r=g\",\"contentUrl\":\"https:\/\/secure.gravatar.com\/avatar\/830d4c57adaae6630765e449a6908047?s=96&d=mm&r=g\",\"caption\":\"admpu17wp\"}}]}<\/script>\n<!-- \/ Yoast SEO plugin. -->","yoast_head_json":{"title":"Coopelectric anuncia baja presi\u00f3n de agua tras el robo del transformador","description":"Durante la ma\u00f1ana coopelectric tom\u00f3 conocimiento sobre el robo de un transformador trif\u00e1sico y anuncian baja presi\u00f3n de agua.","robots":{"index":"index","follow":"follow","max-snippet":"max-snippet:-1","max-image-preview":"max-image-preview:large","max-video-preview":"max-video-preview:-1"},"canonical":"https:\/\/experienciadevida.com.ar\/portalurbano\/coopelectric-anuncia-baja-presion-de-agua-tras-el-robo-de-un-transformador\/","og_locale":"es_ES","og_type":"article","og_title":"Coopelectric anuncia baja presi\u00f3n de agua tras el robo del transformador","og_description":"Durante la ma\u00f1ana coopelectric tom\u00f3 conocimiento sobre el robo de un transformador trif\u00e1sico y anuncian baja presi\u00f3n de agua.","og_url":"https:\/\/experienciadevida.com.ar\/portalurbano\/coopelectric-anuncia-baja-presion-de-agua-tras-el-robo-de-un-transformador\/","article_publisher":"https:\/\/www.facebook.com\/Portal-Urbano-171542830093757\/","article_published_time":"2020-09-28T15:01:57+00:00","article_modified_time":"2020-09-28T15:07:07+00:00","og_image":[{"width":720,"height":480,"url":"https:\/\/experienciadevida.com.ar\/portalurbano\/wp-content\/uploads\/2018\/12\/TRANSFORMADOR1.jpg","type":"image\/jpeg"}],"author":"admpu17wp","twitter_card":"summary_large_image","twitter_creator":"@portalurbanook","twitter_site":"@portalurbanook","twitter_misc":{"Escrito por":"admpu17wp","Tiempo de lectura":"1 minuto"},"schema":{"@context":"https:\/\/schema.org","@graph":[{"@type":"Article","@id":"https:\/\/experienciadevida.com.ar\/portalurbano\/coopelectric-anuncia-baja-presion-de-agua-tras-el-robo-de-un-transformador\/#article","isPartOf":{"@id":"https:\/\/experienciadevida.com.ar\/portalurbano\/coopelectric-anuncia-baja-presion-de-agua-tras-el-robo-de-un-transformador\/"},"author":{"name":"admpu17wp","@id":"https:\/\/experienciadevida.com.ar\/portalurbano\/#\/schema\/person\/02dd326b1c4b056e9cc972486934a3a7"},"headline":"Coopelectric anuncia baja presi\u00f3n de agua tras el robo de un transformador","datePublished":"2020-09-28T15:01:57+00:00","dateModified":"2020-09-28T15:07:07+00:00","mainEntityOfPage":{"@id":"https:\/\/experienciadevida.com.ar\/portalurbano\/coopelectric-anuncia-baja-presion-de-agua-tras-el-robo-de-un-transformador\/"},"wordCount":209,"publisher":{"@id":"https:\/\/experienciadevida.com.ar\/portalurbano\/#organization"},"articleSection":["Ciudad","Destacadas"],"inLanguage":"es"},{"@type":"WebPage","@id":"https:\/\/experienciadevida.com.ar\/portalurbano\/coopelectric-anuncia-baja-presion-de-agua-tras-el-robo-de-un-transformador\/","url":"https:\/\/experienciadevida.com.ar\/portalurbano\/coopelectric-anuncia-baja-presion-de-agua-tras-el-robo-de-un-transformador\/","name":"Coopelectric anuncia baja presi\u00f3n de agua tras el robo del transformador","isPartOf":{"@id":"https:\/\/experienciadevida.com.ar\/portalurbano\/#website"},"datePublished":"2020-09-28T15:01:57+00:00","dateModified":"2020-09-28T15:07:07+00:00","description":"Durante la ma\u00f1ana coopelectric tom\u00f3 conocimiento sobre el robo de un transformador trif\u00e1sico y anuncian baja presi\u00f3n de agua.","breadcrumb":{"@id":"https:\/\/experienciadevida.com.ar\/portalurbano\/coopelectric-anuncia-baja-presion-de-agua-tras-el-robo-de-un-transformador\/#breadcrumb"},"inLanguage":"es","potentialAction":[{"@type":"ReadAction","target":["https:\/\/experienciadevida.com.ar\/portalurbano\/coopelectric-anuncia-baja-presion-de-agua-tras-el-robo-de-un-transformador\/"]}]},{"@type":"BreadcrumbList","@id":"https:\/\/experienciadevida.com.ar\/portalurbano\/coopelectric-anuncia-baja-presion-de-agua-tras-el-robo-de-un-transformador\/#breadcrumb","itemListElement":[{"@type":"ListItem","position":1,"name":"Portada","item":"https:\/\/experienciadevida.com.ar\/portalurbano\/"},{"@type":"ListItem","position":2,"name":"Coopelectric anuncia baja presi\u00f3n de agua tras el robo de un transformador"}]},{"@type":"WebSite","@id":"https:\/\/experienciadevida.com.ar\/portalurbano\/#website","url":"https:\/\/experienciadevida.com.ar\/portalurbano\/","name":"","description":"","publisher":{"@id":"https:\/\/experienciadevida.com.ar\/portalurbano\/#organization"},"potentialAction":[{"@type":"SearchAction","target":{"@type":"EntryPoint","urlTemplate":"https:\/\/experienciadevida.com.ar\/portalurbano\/?s={search_term_string}"},"query-input":"required name=search_term_string"}],"inLanguage":"es"},{"@type":"Organization","@id":"https:\/\/experienciadevida.com.ar\/portalurbano\/#organization","name":"Portal Urbano","url":"https:\/\/experienciadevida.com.ar\/portalurbano\/","logo":{"@type":"ImageObject","inLanguage":"es","@id":"https:\/\/experienciadevida.com.ar\/portalurbano\/#\/schema\/logo\/image\/","url":"https:\/\/experienciadevida.com.ar\/portalurbano\/wp-content\/uploads\/2019\/09\/Logo-Original.png","contentUrl":"https:\/\/experienciadevida.com.ar\/portalurbano\/wp-content\/uploads\/2019\/09\/Logo-Original.png","width":2236,"height":1216,"caption":"Portal Urbano"},"image":{"@id":"https:\/\/experienciadevida.com.ar\/portalurbano\/#\/schema\/logo\/image\/"},"sameAs":["https:\/\/www.facebook.com\/Portal-Urbano-171542830093757\/","https:\/\/twitter.com\/portalurbanook","https:\/\/www.instagram.com\/_portalurbano\/","https:\/\/www.youtube.com\/channel\/UCXhagIfszH8KxFiOok79zbA?view_as=subscriber"]},{"@type":"Person","@id":"https:\/\/experienciadevida.com.ar\/portalurbano\/#\/schema\/person\/02dd326b1c4b056e9cc972486934a3a7","name":"admpu17wp","image":{"@type":"ImageObject","inLanguage":"es","@id":"https:\/\/experienciadevida.com.ar\/portalurbano\/#\/schema\/person\/image\/","url":"https:\/\/secure.gravatar.com\/avatar\/830d4c57adaae6630765e449a6908047?s=96&d=mm&r=g","contentUrl":"https:\/\/secure.gravatar.com\/avatar\/830d4c57adaae6630765e449a6908047?s=96&d=mm&r=g","caption":"admpu17wp"}}]}},"featured_image_urls":{"full":"","thumbnail":"","medium":"","medium_large":"","large":"","ug_big":"","1536x1536":"","2048x2048":"","newsever-slider-full":"","newsever-featured":"","newsever-medium":"","web-stories-poster-portrait":"","web-stories-publisher-logo":"","web-stories-thumbnail":""},"author_info":{"display_name":"admpu17wp","author_link":"https:\/\/experienciadevida.com.ar\/portalurbano\/author\/admpu17wp\/"},"category_info":"<a href=\"https:\/\/experienciadevida.com.ar\/portalurbano\/category\/ciudad\/\" rel=\"category tag\">Ciudad<\/a> <a href=\"https:\/\/experienciadevida.com.ar\/portalurbano\/category\/destacadas\/\" rel=\"category tag\">Destacadas<\/a>","tag_info":"Destacadas","comment_count":"0","amp_enabled":true,"_links":{"self":[{"href":"https:\/\/experienciadevida.com.ar\/portalurbano\/wp-json\/wp\/v2\/posts\/122793"}],"collection":[{"href":"https:\/\/experienciadevida.com.ar\/portalurbano\/wp-json\/wp\/v2\/posts"}],"about":[{"href":"https:\/\/experienciadevida.com.ar\/portalurbano\/wp-json\/wp\/v2\/types\/post"}],"author":[{"embeddable":true,"href":"https:\/\/experienciadevida.com.ar\/portalurbano\/wp-json\/wp\/v2\/users\/1"}],"replies":[{"embeddable":true,"href":"https:\/\/experienciadevida.com.ar\/portalurbano\/wp-json\/wp\/v2\/comments?post=122793"}],"version-history":[{"count":2,"href":"https:\/\/experienciadevida.com.ar\/portalurbano\/wp-json\/wp\/v2\/posts\/122793\/revisions"}],"predecessor-version":[{"id":122796,"href":"https:\/\/experienciadevida.com.ar\/portalurbano\/wp-json\/wp\/v2\/posts\/122793\/revisions\/122796"}],"wp:attachment":[{"href":"https:\/\/experienciadevida.com.ar\/portalurbano\/wp-json\/wp\/v2\/media?parent=122793"}],"wp:term":[{"taxonomy":"category","embeddable":true,"href":"https:\/\/experienciadevida.com.ar\/portalurbano\/wp-json\/wp\/v2\/categories?post=122793"},{"taxonomy":"post_tag","embeddable":true,"href":"https:\/\/experienciadevida.com.ar\/portalurbano\/wp-json\/wp\/v2\/tags?post=122793"}],"curies":[{"name":"wp","href":"https:\/\/api.w.org\/{rel}","templated":true}]}}