{"id":122683,"date":"2020-09-26T18:31:20","date_gmt":"2020-09-26T21:31:20","guid":{"rendered":"https:\/\/experienciadevida.com.ar\/portalurbano\/?p=122683"},"modified":"2020-09-26T19:55:12","modified_gmt":"2020-09-26T22:55:12","slug":"informe-sanitario-se-registraron-12-casos-positivos-de-covid-19","status":"publish","type":"post","link":"https:\/\/experienciadevida.com.ar\/portalurbano\/informe-sanitario-se-registraron-12-casos-positivos-de-covid-19\/","title":{"rendered":"Informe Sanitario: Se registraron 12 casos positivos de Covid-19"},"content":{"rendered":"<p>La Secretar\u00eda de salud del Municipio brind\u00f3 un nuevo <strong>informe sanitario<\/strong> sobre Coronavirus en nuestra ciudad, en el que inform\u00f3 el fallecimiento de un paciente de 83 a\u00f1os.<\/p>\n<hr \/>\n<p>En la fecha de hoy 26 de septiembre se registraron\u00a0<strong>12\u00a0<\/strong>casos positivos,\u00a0<strong>22\u00a0<\/strong>altas m\u00e9dicas y\u00a0<strong>16\u00a0<\/strong>descartados.<\/p>\n<p>El Municipio tiene\u00a0<strong>237\u00a0<\/strong>casos activos,\u00a0<strong>879\u00a0<\/strong>curados en total,\u00a0<strong>3155\u00a0<\/strong>descartados desde el inicio de la pandemia,\u00a0<strong>49\u00a0<\/strong>sospechosos y\u00a0<strong>28\u00a0<\/strong>fallecidos.<\/p>\n<p>El Jefe Comunal a trav\u00e9s de su perfil de <a href=\"https:\/\/www.facebook.com\/galliezequiel\">Facebook<\/a>, mencion\u00f3 que se realizaron 28 testeos.<\/p>\n<p>La Secretar\u00eda de Salud del Gobierno Municipal indic\u00f3 en un nuevo <strong>informe sanitario<\/strong>,que los casos de este s\u00e1bado 26 de septiembre corresponden a personal de seguridad, de salud, del Poder Judicial, a contactos con positivos anteriores y se estudia el nexo epidemiol\u00f3gico del 20% de los casos de hoy. No hubo en el d\u00eda de la fecha casos positivos en residencias para Adultos Mayores.<\/p>\n<p>Sobre el estado actual del Hospital, se indic\u00f3 que hay siete pacientes en Unidad de Terapia Intensiva (uno de ellos es de la ciudad de Laprida), diecinueve en Cuidados Generales (dos de ellos son residentes del Hogar de Adultos Mayores) y dos en el sector de Pediatr\u00eda.<\/p>\n<p>En este sentido, desde la Secretar\u00eda de Salud Municipal aseguraron que el 88% de los casos positivos corresponden a personas con menos de 60 a\u00f1os y el 12% a mayores de 60 a\u00f1os.<\/p>\n<div class=\"flourish-embed flourish-chart\" data-src=\"visualisation\/3132057\" data-url=\"https:\/\/flo.uri.sh\/visualisation\/3132057\/embed\" aria-label=\"\"><script src=\"https:\/\/public.flourish.studio\/resources\/embed.js\"><\/script><\/div>\n<div class=\"flourish-embed flourish-chart\" data-src=\"visualisation\/3317015\" data-url=\"https:\/\/flo.uri.sh\/visualisation\/3317015\/embed\" aria-label=\"\"><script src=\"https:\/\/public.flourish.studio\/resources\/embed.js\"><\/script><\/div>\n<p>&nbsp;<\/p>\n<p>&nbsp;<\/p>\n<p><a href=\"https:\/\/experienciadevida.com.ar\/portalurbano\/informe-sanitario-se-registraron-12-casos-positivos-de-covid-19\/coronavirus-40\/\" rel=\"attachment wp-att-122697\"><img decoding=\"async\" class=\"alignnone size-full wp-image-122697\" src=\"https:\/\/experienciadevida.com.ar\/portalurbano\/wp-content\/uploads\/2020\/09\/Coronavirus-10.jpg\" alt=\"\" width=\"1280\" height=\"1279\" srcset=\"https:\/\/experienciadevida.com.ar\/portalurbano\/wp-content\/uploads\/2020\/09\/Coronavirus-10.jpg 1280w, https:\/\/experienciadevida.com.ar\/portalurbano\/wp-content\/uploads\/2020\/09\/Coronavirus-10-300x300.jpg 300w, https:\/\/experienciadevida.com.ar\/portalurbano\/wp-content\/uploads\/2020\/09\/Coronavirus-10-1024x1024.jpg 1024w, https:\/\/experienciadevida.com.ar\/portalurbano\/wp-content\/uploads\/2020\/09\/Coronavirus-10-150x150.jpg 150w, https:\/\/experienciadevida.com.ar\/portalurbano\/wp-content\/uploads\/2020\/09\/Coronavirus-10-768x768.jpg 768w\" sizes=\"(max-width: 1280px) 100vw, 1280px\" \/><\/a><\/p>\n<p><a href=\"https:\/\/experienciadevida.com.ar\/portalurbano\/informe-sanitario-se-registraron-12-casos-positivos-de-covid-19\/coronavirus1-20\/\" rel=\"attachment wp-att-122698\"><img decoding=\"async\" class=\"alignnone size-full wp-image-122698\" src=\"https:\/\/experienciadevida.com.ar\/portalurbano\/wp-content\/uploads\/2020\/09\/Coronavirus1-9.jpg\" alt=\"\" width=\"1280\" height=\"1280\" srcset=\"https:\/\/experienciadevida.com.ar\/portalurbano\/wp-content\/uploads\/2020\/09\/Coronavirus1-9.jpg 1280w, https:\/\/experienciadevida.com.ar\/portalurbano\/wp-content\/uploads\/2020\/09\/Coronavirus1-9-300x300.jpg 300w, https:\/\/experienciadevida.com.ar\/portalurbano\/wp-content\/uploads\/2020\/09\/Coronavirus1-9-1024x1024.jpg 1024w, https:\/\/experienciadevida.com.ar\/portalurbano\/wp-content\/uploads\/2020\/09\/Coronavirus1-9-150x150.jpg 150w, https:\/\/experienciadevida.com.ar\/portalurbano\/wp-content\/uploads\/2020\/09\/Coronavirus1-9-768x768.jpg 768w\" sizes=\"(max-width: 1280px) 100vw, 1280px\" \/><\/a><\/p>\n","protected":false},"excerpt":{"rendered":"<p>La Secretar\u00eda de salud del Municipio brind\u00f3 un nuevo informe sanitario sobre Coronavirus en nuestra&#8230;<\/p>\n","protected":false},"author":1,"featured_media":122049,"comment_status":"closed","ping_status":"closed","sticky":false,"template":"","format":"standard","meta":{"content-type":""},"categories":[51,45],"tags":[151,86],"nelio_content":{"isAutoShareEnabled":false,"autoShareEndMode":"default","automationSources":{"useContentSentences":true,"useSocialTemplates":true,"useCustomSentences":false,"customSentences":[]},"followers":[1],"suggestedReferences":[],"includedReferences":[],"efiUrl":"","efiAlt":"","highlights":[]},"yoast_head":"<!-- This site is optimized with the Yoast SEO plugin v20.7 - https:\/\/yoast.com\/wordpress\/plugins\/seo\/ -->\n<title>Informe Sanitario: Se registraron 12 casos positivos de Covid-19<\/title>\n<meta name=\"description\" content=\"Salud brind\u00f3 un nuevo informe sanitario de Covid-19, donde se registraron 12 casos positivos y el fallecimiento de un paciente.\" \/>\n<meta name=\"robots\" content=\"index, follow, max-snippet:-1, max-image-preview:large, max-video-preview:-1\" \/>\n<link rel=\"canonical\" href=\"https:\/\/experienciadevida.com.ar\/portalurbano\/informe-sanitario-se-registraron-12-casos-positivos-de-covid-19\/\" \/>\n<meta property=\"og:locale\" content=\"es_ES\" \/>\n<meta property=\"og:type\" content=\"article\" \/>\n<meta property=\"og:title\" content=\"Informe Sanitario: Se registraron 12 casos positivos de Covid-19\" \/>\n<meta property=\"og:description\" content=\"Salud brind\u00f3 un nuevo informe sanitario de Covid-19, donde se registraron 12 casos positivos y el fallecimiento de un paciente.\" \/>\n<meta property=\"og:url\" content=\"https:\/\/experienciadevida.com.ar\/portalurbano\/informe-sanitario-se-registraron-12-casos-positivos-de-covid-19\/\" \/>\n<meta property=\"article:publisher\" content=\"https:\/\/www.facebook.com\/Portal-Urbano-171542830093757\/\" \/>\n<meta property=\"article:published_time\" content=\"2020-09-26T21:31:20+00:00\" \/>\n<meta property=\"article:modified_time\" content=\"2020-09-26T22:55:12+00:00\" \/>\n<meta property=\"og:image\" content=\"https:\/\/experienciadevida.com.ar\/portalurbano\/wp-content\/uploads\/2020\/09\/Dia-de-la-primavera-9.jpg\" \/>\n\t<meta property=\"og:image:width\" content=\"765\" \/>\n\t<meta property=\"og:image:height\" content=\"510\" \/>\n\t<meta property=\"og:image:type\" content=\"image\/jpeg\" \/>\n<meta name=\"author\" content=\"admpu17wp\" \/>\n<meta name=\"twitter:card\" content=\"summary_large_image\" \/>\n<meta name=\"twitter:creator\" content=\"@portalurbanook\" \/>\n<meta name=\"twitter:site\" content=\"@portalurbanook\" \/>\n<meta name=\"twitter:label1\" content=\"Escrito por\" \/>\n\t<meta name=\"twitter:data1\" content=\"admpu17wp\" \/>\n\t<meta name=\"twitter:label2\" content=\"Tiempo de lectura\" \/>\n\t<meta name=\"twitter:data2\" content=\"1 minuto\" \/>\n<script type=\"application\/ld+json\" class=\"yoast-schema-graph\">{\"@context\":\"https:\/\/schema.org\",\"@graph\":[{\"@type\":\"Article\",\"@id\":\"https:\/\/experienciadevida.com.ar\/portalurbano\/informe-sanitario-se-registraron-12-casos-positivos-de-covid-19\/#article\",\"isPartOf\":{\"@id\":\"https:\/\/experienciadevida.com.ar\/portalurbano\/informe-sanitario-se-registraron-12-casos-positivos-de-covid-19\/\"},\"author\":{\"name\":\"admpu17wp\",\"@id\":\"https:\/\/experienciadevida.com.ar\/portalurbano\/#\/schema\/person\/02dd326b1c4b056e9cc972486934a3a7\"},\"headline\":\"Informe Sanitario: Se registraron 12 casos positivos de Covid-19\",\"datePublished\":\"2020-09-26T21:31:20+00:00\",\"dateModified\":\"2020-09-26T22:55:12+00:00\",\"mainEntityOfPage\":{\"@id\":\"https:\/\/experienciadevida.com.ar\/portalurbano\/informe-sanitario-se-registraron-12-casos-positivos-de-covid-19\/\"},\"wordCount\":236,\"publisher\":{\"@id\":\"https:\/\/experienciadevida.com.ar\/portalurbano\/#organization\"},\"keywords\":[\"Covid-19 en Olavarr\u00eda: se registr\u00f3 un nuevo caso sospechoso y se descarto uno\",\"informe diario covid-19 olavarria\"],\"articleSection\":[\"Destacadas\",\"Salud\"],\"inLanguage\":\"es\"},{\"@type\":\"WebPage\",\"@id\":\"https:\/\/experienciadevida.com.ar\/portalurbano\/informe-sanitario-se-registraron-12-casos-positivos-de-covid-19\/\",\"url\":\"https:\/\/experienciadevida.com.ar\/portalurbano\/informe-sanitario-se-registraron-12-casos-positivos-de-covid-19\/\",\"name\":\"Informe Sanitario: Se registraron 12 casos positivos de Covid-19\",\"isPartOf\":{\"@id\":\"https:\/\/experienciadevida.com.ar\/portalurbano\/#website\"},\"datePublished\":\"2020-09-26T21:31:20+00:00\",\"dateModified\":\"2020-09-26T22:55:12+00:00\",\"description\":\"Salud brind\u00f3 un nuevo informe sanitario de Covid-19, donde se registraron 12 casos positivos y el fallecimiento de un paciente.\",\"breadcrumb\":{\"@id\":\"https:\/\/experienciadevida.com.ar\/portalurbano\/informe-sanitario-se-registraron-12-casos-positivos-de-covid-19\/#breadcrumb\"},\"inLanguage\":\"es\",\"potentialAction\":[{\"@type\":\"ReadAction\",\"target\":[\"https:\/\/experienciadevida.com.ar\/portalurbano\/informe-sanitario-se-registraron-12-casos-positivos-de-covid-19\/\"]}]},{\"@type\":\"BreadcrumbList\",\"@id\":\"https:\/\/experienciadevida.com.ar\/portalurbano\/informe-sanitario-se-registraron-12-casos-positivos-de-covid-19\/#breadcrumb\",\"itemListElement\":[{\"@type\":\"ListItem\",\"position\":1,\"name\":\"Portada\",\"item\":\"https:\/\/experienciadevida.com.ar\/portalurbano\/\"},{\"@type\":\"ListItem\",\"position\":2,\"name\":\"Informe Sanitario: Se registraron 12 casos positivos de Covid-19\"}]},{\"@type\":\"WebSite\",\"@id\":\"https:\/\/experienciadevida.com.ar\/portalurbano\/#website\",\"url\":\"https:\/\/experienciadevida.com.ar\/portalurbano\/\",\"name\":\"\",\"description\":\"\",\"publisher\":{\"@id\":\"https:\/\/experienciadevida.com.ar\/portalurbano\/#organization\"},\"potentialAction\":[{\"@type\":\"SearchAction\",\"target\":{\"@type\":\"EntryPoint\",\"urlTemplate\":\"https:\/\/experienciadevida.com.ar\/portalurbano\/?s={search_term_string}\"},\"query-input\":\"required name=search_term_string\"}],\"inLanguage\":\"es\"},{\"@type\":\"Organization\",\"@id\":\"https:\/\/experienciadevida.com.ar\/portalurbano\/#organization\",\"name\":\"Portal Urbano\",\"url\":\"https:\/\/experienciadevida.com.ar\/portalurbano\/\",\"logo\":{\"@type\":\"ImageObject\",\"inLanguage\":\"es\",\"@id\":\"https:\/\/experienciadevida.com.ar\/portalurbano\/#\/schema\/logo\/image\/\",\"url\":\"https:\/\/experienciadevida.com.ar\/portalurbano\/wp-content\/uploads\/2019\/09\/Logo-Original.png\",\"contentUrl\":\"https:\/\/experienciadevida.com.ar\/portalurbano\/wp-content\/uploads\/2019\/09\/Logo-Original.png\",\"width\":2236,\"height\":1216,\"caption\":\"Portal Urbano\"},\"image\":{\"@id\":\"https:\/\/experienciadevida.com.ar\/portalurbano\/#\/schema\/logo\/image\/\"},\"sameAs\":[\"https:\/\/www.facebook.com\/Portal-Urbano-171542830093757\/\",\"https:\/\/twitter.com\/portalurbanook\",\"https:\/\/www.instagram.com\/_portalurbano\/\",\"https:\/\/www.youtube.com\/channel\/UCXhagIfszH8KxFiOok79zbA?view_as=subscriber\"]},{\"@type\":\"Person\",\"@id\":\"https:\/\/experienciadevida.com.ar\/portalurbano\/#\/schema\/person\/02dd326b1c4b056e9cc972486934a3a7\",\"name\":\"admpu17wp\",\"image\":{\"@type\":\"ImageObject\",\"inLanguage\":\"es\",\"@id\":\"https:\/\/experienciadevida.com.ar\/portalurbano\/#\/schema\/person\/image\/\",\"url\":\"https:\/\/secure.gravatar.com\/avatar\/830d4c57adaae6630765e449a6908047?s=96&d=mm&r=g\",\"contentUrl\":\"https:\/\/secure.gravatar.com\/avatar\/830d4c57adaae6630765e449a6908047?s=96&d=mm&r=g\",\"caption\":\"admpu17wp\"}}]}<\/script>\n<!-- \/ Yoast SEO plugin. -->","yoast_head_json":{"title":"Informe Sanitario: Se registraron 12 casos positivos de Covid-19","description":"Salud brind\u00f3 un nuevo informe sanitario de Covid-19, donde se registraron 12 casos positivos y el fallecimiento de un paciente.","robots":{"index":"index","follow":"follow","max-snippet":"max-snippet:-1","max-image-preview":"max-image-preview:large","max-video-preview":"max-video-preview:-1"},"canonical":"https:\/\/experienciadevida.com.ar\/portalurbano\/informe-sanitario-se-registraron-12-casos-positivos-de-covid-19\/","og_locale":"es_ES","og_type":"article","og_title":"Informe Sanitario: Se registraron 12 casos positivos de Covid-19","og_description":"Salud brind\u00f3 un nuevo informe sanitario de Covid-19, donde se registraron 12 casos positivos y el fallecimiento de un paciente.","og_url":"https:\/\/experienciadevida.com.ar\/portalurbano\/informe-sanitario-se-registraron-12-casos-positivos-de-covid-19\/","article_publisher":"https:\/\/www.facebook.com\/Portal-Urbano-171542830093757\/","article_published_time":"2020-09-26T21:31:20+00:00","article_modified_time":"2020-09-26T22:55:12+00:00","og_image":[{"width":765,"height":510,"url":"https:\/\/experienciadevida.com.ar\/portalurbano\/wp-content\/uploads\/2020\/09\/Dia-de-la-primavera-9.jpg","type":"image\/jpeg"}],"author":"admpu17wp","twitter_card":"summary_large_image","twitter_creator":"@portalurbanook","twitter_site":"@portalurbanook","twitter_misc":{"Escrito por":"admpu17wp","Tiempo de lectura":"1 minuto"},"schema":{"@context":"https:\/\/schema.org","@graph":[{"@type":"Article","@id":"https:\/\/experienciadevida.com.ar\/portalurbano\/informe-sanitario-se-registraron-12-casos-positivos-de-covid-19\/#article","isPartOf":{"@id":"https:\/\/experienciadevida.com.ar\/portalurbano\/informe-sanitario-se-registraron-12-casos-positivos-de-covid-19\/"},"author":{"name":"admpu17wp","@id":"https:\/\/experienciadevida.com.ar\/portalurbano\/#\/schema\/person\/02dd326b1c4b056e9cc972486934a3a7"},"headline":"Informe Sanitario: Se registraron 12 casos positivos de Covid-19","datePublished":"2020-09-26T21:31:20+00:00","dateModified":"2020-09-26T22:55:12+00:00","mainEntityOfPage":{"@id":"https:\/\/experienciadevida.com.ar\/portalurbano\/informe-sanitario-se-registraron-12-casos-positivos-de-covid-19\/"},"wordCount":236,"publisher":{"@id":"https:\/\/experienciadevida.com.ar\/portalurbano\/#organization"},"keywords":["Covid-19 en Olavarr\u00eda: se registr\u00f3 un nuevo caso sospechoso y se descarto uno","informe diario covid-19 olavarria"],"articleSection":["Destacadas","Salud"],"inLanguage":"es"},{"@type":"WebPage","@id":"https:\/\/experienciadevida.com.ar\/portalurbano\/informe-sanitario-se-registraron-12-casos-positivos-de-covid-19\/","url":"https:\/\/experienciadevida.com.ar\/portalurbano\/informe-sanitario-se-registraron-12-casos-positivos-de-covid-19\/","name":"Informe Sanitario: Se registraron 12 casos positivos de Covid-19","isPartOf":{"@id":"https:\/\/experienciadevida.com.ar\/portalurbano\/#website"},"datePublished":"2020-09-26T21:31:20+00:00","dateModified":"2020-09-26T22:55:12+00:00","description":"Salud brind\u00f3 un nuevo informe sanitario de Covid-19, donde se registraron 12 casos positivos y el fallecimiento de un paciente.","breadcrumb":{"@id":"https:\/\/experienciadevida.com.ar\/portalurbano\/informe-sanitario-se-registraron-12-casos-positivos-de-covid-19\/#breadcrumb"},"inLanguage":"es","potentialAction":[{"@type":"ReadAction","target":["https:\/\/experienciadevida.com.ar\/portalurbano\/informe-sanitario-se-registraron-12-casos-positivos-de-covid-19\/"]}]},{"@type":"BreadcrumbList","@id":"https:\/\/experienciadevida.com.ar\/portalurbano\/informe-sanitario-se-registraron-12-casos-positivos-de-covid-19\/#breadcrumb","itemListElement":[{"@type":"ListItem","position":1,"name":"Portada","item":"https:\/\/experienciadevida.com.ar\/portalurbano\/"},{"@type":"ListItem","position":2,"name":"Informe Sanitario: Se registraron 12 casos positivos de Covid-19"}]},{"@type":"WebSite","@id":"https:\/\/experienciadevida.com.ar\/portalurbano\/#website","url":"https:\/\/experienciadevida.com.ar\/portalurbano\/","name":"","description":"","publisher":{"@id":"https:\/\/experienciadevida.com.ar\/portalurbano\/#organization"},"potentialAction":[{"@type":"SearchAction","target":{"@type":"EntryPoint","urlTemplate":"https:\/\/experienciadevida.com.ar\/portalurbano\/?s={search_term_string}"},"query-input":"required name=search_term_string"}],"inLanguage":"es"},{"@type":"Organization","@id":"https:\/\/experienciadevida.com.ar\/portalurbano\/#organization","name":"Portal Urbano","url":"https:\/\/experienciadevida.com.ar\/portalurbano\/","logo":{"@type":"ImageObject","inLanguage":"es","@id":"https:\/\/experienciadevida.com.ar\/portalurbano\/#\/schema\/logo\/image\/","url":"https:\/\/experienciadevida.com.ar\/portalurbano\/wp-content\/uploads\/2019\/09\/Logo-Original.png","contentUrl":"https:\/\/experienciadevida.com.ar\/portalurbano\/wp-content\/uploads\/2019\/09\/Logo-Original.png","width":2236,"height":1216,"caption":"Portal Urbano"},"image":{"@id":"https:\/\/experienciadevida.com.ar\/portalurbano\/#\/schema\/logo\/image\/"},"sameAs":["https:\/\/www.facebook.com\/Portal-Urbano-171542830093757\/","https:\/\/twitter.com\/portalurbanook","https:\/\/www.instagram.com\/_portalurbano\/","https:\/\/www.youtube.com\/channel\/UCXhagIfszH8KxFiOok79zbA?view_as=subscriber"]},{"@type":"Person","@id":"https:\/\/experienciadevida.com.ar\/portalurbano\/#\/schema\/person\/02dd326b1c4b056e9cc972486934a3a7","name":"admpu17wp","image":{"@type":"ImageObject","inLanguage":"es","@id":"https:\/\/experienciadevida.com.ar\/portalurbano\/#\/schema\/person\/image\/","url":"https:\/\/secure.gravatar.com\/avatar\/830d4c57adaae6630765e449a6908047?s=96&d=mm&r=g","contentUrl":"https:\/\/secure.gravatar.com\/avatar\/830d4c57adaae6630765e449a6908047?s=96&d=mm&r=g","caption":"admpu17wp"}}]}},"featured_image_urls":{"full":["https:\/\/experienciadevida.com.ar\/portalurbano\/wp-content\/uploads\/2020\/09\/Dia-de-la-primavera-9.jpg",765,510,false],"thumbnail":["https:\/\/experienciadevida.com.ar\/portalurbano\/wp-content\/uploads\/2020\/09\/Dia-de-la-primavera-9-150x150.jpg",150,150,true],"medium":["https:\/\/experienciadevida.com.ar\/portalurbano\/wp-content\/uploads\/2020\/09\/Dia-de-la-primavera-9-300x200.jpg",300,200,true],"medium_large":["https:\/\/experienciadevida.com.ar\/portalurbano\/wp-content\/uploads\/2020\/09\/Dia-de-la-primavera-9.jpg",640,427,false],"large":["https:\/\/experienciadevida.com.ar\/portalurbano\/wp-content\/uploads\/2020\/09\/Dia-de-la-primavera-9.jpg",640,427,false],"ug_big":["https:\/\/experienciadevida.com.ar\/portalurbano\/wp-content\/uploads\/2020\/09\/Dia-de-la-primavera-9.jpg",765,510,false],"1536x1536":["https:\/\/experienciadevida.com.ar\/portalurbano\/wp-content\/uploads\/2020\/09\/Dia-de-la-primavera-9.jpg",765,510,false],"2048x2048":["https:\/\/experienciadevida.com.ar\/portalurbano\/wp-content\/uploads\/2020\/09\/Dia-de-la-primavera-9.jpg",765,510,false],"newsever-slider-full":["https:\/\/experienciadevida.com.ar\/portalurbano\/wp-content\/uploads\/2020\/09\/Dia-de-la-primavera-9.jpg",765,510,false],"newsever-featured":["https:\/\/experienciadevida.com.ar\/portalurbano\/wp-content\/uploads\/2020\/09\/Dia-de-la-primavera-9.jpg",765,510,false],"newsever-medium":["https:\/\/experienciadevida.com.ar\/portalurbano\/wp-content\/uploads\/2020\/09\/Dia-de-la-primavera-9.jpg",713,475,false],"web-stories-poster-portrait":["https:\/\/experienciadevida.com.ar\/portalurbano\/wp-content\/uploads\/2020\/09\/Dia-de-la-primavera-9.jpg",640,427,false],"web-stories-publisher-logo":["https:\/\/experienciadevida.com.ar\/portalurbano\/wp-content\/uploads\/2020\/09\/Dia-de-la-primavera-9.jpg",96,64,false],"web-stories-thumbnail":["https:\/\/experienciadevida.com.ar\/portalurbano\/wp-content\/uploads\/2020\/09\/Dia-de-la-primavera-9.jpg",150,100,false]},"author_info":{"display_name":"admpu17wp","author_link":"https:\/\/experienciadevida.com.ar\/portalurbano\/author\/admpu17wp\/"},"category_info":"<a href=\"https:\/\/experienciadevida.com.ar\/portalurbano\/category\/destacadas\/\" rel=\"category tag\">Destacadas<\/a> <a href=\"https:\/\/experienciadevida.com.ar\/portalurbano\/category\/ciudad\/salud\/\" rel=\"category tag\">Salud<\/a>","tag_info":"Salud","comment_count":"0","amp_enabled":true,"_links":{"self":[{"href":"https:\/\/experienciadevida.com.ar\/portalurbano\/wp-json\/wp\/v2\/posts\/122683"}],"collection":[{"href":"https:\/\/experienciadevida.com.ar\/portalurbano\/wp-json\/wp\/v2\/posts"}],"about":[{"href":"https:\/\/experienciadevida.com.ar\/portalurbano\/wp-json\/wp\/v2\/types\/post"}],"author":[{"embeddable":true,"href":"https:\/\/experienciadevida.com.ar\/portalurbano\/wp-json\/wp\/v2\/users\/1"}],"replies":[{"embeddable":true,"href":"https:\/\/experienciadevida.com.ar\/portalurbano\/wp-json\/wp\/v2\/comments?post=122683"}],"version-history":[{"count":7,"href":"https:\/\/experienciadevida.com.ar\/portalurbano\/wp-json\/wp\/v2\/posts\/122683\/revisions"}],"predecessor-version":[{"id":122714,"href":"https:\/\/experienciadevida.com.ar\/portalurbano\/wp-json\/wp\/v2\/posts\/122683\/revisions\/122714"}],"wp:featuredmedia":[{"embeddable":true,"href":"https:\/\/experienciadevida.com.ar\/portalurbano\/wp-json\/wp\/v2\/media\/122049"}],"wp:attachment":[{"href":"https:\/\/experienciadevida.com.ar\/portalurbano\/wp-json\/wp\/v2\/media?parent=122683"}],"wp:term":[{"taxonomy":"category","embeddable":true,"href":"https:\/\/experienciadevida.com.ar\/portalurbano\/wp-json\/wp\/v2\/categories?post=122683"},{"taxonomy":"post_tag","embeddable":true,"href":"https:\/\/experienciadevida.com.ar\/portalurbano\/wp-json\/wp\/v2\/tags?post=122683"}],"curies":[{"name":"wp","href":"https:\/\/api.w.org\/{rel}","templated":true}]}}