{"id":122520,"date":"2020-09-25T13:00:29","date_gmt":"2020-09-25T16:00:29","guid":{"rendered":"https:\/\/experienciadevida.com.ar\/portalurbano\/?p=122520"},"modified":"2020-09-25T13:01:04","modified_gmt":"2020-09-25T16:01:04","slug":"galli-presento-el-programa-de-gestion-integral-de-residuos","status":"publish","type":"post","link":"https:\/\/experienciadevida.com.ar\/portalurbano\/galli-presento-el-programa-de-gestion-integral-de-residuos\/","title":{"rendered":"Galli present\u00f3 el programa de gesti\u00f3n integral de residuos"},"content":{"rendered":"<p>En la ma\u00f1ana de este viernes, el intendente municipal Ezequiel Galli present\u00f3, en conferencia de prensa en el <a href=\"https:\/\/www.facebook.com\/ccmsanjose\">Centro Cultural San Jos\u00e9,<\/a> el programa de <strong>Gesti\u00f3n Integral de Residuos<\/strong> Olavarr\u00eda (GIRO) que se llevar\u00e1 a cabo con la fundaci\u00f3n internacional sin fines de lucro Mc Kinsey.<\/p>\n<p>El jefe comunal estuvo acompa\u00f1ado por el Secretario de Desarrollo Econ\u00f3mico Julio Valetutto, la subsecretaria de Empresas e Inversiones Emilia D\u00edaz y las representantes de la fundaci\u00f3n McKinsey Larissa Sakamoto y Paz Porres.<\/p>\n<p><a href=\"https:\/\/experienciadevida.com.ar\/portalurbano\/galli-presento-el-programa-de-gestion-integral-de-residuos\/gestion-de-residuos\/\" rel=\"attachment wp-att-122523\"><img decoding=\"async\" class=\"alignnone size-full wp-image-122523\" src=\"https:\/\/experienciadevida.com.ar\/portalurbano\/wp-content\/uploads\/2020\/09\/Gestion-de-residuos-e1601049302369.jpg\" alt=\"Gesti\u00f3n de residuos \" width=\"765\" height=\"510\" \/><\/a><\/p>\n<p>El mencionado programa GIRO, <strong>gesti\u00f3n integral de residuos <\/strong>consiste en la recuperaci\u00f3n de desechos -durante un per\u00edodo de tres a\u00f1os- hacia el objetivo mutuo de construir un sistema de reciclaje sustentable, inclusivo y econ\u00f3micamente sostenible.<\/p>\n<p><a href=\"https:\/\/experienciadevida.com.ar\/portalurbano\/galli-presento-el-programa-de-gestion-integral-de-residuos\/gestion-2\/\" rel=\"attachment wp-att-122524\"><img decoding=\"async\" class=\"alignnone size-full wp-image-122524\" src=\"https:\/\/experienciadevida.com.ar\/portalurbano\/wp-content\/uploads\/2020\/09\/Gestion-e1601049484871.jpg\" alt=\"Gesti\u00f3n\" width=\"765\" height=\"510\" \/><\/a><\/p>\n<p>Esta experiencia piloto tendr\u00e1 el enfoque en la cadena de valor completa, a partir de un trabajo conjunto entre el gobierno municipal, las cooperativas, la empresa de recolecci\u00f3n, industrias, instituciones y toda la comunidad, a los efectos de maximizar la recuperaci\u00f3n de materiales, incrementar el agregado de valor e innovar en el mercado.<\/p>\n<p>Al inicio de la conferencia, el propio Ezequiel Galli destac\u00f3 que \u201cel programa de\u00a0<strong>gesti\u00f3n integral de residuos<\/strong>\u00a0no s\u00f3lo tiene que ver con los residuos y la obra p\u00fablica sino tambi\u00e9n con la salud y el desarrollo social de nuestra ciudad. Hay actores sociales que van a estar involucrados en el proyecto y no tenemos dudad que ellos van a ser parte tambi\u00e9n de un crecimiento colectivo\u201d.<\/p>\n<p><a href=\"https:\/\/experienciadevida.com.ar\/portalurbano\/galli-presento-el-programa-de-gestion-integral-de-residuos\/residuos-6\/\" rel=\"attachment wp-att-122525\"><img decoding=\"async\" class=\"alignnone size-full wp-image-122525\" src=\"https:\/\/experienciadevida.com.ar\/portalurbano\/wp-content\/uploads\/2020\/09\/Residuos-e1601049558585.jpg\" alt=\"Residuos\" width=\"765\" height=\"510\" \/><\/a><\/p>\n<p>\u201cHemos trabajado mucho en este proyecto y estamos confiados en que esto va a ser una punta de lanza para otros municipios de la provincia, el pa\u00eds y de Am\u00e9rica Latina\u201d, agreg\u00f3.<\/p>\n<p>Por su parte, Julio Valetutto expres\u00f3 que \u201ces un orgullo para nosotros que Olavarr\u00eda haya sido seleccionada para llevar a cabo este programa que va a articular con el sector privado y con diferentes actores sociales que van a estar incluidos en el trabajo que se llevar\u00e1 a cabo\u201d.<\/p>\n<p>Adem\u00e1s, el funcionario municipal explic\u00f3 que \u201cla implementaci\u00f3n de este programa va a generar inversiones no s\u00f3lo desde el Estado sino tambi\u00e9n de sectores privados y contar\u00e1 con el aporte de la Universidad. Creemos que estamos ante la posibilidad de generar un c\u00edrculo virtuoso que puede ser el modelo a futuro\u201d.<\/p>\n<p>La representante de McKinsey Larissa Sakamoto indic\u00f3 que \u201cpara levar adelante este proyecto necesitamos un contacto estrecho con la comunidad e involucrar actores para que funcione y se mantenga en el tiempo. Y creemos que Olavarr\u00eda es el lugar ideal porque hay una gesti\u00f3n que viene trabajando con mucha responsabilidad en el tema y hay una comunidad que est\u00e1 preparada para dar este paso\u201d.<\/p>\n<p>Vale recordar que en febrero 2020, Olavarr\u00eda fue seleccionada por Rethinking Recycling como el pr\u00f3ximo programa piloto para transformar el reciclaje y la gesti\u00f3n de residuos en Am\u00e9rica Latina, luego de un proceso de selecci\u00f3n integral.<\/p>\n","protected":false},"excerpt":{"rendered":"<p>En la ma\u00f1ana de este viernes, el intendente municipal Ezequiel Galli present\u00f3, en conferencia de&#8230;<\/p>\n","protected":false},"author":1,"featured_media":122521,"comment_status":"closed","ping_status":"closed","sticky":false,"template":"","format":"standard","meta":{"content-type":""},"categories":[27,51],"tags":[],"nelio_content":{"isAutoShareEnabled":false,"autoShareEndMode":"default","automationSources":{"useContentSentences":true,"useSocialTemplates":true,"useCustomSentences":false,"customSentences":[]},"followers":[1],"suggestedReferences":[],"includedReferences":[],"efiUrl":"","efiAlt":"","highlights":[]},"yoast_head":"<!-- This site is optimized with the Yoast SEO plugin v20.7 - https:\/\/yoast.com\/wordpress\/plugins\/seo\/ -->\n<title>Galli present\u00f3 el programa de gesti\u00f3n integral de residuos<\/title>\n<meta name=\"description\" content=\"Este jueves el Intendente en el Centro Cultural San Jos\u00e9 present\u00f3 el programa de gesti\u00f3n integral de residuos, para nuestra ciudad.\" \/>\n<meta name=\"robots\" content=\"index, follow, max-snippet:-1, max-image-preview:large, max-video-preview:-1\" \/>\n<link rel=\"canonical\" href=\"https:\/\/experienciadevida.com.ar\/portalurbano\/galli-presento-el-programa-de-gestion-integral-de-residuos\/\" \/>\n<meta property=\"og:locale\" content=\"es_ES\" \/>\n<meta property=\"og:type\" content=\"article\" \/>\n<meta property=\"og:title\" content=\"Galli present\u00f3 el programa de gesti\u00f3n integral de residuos\" \/>\n<meta property=\"og:description\" content=\"Este jueves el Intendente en el Centro Cultural San Jos\u00e9 present\u00f3 el programa de gesti\u00f3n integral de residuos, para nuestra ciudad.\" \/>\n<meta property=\"og:url\" content=\"https:\/\/experienciadevida.com.ar\/portalurbano\/galli-presento-el-programa-de-gestion-integral-de-residuos\/\" \/>\n<meta property=\"article:publisher\" content=\"https:\/\/www.facebook.com\/Portal-Urbano-171542830093757\/\" \/>\n<meta property=\"article:published_time\" content=\"2020-09-25T16:00:29+00:00\" \/>\n<meta property=\"article:modified_time\" content=\"2020-09-25T16:01:04+00:00\" \/>\n<meta property=\"og:image\" content=\"https:\/\/experienciadevida.com.ar\/portalurbano\/wp-content\/uploads\/2020\/09\/Gestion-integral-de-residuos-e1601049206893.jpg\" \/>\n\t<meta property=\"og:image:width\" content=\"765\" \/>\n\t<meta property=\"og:image:height\" content=\"510\" \/>\n\t<meta property=\"og:image:type\" content=\"image\/jpeg\" \/>\n<meta name=\"author\" content=\"admpu17wp\" \/>\n<meta name=\"twitter:card\" content=\"summary_large_image\" \/>\n<meta name=\"twitter:creator\" content=\"@portalurbanook\" \/>\n<meta name=\"twitter:site\" content=\"@portalurbanook\" \/>\n<meta name=\"twitter:label1\" content=\"Escrito por\" \/>\n\t<meta name=\"twitter:data1\" content=\"admpu17wp\" \/>\n\t<meta name=\"twitter:label2\" content=\"Tiempo de lectura\" \/>\n\t<meta name=\"twitter:data2\" content=\"3 minutos\" \/>\n<script type=\"application\/ld+json\" class=\"yoast-schema-graph\">{\"@context\":\"https:\/\/schema.org\",\"@graph\":[{\"@type\":\"Article\",\"@id\":\"https:\/\/experienciadevida.com.ar\/portalurbano\/galli-presento-el-programa-de-gestion-integral-de-residuos\/#article\",\"isPartOf\":{\"@id\":\"https:\/\/experienciadevida.com.ar\/portalurbano\/galli-presento-el-programa-de-gestion-integral-de-residuos\/\"},\"author\":{\"name\":\"admpu17wp\",\"@id\":\"https:\/\/experienciadevida.com.ar\/portalurbano\/#\/schema\/person\/02dd326b1c4b056e9cc972486934a3a7\"},\"headline\":\"Galli present\u00f3 el programa de gesti\u00f3n integral de residuos\",\"datePublished\":\"2020-09-25T16:00:29+00:00\",\"dateModified\":\"2020-09-25T16:01:04+00:00\",\"mainEntityOfPage\":{\"@id\":\"https:\/\/experienciadevida.com.ar\/portalurbano\/galli-presento-el-programa-de-gestion-integral-de-residuos\/\"},\"wordCount\":511,\"publisher\":{\"@id\":\"https:\/\/experienciadevida.com.ar\/portalurbano\/#organization\"},\"articleSection\":[\"Ciudad\",\"Destacadas\"],\"inLanguage\":\"es\"},{\"@type\":\"WebPage\",\"@id\":\"https:\/\/experienciadevida.com.ar\/portalurbano\/galli-presento-el-programa-de-gestion-integral-de-residuos\/\",\"url\":\"https:\/\/experienciadevida.com.ar\/portalurbano\/galli-presento-el-programa-de-gestion-integral-de-residuos\/\",\"name\":\"Galli present\u00f3 el programa de gesti\u00f3n integral de residuos\",\"isPartOf\":{\"@id\":\"https:\/\/experienciadevida.com.ar\/portalurbano\/#website\"},\"datePublished\":\"2020-09-25T16:00:29+00:00\",\"dateModified\":\"2020-09-25T16:01:04+00:00\",\"description\":\"Este jueves el Intendente en el Centro Cultural San Jos\u00e9 present\u00f3 el programa de gesti\u00f3n integral de residuos, para nuestra ciudad.\",\"breadcrumb\":{\"@id\":\"https:\/\/experienciadevida.com.ar\/portalurbano\/galli-presento-el-programa-de-gestion-integral-de-residuos\/#breadcrumb\"},\"inLanguage\":\"es\",\"potentialAction\":[{\"@type\":\"ReadAction\",\"target\":[\"https:\/\/experienciadevida.com.ar\/portalurbano\/galli-presento-el-programa-de-gestion-integral-de-residuos\/\"]}]},{\"@type\":\"BreadcrumbList\",\"@id\":\"https:\/\/experienciadevida.com.ar\/portalurbano\/galli-presento-el-programa-de-gestion-integral-de-residuos\/#breadcrumb\",\"itemListElement\":[{\"@type\":\"ListItem\",\"position\":1,\"name\":\"Portada\",\"item\":\"https:\/\/experienciadevida.com.ar\/portalurbano\/\"},{\"@type\":\"ListItem\",\"position\":2,\"name\":\"Galli present\u00f3 el programa de gesti\u00f3n integral de residuos\"}]},{\"@type\":\"WebSite\",\"@id\":\"https:\/\/experienciadevida.com.ar\/portalurbano\/#website\",\"url\":\"https:\/\/experienciadevida.com.ar\/portalurbano\/\",\"name\":\"\",\"description\":\"\",\"publisher\":{\"@id\":\"https:\/\/experienciadevida.com.ar\/portalurbano\/#organization\"},\"potentialAction\":[{\"@type\":\"SearchAction\",\"target\":{\"@type\":\"EntryPoint\",\"urlTemplate\":\"https:\/\/experienciadevida.com.ar\/portalurbano\/?s={search_term_string}\"},\"query-input\":\"required name=search_term_string\"}],\"inLanguage\":\"es\"},{\"@type\":\"Organization\",\"@id\":\"https:\/\/experienciadevida.com.ar\/portalurbano\/#organization\",\"name\":\"Portal Urbano\",\"url\":\"https:\/\/experienciadevida.com.ar\/portalurbano\/\",\"logo\":{\"@type\":\"ImageObject\",\"inLanguage\":\"es\",\"@id\":\"https:\/\/experienciadevida.com.ar\/portalurbano\/#\/schema\/logo\/image\/\",\"url\":\"https:\/\/experienciadevida.com.ar\/portalurbano\/wp-content\/uploads\/2019\/09\/Logo-Original.png\",\"contentUrl\":\"https:\/\/experienciadevida.com.ar\/portalurbano\/wp-content\/uploads\/2019\/09\/Logo-Original.png\",\"width\":2236,\"height\":1216,\"caption\":\"Portal Urbano\"},\"image\":{\"@id\":\"https:\/\/experienciadevida.com.ar\/portalurbano\/#\/schema\/logo\/image\/\"},\"sameAs\":[\"https:\/\/www.facebook.com\/Portal-Urbano-171542830093757\/\",\"https:\/\/twitter.com\/portalurbanook\",\"https:\/\/www.instagram.com\/_portalurbano\/\",\"https:\/\/www.youtube.com\/channel\/UCXhagIfszH8KxFiOok79zbA?view_as=subscriber\"]},{\"@type\":\"Person\",\"@id\":\"https:\/\/experienciadevida.com.ar\/portalurbano\/#\/schema\/person\/02dd326b1c4b056e9cc972486934a3a7\",\"name\":\"admpu17wp\",\"image\":{\"@type\":\"ImageObject\",\"inLanguage\":\"es\",\"@id\":\"https:\/\/experienciadevida.com.ar\/portalurbano\/#\/schema\/person\/image\/\",\"url\":\"https:\/\/secure.gravatar.com\/avatar\/830d4c57adaae6630765e449a6908047?s=96&d=mm&r=g\",\"contentUrl\":\"https:\/\/secure.gravatar.com\/avatar\/830d4c57adaae6630765e449a6908047?s=96&d=mm&r=g\",\"caption\":\"admpu17wp\"}}]}<\/script>\n<!-- \/ Yoast SEO plugin. -->","yoast_head_json":{"title":"Galli present\u00f3 el programa de gesti\u00f3n integral de residuos","description":"Este jueves el Intendente en el Centro Cultural San Jos\u00e9 present\u00f3 el programa de gesti\u00f3n integral de residuos, para nuestra ciudad.","robots":{"index":"index","follow":"follow","max-snippet":"max-snippet:-1","max-image-preview":"max-image-preview:large","max-video-preview":"max-video-preview:-1"},"canonical":"https:\/\/experienciadevida.com.ar\/portalurbano\/galli-presento-el-programa-de-gestion-integral-de-residuos\/","og_locale":"es_ES","og_type":"article","og_title":"Galli present\u00f3 el programa de gesti\u00f3n integral de residuos","og_description":"Este jueves el Intendente en el Centro Cultural San Jos\u00e9 present\u00f3 el programa de gesti\u00f3n integral de residuos, para nuestra ciudad.","og_url":"https:\/\/experienciadevida.com.ar\/portalurbano\/galli-presento-el-programa-de-gestion-integral-de-residuos\/","article_publisher":"https:\/\/www.facebook.com\/Portal-Urbano-171542830093757\/","article_published_time":"2020-09-25T16:00:29+00:00","article_modified_time":"2020-09-25T16:01:04+00:00","og_image":[{"width":765,"height":510,"url":"https:\/\/experienciadevida.com.ar\/portalurbano\/wp-content\/uploads\/2020\/09\/Gestion-integral-de-residuos-e1601049206893.jpg","type":"image\/jpeg"}],"author":"admpu17wp","twitter_card":"summary_large_image","twitter_creator":"@portalurbanook","twitter_site":"@portalurbanook","twitter_misc":{"Escrito por":"admpu17wp","Tiempo de lectura":"3 minutos"},"schema":{"@context":"https:\/\/schema.org","@graph":[{"@type":"Article","@id":"https:\/\/experienciadevida.com.ar\/portalurbano\/galli-presento-el-programa-de-gestion-integral-de-residuos\/#article","isPartOf":{"@id":"https:\/\/experienciadevida.com.ar\/portalurbano\/galli-presento-el-programa-de-gestion-integral-de-residuos\/"},"author":{"name":"admpu17wp","@id":"https:\/\/experienciadevida.com.ar\/portalurbano\/#\/schema\/person\/02dd326b1c4b056e9cc972486934a3a7"},"headline":"Galli present\u00f3 el programa de gesti\u00f3n integral de residuos","datePublished":"2020-09-25T16:00:29+00:00","dateModified":"2020-09-25T16:01:04+00:00","mainEntityOfPage":{"@id":"https:\/\/experienciadevida.com.ar\/portalurbano\/galli-presento-el-programa-de-gestion-integral-de-residuos\/"},"wordCount":511,"publisher":{"@id":"https:\/\/experienciadevida.com.ar\/portalurbano\/#organization"},"articleSection":["Ciudad","Destacadas"],"inLanguage":"es"},{"@type":"WebPage","@id":"https:\/\/experienciadevida.com.ar\/portalurbano\/galli-presento-el-programa-de-gestion-integral-de-residuos\/","url":"https:\/\/experienciadevida.com.ar\/portalurbano\/galli-presento-el-programa-de-gestion-integral-de-residuos\/","name":"Galli present\u00f3 el programa de gesti\u00f3n integral de residuos","isPartOf":{"@id":"https:\/\/experienciadevida.com.ar\/portalurbano\/#website"},"datePublished":"2020-09-25T16:00:29+00:00","dateModified":"2020-09-25T16:01:04+00:00","description":"Este jueves el Intendente en el Centro Cultural San Jos\u00e9 present\u00f3 el programa de gesti\u00f3n integral de residuos, para nuestra ciudad.","breadcrumb":{"@id":"https:\/\/experienciadevida.com.ar\/portalurbano\/galli-presento-el-programa-de-gestion-integral-de-residuos\/#breadcrumb"},"inLanguage":"es","potentialAction":[{"@type":"ReadAction","target":["https:\/\/experienciadevida.com.ar\/portalurbano\/galli-presento-el-programa-de-gestion-integral-de-residuos\/"]}]},{"@type":"BreadcrumbList","@id":"https:\/\/experienciadevida.com.ar\/portalurbano\/galli-presento-el-programa-de-gestion-integral-de-residuos\/#breadcrumb","itemListElement":[{"@type":"ListItem","position":1,"name":"Portada","item":"https:\/\/experienciadevida.com.ar\/portalurbano\/"},{"@type":"ListItem","position":2,"name":"Galli present\u00f3 el programa de gesti\u00f3n integral de residuos"}]},{"@type":"WebSite","@id":"https:\/\/experienciadevida.com.ar\/portalurbano\/#website","url":"https:\/\/experienciadevida.com.ar\/portalurbano\/","name":"","description":"","publisher":{"@id":"https:\/\/experienciadevida.com.ar\/portalurbano\/#organization"},"potentialAction":[{"@type":"SearchAction","target":{"@type":"EntryPoint","urlTemplate":"https:\/\/experienciadevida.com.ar\/portalurbano\/?s={search_term_string}"},"query-input":"required name=search_term_string"}],"inLanguage":"es"},{"@type":"Organization","@id":"https:\/\/experienciadevida.com.ar\/portalurbano\/#organization","name":"Portal Urbano","url":"https:\/\/experienciadevida.com.ar\/portalurbano\/","logo":{"@type":"ImageObject","inLanguage":"es","@id":"https:\/\/experienciadevida.com.ar\/portalurbano\/#\/schema\/logo\/image\/","url":"https:\/\/experienciadevida.com.ar\/portalurbano\/wp-content\/uploads\/2019\/09\/Logo-Original.png","contentUrl":"https:\/\/experienciadevida.com.ar\/portalurbano\/wp-content\/uploads\/2019\/09\/Logo-Original.png","width":2236,"height":1216,"caption":"Portal Urbano"},"image":{"@id":"https:\/\/experienciadevida.com.ar\/portalurbano\/#\/schema\/logo\/image\/"},"sameAs":["https:\/\/www.facebook.com\/Portal-Urbano-171542830093757\/","https:\/\/twitter.com\/portalurbanook","https:\/\/www.instagram.com\/_portalurbano\/","https:\/\/www.youtube.com\/channel\/UCXhagIfszH8KxFiOok79zbA?view_as=subscriber"]},{"@type":"Person","@id":"https:\/\/experienciadevida.com.ar\/portalurbano\/#\/schema\/person\/02dd326b1c4b056e9cc972486934a3a7","name":"admpu17wp","image":{"@type":"ImageObject","inLanguage":"es","@id":"https:\/\/experienciadevida.com.ar\/portalurbano\/#\/schema\/person\/image\/","url":"https:\/\/secure.gravatar.com\/avatar\/830d4c57adaae6630765e449a6908047?s=96&d=mm&r=g","contentUrl":"https:\/\/secure.gravatar.com\/avatar\/830d4c57adaae6630765e449a6908047?s=96&d=mm&r=g","caption":"admpu17wp"}}]}},"featured_image_urls":{"full":["https:\/\/experienciadevida.com.ar\/portalurbano\/wp-content\/uploads\/2020\/09\/Gestion-integral-de-residuos-e1601049206893.jpg",765,510,false],"thumbnail":["https:\/\/experienciadevida.com.ar\/portalurbano\/wp-content\/uploads\/2020\/09\/Gestion-integral-de-residuos-150x150.jpg",150,150,true],"medium":["https:\/\/experienciadevida.com.ar\/portalurbano\/wp-content\/uploads\/2020\/09\/Gestion-integral-de-residuos-300x200.jpg",300,200,true],"medium_large":["https:\/\/experienciadevida.com.ar\/portalurbano\/wp-content\/uploads\/2020\/09\/Gestion-integral-de-residuos-768x512.jpg",640,427,true],"large":["https:\/\/experienciadevida.com.ar\/portalurbano\/wp-content\/uploads\/2020\/09\/Gestion-integral-de-residuos-1024x683.jpg",640,427,true],"ug_big":["https:\/\/experienciadevida.com.ar\/portalurbano\/wp-content\/uploads\/2020\/09\/Gestion-integral-de-residuos-768x512.jpg",768,512,true],"1536x1536":["https:\/\/experienciadevida.com.ar\/portalurbano\/wp-content\/uploads\/2020\/09\/Gestion-integral-de-residuos-1536x1024.jpg",1536,1024,true],"2048x2048":["https:\/\/experienciadevida.com.ar\/portalurbano\/wp-content\/uploads\/2020\/09\/Gestion-integral-de-residuos-e1601049206893.jpg",765,510,false],"newsever-slider-full":["https:\/\/experienciadevida.com.ar\/portalurbano\/wp-content\/uploads\/2020\/09\/Gestion-integral-de-residuos-e1601049206893.jpg",765,510,false],"newsever-featured":["https:\/\/experienciadevida.com.ar\/portalurbano\/wp-content\/uploads\/2020\/09\/Gestion-integral-de-residuos-e1601049206893.jpg",765,510,false],"newsever-medium":["https:\/\/experienciadevida.com.ar\/portalurbano\/wp-content\/uploads\/2020\/09\/Gestion-integral-de-residuos-e1601049206893.jpg",713,475,false],"web-stories-poster-portrait":["https:\/\/experienciadevida.com.ar\/portalurbano\/wp-content\/uploads\/2020\/09\/Gestion-integral-de-residuos-e1601049206893.jpg",640,427,false],"web-stories-publisher-logo":["https:\/\/experienciadevida.com.ar\/portalurbano\/wp-content\/uploads\/2020\/09\/Gestion-integral-de-residuos-e1601049206893.jpg",96,64,false],"web-stories-thumbnail":["https:\/\/experienciadevida.com.ar\/portalurbano\/wp-content\/uploads\/2020\/09\/Gestion-integral-de-residuos-e1601049206893.jpg",150,100,false]},"author_info":{"display_name":"admpu17wp","author_link":"https:\/\/experienciadevida.com.ar\/portalurbano\/author\/admpu17wp\/"},"category_info":"<a href=\"https:\/\/experienciadevida.com.ar\/portalurbano\/category\/ciudad\/\" rel=\"category tag\">Ciudad<\/a> <a href=\"https:\/\/experienciadevida.com.ar\/portalurbano\/category\/destacadas\/\" rel=\"category tag\">Destacadas<\/a>","tag_info":"Destacadas","comment_count":"0","amp_enabled":true,"_links":{"self":[{"href":"https:\/\/experienciadevida.com.ar\/portalurbano\/wp-json\/wp\/v2\/posts\/122520"}],"collection":[{"href":"https:\/\/experienciadevida.com.ar\/portalurbano\/wp-json\/wp\/v2\/posts"}],"about":[{"href":"https:\/\/experienciadevida.com.ar\/portalurbano\/wp-json\/wp\/v2\/types\/post"}],"author":[{"embeddable":true,"href":"https:\/\/experienciadevida.com.ar\/portalurbano\/wp-json\/wp\/v2\/users\/1"}],"replies":[{"embeddable":true,"href":"https:\/\/experienciadevida.com.ar\/portalurbano\/wp-json\/wp\/v2\/comments?post=122520"}],"version-history":[{"count":3,"href":"https:\/\/experienciadevida.com.ar\/portalurbano\/wp-json\/wp\/v2\/posts\/122520\/revisions"}],"predecessor-version":[{"id":122528,"href":"https:\/\/experienciadevida.com.ar\/portalurbano\/wp-json\/wp\/v2\/posts\/122520\/revisions\/122528"}],"wp:featuredmedia":[{"embeddable":true,"href":"https:\/\/experienciadevida.com.ar\/portalurbano\/wp-json\/wp\/v2\/media\/122521"}],"wp:attachment":[{"href":"https:\/\/experienciadevida.com.ar\/portalurbano\/wp-json\/wp\/v2\/media?parent=122520"}],"wp:term":[{"taxonomy":"category","embeddable":true,"href":"https:\/\/experienciadevida.com.ar\/portalurbano\/wp-json\/wp\/v2\/categories?post=122520"},{"taxonomy":"post_tag","embeddable":true,"href":"https:\/\/experienciadevida.com.ar\/portalurbano\/wp-json\/wp\/v2\/tags?post=122520"}],"curies":[{"name":"wp","href":"https:\/\/api.w.org\/{rel}","templated":true}]}}