{"id":122478,"date":"2020-09-25T09:53:19","date_gmt":"2020-09-25T12:53:19","guid":{"rendered":"https:\/\/experienciadevida.com.ar\/portalurbano\/?p=122478"},"modified":"2020-09-25T10:23:07","modified_gmt":"2020-09-25T13:23:07","slug":"en-un-operativo-infraccionaron-a-varias-personas-y-secuestraron-vehiculos","status":"publish","type":"post","link":"https:\/\/experienciadevida.com.ar\/portalurbano\/en-un-operativo-infraccionaron-a-varias-personas-y-secuestraron-vehiculos\/","title":{"rendered":"En un operativo infraccionaron a varias personas y secuestraron veh\u00edculos"},"content":{"rendered":"<p>El Personal del comando de patrullas junto con comisar\u00eda primera y segunda realiz\u00f3 un <strong>operativo<\/strong> de prevenci\u00f3n de il\u00edcitos y faltas en general.<\/p>\n<p>Se procedi\u00f3 a la interceptaci\u00f3n de 5 motocicletas por distintas infracciones a la Ley 24449\u00a0 y se iniciaron actuaciones a varias personas por infracci\u00f3n al decreto 297.<\/p>\n<p><a href=\"https:\/\/experienciadevida.com.ar\/portalurbano\/en-un-operativo-infraccionaron-a-varias-personas-y-secuestraron-vehiculos\/moto-17\/\" rel=\"attachment wp-att-122480\"><img decoding=\"async\" class=\"alignnone size-full wp-image-122480\" src=\"https:\/\/experienciadevida.com.ar\/portalurbano\/wp-content\/uploads\/2020\/09\/Moto-e1601038348187.jpg\" alt=\"\" width=\"765\" height=\"372\" \/><\/a><\/p>\n<p>La totalidad de los veh\u00edculos interceptados en el <strong>operativo <\/strong>fueron trasladados al Corralon Municipal. Todas las actuaciones y los veh\u00edculos quedaron a disposici\u00f3n del Juzgado de Faltas Local.<\/p>\n<p><a href=\"https:\/\/experienciadevida.com.ar\/portalurbano\/en-un-operativo-infraccionaron-a-varias-personas-y-secuestraron-vehiculos\/moto2-8\/\" rel=\"attachment wp-att-122481\"><img decoding=\"async\" class=\"alignnone size-full wp-image-122481\" src=\"https:\/\/experienciadevida.com.ar\/portalurbano\/wp-content\/uploads\/2020\/09\/Moto2-e1601038373838.jpg\" alt=\"\" width=\"765\" height=\"383\" \/><\/a><\/p>\n<p>En el hecho intervino el Juzgado de Faltas local y la fiscal\u00eda\u00a0 federal de Azul.<\/p>\n","protected":false},"excerpt":{"rendered":"<p>El Personal del comando de patrullas junto con comisar\u00eda primera y segunda realiz\u00f3 un operativo&#8230;<\/p>\n","protected":false},"author":1,"featured_media":122479,"comment_status":"closed","ping_status":"closed","sticky":false,"template":"","format":"standard","meta":{"content-type":""},"categories":[51,40],"tags":[],"nelio_content":{"isAutoShareEnabled":false,"autoShareEndMode":"default","automationSources":{"useContentSentences":true,"useSocialTemplates":true,"useCustomSentences":false,"customSentences":[]},"followers":[1],"suggestedReferences":[],"includedReferences":[],"efiUrl":"","efiAlt":"","highlights":[]},"yoast_head":"<!-- This site is optimized with the Yoast SEO plugin v20.7 - https:\/\/yoast.com\/wordpress\/plugins\/seo\/ -->\n<title>En un operativo infraccionaron a varias personas y secuestraron veh\u00edculos<\/title>\n<meta name=\"description\" content=\"El personal policial realiz\u00f3 un operativo de control vehicular en el que intercept\u00f3 a varias personas y secuestr\u00f3 motos por infracciones.\" \/>\n<meta name=\"robots\" content=\"index, follow, max-snippet:-1, max-image-preview:large, max-video-preview:-1\" \/>\n<link rel=\"canonical\" href=\"https:\/\/experienciadevida.com.ar\/portalurbano\/en-un-operativo-infraccionaron-a-varias-personas-y-secuestraron-vehiculos\/\" \/>\n<meta property=\"og:locale\" content=\"es_ES\" \/>\n<meta property=\"og:type\" content=\"article\" \/>\n<meta property=\"og:title\" content=\"En un operativo infraccionaron a varias personas y secuestraron veh\u00edculos\" \/>\n<meta property=\"og:description\" content=\"El personal policial realiz\u00f3 un operativo de control vehicular en el que intercept\u00f3 a varias personas y secuestr\u00f3 motos por infracciones.\" \/>\n<meta property=\"og:url\" content=\"https:\/\/experienciadevida.com.ar\/portalurbano\/en-un-operativo-infraccionaron-a-varias-personas-y-secuestraron-vehiculos\/\" \/>\n<meta property=\"article:publisher\" content=\"https:\/\/www.facebook.com\/Portal-Urbano-171542830093757\/\" \/>\n<meta property=\"article:published_time\" content=\"2020-09-25T12:53:19+00:00\" \/>\n<meta property=\"article:modified_time\" content=\"2020-09-25T13:23:07+00:00\" \/>\n<meta property=\"og:image\" content=\"https:\/\/experienciadevida.com.ar\/portalurbano\/wp-content\/uploads\/2020\/09\/Moto1-e1601038315800.jpg\" \/>\n\t<meta property=\"og:image:width\" content=\"765\" \/>\n\t<meta property=\"og:image:height\" content=\"574\" \/>\n\t<meta property=\"og:image:type\" content=\"image\/jpeg\" \/>\n<meta name=\"author\" content=\"admpu17wp\" \/>\n<meta name=\"twitter:card\" content=\"summary_large_image\" \/>\n<meta name=\"twitter:creator\" content=\"@portalurbanook\" \/>\n<meta name=\"twitter:site\" content=\"@portalurbanook\" \/>\n<meta name=\"twitter:label1\" content=\"Escrito por\" \/>\n\t<meta name=\"twitter:data1\" content=\"admpu17wp\" \/>\n<script type=\"application\/ld+json\" class=\"yoast-schema-graph\">{\"@context\":\"https:\/\/schema.org\",\"@graph\":[{\"@type\":\"Article\",\"@id\":\"https:\/\/experienciadevida.com.ar\/portalurbano\/en-un-operativo-infraccionaron-a-varias-personas-y-secuestraron-vehiculos\/#article\",\"isPartOf\":{\"@id\":\"https:\/\/experienciadevida.com.ar\/portalurbano\/en-un-operativo-infraccionaron-a-varias-personas-y-secuestraron-vehiculos\/\"},\"author\":{\"name\":\"admpu17wp\",\"@id\":\"https:\/\/experienciadevida.com.ar\/portalurbano\/#\/schema\/person\/02dd326b1c4b056e9cc972486934a3a7\"},\"headline\":\"En un operativo infraccionaron a varias personas y secuestraron veh\u00edculos\",\"datePublished\":\"2020-09-25T12:53:19+00:00\",\"dateModified\":\"2020-09-25T13:23:07+00:00\",\"mainEntityOfPage\":{\"@id\":\"https:\/\/experienciadevida.com.ar\/portalurbano\/en-un-operativo-infraccionaron-a-varias-personas-y-secuestraron-vehiculos\/\"},\"wordCount\":110,\"publisher\":{\"@id\":\"https:\/\/experienciadevida.com.ar\/portalurbano\/#organization\"},\"articleSection\":[\"Destacadas\",\"Policiales\"],\"inLanguage\":\"es\"},{\"@type\":\"WebPage\",\"@id\":\"https:\/\/experienciadevida.com.ar\/portalurbano\/en-un-operativo-infraccionaron-a-varias-personas-y-secuestraron-vehiculos\/\",\"url\":\"https:\/\/experienciadevida.com.ar\/portalurbano\/en-un-operativo-infraccionaron-a-varias-personas-y-secuestraron-vehiculos\/\",\"name\":\"En un operativo infraccionaron a varias personas y secuestraron veh\u00edculos\",\"isPartOf\":{\"@id\":\"https:\/\/experienciadevida.com.ar\/portalurbano\/#website\"},\"datePublished\":\"2020-09-25T12:53:19+00:00\",\"dateModified\":\"2020-09-25T13:23:07+00:00\",\"description\":\"El personal policial realiz\u00f3 un operativo de control vehicular en el que intercept\u00f3 a varias personas y secuestr\u00f3 motos por infracciones.\",\"breadcrumb\":{\"@id\":\"https:\/\/experienciadevida.com.ar\/portalurbano\/en-un-operativo-infraccionaron-a-varias-personas-y-secuestraron-vehiculos\/#breadcrumb\"},\"inLanguage\":\"es\",\"potentialAction\":[{\"@type\":\"ReadAction\",\"target\":[\"https:\/\/experienciadevida.com.ar\/portalurbano\/en-un-operativo-infraccionaron-a-varias-personas-y-secuestraron-vehiculos\/\"]}]},{\"@type\":\"BreadcrumbList\",\"@id\":\"https:\/\/experienciadevida.com.ar\/portalurbano\/en-un-operativo-infraccionaron-a-varias-personas-y-secuestraron-vehiculos\/#breadcrumb\",\"itemListElement\":[{\"@type\":\"ListItem\",\"position\":1,\"name\":\"Portada\",\"item\":\"https:\/\/experienciadevida.com.ar\/portalurbano\/\"},{\"@type\":\"ListItem\",\"position\":2,\"name\":\"En un operativo infraccionaron a varias personas y secuestraron veh\u00edculos\"}]},{\"@type\":\"WebSite\",\"@id\":\"https:\/\/experienciadevida.com.ar\/portalurbano\/#website\",\"url\":\"https:\/\/experienciadevida.com.ar\/portalurbano\/\",\"name\":\"\",\"description\":\"\",\"publisher\":{\"@id\":\"https:\/\/experienciadevida.com.ar\/portalurbano\/#organization\"},\"potentialAction\":[{\"@type\":\"SearchAction\",\"target\":{\"@type\":\"EntryPoint\",\"urlTemplate\":\"https:\/\/experienciadevida.com.ar\/portalurbano\/?s={search_term_string}\"},\"query-input\":\"required name=search_term_string\"}],\"inLanguage\":\"es\"},{\"@type\":\"Organization\",\"@id\":\"https:\/\/experienciadevida.com.ar\/portalurbano\/#organization\",\"name\":\"Portal Urbano\",\"url\":\"https:\/\/experienciadevida.com.ar\/portalurbano\/\",\"logo\":{\"@type\":\"ImageObject\",\"inLanguage\":\"es\",\"@id\":\"https:\/\/experienciadevida.com.ar\/portalurbano\/#\/schema\/logo\/image\/\",\"url\":\"https:\/\/experienciadevida.com.ar\/portalurbano\/wp-content\/uploads\/2019\/09\/Logo-Original.png\",\"contentUrl\":\"https:\/\/experienciadevida.com.ar\/portalurbano\/wp-content\/uploads\/2019\/09\/Logo-Original.png\",\"width\":2236,\"height\":1216,\"caption\":\"Portal Urbano\"},\"image\":{\"@id\":\"https:\/\/experienciadevida.com.ar\/portalurbano\/#\/schema\/logo\/image\/\"},\"sameAs\":[\"https:\/\/www.facebook.com\/Portal-Urbano-171542830093757\/\",\"https:\/\/twitter.com\/portalurbanook\",\"https:\/\/www.instagram.com\/_portalurbano\/\",\"https:\/\/www.youtube.com\/channel\/UCXhagIfszH8KxFiOok79zbA?view_as=subscriber\"]},{\"@type\":\"Person\",\"@id\":\"https:\/\/experienciadevida.com.ar\/portalurbano\/#\/schema\/person\/02dd326b1c4b056e9cc972486934a3a7\",\"name\":\"admpu17wp\",\"image\":{\"@type\":\"ImageObject\",\"inLanguage\":\"es\",\"@id\":\"https:\/\/experienciadevida.com.ar\/portalurbano\/#\/schema\/person\/image\/\",\"url\":\"https:\/\/secure.gravatar.com\/avatar\/830d4c57adaae6630765e449a6908047?s=96&d=mm&r=g\",\"contentUrl\":\"https:\/\/secure.gravatar.com\/avatar\/830d4c57adaae6630765e449a6908047?s=96&d=mm&r=g\",\"caption\":\"admpu17wp\"}}]}<\/script>\n<!-- \/ Yoast SEO plugin. -->","yoast_head_json":{"title":"En un operativo infraccionaron a varias personas y secuestraron veh\u00edculos","description":"El personal policial realiz\u00f3 un operativo de control vehicular en el que intercept\u00f3 a varias personas y secuestr\u00f3 motos por infracciones.","robots":{"index":"index","follow":"follow","max-snippet":"max-snippet:-1","max-image-preview":"max-image-preview:large","max-video-preview":"max-video-preview:-1"},"canonical":"https:\/\/experienciadevida.com.ar\/portalurbano\/en-un-operativo-infraccionaron-a-varias-personas-y-secuestraron-vehiculos\/","og_locale":"es_ES","og_type":"article","og_title":"En un operativo infraccionaron a varias personas y secuestraron veh\u00edculos","og_description":"El personal policial realiz\u00f3 un operativo de control vehicular en el que intercept\u00f3 a varias personas y secuestr\u00f3 motos por infracciones.","og_url":"https:\/\/experienciadevida.com.ar\/portalurbano\/en-un-operativo-infraccionaron-a-varias-personas-y-secuestraron-vehiculos\/","article_publisher":"https:\/\/www.facebook.com\/Portal-Urbano-171542830093757\/","article_published_time":"2020-09-25T12:53:19+00:00","article_modified_time":"2020-09-25T13:23:07+00:00","og_image":[{"width":765,"height":574,"url":"https:\/\/experienciadevida.com.ar\/portalurbano\/wp-content\/uploads\/2020\/09\/Moto1-e1601038315800.jpg","type":"image\/jpeg"}],"author":"admpu17wp","twitter_card":"summary_large_image","twitter_creator":"@portalurbanook","twitter_site":"@portalurbanook","twitter_misc":{"Escrito por":"admpu17wp"},"schema":{"@context":"https:\/\/schema.org","@graph":[{"@type":"Article","@id":"https:\/\/experienciadevida.com.ar\/portalurbano\/en-un-operativo-infraccionaron-a-varias-personas-y-secuestraron-vehiculos\/#article","isPartOf":{"@id":"https:\/\/experienciadevida.com.ar\/portalurbano\/en-un-operativo-infraccionaron-a-varias-personas-y-secuestraron-vehiculos\/"},"author":{"name":"admpu17wp","@id":"https:\/\/experienciadevida.com.ar\/portalurbano\/#\/schema\/person\/02dd326b1c4b056e9cc972486934a3a7"},"headline":"En un operativo infraccionaron a varias personas y secuestraron veh\u00edculos","datePublished":"2020-09-25T12:53:19+00:00","dateModified":"2020-09-25T13:23:07+00:00","mainEntityOfPage":{"@id":"https:\/\/experienciadevida.com.ar\/portalurbano\/en-un-operativo-infraccionaron-a-varias-personas-y-secuestraron-vehiculos\/"},"wordCount":110,"publisher":{"@id":"https:\/\/experienciadevida.com.ar\/portalurbano\/#organization"},"articleSection":["Destacadas","Policiales"],"inLanguage":"es"},{"@type":"WebPage","@id":"https:\/\/experienciadevida.com.ar\/portalurbano\/en-un-operativo-infraccionaron-a-varias-personas-y-secuestraron-vehiculos\/","url":"https:\/\/experienciadevida.com.ar\/portalurbano\/en-un-operativo-infraccionaron-a-varias-personas-y-secuestraron-vehiculos\/","name":"En un operativo infraccionaron a varias personas y secuestraron veh\u00edculos","isPartOf":{"@id":"https:\/\/experienciadevida.com.ar\/portalurbano\/#website"},"datePublished":"2020-09-25T12:53:19+00:00","dateModified":"2020-09-25T13:23:07+00:00","description":"El personal policial realiz\u00f3 un operativo de control vehicular en el que intercept\u00f3 a varias personas y secuestr\u00f3 motos por infracciones.","breadcrumb":{"@id":"https:\/\/experienciadevida.com.ar\/portalurbano\/en-un-operativo-infraccionaron-a-varias-personas-y-secuestraron-vehiculos\/#breadcrumb"},"inLanguage":"es","potentialAction":[{"@type":"ReadAction","target":["https:\/\/experienciadevida.com.ar\/portalurbano\/en-un-operativo-infraccionaron-a-varias-personas-y-secuestraron-vehiculos\/"]}]},{"@type":"BreadcrumbList","@id":"https:\/\/experienciadevida.com.ar\/portalurbano\/en-un-operativo-infraccionaron-a-varias-personas-y-secuestraron-vehiculos\/#breadcrumb","itemListElement":[{"@type":"ListItem","position":1,"name":"Portada","item":"https:\/\/experienciadevida.com.ar\/portalurbano\/"},{"@type":"ListItem","position":2,"name":"En un operativo infraccionaron a varias personas y secuestraron veh\u00edculos"}]},{"@type":"WebSite","@id":"https:\/\/experienciadevida.com.ar\/portalurbano\/#website","url":"https:\/\/experienciadevida.com.ar\/portalurbano\/","name":"","description":"","publisher":{"@id":"https:\/\/experienciadevida.com.ar\/portalurbano\/#organization"},"potentialAction":[{"@type":"SearchAction","target":{"@type":"EntryPoint","urlTemplate":"https:\/\/experienciadevida.com.ar\/portalurbano\/?s={search_term_string}"},"query-input":"required name=search_term_string"}],"inLanguage":"es"},{"@type":"Organization","@id":"https:\/\/experienciadevida.com.ar\/portalurbano\/#organization","name":"Portal Urbano","url":"https:\/\/experienciadevida.com.ar\/portalurbano\/","logo":{"@type":"ImageObject","inLanguage":"es","@id":"https:\/\/experienciadevida.com.ar\/portalurbano\/#\/schema\/logo\/image\/","url":"https:\/\/experienciadevida.com.ar\/portalurbano\/wp-content\/uploads\/2019\/09\/Logo-Original.png","contentUrl":"https:\/\/experienciadevida.com.ar\/portalurbano\/wp-content\/uploads\/2019\/09\/Logo-Original.png","width":2236,"height":1216,"caption":"Portal Urbano"},"image":{"@id":"https:\/\/experienciadevida.com.ar\/portalurbano\/#\/schema\/logo\/image\/"},"sameAs":["https:\/\/www.facebook.com\/Portal-Urbano-171542830093757\/","https:\/\/twitter.com\/portalurbanook","https:\/\/www.instagram.com\/_portalurbano\/","https:\/\/www.youtube.com\/channel\/UCXhagIfszH8KxFiOok79zbA?view_as=subscriber"]},{"@type":"Person","@id":"https:\/\/experienciadevida.com.ar\/portalurbano\/#\/schema\/person\/02dd326b1c4b056e9cc972486934a3a7","name":"admpu17wp","image":{"@type":"ImageObject","inLanguage":"es","@id":"https:\/\/experienciadevida.com.ar\/portalurbano\/#\/schema\/person\/image\/","url":"https:\/\/secure.gravatar.com\/avatar\/830d4c57adaae6630765e449a6908047?s=96&d=mm&r=g","contentUrl":"https:\/\/secure.gravatar.com\/avatar\/830d4c57adaae6630765e449a6908047?s=96&d=mm&r=g","caption":"admpu17wp"}}]}},"featured_image_urls":{"full":["https:\/\/experienciadevida.com.ar\/portalurbano\/wp-content\/uploads\/2020\/09\/Moto1-e1601038315800.jpg",765,574,false],"thumbnail":["https:\/\/experienciadevida.com.ar\/portalurbano\/wp-content\/uploads\/2020\/09\/Moto1-150x150.jpg",150,150,true],"medium":["https:\/\/experienciadevida.com.ar\/portalurbano\/wp-content\/uploads\/2020\/09\/Moto1-300x225.jpg",300,225,true],"medium_large":["https:\/\/experienciadevida.com.ar\/portalurbano\/wp-content\/uploads\/2020\/09\/Moto1-768x576.jpg",640,480,true],"large":["https:\/\/experienciadevida.com.ar\/portalurbano\/wp-content\/uploads\/2020\/09\/Moto1-1024x768.jpg",640,480,true],"ug_big":["https:\/\/experienciadevida.com.ar\/portalurbano\/wp-content\/uploads\/2020\/09\/Moto1-768x576.jpg",768,576,true],"1536x1536":["https:\/\/experienciadevida.com.ar\/portalurbano\/wp-content\/uploads\/2020\/09\/Moto1-e1601038315800.jpg",765,574,false],"2048x2048":["https:\/\/experienciadevida.com.ar\/portalurbano\/wp-content\/uploads\/2020\/09\/Moto1-e1601038315800.jpg",765,574,false],"newsever-slider-full":["https:\/\/experienciadevida.com.ar\/portalurbano\/wp-content\/uploads\/2020\/09\/Moto1-e1601038315800.jpg",765,574,false],"newsever-featured":["https:\/\/experienciadevida.com.ar\/portalurbano\/wp-content\/uploads\/2020\/09\/Moto1-e1601038315800.jpg",765,574,false],"newsever-medium":["https:\/\/experienciadevida.com.ar\/portalurbano\/wp-content\/uploads\/2020\/09\/Moto1-e1601038315800.jpg",633,475,false],"web-stories-poster-portrait":["https:\/\/experienciadevida.com.ar\/portalurbano\/wp-content\/uploads\/2020\/09\/Moto1-e1601038315800.jpg",640,480,false],"web-stories-publisher-logo":["https:\/\/experienciadevida.com.ar\/portalurbano\/wp-content\/uploads\/2020\/09\/Moto1-e1601038315800.jpg",96,72,false],"web-stories-thumbnail":["https:\/\/experienciadevida.com.ar\/portalurbano\/wp-content\/uploads\/2020\/09\/Moto1-e1601038315800.jpg",150,113,false]},"author_info":{"display_name":"admpu17wp","author_link":"https:\/\/experienciadevida.com.ar\/portalurbano\/author\/admpu17wp\/"},"category_info":"<a href=\"https:\/\/experienciadevida.com.ar\/portalurbano\/category\/destacadas\/\" rel=\"category tag\">Destacadas<\/a> <a href=\"https:\/\/experienciadevida.com.ar\/portalurbano\/category\/policiales\/\" rel=\"category tag\">Policiales<\/a>","tag_info":"Policiales","comment_count":"0","amp_enabled":true,"_links":{"self":[{"href":"https:\/\/experienciadevida.com.ar\/portalurbano\/wp-json\/wp\/v2\/posts\/122478"}],"collection":[{"href":"https:\/\/experienciadevida.com.ar\/portalurbano\/wp-json\/wp\/v2\/posts"}],"about":[{"href":"https:\/\/experienciadevida.com.ar\/portalurbano\/wp-json\/wp\/v2\/types\/post"}],"author":[{"embeddable":true,"href":"https:\/\/experienciadevida.com.ar\/portalurbano\/wp-json\/wp\/v2\/users\/1"}],"replies":[{"embeddable":true,"href":"https:\/\/experienciadevida.com.ar\/portalurbano\/wp-json\/wp\/v2\/comments?post=122478"}],"version-history":[{"count":5,"href":"https:\/\/experienciadevida.com.ar\/portalurbano\/wp-json\/wp\/v2\/posts\/122478\/revisions"}],"predecessor-version":[{"id":122494,"href":"https:\/\/experienciadevida.com.ar\/portalurbano\/wp-json\/wp\/v2\/posts\/122478\/revisions\/122494"}],"wp:featuredmedia":[{"embeddable":true,"href":"https:\/\/experienciadevida.com.ar\/portalurbano\/wp-json\/wp\/v2\/media\/122479"}],"wp:attachment":[{"href":"https:\/\/experienciadevida.com.ar\/portalurbano\/wp-json\/wp\/v2\/media?parent=122478"}],"wp:term":[{"taxonomy":"category","embeddable":true,"href":"https:\/\/experienciadevida.com.ar\/portalurbano\/wp-json\/wp\/v2\/categories?post=122478"},{"taxonomy":"post_tag","embeddable":true,"href":"https:\/\/experienciadevida.com.ar\/portalurbano\/wp-json\/wp\/v2\/tags?post=122478"}],"curies":[{"name":"wp","href":"https:\/\/api.w.org\/{rel}","templated":true}]}}