{"id":122450,"date":"2020-09-24T19:23:52","date_gmt":"2020-09-24T22:23:52","guid":{"rendered":"https:\/\/experienciadevida.com.ar\/portalurbano\/?p=122450"},"modified":"2020-09-24T19:26:15","modified_gmt":"2020-09-24T22:26:15","slug":"en-control-policial-se-retuvo-una-moto-que-tenia-pedido-de-secuestro-por-robo","status":"publish","type":"post","link":"https:\/\/experienciadevida.com.ar\/portalurbano\/en-control-policial-se-retuvo-una-moto-que-tenia-pedido-de-secuestro-por-robo\/","title":{"rendered":"En control policial se retuvo una moto que ten\u00eda pedido de secuestro por robo"},"content":{"rendered":"<p><strong>La polic\u00eda del comando de patrullas logr\u00f3 recuperar una moto que ten\u00eda pedido de secuestro ya que hab\u00eda sido denunciada como robada en el d\u00eda de ayer.<\/strong>\u00a0El moto veh\u00edculo fue interceptado por uno de los controles que se vienen dando con continuidad en Olavarr\u00eda y que vienen arrojando resultados positivos.<\/p>\n<p><strong>En la tarde de este mi\u00e9rcoles y continuando con los operativos que se vienen llevando a cabo durante esta semana<\/strong>\u00a0el comando de patrullas de Olavarr\u00eda , intercept\u00f3 un motocicleta, trat\u00e1ndose de un rodado de marca Motomel S2 de color negra sin patente ni luces, ni carenado.<\/p>\n<p>Los efectivos procedieron en un control de rutina\u00a0 a corroborar el numero de motor y cuadro, los cuales una vez\u00a0 obtenidos se consult\u00f3 a la base de datos, con la sorpresa de que este rodado le pesaba un pedido de secuestro de fecha 23 de Septiembre del cte a\u00f1o, por una denuncia de un vecino de la localidad de Sierra Chica, inmediatamente se inform\u00f3 al Fiscal de turno, quien dispuso el secuestro y el traslado hacia la Sub Comisaria de esa Localidad quedando a disposici\u00f3n del Magistrado interviniente.<\/p>\n<p>Interviene UFI N\u00b0 10 a cargo de la Dra. Viviana Beytia. El hecho fue caratulado como <strong>ROBO MOTOCICLETA<\/strong><\/p>\n<p>Asimismo se recuerda a la poblaci\u00f3n que ante las sospechas de un delito, se encuentra habilitada la l\u00ednea gratuita de la polic\u00eda llamando al n\u00famero 911, donde los vecinos tambi\u00e9n pueden colaborar en hacer una ciudad lo m\u00e1s segura posible.<\/p>\n","protected":false},"excerpt":{"rendered":"<p>La polic\u00eda del comando de patrullas logr\u00f3 recuperar una moto que ten\u00eda pedido de secuestro&#8230;<\/p>\n","protected":false},"author":1,"featured_media":122451,"comment_status":"closed","ping_status":"closed","sticky":false,"template":"","format":"standard","meta":{"content-type":""},"categories":[51,40],"tags":[427],"nelio_content":{"isAutoShareEnabled":false,"autoShareEndMode":"default","automationSources":{"useContentSentences":true,"useSocialTemplates":true,"useCustomSentences":false,"customSentences":[]},"followers":[1],"suggestedReferences":[],"includedReferences":[],"efiUrl":"","efiAlt":"","highlights":[]},"yoast_head":"<!-- This site is optimized with the Yoast SEO plugin v20.7 - https:\/\/yoast.com\/wordpress\/plugins\/seo\/ -->\n<title>En control policial se retuvo una moto que ten\u00eda pedido de secuestro<\/title>\n<meta name=\"description\" content=\"La polic\u00eda del comando de patrullas logr\u00f3 recuperar una moto que ten\u00eda pedido de secuestro ya que hab\u00eda sido denunciada como robada\" \/>\n<meta name=\"robots\" content=\"index, follow, max-snippet:-1, max-image-preview:large, max-video-preview:-1\" \/>\n<link rel=\"canonical\" href=\"https:\/\/experienciadevida.com.ar\/portalurbano\/en-control-policial-se-retuvo-una-moto-que-tenia-pedido-de-secuestro-por-robo\/\" \/>\n<meta property=\"og:locale\" content=\"es_ES\" \/>\n<meta property=\"og:type\" content=\"article\" \/>\n<meta property=\"og:title\" content=\"En control policial se retuvo una moto que ten\u00eda pedido de secuestro\" \/>\n<meta property=\"og:description\" content=\"La polic\u00eda del comando de patrullas logr\u00f3 recuperar una moto que ten\u00eda pedido de secuestro ya que hab\u00eda sido denunciada como robada\" \/>\n<meta property=\"og:url\" content=\"https:\/\/experienciadevida.com.ar\/portalurbano\/en-control-policial-se-retuvo-una-moto-que-tenia-pedido-de-secuestro-por-robo\/\" \/>\n<meta property=\"article:publisher\" content=\"https:\/\/www.facebook.com\/Portal-Urbano-171542830093757\/\" \/>\n<meta property=\"article:published_time\" content=\"2020-09-24T22:23:52+00:00\" \/>\n<meta property=\"article:modified_time\" content=\"2020-09-24T22:26:15+00:00\" \/>\n<meta property=\"og:image\" content=\"https:\/\/experienciadevida.com.ar\/portalurbano\/wp-content\/uploads\/2020\/09\/a11f126d-ab0e-45a1-afc6-136930dfeb35-e1600985989840.jpg\" \/>\n\t<meta property=\"og:image:width\" content=\"750\" \/>\n\t<meta property=\"og:image:height\" content=\"563\" \/>\n\t<meta property=\"og:image:type\" content=\"image\/jpeg\" \/>\n<meta name=\"author\" content=\"admpu17wp\" \/>\n<meta name=\"twitter:card\" content=\"summary_large_image\" \/>\n<meta name=\"twitter:creator\" content=\"@portalurbanook\" \/>\n<meta name=\"twitter:site\" content=\"@portalurbanook\" \/>\n<meta name=\"twitter:label1\" content=\"Escrito por\" \/>\n\t<meta name=\"twitter:data1\" content=\"admpu17wp\" \/>\n\t<meta name=\"twitter:label2\" content=\"Tiempo de lectura\" \/>\n\t<meta name=\"twitter:data2\" content=\"1 minuto\" \/>\n<script type=\"application\/ld+json\" class=\"yoast-schema-graph\">{\"@context\":\"https:\/\/schema.org\",\"@graph\":[{\"@type\":\"Article\",\"@id\":\"https:\/\/experienciadevida.com.ar\/portalurbano\/en-control-policial-se-retuvo-una-moto-que-tenia-pedido-de-secuestro-por-robo\/#article\",\"isPartOf\":{\"@id\":\"https:\/\/experienciadevida.com.ar\/portalurbano\/en-control-policial-se-retuvo-una-moto-que-tenia-pedido-de-secuestro-por-robo\/\"},\"author\":{\"name\":\"admpu17wp\",\"@id\":\"https:\/\/experienciadevida.com.ar\/portalurbano\/#\/schema\/person\/02dd326b1c4b056e9cc972486934a3a7\"},\"headline\":\"En control policial se retuvo una moto que ten\u00eda pedido de secuestro por robo\",\"datePublished\":\"2020-09-24T22:23:52+00:00\",\"dateModified\":\"2020-09-24T22:26:15+00:00\",\"mainEntityOfPage\":{\"@id\":\"https:\/\/experienciadevida.com.ar\/portalurbano\/en-control-policial-se-retuvo-una-moto-que-tenia-pedido-de-secuestro-por-robo\/\"},\"wordCount\":272,\"publisher\":{\"@id\":\"https:\/\/experienciadevida.com.ar\/portalurbano\/#organization\"},\"keywords\":[\"comando de patrulla olavarria\"],\"articleSection\":[\"Destacadas\",\"Policiales\"],\"inLanguage\":\"es\"},{\"@type\":\"WebPage\",\"@id\":\"https:\/\/experienciadevida.com.ar\/portalurbano\/en-control-policial-se-retuvo-una-moto-que-tenia-pedido-de-secuestro-por-robo\/\",\"url\":\"https:\/\/experienciadevida.com.ar\/portalurbano\/en-control-policial-se-retuvo-una-moto-que-tenia-pedido-de-secuestro-por-robo\/\",\"name\":\"En control policial se retuvo una moto que ten\u00eda pedido de secuestro\",\"isPartOf\":{\"@id\":\"https:\/\/experienciadevida.com.ar\/portalurbano\/#website\"},\"datePublished\":\"2020-09-24T22:23:52+00:00\",\"dateModified\":\"2020-09-24T22:26:15+00:00\",\"description\":\"La polic\u00eda del comando de patrullas logr\u00f3 recuperar una moto que ten\u00eda pedido de secuestro ya que hab\u00eda sido denunciada como robada\",\"breadcrumb\":{\"@id\":\"https:\/\/experienciadevida.com.ar\/portalurbano\/en-control-policial-se-retuvo-una-moto-que-tenia-pedido-de-secuestro-por-robo\/#breadcrumb\"},\"inLanguage\":\"es\",\"potentialAction\":[{\"@type\":\"ReadAction\",\"target\":[\"https:\/\/experienciadevida.com.ar\/portalurbano\/en-control-policial-se-retuvo-una-moto-que-tenia-pedido-de-secuestro-por-robo\/\"]}]},{\"@type\":\"BreadcrumbList\",\"@id\":\"https:\/\/experienciadevida.com.ar\/portalurbano\/en-control-policial-se-retuvo-una-moto-que-tenia-pedido-de-secuestro-por-robo\/#breadcrumb\",\"itemListElement\":[{\"@type\":\"ListItem\",\"position\":1,\"name\":\"Portada\",\"item\":\"https:\/\/experienciadevida.com.ar\/portalurbano\/\"},{\"@type\":\"ListItem\",\"position\":2,\"name\":\"En control policial se retuvo una moto que ten\u00eda pedido de secuestro por robo\"}]},{\"@type\":\"WebSite\",\"@id\":\"https:\/\/experienciadevida.com.ar\/portalurbano\/#website\",\"url\":\"https:\/\/experienciadevida.com.ar\/portalurbano\/\",\"name\":\"\",\"description\":\"\",\"publisher\":{\"@id\":\"https:\/\/experienciadevida.com.ar\/portalurbano\/#organization\"},\"potentialAction\":[{\"@type\":\"SearchAction\",\"target\":{\"@type\":\"EntryPoint\",\"urlTemplate\":\"https:\/\/experienciadevida.com.ar\/portalurbano\/?s={search_term_string}\"},\"query-input\":\"required name=search_term_string\"}],\"inLanguage\":\"es\"},{\"@type\":\"Organization\",\"@id\":\"https:\/\/experienciadevida.com.ar\/portalurbano\/#organization\",\"name\":\"Portal Urbano\",\"url\":\"https:\/\/experienciadevida.com.ar\/portalurbano\/\",\"logo\":{\"@type\":\"ImageObject\",\"inLanguage\":\"es\",\"@id\":\"https:\/\/experienciadevida.com.ar\/portalurbano\/#\/schema\/logo\/image\/\",\"url\":\"https:\/\/experienciadevida.com.ar\/portalurbano\/wp-content\/uploads\/2019\/09\/Logo-Original.png\",\"contentUrl\":\"https:\/\/experienciadevida.com.ar\/portalurbano\/wp-content\/uploads\/2019\/09\/Logo-Original.png\",\"width\":2236,\"height\":1216,\"caption\":\"Portal Urbano\"},\"image\":{\"@id\":\"https:\/\/experienciadevida.com.ar\/portalurbano\/#\/schema\/logo\/image\/\"},\"sameAs\":[\"https:\/\/www.facebook.com\/Portal-Urbano-171542830093757\/\",\"https:\/\/twitter.com\/portalurbanook\",\"https:\/\/www.instagram.com\/_portalurbano\/\",\"https:\/\/www.youtube.com\/channel\/UCXhagIfszH8KxFiOok79zbA?view_as=subscriber\"]},{\"@type\":\"Person\",\"@id\":\"https:\/\/experienciadevida.com.ar\/portalurbano\/#\/schema\/person\/02dd326b1c4b056e9cc972486934a3a7\",\"name\":\"admpu17wp\",\"image\":{\"@type\":\"ImageObject\",\"inLanguage\":\"es\",\"@id\":\"https:\/\/experienciadevida.com.ar\/portalurbano\/#\/schema\/person\/image\/\",\"url\":\"https:\/\/secure.gravatar.com\/avatar\/830d4c57adaae6630765e449a6908047?s=96&d=mm&r=g\",\"contentUrl\":\"https:\/\/secure.gravatar.com\/avatar\/830d4c57adaae6630765e449a6908047?s=96&d=mm&r=g\",\"caption\":\"admpu17wp\"}}]}<\/script>\n<!-- \/ Yoast SEO plugin. -->","yoast_head_json":{"title":"En control policial se retuvo una moto que ten\u00eda pedido de secuestro","description":"La polic\u00eda del comando de patrullas logr\u00f3 recuperar una moto que ten\u00eda pedido de secuestro ya que hab\u00eda sido denunciada como robada","robots":{"index":"index","follow":"follow","max-snippet":"max-snippet:-1","max-image-preview":"max-image-preview:large","max-video-preview":"max-video-preview:-1"},"canonical":"https:\/\/experienciadevida.com.ar\/portalurbano\/en-control-policial-se-retuvo-una-moto-que-tenia-pedido-de-secuestro-por-robo\/","og_locale":"es_ES","og_type":"article","og_title":"En control policial se retuvo una moto que ten\u00eda pedido de secuestro","og_description":"La polic\u00eda del comando de patrullas logr\u00f3 recuperar una moto que ten\u00eda pedido de secuestro ya que hab\u00eda sido denunciada como robada","og_url":"https:\/\/experienciadevida.com.ar\/portalurbano\/en-control-policial-se-retuvo-una-moto-que-tenia-pedido-de-secuestro-por-robo\/","article_publisher":"https:\/\/www.facebook.com\/Portal-Urbano-171542830093757\/","article_published_time":"2020-09-24T22:23:52+00:00","article_modified_time":"2020-09-24T22:26:15+00:00","og_image":[{"width":750,"height":563,"url":"https:\/\/experienciadevida.com.ar\/portalurbano\/wp-content\/uploads\/2020\/09\/a11f126d-ab0e-45a1-afc6-136930dfeb35-e1600985989840.jpg","type":"image\/jpeg"}],"author":"admpu17wp","twitter_card":"summary_large_image","twitter_creator":"@portalurbanook","twitter_site":"@portalurbanook","twitter_misc":{"Escrito por":"admpu17wp","Tiempo de lectura":"1 minuto"},"schema":{"@context":"https:\/\/schema.org","@graph":[{"@type":"Article","@id":"https:\/\/experienciadevida.com.ar\/portalurbano\/en-control-policial-se-retuvo-una-moto-que-tenia-pedido-de-secuestro-por-robo\/#article","isPartOf":{"@id":"https:\/\/experienciadevida.com.ar\/portalurbano\/en-control-policial-se-retuvo-una-moto-que-tenia-pedido-de-secuestro-por-robo\/"},"author":{"name":"admpu17wp","@id":"https:\/\/experienciadevida.com.ar\/portalurbano\/#\/schema\/person\/02dd326b1c4b056e9cc972486934a3a7"},"headline":"En control policial se retuvo una moto que ten\u00eda pedido de secuestro por robo","datePublished":"2020-09-24T22:23:52+00:00","dateModified":"2020-09-24T22:26:15+00:00","mainEntityOfPage":{"@id":"https:\/\/experienciadevida.com.ar\/portalurbano\/en-control-policial-se-retuvo-una-moto-que-tenia-pedido-de-secuestro-por-robo\/"},"wordCount":272,"publisher":{"@id":"https:\/\/experienciadevida.com.ar\/portalurbano\/#organization"},"keywords":["comando de patrulla olavarria"],"articleSection":["Destacadas","Policiales"],"inLanguage":"es"},{"@type":"WebPage","@id":"https:\/\/experienciadevida.com.ar\/portalurbano\/en-control-policial-se-retuvo-una-moto-que-tenia-pedido-de-secuestro-por-robo\/","url":"https:\/\/experienciadevida.com.ar\/portalurbano\/en-control-policial-se-retuvo-una-moto-que-tenia-pedido-de-secuestro-por-robo\/","name":"En control policial se retuvo una moto que ten\u00eda pedido de secuestro","isPartOf":{"@id":"https:\/\/experienciadevida.com.ar\/portalurbano\/#website"},"datePublished":"2020-09-24T22:23:52+00:00","dateModified":"2020-09-24T22:26:15+00:00","description":"La polic\u00eda del comando de patrullas logr\u00f3 recuperar una moto que ten\u00eda pedido de secuestro ya que hab\u00eda sido denunciada como robada","breadcrumb":{"@id":"https:\/\/experienciadevida.com.ar\/portalurbano\/en-control-policial-se-retuvo-una-moto-que-tenia-pedido-de-secuestro-por-robo\/#breadcrumb"},"inLanguage":"es","potentialAction":[{"@type":"ReadAction","target":["https:\/\/experienciadevida.com.ar\/portalurbano\/en-control-policial-se-retuvo-una-moto-que-tenia-pedido-de-secuestro-por-robo\/"]}]},{"@type":"BreadcrumbList","@id":"https:\/\/experienciadevida.com.ar\/portalurbano\/en-control-policial-se-retuvo-una-moto-que-tenia-pedido-de-secuestro-por-robo\/#breadcrumb","itemListElement":[{"@type":"ListItem","position":1,"name":"Portada","item":"https:\/\/experienciadevida.com.ar\/portalurbano\/"},{"@type":"ListItem","position":2,"name":"En control policial se retuvo una moto que ten\u00eda pedido de secuestro por robo"}]},{"@type":"WebSite","@id":"https:\/\/experienciadevida.com.ar\/portalurbano\/#website","url":"https:\/\/experienciadevida.com.ar\/portalurbano\/","name":"","description":"","publisher":{"@id":"https:\/\/experienciadevida.com.ar\/portalurbano\/#organization"},"potentialAction":[{"@type":"SearchAction","target":{"@type":"EntryPoint","urlTemplate":"https:\/\/experienciadevida.com.ar\/portalurbano\/?s={search_term_string}"},"query-input":"required name=search_term_string"}],"inLanguage":"es"},{"@type":"Organization","@id":"https:\/\/experienciadevida.com.ar\/portalurbano\/#organization","name":"Portal Urbano","url":"https:\/\/experienciadevida.com.ar\/portalurbano\/","logo":{"@type":"ImageObject","inLanguage":"es","@id":"https:\/\/experienciadevida.com.ar\/portalurbano\/#\/schema\/logo\/image\/","url":"https:\/\/experienciadevida.com.ar\/portalurbano\/wp-content\/uploads\/2019\/09\/Logo-Original.png","contentUrl":"https:\/\/experienciadevida.com.ar\/portalurbano\/wp-content\/uploads\/2019\/09\/Logo-Original.png","width":2236,"height":1216,"caption":"Portal Urbano"},"image":{"@id":"https:\/\/experienciadevida.com.ar\/portalurbano\/#\/schema\/logo\/image\/"},"sameAs":["https:\/\/www.facebook.com\/Portal-Urbano-171542830093757\/","https:\/\/twitter.com\/portalurbanook","https:\/\/www.instagram.com\/_portalurbano\/","https:\/\/www.youtube.com\/channel\/UCXhagIfszH8KxFiOok79zbA?view_as=subscriber"]},{"@type":"Person","@id":"https:\/\/experienciadevida.com.ar\/portalurbano\/#\/schema\/person\/02dd326b1c4b056e9cc972486934a3a7","name":"admpu17wp","image":{"@type":"ImageObject","inLanguage":"es","@id":"https:\/\/experienciadevida.com.ar\/portalurbano\/#\/schema\/person\/image\/","url":"https:\/\/secure.gravatar.com\/avatar\/830d4c57adaae6630765e449a6908047?s=96&d=mm&r=g","contentUrl":"https:\/\/secure.gravatar.com\/avatar\/830d4c57adaae6630765e449a6908047?s=96&d=mm&r=g","caption":"admpu17wp"}}]}},"featured_image_urls":{"full":["https:\/\/experienciadevida.com.ar\/portalurbano\/wp-content\/uploads\/2020\/09\/a11f126d-ab0e-45a1-afc6-136930dfeb35-e1600985989840.jpg",750,563,false],"thumbnail":["https:\/\/experienciadevida.com.ar\/portalurbano\/wp-content\/uploads\/2020\/09\/a11f126d-ab0e-45a1-afc6-136930dfeb35-150x150.jpg",150,150,true],"medium":["https:\/\/experienciadevida.com.ar\/portalurbano\/wp-content\/uploads\/2020\/09\/a11f126d-ab0e-45a1-afc6-136930dfeb35-300x225.jpg",300,225,true],"medium_large":["https:\/\/experienciadevida.com.ar\/portalurbano\/wp-content\/uploads\/2020\/09\/a11f126d-ab0e-45a1-afc6-136930dfeb35-768x576.jpg",640,480,true],"large":["https:\/\/experienciadevida.com.ar\/portalurbano\/wp-content\/uploads\/2020\/09\/a11f126d-ab0e-45a1-afc6-136930dfeb35-1024x768.jpg",640,480,true],"ug_big":["https:\/\/experienciadevida.com.ar\/portalurbano\/wp-content\/uploads\/2020\/09\/a11f126d-ab0e-45a1-afc6-136930dfeb35-768x576.jpg",768,576,true],"1536x1536":["https:\/\/experienciadevida.com.ar\/portalurbano\/wp-content\/uploads\/2020\/09\/a11f126d-ab0e-45a1-afc6-136930dfeb35-e1600985989840.jpg",750,563,false],"2048x2048":["https:\/\/experienciadevida.com.ar\/portalurbano\/wp-content\/uploads\/2020\/09\/a11f126d-ab0e-45a1-afc6-136930dfeb35-e1600985989840.jpg",750,563,false],"newsever-slider-full":["https:\/\/experienciadevida.com.ar\/portalurbano\/wp-content\/uploads\/2020\/09\/a11f126d-ab0e-45a1-afc6-136930dfeb35-e1600985989840.jpg",750,563,false],"newsever-featured":["https:\/\/experienciadevida.com.ar\/portalurbano\/wp-content\/uploads\/2020\/09\/a11f126d-ab0e-45a1-afc6-136930dfeb35-e1600985989840.jpg",750,563,false],"newsever-medium":["https:\/\/experienciadevida.com.ar\/portalurbano\/wp-content\/uploads\/2020\/09\/a11f126d-ab0e-45a1-afc6-136930dfeb35-e1600985989840.jpg",633,475,false],"web-stories-poster-portrait":["https:\/\/experienciadevida.com.ar\/portalurbano\/wp-content\/uploads\/2020\/09\/a11f126d-ab0e-45a1-afc6-136930dfeb35-e1600985989840.jpg",640,480,false],"web-stories-publisher-logo":["https:\/\/experienciadevida.com.ar\/portalurbano\/wp-content\/uploads\/2020\/09\/a11f126d-ab0e-45a1-afc6-136930dfeb35-e1600985989840.jpg",96,72,false],"web-stories-thumbnail":["https:\/\/experienciadevida.com.ar\/portalurbano\/wp-content\/uploads\/2020\/09\/a11f126d-ab0e-45a1-afc6-136930dfeb35-e1600985989840.jpg",150,113,false]},"author_info":{"display_name":"admpu17wp","author_link":"https:\/\/experienciadevida.com.ar\/portalurbano\/author\/admpu17wp\/"},"category_info":"<a href=\"https:\/\/experienciadevida.com.ar\/portalurbano\/category\/destacadas\/\" rel=\"category tag\">Destacadas<\/a> <a href=\"https:\/\/experienciadevida.com.ar\/portalurbano\/category\/policiales\/\" rel=\"category tag\">Policiales<\/a>","tag_info":"Policiales","comment_count":"0","amp_enabled":true,"_links":{"self":[{"href":"https:\/\/experienciadevida.com.ar\/portalurbano\/wp-json\/wp\/v2\/posts\/122450"}],"collection":[{"href":"https:\/\/experienciadevida.com.ar\/portalurbano\/wp-json\/wp\/v2\/posts"}],"about":[{"href":"https:\/\/experienciadevida.com.ar\/portalurbano\/wp-json\/wp\/v2\/types\/post"}],"author":[{"embeddable":true,"href":"https:\/\/experienciadevida.com.ar\/portalurbano\/wp-json\/wp\/v2\/users\/1"}],"replies":[{"embeddable":true,"href":"https:\/\/experienciadevida.com.ar\/portalurbano\/wp-json\/wp\/v2\/comments?post=122450"}],"version-history":[{"count":2,"href":"https:\/\/experienciadevida.com.ar\/portalurbano\/wp-json\/wp\/v2\/posts\/122450\/revisions"}],"predecessor-version":[{"id":122453,"href":"https:\/\/experienciadevida.com.ar\/portalurbano\/wp-json\/wp\/v2\/posts\/122450\/revisions\/122453"}],"wp:featuredmedia":[{"embeddable":true,"href":"https:\/\/experienciadevida.com.ar\/portalurbano\/wp-json\/wp\/v2\/media\/122451"}],"wp:attachment":[{"href":"https:\/\/experienciadevida.com.ar\/portalurbano\/wp-json\/wp\/v2\/media?parent=122450"}],"wp:term":[{"taxonomy":"category","embeddable":true,"href":"https:\/\/experienciadevida.com.ar\/portalurbano\/wp-json\/wp\/v2\/categories?post=122450"},{"taxonomy":"post_tag","embeddable":true,"href":"https:\/\/experienciadevida.com.ar\/portalurbano\/wp-json\/wp\/v2\/tags?post=122450"}],"curies":[{"name":"wp","href":"https:\/\/api.w.org\/{rel}","templated":true}]}}