{"id":122420,"date":"2020-09-24T13:44:29","date_gmt":"2020-09-24T16:44:29","guid":{"rendered":"https:\/\/experienciadevida.com.ar\/portalurbano\/?p=122420"},"modified":"2020-09-24T13:45:25","modified_gmt":"2020-09-24T16:45:25","slug":"carlos-bianco-sobre-el-decreto-de-gimnasios-cuando-no-se-cumple-la-ley-puede-haber-consecuencias-legales","status":"publish","type":"post","link":"https:\/\/experienciadevida.com.ar\/portalurbano\/carlos-bianco-sobre-el-decreto-de-gimnasios-cuando-no-se-cumple-la-ley-puede-haber-consecuencias-legales\/","title":{"rendered":"Carlos Bianco sobre el decreto de gimnasios: &#8220;Cuando no se cumple la ley puede haber consecuencias legales&#8221;"},"content":{"rendered":"<p>El Jefe de Gabinete <strong>Carlos Bianco,<\/strong> dialog\u00f3 este jueves con FM del multimedios El Eco y habl\u00f3 sobre Olavarr\u00eda y el decreto del Intendente que habilit\u00f3 los gimnasios en una fase que no estaban permitidos.<\/p>\n<p>El Jefe de Gabinete dijo &#8220;<em>cuando no se cumple la ley tiene sanciones legales, nosotros no estamos haciendo una persecuci\u00f3n porque la Provincia tampoco tiene la capacidad de estar en todos los distritos viendo si se cumple a raja tabla todo&#8221;.<\/em><\/p>\n<p>Por eso,<strong> Carlos Bianco<\/strong> coment\u00f3 &#8220;<em>Invito a todos los que tienen una responsabilidad\u00a0 p\u00fablica e institucional a que cumplan la ley solamente eso, no cumplir la ley puede tener consecuencias legales. Lo he hablado con Intendentes de juntos por el cambio, pertenecientes a la Uni\u00f3n C\u00edvica Radical al pro inclusive que lo comprenden perfectamente lo que nosotros lo incitamos es a que lo cumplan&#8221;.<\/em><\/p>\n<p>Por otro lado\u00a0 expres\u00f3 <em>&#8220;una cosa es en el marco de un sistema de fases, tener alguna flexibilizaci\u00f3n sobre el margen, otra cosa es no respetar ninguna de los puntos que establecimos&#8221;.<\/em><\/p>\n<p><em>&#8220;La Provincia no va a judicializar nada, lo que yo digo es y lo he hablado con muchos intendentes y me han dado la raz\u00f3n por eso nos preocupa. Supongamos que un Municipio habilita por fuera del sistema de normas, por ejemplo el deporte grupal, se enferma una persona contagia a su padre y fallece, su hermano puede hacer una denuncia penal diciendo que esa persona falleci\u00f3 porque estaba haciendo una actividad que no deber\u00eda\u00a0 haber estado permitida y si la permiti\u00f3 determinado funcionario, el funcionario va a tener que responder por eso&#8221;.<\/em><\/p>\n<p>A su vez Carlos Bianco coment\u00f3 <em>&#8220;el ciudadano est\u00e1 en derecho de denunciar el incumplimiento de una norma, que tiene consecuencias sobre su propiedad o sobre su salud. Se puede demandar al Municipio, no digo que vaya a a suceder a la Provincia no le podr\u00eda pasar porque estamos estableciendo un marco para que sea de cumplimiento efectivo en toda la provincia el problema es de quien incumple con la norma establecida&#8221;.\u00a0<\/em><\/p>\n","protected":false},"excerpt":{"rendered":"<p>El Jefe de Gabinete Carlos Bianco, dialog\u00f3 este jueves con FM del multimedios El Eco&#8230;<\/p>\n","protected":false},"author":1,"featured_media":111152,"comment_status":"closed","ping_status":"closed","sticky":false,"template":"","format":"standard","meta":{"content-type":""},"categories":[27,51],"tags":[],"nelio_content":{"isAutoShareEnabled":false,"autoShareEndMode":"default","automationSources":{"useContentSentences":true,"useSocialTemplates":true,"useCustomSentences":false,"customSentences":[]},"followers":[1],"suggestedReferences":[],"includedReferences":[],"efiUrl":"","efiAlt":"","highlights":[]},"yoast_head":"<!-- This site is optimized with the Yoast SEO plugin v20.7 - https:\/\/yoast.com\/wordpress\/plugins\/seo\/ -->\n<title>Carlos Bianco &quot;Cuando la ley no se cumple puede haber consecuencias&quot;<\/title>\n<meta name=\"description\" content=\"El Jefe de Gabinetes, Carlos Bianco, en una entrevista radial habl\u00f3 sobre Olavarr\u00eda y el decreto que habilita a los gimnasios abrir en fase 4\" \/>\n<meta name=\"robots\" content=\"index, follow, max-snippet:-1, max-image-preview:large, max-video-preview:-1\" \/>\n<link rel=\"canonical\" href=\"https:\/\/experienciadevida.com.ar\/portalurbano\/carlos-bianco-sobre-el-decreto-de-gimnasios-cuando-no-se-cumple-la-ley-puede-haber-consecuencias-legales\/\" \/>\n<meta property=\"og:locale\" content=\"es_ES\" \/>\n<meta property=\"og:type\" content=\"article\" \/>\n<meta property=\"og:title\" content=\"Carlos Bianco &quot;Cuando la ley no se cumple puede haber consecuencias&quot;\" \/>\n<meta property=\"og:description\" content=\"El Jefe de Gabinetes, Carlos Bianco, en una entrevista radial habl\u00f3 sobre Olavarr\u00eda y el decreto que habilita a los gimnasios abrir en fase 4\" \/>\n<meta property=\"og:url\" content=\"https:\/\/experienciadevida.com.ar\/portalurbano\/carlos-bianco-sobre-el-decreto-de-gimnasios-cuando-no-se-cumple-la-ley-puede-haber-consecuencias-legales\/\" \/>\n<meta property=\"article:publisher\" content=\"https:\/\/www.facebook.com\/Portal-Urbano-171542830093757\/\" \/>\n<meta property=\"article:published_time\" content=\"2020-09-24T16:44:29+00:00\" \/>\n<meta property=\"article:modified_time\" content=\"2020-09-24T16:45:25+00:00\" \/>\n<meta property=\"og:image\" content=\"https:\/\/experienciadevida.com.ar\/portalurbano\/wp-content\/uploads\/2020\/06\/CARLOSBIANCO-e1599735656610.jpg\" \/>\n\t<meta property=\"og:image:width\" content=\"750\" \/>\n\t<meta property=\"og:image:height\" content=\"420\" \/>\n\t<meta property=\"og:image:type\" content=\"image\/jpeg\" \/>\n<meta name=\"author\" content=\"admpu17wp\" \/>\n<meta name=\"twitter:card\" content=\"summary_large_image\" \/>\n<meta name=\"twitter:creator\" content=\"@portalurbanook\" \/>\n<meta name=\"twitter:site\" content=\"@portalurbanook\" \/>\n<meta name=\"twitter:label1\" content=\"Escrito por\" \/>\n\t<meta name=\"twitter:data1\" content=\"admpu17wp\" \/>\n\t<meta name=\"twitter:label2\" content=\"Tiempo de lectura\" \/>\n\t<meta name=\"twitter:data2\" content=\"2 minutos\" \/>\n<script type=\"application\/ld+json\" class=\"yoast-schema-graph\">{\"@context\":\"https:\/\/schema.org\",\"@graph\":[{\"@type\":\"Article\",\"@id\":\"https:\/\/experienciadevida.com.ar\/portalurbano\/carlos-bianco-sobre-el-decreto-de-gimnasios-cuando-no-se-cumple-la-ley-puede-haber-consecuencias-legales\/#article\",\"isPartOf\":{\"@id\":\"https:\/\/experienciadevida.com.ar\/portalurbano\/carlos-bianco-sobre-el-decreto-de-gimnasios-cuando-no-se-cumple-la-ley-puede-haber-consecuencias-legales\/\"},\"author\":{\"name\":\"admpu17wp\",\"@id\":\"https:\/\/experienciadevida.com.ar\/portalurbano\/#\/schema\/person\/02dd326b1c4b056e9cc972486934a3a7\"},\"headline\":\"Carlos Bianco sobre el decreto de gimnasios: &#8220;Cuando no se cumple la ley puede haber consecuencias legales&#8221;\",\"datePublished\":\"2020-09-24T16:44:29+00:00\",\"dateModified\":\"2020-09-24T16:45:25+00:00\",\"mainEntityOfPage\":{\"@id\":\"https:\/\/experienciadevida.com.ar\/portalurbano\/carlos-bianco-sobre-el-decreto-de-gimnasios-cuando-no-se-cumple-la-ley-puede-haber-consecuencias-legales\/\"},\"wordCount\":363,\"publisher\":{\"@id\":\"https:\/\/experienciadevida.com.ar\/portalurbano\/#organization\"},\"articleSection\":[\"Ciudad\",\"Destacadas\"],\"inLanguage\":\"es\"},{\"@type\":\"WebPage\",\"@id\":\"https:\/\/experienciadevida.com.ar\/portalurbano\/carlos-bianco-sobre-el-decreto-de-gimnasios-cuando-no-se-cumple-la-ley-puede-haber-consecuencias-legales\/\",\"url\":\"https:\/\/experienciadevida.com.ar\/portalurbano\/carlos-bianco-sobre-el-decreto-de-gimnasios-cuando-no-se-cumple-la-ley-puede-haber-consecuencias-legales\/\",\"name\":\"Carlos Bianco \\\"Cuando la ley no se cumple puede haber consecuencias\\\"\",\"isPartOf\":{\"@id\":\"https:\/\/experienciadevida.com.ar\/portalurbano\/#website\"},\"datePublished\":\"2020-09-24T16:44:29+00:00\",\"dateModified\":\"2020-09-24T16:45:25+00:00\",\"description\":\"El Jefe de Gabinetes, Carlos Bianco, en una entrevista radial habl\u00f3 sobre Olavarr\u00eda y el decreto que habilita a los gimnasios abrir en fase 4\",\"breadcrumb\":{\"@id\":\"https:\/\/experienciadevida.com.ar\/portalurbano\/carlos-bianco-sobre-el-decreto-de-gimnasios-cuando-no-se-cumple-la-ley-puede-haber-consecuencias-legales\/#breadcrumb\"},\"inLanguage\":\"es\",\"potentialAction\":[{\"@type\":\"ReadAction\",\"target\":[\"https:\/\/experienciadevida.com.ar\/portalurbano\/carlos-bianco-sobre-el-decreto-de-gimnasios-cuando-no-se-cumple-la-ley-puede-haber-consecuencias-legales\/\"]}]},{\"@type\":\"BreadcrumbList\",\"@id\":\"https:\/\/experienciadevida.com.ar\/portalurbano\/carlos-bianco-sobre-el-decreto-de-gimnasios-cuando-no-se-cumple-la-ley-puede-haber-consecuencias-legales\/#breadcrumb\",\"itemListElement\":[{\"@type\":\"ListItem\",\"position\":1,\"name\":\"Portada\",\"item\":\"https:\/\/experienciadevida.com.ar\/portalurbano\/\"},{\"@type\":\"ListItem\",\"position\":2,\"name\":\"Carlos Bianco sobre el decreto de gimnasios: \u00abCuando no se cumple la ley puede haber consecuencias legales\u00bb\"}]},{\"@type\":\"WebSite\",\"@id\":\"https:\/\/experienciadevida.com.ar\/portalurbano\/#website\",\"url\":\"https:\/\/experienciadevida.com.ar\/portalurbano\/\",\"name\":\"\",\"description\":\"\",\"publisher\":{\"@id\":\"https:\/\/experienciadevida.com.ar\/portalurbano\/#organization\"},\"potentialAction\":[{\"@type\":\"SearchAction\",\"target\":{\"@type\":\"EntryPoint\",\"urlTemplate\":\"https:\/\/experienciadevida.com.ar\/portalurbano\/?s={search_term_string}\"},\"query-input\":\"required name=search_term_string\"}],\"inLanguage\":\"es\"},{\"@type\":\"Organization\",\"@id\":\"https:\/\/experienciadevida.com.ar\/portalurbano\/#organization\",\"name\":\"Portal Urbano\",\"url\":\"https:\/\/experienciadevida.com.ar\/portalurbano\/\",\"logo\":{\"@type\":\"ImageObject\",\"inLanguage\":\"es\",\"@id\":\"https:\/\/experienciadevida.com.ar\/portalurbano\/#\/schema\/logo\/image\/\",\"url\":\"https:\/\/experienciadevida.com.ar\/portalurbano\/wp-content\/uploads\/2019\/09\/Logo-Original.png\",\"contentUrl\":\"https:\/\/experienciadevida.com.ar\/portalurbano\/wp-content\/uploads\/2019\/09\/Logo-Original.png\",\"width\":2236,\"height\":1216,\"caption\":\"Portal Urbano\"},\"image\":{\"@id\":\"https:\/\/experienciadevida.com.ar\/portalurbano\/#\/schema\/logo\/image\/\"},\"sameAs\":[\"https:\/\/www.facebook.com\/Portal-Urbano-171542830093757\/\",\"https:\/\/twitter.com\/portalurbanook\",\"https:\/\/www.instagram.com\/_portalurbano\/\",\"https:\/\/www.youtube.com\/channel\/UCXhagIfszH8KxFiOok79zbA?view_as=subscriber\"]},{\"@type\":\"Person\",\"@id\":\"https:\/\/experienciadevida.com.ar\/portalurbano\/#\/schema\/person\/02dd326b1c4b056e9cc972486934a3a7\",\"name\":\"admpu17wp\",\"image\":{\"@type\":\"ImageObject\",\"inLanguage\":\"es\",\"@id\":\"https:\/\/experienciadevida.com.ar\/portalurbano\/#\/schema\/person\/image\/\",\"url\":\"https:\/\/secure.gravatar.com\/avatar\/830d4c57adaae6630765e449a6908047?s=96&d=mm&r=g\",\"contentUrl\":\"https:\/\/secure.gravatar.com\/avatar\/830d4c57adaae6630765e449a6908047?s=96&d=mm&r=g\",\"caption\":\"admpu17wp\"}}]}<\/script>\n<!-- \/ Yoast SEO plugin. -->","yoast_head_json":{"title":"Carlos Bianco \"Cuando la ley no se cumple puede haber consecuencias\"","description":"El Jefe de Gabinetes, Carlos Bianco, en una entrevista radial habl\u00f3 sobre Olavarr\u00eda y el decreto que habilita a los gimnasios abrir en fase 4","robots":{"index":"index","follow":"follow","max-snippet":"max-snippet:-1","max-image-preview":"max-image-preview:large","max-video-preview":"max-video-preview:-1"},"canonical":"https:\/\/experienciadevida.com.ar\/portalurbano\/carlos-bianco-sobre-el-decreto-de-gimnasios-cuando-no-se-cumple-la-ley-puede-haber-consecuencias-legales\/","og_locale":"es_ES","og_type":"article","og_title":"Carlos Bianco \"Cuando la ley no se cumple puede haber consecuencias\"","og_description":"El Jefe de Gabinetes, Carlos Bianco, en una entrevista radial habl\u00f3 sobre Olavarr\u00eda y el decreto que habilita a los gimnasios abrir en fase 4","og_url":"https:\/\/experienciadevida.com.ar\/portalurbano\/carlos-bianco-sobre-el-decreto-de-gimnasios-cuando-no-se-cumple-la-ley-puede-haber-consecuencias-legales\/","article_publisher":"https:\/\/www.facebook.com\/Portal-Urbano-171542830093757\/","article_published_time":"2020-09-24T16:44:29+00:00","article_modified_time":"2020-09-24T16:45:25+00:00","og_image":[{"width":750,"height":420,"url":"https:\/\/experienciadevida.com.ar\/portalurbano\/wp-content\/uploads\/2020\/06\/CARLOSBIANCO-e1599735656610.jpg","type":"image\/jpeg"}],"author":"admpu17wp","twitter_card":"summary_large_image","twitter_creator":"@portalurbanook","twitter_site":"@portalurbanook","twitter_misc":{"Escrito por":"admpu17wp","Tiempo de lectura":"2 minutos"},"schema":{"@context":"https:\/\/schema.org","@graph":[{"@type":"Article","@id":"https:\/\/experienciadevida.com.ar\/portalurbano\/carlos-bianco-sobre-el-decreto-de-gimnasios-cuando-no-se-cumple-la-ley-puede-haber-consecuencias-legales\/#article","isPartOf":{"@id":"https:\/\/experienciadevida.com.ar\/portalurbano\/carlos-bianco-sobre-el-decreto-de-gimnasios-cuando-no-se-cumple-la-ley-puede-haber-consecuencias-legales\/"},"author":{"name":"admpu17wp","@id":"https:\/\/experienciadevida.com.ar\/portalurbano\/#\/schema\/person\/02dd326b1c4b056e9cc972486934a3a7"},"headline":"Carlos Bianco sobre el decreto de gimnasios: &#8220;Cuando no se cumple la ley puede haber consecuencias legales&#8221;","datePublished":"2020-09-24T16:44:29+00:00","dateModified":"2020-09-24T16:45:25+00:00","mainEntityOfPage":{"@id":"https:\/\/experienciadevida.com.ar\/portalurbano\/carlos-bianco-sobre-el-decreto-de-gimnasios-cuando-no-se-cumple-la-ley-puede-haber-consecuencias-legales\/"},"wordCount":363,"publisher":{"@id":"https:\/\/experienciadevida.com.ar\/portalurbano\/#organization"},"articleSection":["Ciudad","Destacadas"],"inLanguage":"es"},{"@type":"WebPage","@id":"https:\/\/experienciadevida.com.ar\/portalurbano\/carlos-bianco-sobre-el-decreto-de-gimnasios-cuando-no-se-cumple-la-ley-puede-haber-consecuencias-legales\/","url":"https:\/\/experienciadevida.com.ar\/portalurbano\/carlos-bianco-sobre-el-decreto-de-gimnasios-cuando-no-se-cumple-la-ley-puede-haber-consecuencias-legales\/","name":"Carlos Bianco \"Cuando la ley no se cumple puede haber consecuencias\"","isPartOf":{"@id":"https:\/\/experienciadevida.com.ar\/portalurbano\/#website"},"datePublished":"2020-09-24T16:44:29+00:00","dateModified":"2020-09-24T16:45:25+00:00","description":"El Jefe de Gabinetes, Carlos Bianco, en una entrevista radial habl\u00f3 sobre Olavarr\u00eda y el decreto que habilita a los gimnasios abrir en fase 4","breadcrumb":{"@id":"https:\/\/experienciadevida.com.ar\/portalurbano\/carlos-bianco-sobre-el-decreto-de-gimnasios-cuando-no-se-cumple-la-ley-puede-haber-consecuencias-legales\/#breadcrumb"},"inLanguage":"es","potentialAction":[{"@type":"ReadAction","target":["https:\/\/experienciadevida.com.ar\/portalurbano\/carlos-bianco-sobre-el-decreto-de-gimnasios-cuando-no-se-cumple-la-ley-puede-haber-consecuencias-legales\/"]}]},{"@type":"BreadcrumbList","@id":"https:\/\/experienciadevida.com.ar\/portalurbano\/carlos-bianco-sobre-el-decreto-de-gimnasios-cuando-no-se-cumple-la-ley-puede-haber-consecuencias-legales\/#breadcrumb","itemListElement":[{"@type":"ListItem","position":1,"name":"Portada","item":"https:\/\/experienciadevida.com.ar\/portalurbano\/"},{"@type":"ListItem","position":2,"name":"Carlos Bianco sobre el decreto de gimnasios: \u00abCuando no se cumple la ley puede haber consecuencias legales\u00bb"}]},{"@type":"WebSite","@id":"https:\/\/experienciadevida.com.ar\/portalurbano\/#website","url":"https:\/\/experienciadevida.com.ar\/portalurbano\/","name":"","description":"","publisher":{"@id":"https:\/\/experienciadevida.com.ar\/portalurbano\/#organization"},"potentialAction":[{"@type":"SearchAction","target":{"@type":"EntryPoint","urlTemplate":"https:\/\/experienciadevida.com.ar\/portalurbano\/?s={search_term_string}"},"query-input":"required name=search_term_string"}],"inLanguage":"es"},{"@type":"Organization","@id":"https:\/\/experienciadevida.com.ar\/portalurbano\/#organization","name":"Portal Urbano","url":"https:\/\/experienciadevida.com.ar\/portalurbano\/","logo":{"@type":"ImageObject","inLanguage":"es","@id":"https:\/\/experienciadevida.com.ar\/portalurbano\/#\/schema\/logo\/image\/","url":"https:\/\/experienciadevida.com.ar\/portalurbano\/wp-content\/uploads\/2019\/09\/Logo-Original.png","contentUrl":"https:\/\/experienciadevida.com.ar\/portalurbano\/wp-content\/uploads\/2019\/09\/Logo-Original.png","width":2236,"height":1216,"caption":"Portal Urbano"},"image":{"@id":"https:\/\/experienciadevida.com.ar\/portalurbano\/#\/schema\/logo\/image\/"},"sameAs":["https:\/\/www.facebook.com\/Portal-Urbano-171542830093757\/","https:\/\/twitter.com\/portalurbanook","https:\/\/www.instagram.com\/_portalurbano\/","https:\/\/www.youtube.com\/channel\/UCXhagIfszH8KxFiOok79zbA?view_as=subscriber"]},{"@type":"Person","@id":"https:\/\/experienciadevida.com.ar\/portalurbano\/#\/schema\/person\/02dd326b1c4b056e9cc972486934a3a7","name":"admpu17wp","image":{"@type":"ImageObject","inLanguage":"es","@id":"https:\/\/experienciadevida.com.ar\/portalurbano\/#\/schema\/person\/image\/","url":"https:\/\/secure.gravatar.com\/avatar\/830d4c57adaae6630765e449a6908047?s=96&d=mm&r=g","contentUrl":"https:\/\/secure.gravatar.com\/avatar\/830d4c57adaae6630765e449a6908047?s=96&d=mm&r=g","caption":"admpu17wp"}}]}},"featured_image_urls":{"full":["https:\/\/experienciadevida.com.ar\/portalurbano\/wp-content\/uploads\/2020\/06\/CARLOSBIANCO-e1599735656610.jpg",750,420,false],"thumbnail":["https:\/\/experienciadevida.com.ar\/portalurbano\/wp-content\/uploads\/2020\/06\/CARLOSBIANCO-150x150.jpg",150,150,true],"medium":["https:\/\/experienciadevida.com.ar\/portalurbano\/wp-content\/uploads\/2020\/06\/CARLOSBIANCO-300x168.jpg",300,168,true],"medium_large":["https:\/\/experienciadevida.com.ar\/portalurbano\/wp-content\/uploads\/2020\/06\/CARLOSBIANCO-768x430.jpg",640,358,true],"large":["https:\/\/experienciadevida.com.ar\/portalurbano\/wp-content\/uploads\/2020\/06\/CARLOSBIANCO-e1599735656610.jpg",640,358,false],"ug_big":["https:\/\/experienciadevida.com.ar\/portalurbano\/wp-content\/uploads\/2020\/06\/CARLOSBIANCO-768x430.jpg",768,430,true],"1536x1536":["https:\/\/experienciadevida.com.ar\/portalurbano\/wp-content\/uploads\/2020\/06\/CARLOSBIANCO-e1599735656610.jpg",750,420,false],"2048x2048":["https:\/\/experienciadevida.com.ar\/portalurbano\/wp-content\/uploads\/2020\/06\/CARLOSBIANCO-e1599735656610.jpg",750,420,false],"newsever-slider-full":["https:\/\/experienciadevida.com.ar\/portalurbano\/wp-content\/uploads\/2020\/06\/CARLOSBIANCO-e1599735656610.jpg",750,420,false],"newsever-featured":["https:\/\/experienciadevida.com.ar\/portalurbano\/wp-content\/uploads\/2020\/06\/CARLOSBIANCO-e1599735656610.jpg",750,420,false],"newsever-medium":["https:\/\/experienciadevida.com.ar\/portalurbano\/wp-content\/uploads\/2020\/06\/CARLOSBIANCO-e1599735656610.jpg",720,403,false],"web-stories-poster-portrait":["https:\/\/experienciadevida.com.ar\/portalurbano\/wp-content\/uploads\/2020\/06\/CARLOSBIANCO-e1599735656610.jpg",640,358,false],"web-stories-publisher-logo":["https:\/\/experienciadevida.com.ar\/portalurbano\/wp-content\/uploads\/2020\/06\/CARLOSBIANCO-e1599735656610.jpg",96,54,false],"web-stories-thumbnail":["https:\/\/experienciadevida.com.ar\/portalurbano\/wp-content\/uploads\/2020\/06\/CARLOSBIANCO-e1599735656610.jpg",150,84,false]},"author_info":{"display_name":"admpu17wp","author_link":"https:\/\/experienciadevida.com.ar\/portalurbano\/author\/admpu17wp\/"},"category_info":"<a href=\"https:\/\/experienciadevida.com.ar\/portalurbano\/category\/ciudad\/\" rel=\"category tag\">Ciudad<\/a> <a href=\"https:\/\/experienciadevida.com.ar\/portalurbano\/category\/destacadas\/\" rel=\"category tag\">Destacadas<\/a>","tag_info":"Destacadas","comment_count":"0","amp_enabled":true,"_links":{"self":[{"href":"https:\/\/experienciadevida.com.ar\/portalurbano\/wp-json\/wp\/v2\/posts\/122420"}],"collection":[{"href":"https:\/\/experienciadevida.com.ar\/portalurbano\/wp-json\/wp\/v2\/posts"}],"about":[{"href":"https:\/\/experienciadevida.com.ar\/portalurbano\/wp-json\/wp\/v2\/types\/post"}],"author":[{"embeddable":true,"href":"https:\/\/experienciadevida.com.ar\/portalurbano\/wp-json\/wp\/v2\/users\/1"}],"replies":[{"embeddable":true,"href":"https:\/\/experienciadevida.com.ar\/portalurbano\/wp-json\/wp\/v2\/comments?post=122420"}],"version-history":[{"count":2,"href":"https:\/\/experienciadevida.com.ar\/portalurbano\/wp-json\/wp\/v2\/posts\/122420\/revisions"}],"predecessor-version":[{"id":122426,"href":"https:\/\/experienciadevida.com.ar\/portalurbano\/wp-json\/wp\/v2\/posts\/122420\/revisions\/122426"}],"wp:featuredmedia":[{"embeddable":true,"href":"https:\/\/experienciadevida.com.ar\/portalurbano\/wp-json\/wp\/v2\/media\/111152"}],"wp:attachment":[{"href":"https:\/\/experienciadevida.com.ar\/portalurbano\/wp-json\/wp\/v2\/media?parent=122420"}],"wp:term":[{"taxonomy":"category","embeddable":true,"href":"https:\/\/experienciadevida.com.ar\/portalurbano\/wp-json\/wp\/v2\/categories?post=122420"},{"taxonomy":"post_tag","embeddable":true,"href":"https:\/\/experienciadevida.com.ar\/portalurbano\/wp-json\/wp\/v2\/tags?post=122420"}],"curies":[{"name":"wp","href":"https:\/\/api.w.org\/{rel}","templated":true}]}}