{"id":122130,"date":"2020-09-22T11:24:34","date_gmt":"2020-09-22T14:24:34","guid":{"rendered":"https:\/\/experienciadevida.com.ar\/portalurbano\/?p=122130"},"modified":"2020-09-22T11:47:08","modified_gmt":"2020-09-22T14:47:08","slug":"covid-19-en-olavarria-lo-mas-importante-es-aislarse","status":"publish","type":"post","link":"https:\/\/experienciadevida.com.ar\/portalurbano\/covid-19-en-olavarria-lo-mas-importante-es-aislarse\/","title":{"rendered":"Covid-19 en Olavarr\u00eda: \u201cLo m\u00e1s importante es aislarse\u201d"},"content":{"rendered":"<p>En el Hospital Municipal <a href=\"https:\/\/www.wikidata.org\/wiki\/Q93823637\">\u201cDr. H\u00e9ctor Cura\u201d<\/a>, el trabajo no se detiene desde el mes de marzo \u2013o quiz\u00e1 antes tambi\u00e9n\u2013 en el marco de la Emergencia Sanitaria por <strong>Covid-19 en Olavarr\u00eda.<\/strong><\/p>\n<hr \/>\n<p>Ma\u00f1ana, tarde y noche, el SUM de la Direcci\u00f3n del nosocomio, se ha transformado en \u201ccentro de operaciones\u201d y centenares de profesionales pasan los d\u00edas entre reuniones, capacitaciones, fichas m\u00e9dicas, mates individuales, pulverizadores de alcohol 70\/30, recomendaciones, llamadas telef\u00f3nicas y m\u00e1s.<\/p>\n<p>Es as\u00ed que, en este marco, la m\u00e9dica infect\u00f3loga Silvina Mondini relat\u00f3 que uno de los circuitos a seguir cuando una persona presenta s\u00edntomas compatibles con Covid-19, es que se comunique por tel\u00e9fono con el \u00e1rea de Epidemiolog\u00eda al WhatsApp 2284-544821 o al tel\u00e9fono fijo 419910.<\/p>\n<p>\u201cEn ese momento lo m\u00e1s importante es el aislamiento de la persona, que si hoy empez\u00f3 con dolor de garganta, que a partir de hoy se a\u00edsle. El tema del hisopado nunca es una urgencia y conviene inicialmente hacerlo a las 72 horas del inicio de los s\u00edntomas. Entre el tercer y el quinto d\u00eda de que la persona empez\u00f3 con los s\u00edntomas es lo ideal hacer el hisopado, el aislamiento desde el d\u00eda cero\u201d, relat\u00f3 Mondini.<\/p>\n<p>Al mismo tiempo se\u00f1al\u00f3 que \u201ces importante hacer el hisopado entre el tercer y quinto d\u00eda porque va a haber el menor porcentaje de falso negativo. Si nosotros a esa persona le hacemos el hisopado el mismo d\u00eda que empez\u00f3 con el dolor de garganta, seguramente le d\u00e9 negativo y entonces va a tener que volver a hisoparse, cosa que no conviene. Para la persona que empieza con s\u00edntomas, lo m\u00e1s importante es aislarse en su domicilio. Obviamente que el aislamiento significa no salir de su casa, pero que tampoco puede ir nadie a visitarlo\u201d.<\/p>\n<p>La doctora precis\u00f3 que se espera la evoluci\u00f3n cl\u00ednica luego, se realiza el seguimiento para monitorear c\u00f3mo evolucionan los s\u00edntomas en esos d\u00edas, porque pueden desaparecer o aparecer otra sintomatolog\u00eda.<\/p>\n<p>\u201cLa persona cuyo resultado fue positivo para <strong>Covid-19 en Olavarr\u00eda<\/strong>, tiene que aislarse, como tambi\u00e9n todos los que viven en la misma casa, que se consideran positivos por nexo epidemiol\u00f3gico. Si alguno de ellos presenta s\u00edntomas, tambi\u00e9n se considera positivo por nexo epidemiol\u00f3gico y por cl\u00ednico. Por lo tanto todos los convivientes de la familia quedan aislados. En general al paciente positivo se le cuentan los d\u00edas desde el inicio de los s\u00edntomas (que son 10 d\u00edas) para el alta m\u00e9dica y los convivientes -que son los que tuvieron contacto estrecho- se cuentan 14 d\u00edas de aislamiento a partir del resultado positivo del primer paciente\u201d, defini\u00f3 Mondini.<\/p>\n<p>En este sentido aclar\u00f3 que \u201cestudios cient\u00edficos demuestran que a partir del octavo d\u00eda no contagia. Entonces, siguiendo protocolos nacionales y provinciales, debe quedarse 10 d\u00edas aislado desde el inicio de s\u00edntomas. En cambio el conviviente puede iniciar la enfermedad durante los 14 d\u00edas siguientes (que es el periodo de incubaci\u00f3n). Por eso es distinto el aislamiento de un positivo que de un contacto estrecho\u201d.<\/p>\n<p>En relaci\u00f3n a que exista un caso de <strong>Covid-19 en Olavarr\u00eda<\/strong>, positivo dentro del espacio laboral, la doctora manifest\u00f3 que \u201ces un trabajo de hormiga el que hacemos ac\u00e1, porque tratamos de ver si realmente en el trabajo son contactos estrechos, que es lo que consideramos cuando compartieron m\u00e1s de 15 minutos a menos de 2 metros de distancia y sin barbijo. De cada paciente positivo tenemos que ver los contactos que tienen por fuera de su casa y apelamos siempre a que sean sinceros con nosotros, para que podamos hacer un mejor seguimiento. Apelamos a la responsabilidad, el tema es serio. Nosotros realmente estamos dejando todo en esto, nuestra vida pasa por ac\u00e1\u201d.<\/p>\n<p>En referencia a estas palabras de Mondini, la Asesora en Salud del Municipio <a href=\"https:\/\/twitter.com\/diamantimariana?lang=es\">Mariana Diamanti<\/a> pidi\u00f3 \u201ctolerancia y solidaridad. As\u00ed como vemos en otras ciudades que se saturan las camas y los respiradores, que gracias a Dios no es la realidad de Olavarr\u00eda, se saturan las l\u00edneas telef\u00f3nicas. Si no te llamaron a vos es porque est\u00e1n llamando a otro. Son m\u00e9dicos que est\u00e1n en actividad, tambi\u00e9n est\u00e1n trabajando o en quir\u00f3fano o en la guardia. La mayor\u00eda de los m\u00e9dicos que trabajan en relaci\u00f3n al Covid, tambi\u00e9n est\u00e1n abocados a sus actividades\u201d.<\/p>\n<p>\u201cRepito que lo m\u00e1s importante es el aislamiento. La gente mira los activos del reporte, porque es un n\u00famero importante, pero de cada paciente activo tenemos aisladas 30 personas m\u00e1s y a su vez llamamos a todos los negativos aislados. Por eso pedimos paciencia porque si el llamado no es en el d\u00eda, ser\u00e1 en el siguiente, pero va a ser. El mensaje es que lo urgente es aislarse, pero no hisoparse. Al contrario, porque cometen un error porque el primer d\u00eda puede ser un falso negativo\u201d, agreg\u00f3 la directora del Hospital Municipal Silvina Guanuco.<\/p>\n<p>Finalmente, la Dra. Mondini pidi\u00f3 \u201cque nos digan la verdad, que no nos mientan con los s\u00edntomas, nadie es juzgado por enfermarse, pero para nosotros es importante conocer la realidad para poder hacer un trabajo m\u00e1s especifico y seguro, porque evaluamos cada caso de forma individual y el hisopado depende de un criterio m\u00e9dico asociado a la sintomatolog\u00eda\u201d.<\/p>\n<p>\u201cLo ideal es m\u00e1s tiempo. Cuanto m\u00e1s tiempo pase, mayor posibilidades de que tengas menos falsos negativos hay. Por eso es que nosotros le damos tiempo. Si no le damos ese tiempo, a la gente le puede dar negativo y puede ser un falso negativo. Lo m\u00e1s importante es el aislamiento para evitar los contagios. El virus no camina, ni vuela, ni viaja. Lo transportamos nosotros\u201d, concluy\u00f3 la doctora<a href=\"https:\/\/ar.linkedin.com\/in\/dra-silvina-guanuco-9ba12b27\"> Silvina Guanuco.<\/a><\/p>\n","protected":false},"excerpt":{"rendered":"<p>En el Hospital Municipal \u201cDr. H\u00e9ctor Cura\u201d, el trabajo no se detiene desde el mes&#8230;<\/p>\n","protected":false},"author":1,"featured_media":122131,"comment_status":"closed","ping_status":"closed","sticky":false,"template":"","format":"standard","meta":{"content-type":""},"categories":[51,45],"tags":[],"nelio_content":{"isAutoShareEnabled":false,"autoShareEndMode":"default","automationSources":{"useContentSentences":true,"useSocialTemplates":true,"useCustomSentences":false,"customSentences":[]},"followers":[1],"suggestedReferences":[],"includedReferences":["https:\/\/www.wikidata.org\/wiki\/Q93823637"],"efiUrl":"","efiAlt":"","highlights":[]},"yoast_head":"<!-- This site is optimized with the Yoast SEO plugin v20.7 - https:\/\/yoast.com\/wordpress\/plugins\/seo\/ -->\n<title>Covid-19 en Olavarr\u00eda: \u201cLo m\u00e1s importante es aislarse\u201d<\/title>\n<meta name=\"description\" content=\"Desde que comenz\u00f3 el aislamiento el trabajo no se detiene, en el marco de la emergencia sanitaria de Covid-19 en Olavarr\u00eda.\" \/>\n<meta name=\"robots\" content=\"index, follow, max-snippet:-1, max-image-preview:large, max-video-preview:-1\" \/>\n<link rel=\"canonical\" href=\"https:\/\/experienciadevida.com.ar\/portalurbano\/covid-19-en-olavarria-lo-mas-importante-es-aislarse\/\" \/>\n<meta property=\"og:locale\" content=\"es_ES\" \/>\n<meta property=\"og:type\" content=\"article\" \/>\n<meta property=\"og:title\" content=\"Covid-19 en Olavarr\u00eda: \u201cLo m\u00e1s importante es aislarse\u201d\" \/>\n<meta property=\"og:description\" content=\"Desde que comenz\u00f3 el aislamiento el trabajo no se detiene, en el marco de la emergencia sanitaria de Covid-19 en Olavarr\u00eda.\" \/>\n<meta property=\"og:url\" content=\"https:\/\/experienciadevida.com.ar\/portalurbano\/covid-19-en-olavarria-lo-mas-importante-es-aislarse\/\" \/>\n<meta property=\"article:publisher\" content=\"https:\/\/www.facebook.com\/Portal-Urbano-171542830093757\/\" \/>\n<meta property=\"article:published_time\" content=\"2020-09-22T14:24:34+00:00\" \/>\n<meta property=\"article:modified_time\" content=\"2020-09-22T14:47:08+00:00\" \/>\n<meta property=\"og:image\" content=\"https:\/\/experienciadevida.com.ar\/portalurbano\/wp-content\/uploads\/2020\/09\/Covid-19-en-Olavarria-e1600784528114.jpg\" \/>\n\t<meta property=\"og:image:width\" content=\"765\" \/>\n\t<meta property=\"og:image:height\" content=\"510\" \/>\n\t<meta property=\"og:image:type\" content=\"image\/jpeg\" \/>\n<meta name=\"author\" content=\"admpu17wp\" \/>\n<meta name=\"twitter:card\" content=\"summary_large_image\" \/>\n<meta name=\"twitter:creator\" content=\"@portalurbanook\" \/>\n<meta name=\"twitter:site\" content=\"@portalurbanook\" \/>\n<meta name=\"twitter:label1\" content=\"Escrito por\" \/>\n\t<meta name=\"twitter:data1\" content=\"admpu17wp\" \/>\n\t<meta name=\"twitter:label2\" content=\"Tiempo de lectura\" \/>\n\t<meta name=\"twitter:data2\" content=\"5 minutos\" \/>\n<script type=\"application\/ld+json\" class=\"yoast-schema-graph\">{\"@context\":\"https:\/\/schema.org\",\"@graph\":[{\"@type\":\"Article\",\"@id\":\"https:\/\/experienciadevida.com.ar\/portalurbano\/covid-19-en-olavarria-lo-mas-importante-es-aislarse\/#article\",\"isPartOf\":{\"@id\":\"https:\/\/experienciadevida.com.ar\/portalurbano\/covid-19-en-olavarria-lo-mas-importante-es-aislarse\/\"},\"author\":{\"name\":\"admpu17wp\",\"@id\":\"https:\/\/experienciadevida.com.ar\/portalurbano\/#\/schema\/person\/02dd326b1c4b056e9cc972486934a3a7\"},\"headline\":\"Covid-19 en Olavarr\u00eda: \u201cLo m\u00e1s importante es aislarse\u201d\",\"datePublished\":\"2020-09-22T14:24:34+00:00\",\"dateModified\":\"2020-09-22T14:47:08+00:00\",\"mainEntityOfPage\":{\"@id\":\"https:\/\/experienciadevida.com.ar\/portalurbano\/covid-19-en-olavarria-lo-mas-importante-es-aislarse\/\"},\"wordCount\":1003,\"publisher\":{\"@id\":\"https:\/\/experienciadevida.com.ar\/portalurbano\/#organization\"},\"articleSection\":[\"Destacadas\",\"Salud\"],\"inLanguage\":\"es\"},{\"@type\":\"WebPage\",\"@id\":\"https:\/\/experienciadevida.com.ar\/portalurbano\/covid-19-en-olavarria-lo-mas-importante-es-aislarse\/\",\"url\":\"https:\/\/experienciadevida.com.ar\/portalurbano\/covid-19-en-olavarria-lo-mas-importante-es-aislarse\/\",\"name\":\"Covid-19 en Olavarr\u00eda: \u201cLo m\u00e1s importante es aislarse\u201d\",\"isPartOf\":{\"@id\":\"https:\/\/experienciadevida.com.ar\/portalurbano\/#website\"},\"datePublished\":\"2020-09-22T14:24:34+00:00\",\"dateModified\":\"2020-09-22T14:47:08+00:00\",\"description\":\"Desde que comenz\u00f3 el aislamiento el trabajo no se detiene, en el marco de la emergencia sanitaria de Covid-19 en Olavarr\u00eda.\",\"breadcrumb\":{\"@id\":\"https:\/\/experienciadevida.com.ar\/portalurbano\/covid-19-en-olavarria-lo-mas-importante-es-aislarse\/#breadcrumb\"},\"inLanguage\":\"es\",\"potentialAction\":[{\"@type\":\"ReadAction\",\"target\":[\"https:\/\/experienciadevida.com.ar\/portalurbano\/covid-19-en-olavarria-lo-mas-importante-es-aislarse\/\"]}]},{\"@type\":\"BreadcrumbList\",\"@id\":\"https:\/\/experienciadevida.com.ar\/portalurbano\/covid-19-en-olavarria-lo-mas-importante-es-aislarse\/#breadcrumb\",\"itemListElement\":[{\"@type\":\"ListItem\",\"position\":1,\"name\":\"Portada\",\"item\":\"https:\/\/experienciadevida.com.ar\/portalurbano\/\"},{\"@type\":\"ListItem\",\"position\":2,\"name\":\"Covid-19 en Olavarr\u00eda: \u201cLo m\u00e1s importante es aislarse\u201d\"}]},{\"@type\":\"WebSite\",\"@id\":\"https:\/\/experienciadevida.com.ar\/portalurbano\/#website\",\"url\":\"https:\/\/experienciadevida.com.ar\/portalurbano\/\",\"name\":\"\",\"description\":\"\",\"publisher\":{\"@id\":\"https:\/\/experienciadevida.com.ar\/portalurbano\/#organization\"},\"potentialAction\":[{\"@type\":\"SearchAction\",\"target\":{\"@type\":\"EntryPoint\",\"urlTemplate\":\"https:\/\/experienciadevida.com.ar\/portalurbano\/?s={search_term_string}\"},\"query-input\":\"required name=search_term_string\"}],\"inLanguage\":\"es\"},{\"@type\":\"Organization\",\"@id\":\"https:\/\/experienciadevida.com.ar\/portalurbano\/#organization\",\"name\":\"Portal Urbano\",\"url\":\"https:\/\/experienciadevida.com.ar\/portalurbano\/\",\"logo\":{\"@type\":\"ImageObject\",\"inLanguage\":\"es\",\"@id\":\"https:\/\/experienciadevida.com.ar\/portalurbano\/#\/schema\/logo\/image\/\",\"url\":\"https:\/\/experienciadevida.com.ar\/portalurbano\/wp-content\/uploads\/2019\/09\/Logo-Original.png\",\"contentUrl\":\"https:\/\/experienciadevida.com.ar\/portalurbano\/wp-content\/uploads\/2019\/09\/Logo-Original.png\",\"width\":2236,\"height\":1216,\"caption\":\"Portal Urbano\"},\"image\":{\"@id\":\"https:\/\/experienciadevida.com.ar\/portalurbano\/#\/schema\/logo\/image\/\"},\"sameAs\":[\"https:\/\/www.facebook.com\/Portal-Urbano-171542830093757\/\",\"https:\/\/twitter.com\/portalurbanook\",\"https:\/\/www.instagram.com\/_portalurbano\/\",\"https:\/\/www.youtube.com\/channel\/UCXhagIfszH8KxFiOok79zbA?view_as=subscriber\"]},{\"@type\":\"Person\",\"@id\":\"https:\/\/experienciadevida.com.ar\/portalurbano\/#\/schema\/person\/02dd326b1c4b056e9cc972486934a3a7\",\"name\":\"admpu17wp\",\"image\":{\"@type\":\"ImageObject\",\"inLanguage\":\"es\",\"@id\":\"https:\/\/experienciadevida.com.ar\/portalurbano\/#\/schema\/person\/image\/\",\"url\":\"https:\/\/secure.gravatar.com\/avatar\/830d4c57adaae6630765e449a6908047?s=96&d=mm&r=g\",\"contentUrl\":\"https:\/\/secure.gravatar.com\/avatar\/830d4c57adaae6630765e449a6908047?s=96&d=mm&r=g\",\"caption\":\"admpu17wp\"}}]}<\/script>\n<!-- \/ Yoast SEO plugin. -->","yoast_head_json":{"title":"Covid-19 en Olavarr\u00eda: \u201cLo m\u00e1s importante es aislarse\u201d","description":"Desde que comenz\u00f3 el aislamiento el trabajo no se detiene, en el marco de la emergencia sanitaria de Covid-19 en Olavarr\u00eda.","robots":{"index":"index","follow":"follow","max-snippet":"max-snippet:-1","max-image-preview":"max-image-preview:large","max-video-preview":"max-video-preview:-1"},"canonical":"https:\/\/experienciadevida.com.ar\/portalurbano\/covid-19-en-olavarria-lo-mas-importante-es-aislarse\/","og_locale":"es_ES","og_type":"article","og_title":"Covid-19 en Olavarr\u00eda: \u201cLo m\u00e1s importante es aislarse\u201d","og_description":"Desde que comenz\u00f3 el aislamiento el trabajo no se detiene, en el marco de la emergencia sanitaria de Covid-19 en Olavarr\u00eda.","og_url":"https:\/\/experienciadevida.com.ar\/portalurbano\/covid-19-en-olavarria-lo-mas-importante-es-aislarse\/","article_publisher":"https:\/\/www.facebook.com\/Portal-Urbano-171542830093757\/","article_published_time":"2020-09-22T14:24:34+00:00","article_modified_time":"2020-09-22T14:47:08+00:00","og_image":[{"width":765,"height":510,"url":"https:\/\/experienciadevida.com.ar\/portalurbano\/wp-content\/uploads\/2020\/09\/Covid-19-en-Olavarria-e1600784528114.jpg","type":"image\/jpeg"}],"author":"admpu17wp","twitter_card":"summary_large_image","twitter_creator":"@portalurbanook","twitter_site":"@portalurbanook","twitter_misc":{"Escrito por":"admpu17wp","Tiempo de lectura":"5 minutos"},"schema":{"@context":"https:\/\/schema.org","@graph":[{"@type":"Article","@id":"https:\/\/experienciadevida.com.ar\/portalurbano\/covid-19-en-olavarria-lo-mas-importante-es-aislarse\/#article","isPartOf":{"@id":"https:\/\/experienciadevida.com.ar\/portalurbano\/covid-19-en-olavarria-lo-mas-importante-es-aislarse\/"},"author":{"name":"admpu17wp","@id":"https:\/\/experienciadevida.com.ar\/portalurbano\/#\/schema\/person\/02dd326b1c4b056e9cc972486934a3a7"},"headline":"Covid-19 en Olavarr\u00eda: \u201cLo m\u00e1s importante es aislarse\u201d","datePublished":"2020-09-22T14:24:34+00:00","dateModified":"2020-09-22T14:47:08+00:00","mainEntityOfPage":{"@id":"https:\/\/experienciadevida.com.ar\/portalurbano\/covid-19-en-olavarria-lo-mas-importante-es-aislarse\/"},"wordCount":1003,"publisher":{"@id":"https:\/\/experienciadevida.com.ar\/portalurbano\/#organization"},"articleSection":["Destacadas","Salud"],"inLanguage":"es"},{"@type":"WebPage","@id":"https:\/\/experienciadevida.com.ar\/portalurbano\/covid-19-en-olavarria-lo-mas-importante-es-aislarse\/","url":"https:\/\/experienciadevida.com.ar\/portalurbano\/covid-19-en-olavarria-lo-mas-importante-es-aislarse\/","name":"Covid-19 en Olavarr\u00eda: \u201cLo m\u00e1s importante es aislarse\u201d","isPartOf":{"@id":"https:\/\/experienciadevida.com.ar\/portalurbano\/#website"},"datePublished":"2020-09-22T14:24:34+00:00","dateModified":"2020-09-22T14:47:08+00:00","description":"Desde que comenz\u00f3 el aislamiento el trabajo no se detiene, en el marco de la emergencia sanitaria de Covid-19 en Olavarr\u00eda.","breadcrumb":{"@id":"https:\/\/experienciadevida.com.ar\/portalurbano\/covid-19-en-olavarria-lo-mas-importante-es-aislarse\/#breadcrumb"},"inLanguage":"es","potentialAction":[{"@type":"ReadAction","target":["https:\/\/experienciadevida.com.ar\/portalurbano\/covid-19-en-olavarria-lo-mas-importante-es-aislarse\/"]}]},{"@type":"BreadcrumbList","@id":"https:\/\/experienciadevida.com.ar\/portalurbano\/covid-19-en-olavarria-lo-mas-importante-es-aislarse\/#breadcrumb","itemListElement":[{"@type":"ListItem","position":1,"name":"Portada","item":"https:\/\/experienciadevida.com.ar\/portalurbano\/"},{"@type":"ListItem","position":2,"name":"Covid-19 en Olavarr\u00eda: \u201cLo m\u00e1s importante es aislarse\u201d"}]},{"@type":"WebSite","@id":"https:\/\/experienciadevida.com.ar\/portalurbano\/#website","url":"https:\/\/experienciadevida.com.ar\/portalurbano\/","name":"","description":"","publisher":{"@id":"https:\/\/experienciadevida.com.ar\/portalurbano\/#organization"},"potentialAction":[{"@type":"SearchAction","target":{"@type":"EntryPoint","urlTemplate":"https:\/\/experienciadevida.com.ar\/portalurbano\/?s={search_term_string}"},"query-input":"required name=search_term_string"}],"inLanguage":"es"},{"@type":"Organization","@id":"https:\/\/experienciadevida.com.ar\/portalurbano\/#organization","name":"Portal Urbano","url":"https:\/\/experienciadevida.com.ar\/portalurbano\/","logo":{"@type":"ImageObject","inLanguage":"es","@id":"https:\/\/experienciadevida.com.ar\/portalurbano\/#\/schema\/logo\/image\/","url":"https:\/\/experienciadevida.com.ar\/portalurbano\/wp-content\/uploads\/2019\/09\/Logo-Original.png","contentUrl":"https:\/\/experienciadevida.com.ar\/portalurbano\/wp-content\/uploads\/2019\/09\/Logo-Original.png","width":2236,"height":1216,"caption":"Portal Urbano"},"image":{"@id":"https:\/\/experienciadevida.com.ar\/portalurbano\/#\/schema\/logo\/image\/"},"sameAs":["https:\/\/www.facebook.com\/Portal-Urbano-171542830093757\/","https:\/\/twitter.com\/portalurbanook","https:\/\/www.instagram.com\/_portalurbano\/","https:\/\/www.youtube.com\/channel\/UCXhagIfszH8KxFiOok79zbA?view_as=subscriber"]},{"@type":"Person","@id":"https:\/\/experienciadevida.com.ar\/portalurbano\/#\/schema\/person\/02dd326b1c4b056e9cc972486934a3a7","name":"admpu17wp","image":{"@type":"ImageObject","inLanguage":"es","@id":"https:\/\/experienciadevida.com.ar\/portalurbano\/#\/schema\/person\/image\/","url":"https:\/\/secure.gravatar.com\/avatar\/830d4c57adaae6630765e449a6908047?s=96&d=mm&r=g","contentUrl":"https:\/\/secure.gravatar.com\/avatar\/830d4c57adaae6630765e449a6908047?s=96&d=mm&r=g","caption":"admpu17wp"}}]}},"featured_image_urls":{"full":["https:\/\/experienciadevida.com.ar\/portalurbano\/wp-content\/uploads\/2020\/09\/Covid-19-en-Olavarria-e1600784528114.jpg",765,510,false],"thumbnail":["https:\/\/experienciadevida.com.ar\/portalurbano\/wp-content\/uploads\/2020\/09\/Covid-19-en-Olavarria-150x150.jpg",150,150,true],"medium":["https:\/\/experienciadevida.com.ar\/portalurbano\/wp-content\/uploads\/2020\/09\/Covid-19-en-Olavarria-300x200.jpg",300,200,true],"medium_large":["https:\/\/experienciadevida.com.ar\/portalurbano\/wp-content\/uploads\/2020\/09\/Covid-19-en-Olavarria-768x512.jpg",640,427,true],"large":["https:\/\/experienciadevida.com.ar\/portalurbano\/wp-content\/uploads\/2020\/09\/Covid-19-en-Olavarria-1024x683.jpg",640,427,true],"ug_big":["https:\/\/experienciadevida.com.ar\/portalurbano\/wp-content\/uploads\/2020\/09\/Covid-19-en-Olavarria-768x512.jpg",768,512,true],"1536x1536":["https:\/\/experienciadevida.com.ar\/portalurbano\/wp-content\/uploads\/2020\/09\/Covid-19-en-Olavarria-1536x1024.jpg",1536,1024,true],"2048x2048":["https:\/\/experienciadevida.com.ar\/portalurbano\/wp-content\/uploads\/2020\/09\/Covid-19-en-Olavarria-e1600784528114.jpg",765,510,false],"newsever-slider-full":["https:\/\/experienciadevida.com.ar\/portalurbano\/wp-content\/uploads\/2020\/09\/Covid-19-en-Olavarria-e1600784528114.jpg",765,510,false],"newsever-featured":["https:\/\/experienciadevida.com.ar\/portalurbano\/wp-content\/uploads\/2020\/09\/Covid-19-en-Olavarria-e1600784528114.jpg",765,510,false],"newsever-medium":["https:\/\/experienciadevida.com.ar\/portalurbano\/wp-content\/uploads\/2020\/09\/Covid-19-en-Olavarria-e1600784528114.jpg",713,475,false],"web-stories-poster-portrait":["https:\/\/experienciadevida.com.ar\/portalurbano\/wp-content\/uploads\/2020\/09\/Covid-19-en-Olavarria-e1600784528114.jpg",640,427,false],"web-stories-publisher-logo":["https:\/\/experienciadevida.com.ar\/portalurbano\/wp-content\/uploads\/2020\/09\/Covid-19-en-Olavarria-e1600784528114.jpg",96,64,false],"web-stories-thumbnail":["https:\/\/experienciadevida.com.ar\/portalurbano\/wp-content\/uploads\/2020\/09\/Covid-19-en-Olavarria-e1600784528114.jpg",150,100,false]},"author_info":{"display_name":"admpu17wp","author_link":"https:\/\/experienciadevida.com.ar\/portalurbano\/author\/admpu17wp\/"},"category_info":"<a href=\"https:\/\/experienciadevida.com.ar\/portalurbano\/category\/destacadas\/\" rel=\"category tag\">Destacadas<\/a> <a href=\"https:\/\/experienciadevida.com.ar\/portalurbano\/category\/ciudad\/salud\/\" rel=\"category tag\">Salud<\/a>","tag_info":"Salud","comment_count":"0","amp_enabled":true,"_links":{"self":[{"href":"https:\/\/experienciadevida.com.ar\/portalurbano\/wp-json\/wp\/v2\/posts\/122130"}],"collection":[{"href":"https:\/\/experienciadevida.com.ar\/portalurbano\/wp-json\/wp\/v2\/posts"}],"about":[{"href":"https:\/\/experienciadevida.com.ar\/portalurbano\/wp-json\/wp\/v2\/types\/post"}],"author":[{"embeddable":true,"href":"https:\/\/experienciadevida.com.ar\/portalurbano\/wp-json\/wp\/v2\/users\/1"}],"replies":[{"embeddable":true,"href":"https:\/\/experienciadevida.com.ar\/portalurbano\/wp-json\/wp\/v2\/comments?post=122130"}],"version-history":[{"count":4,"href":"https:\/\/experienciadevida.com.ar\/portalurbano\/wp-json\/wp\/v2\/posts\/122130\/revisions"}],"predecessor-version":[{"id":122145,"href":"https:\/\/experienciadevida.com.ar\/portalurbano\/wp-json\/wp\/v2\/posts\/122130\/revisions\/122145"}],"wp:featuredmedia":[{"embeddable":true,"href":"https:\/\/experienciadevida.com.ar\/portalurbano\/wp-json\/wp\/v2\/media\/122131"}],"wp:attachment":[{"href":"https:\/\/experienciadevida.com.ar\/portalurbano\/wp-json\/wp\/v2\/media?parent=122130"}],"wp:term":[{"taxonomy":"category","embeddable":true,"href":"https:\/\/experienciadevida.com.ar\/portalurbano\/wp-json\/wp\/v2\/categories?post=122130"},{"taxonomy":"post_tag","embeddable":true,"href":"https:\/\/experienciadevida.com.ar\/portalurbano\/wp-json\/wp\/v2\/tags?post=122130"}],"curies":[{"name":"wp","href":"https:\/\/api.w.org\/{rel}","templated":true}]}}