{"id":122128,"date":"2020-09-22T11:15:59","date_gmt":"2020-09-22T14:15:59","guid":{"rendered":"https:\/\/experienciadevida.com.ar\/portalurbano\/?p=122128"},"modified":"2020-09-22T11:16:51","modified_gmt":"2020-09-22T14:16:51","slug":"el-mundo-registra-casi-2-millones-de-casos-de-coronavirus-en-una-semana","status":"publish","type":"post","link":"https:\/\/experienciadevida.com.ar\/portalurbano\/el-mundo-registra-casi-2-millones-de-casos-de-coronavirus-en-una-semana\/","title":{"rendered":"El mundo registra casi 2 millones de casos de coronavirus en una semana"},"content":{"rendered":"<p>La cifra en el <strong>mundo<\/strong> es r\u00e9cord, de acuerdo al reporte de la OMS. Las muertes disminuyeron un 10% con respecto a la semana anterior.<\/p>\n<p>La Organizaci\u00f3n Mundial de la Salud (OMS) report\u00f3 que el mundo registr\u00f3 casi 2 millones de casos de coronavirus la semana pasada, una cifra r\u00e9cord, mientras que el n\u00famero de decesos disminuy\u00f3 un 10% con respecto a la semana precedente.<\/p>\n<p>Todas las regiones del mundo, salvo \u00c1frica, registraron un aumento de contagios en los \u00faltimos d\u00edas. \u201cDel 14 al 20 de septiembre, hubo unos dos millones de nuevos casos de covid-19, lo que representa un aumento del 6% con respecto a la semana precedente y el mayor n\u00famero de casos desde el inicio de la epidemia. En el mismo periodo el n\u00famero de decesos disminuy\u00f3 en un 10% y se registraron 37.700 fallecidos\u201d, seg\u00fan la OMS.<\/p>\n<p>Adem\u00e1s, report\u00f3 que los casos superaron los 30,5 millones de contagios en todo el <strong>mundo<\/strong>, mientras que en los \u00faltimos tres d\u00edas se sobrepasaron los 300 mil casos diarios, batiendo el anterior r\u00e9cord de infecciones diarias. Las muertes est\u00e1n cerca de las 956 mil y se mantiene constante la cantidad de v\u00edctimas diarias en torno a las 5 mil. Del total de contagiados a nivel mundial, solo el 1 % est\u00e1 en estado cr\u00edtico.<\/p>\n<p>La cifra de casos positivos s\u00f3lo refleja una parte de la totalidad, debido a las pol\u00edticas dispares de los diferentes pa\u00edses a la hora de diagnosticar, ya que algunos solo lo hacen con aquellas personas que necesitan una hospitalizaci\u00f3n. Adem\u00e1s, en gran cantidad de pa\u00edses pobres la capacidad de realizar pruebas de diagn\u00f3stico es limitada.<\/p>\n<p>Por pa\u00edses, Estados Unidos, el m\u00e1s enlutado del mundo, y Brasil, el segundo m\u00e1s afectado en n\u00famero de muertes, siguen registrando los n\u00fameros de nuevos fallecidos m\u00e1s altos, con m\u00e1s de 5.000 nuevos decesos cada uno la pasada semana.<\/p>\n<p>El continente americano, que concentra la mitad de los casos registrados en el <strong>mundo<\/strong> y el 55% de las muertes acumuladas desde diciembre, registr\u00f3 sin embargo una disminuci\u00f3n del 22% en el n\u00famero de muertes la semana pasada, gracias a una disminuci\u00f3n de los fallecidos en pa\u00edses como Colombia, M\u00e9xico, Ecuador y Bolivia.<\/p>\n<p>Por regiones, Europa, escenario de importantes rebrotes, contabiliz\u00f3 4.000 nuevas muertes y fue la zona que registr\u00f3 un mayor aumento en el n\u00famero de decesos (+27% con respecto a la semana anterior).<\/p>\n<p>El sureste de Asia, que registra un 35% de los nuevos casos, registr\u00f3 9.000 nuevos muertos la semana pasada y ya super\u00f3 los 100.000 fallecidos desde el inicio de la pandemia.<\/p>\n<p>En \u00c1frica, la pandemia parece perder fuerza y la semana pasada, se registr\u00f3 una reducci\u00f3n del 12% en el n\u00famero de casos y del 16% en el n\u00famero de muertes.<\/p>\n<p>Fuente. DIB<\/p>\n","protected":false},"excerpt":{"rendered":"<p>La cifra en el mundo es r\u00e9cord, de acuerdo al reporte de la OMS. Las&#8230;<\/p>\n","protected":false},"author":1,"featured_media":112592,"comment_status":"closed","ping_status":"closed","sticky":false,"template":"","format":"standard","meta":{"content-type":""},"categories":[71],"tags":[],"nelio_content":{"isAutoShareEnabled":false,"autoShareEndMode":"default","automationSources":{"useContentSentences":true,"useSocialTemplates":true,"useCustomSentences":false,"customSentences":[]},"followers":[1],"suggestedReferences":[],"includedReferences":[],"efiUrl":"","efiAlt":"","highlights":[]},"yoast_head":"<!-- This site is optimized with the Yoast SEO plugin v20.7 - https:\/\/yoast.com\/wordpress\/plugins\/seo\/ -->\n<title>El mundo registra casi 2 millones de casos de Coronavirus en una semana<\/title>\n<meta name=\"description\" content=\"La cifra en el mundo es r\u00e9cord, de acuerdo al reporte de la OMS. Las muertes disminuyeron un 10%, con respecto a la semana anterior.\" \/>\n<meta name=\"robots\" content=\"index, follow, max-snippet:-1, max-image-preview:large, max-video-preview:-1\" \/>\n<link rel=\"canonical\" href=\"https:\/\/experienciadevida.com.ar\/portalurbano\/el-mundo-registra-casi-2-millones-de-casos-de-coronavirus-en-una-semana\/\" \/>\n<meta property=\"og:locale\" content=\"es_ES\" \/>\n<meta property=\"og:type\" content=\"article\" \/>\n<meta property=\"og:title\" content=\"El mundo registra casi 2 millones de casos de Coronavirus en una semana\" \/>\n<meta property=\"og:description\" content=\"La cifra en el mundo es r\u00e9cord, de acuerdo al reporte de la OMS. Las muertes disminuyeron un 10%, con respecto a la semana anterior.\" \/>\n<meta property=\"og:url\" content=\"https:\/\/experienciadevida.com.ar\/portalurbano\/el-mundo-registra-casi-2-millones-de-casos-de-coronavirus-en-una-semana\/\" \/>\n<meta property=\"article:publisher\" content=\"https:\/\/www.facebook.com\/Portal-Urbano-171542830093757\/\" \/>\n<meta property=\"article:published_time\" content=\"2020-09-22T14:15:59+00:00\" \/>\n<meta property=\"article:modified_time\" content=\"2020-09-22T14:16:51+00:00\" \/>\n<meta property=\"og:image\" content=\"https:\/\/experienciadevida.com.ar\/portalurbano\/wp-content\/uploads\/2020\/06\/20200618195957_coronavirus-e1597537658159.jpg\" \/>\n\t<meta property=\"og:image:width\" content=\"750\" \/>\n\t<meta property=\"og:image:height\" content=\"469\" \/>\n\t<meta property=\"og:image:type\" content=\"image\/jpeg\" \/>\n<meta name=\"author\" content=\"admpu17wp\" \/>\n<meta name=\"twitter:card\" content=\"summary_large_image\" \/>\n<meta name=\"twitter:creator\" content=\"@portalurbanook\" \/>\n<meta name=\"twitter:site\" content=\"@portalurbanook\" \/>\n<meta name=\"twitter:label1\" content=\"Escrito por\" \/>\n\t<meta name=\"twitter:data1\" content=\"admpu17wp\" \/>\n\t<meta name=\"twitter:label2\" content=\"Tiempo de lectura\" \/>\n\t<meta name=\"twitter:data2\" content=\"2 minutos\" \/>\n<script type=\"application\/ld+json\" class=\"yoast-schema-graph\">{\"@context\":\"https:\/\/schema.org\",\"@graph\":[{\"@type\":\"Article\",\"@id\":\"https:\/\/experienciadevida.com.ar\/portalurbano\/el-mundo-registra-casi-2-millones-de-casos-de-coronavirus-en-una-semana\/#article\",\"isPartOf\":{\"@id\":\"https:\/\/experienciadevida.com.ar\/portalurbano\/el-mundo-registra-casi-2-millones-de-casos-de-coronavirus-en-una-semana\/\"},\"author\":{\"name\":\"admpu17wp\",\"@id\":\"https:\/\/experienciadevida.com.ar\/portalurbano\/#\/schema\/person\/02dd326b1c4b056e9cc972486934a3a7\"},\"headline\":\"El mundo registra casi 2 millones de casos de coronavirus en una semana\",\"datePublished\":\"2020-09-22T14:15:59+00:00\",\"dateModified\":\"2020-09-22T14:16:51+00:00\",\"mainEntityOfPage\":{\"@id\":\"https:\/\/experienciadevida.com.ar\/portalurbano\/el-mundo-registra-casi-2-millones-de-casos-de-coronavirus-en-una-semana\/\"},\"wordCount\":482,\"publisher\":{\"@id\":\"https:\/\/experienciadevida.com.ar\/portalurbano\/#organization\"},\"articleSection\":[\"Coronavirus\"],\"inLanguage\":\"es\"},{\"@type\":\"WebPage\",\"@id\":\"https:\/\/experienciadevida.com.ar\/portalurbano\/el-mundo-registra-casi-2-millones-de-casos-de-coronavirus-en-una-semana\/\",\"url\":\"https:\/\/experienciadevida.com.ar\/portalurbano\/el-mundo-registra-casi-2-millones-de-casos-de-coronavirus-en-una-semana\/\",\"name\":\"El mundo registra casi 2 millones de casos de Coronavirus en una semana\",\"isPartOf\":{\"@id\":\"https:\/\/experienciadevida.com.ar\/portalurbano\/#website\"},\"datePublished\":\"2020-09-22T14:15:59+00:00\",\"dateModified\":\"2020-09-22T14:16:51+00:00\",\"description\":\"La cifra en el mundo es r\u00e9cord, de acuerdo al reporte de la OMS. Las muertes disminuyeron un 10%, con respecto a la semana anterior.\",\"breadcrumb\":{\"@id\":\"https:\/\/experienciadevida.com.ar\/portalurbano\/el-mundo-registra-casi-2-millones-de-casos-de-coronavirus-en-una-semana\/#breadcrumb\"},\"inLanguage\":\"es\",\"potentialAction\":[{\"@type\":\"ReadAction\",\"target\":[\"https:\/\/experienciadevida.com.ar\/portalurbano\/el-mundo-registra-casi-2-millones-de-casos-de-coronavirus-en-una-semana\/\"]}]},{\"@type\":\"BreadcrumbList\",\"@id\":\"https:\/\/experienciadevida.com.ar\/portalurbano\/el-mundo-registra-casi-2-millones-de-casos-de-coronavirus-en-una-semana\/#breadcrumb\",\"itemListElement\":[{\"@type\":\"ListItem\",\"position\":1,\"name\":\"Portada\",\"item\":\"https:\/\/experienciadevida.com.ar\/portalurbano\/\"},{\"@type\":\"ListItem\",\"position\":2,\"name\":\"El mundo registra casi 2 millones de casos de coronavirus en una semana\"}]},{\"@type\":\"WebSite\",\"@id\":\"https:\/\/experienciadevida.com.ar\/portalurbano\/#website\",\"url\":\"https:\/\/experienciadevida.com.ar\/portalurbano\/\",\"name\":\"\",\"description\":\"\",\"publisher\":{\"@id\":\"https:\/\/experienciadevida.com.ar\/portalurbano\/#organization\"},\"potentialAction\":[{\"@type\":\"SearchAction\",\"target\":{\"@type\":\"EntryPoint\",\"urlTemplate\":\"https:\/\/experienciadevida.com.ar\/portalurbano\/?s={search_term_string}\"},\"query-input\":\"required name=search_term_string\"}],\"inLanguage\":\"es\"},{\"@type\":\"Organization\",\"@id\":\"https:\/\/experienciadevida.com.ar\/portalurbano\/#organization\",\"name\":\"Portal Urbano\",\"url\":\"https:\/\/experienciadevida.com.ar\/portalurbano\/\",\"logo\":{\"@type\":\"ImageObject\",\"inLanguage\":\"es\",\"@id\":\"https:\/\/experienciadevida.com.ar\/portalurbano\/#\/schema\/logo\/image\/\",\"url\":\"https:\/\/experienciadevida.com.ar\/portalurbano\/wp-content\/uploads\/2019\/09\/Logo-Original.png\",\"contentUrl\":\"https:\/\/experienciadevida.com.ar\/portalurbano\/wp-content\/uploads\/2019\/09\/Logo-Original.png\",\"width\":2236,\"height\":1216,\"caption\":\"Portal Urbano\"},\"image\":{\"@id\":\"https:\/\/experienciadevida.com.ar\/portalurbano\/#\/schema\/logo\/image\/\"},\"sameAs\":[\"https:\/\/www.facebook.com\/Portal-Urbano-171542830093757\/\",\"https:\/\/twitter.com\/portalurbanook\",\"https:\/\/www.instagram.com\/_portalurbano\/\",\"https:\/\/www.youtube.com\/channel\/UCXhagIfszH8KxFiOok79zbA?view_as=subscriber\"]},{\"@type\":\"Person\",\"@id\":\"https:\/\/experienciadevida.com.ar\/portalurbano\/#\/schema\/person\/02dd326b1c4b056e9cc972486934a3a7\",\"name\":\"admpu17wp\",\"image\":{\"@type\":\"ImageObject\",\"inLanguage\":\"es\",\"@id\":\"https:\/\/experienciadevida.com.ar\/portalurbano\/#\/schema\/person\/image\/\",\"url\":\"https:\/\/secure.gravatar.com\/avatar\/830d4c57adaae6630765e449a6908047?s=96&d=mm&r=g\",\"contentUrl\":\"https:\/\/secure.gravatar.com\/avatar\/830d4c57adaae6630765e449a6908047?s=96&d=mm&r=g\",\"caption\":\"admpu17wp\"}}]}<\/script>\n<!-- \/ Yoast SEO plugin. -->","yoast_head_json":{"title":"El mundo registra casi 2 millones de casos de Coronavirus en una semana","description":"La cifra en el mundo es r\u00e9cord, de acuerdo al reporte de la OMS. Las muertes disminuyeron un 10%, con respecto a la semana anterior.","robots":{"index":"index","follow":"follow","max-snippet":"max-snippet:-1","max-image-preview":"max-image-preview:large","max-video-preview":"max-video-preview:-1"},"canonical":"https:\/\/experienciadevida.com.ar\/portalurbano\/el-mundo-registra-casi-2-millones-de-casos-de-coronavirus-en-una-semana\/","og_locale":"es_ES","og_type":"article","og_title":"El mundo registra casi 2 millones de casos de Coronavirus en una semana","og_description":"La cifra en el mundo es r\u00e9cord, de acuerdo al reporte de la OMS. Las muertes disminuyeron un 10%, con respecto a la semana anterior.","og_url":"https:\/\/experienciadevida.com.ar\/portalurbano\/el-mundo-registra-casi-2-millones-de-casos-de-coronavirus-en-una-semana\/","article_publisher":"https:\/\/www.facebook.com\/Portal-Urbano-171542830093757\/","article_published_time":"2020-09-22T14:15:59+00:00","article_modified_time":"2020-09-22T14:16:51+00:00","og_image":[{"width":750,"height":469,"url":"https:\/\/experienciadevida.com.ar\/portalurbano\/wp-content\/uploads\/2020\/06\/20200618195957_coronavirus-e1597537658159.jpg","type":"image\/jpeg"}],"author":"admpu17wp","twitter_card":"summary_large_image","twitter_creator":"@portalurbanook","twitter_site":"@portalurbanook","twitter_misc":{"Escrito por":"admpu17wp","Tiempo de lectura":"2 minutos"},"schema":{"@context":"https:\/\/schema.org","@graph":[{"@type":"Article","@id":"https:\/\/experienciadevida.com.ar\/portalurbano\/el-mundo-registra-casi-2-millones-de-casos-de-coronavirus-en-una-semana\/#article","isPartOf":{"@id":"https:\/\/experienciadevida.com.ar\/portalurbano\/el-mundo-registra-casi-2-millones-de-casos-de-coronavirus-en-una-semana\/"},"author":{"name":"admpu17wp","@id":"https:\/\/experienciadevida.com.ar\/portalurbano\/#\/schema\/person\/02dd326b1c4b056e9cc972486934a3a7"},"headline":"El mundo registra casi 2 millones de casos de coronavirus en una semana","datePublished":"2020-09-22T14:15:59+00:00","dateModified":"2020-09-22T14:16:51+00:00","mainEntityOfPage":{"@id":"https:\/\/experienciadevida.com.ar\/portalurbano\/el-mundo-registra-casi-2-millones-de-casos-de-coronavirus-en-una-semana\/"},"wordCount":482,"publisher":{"@id":"https:\/\/experienciadevida.com.ar\/portalurbano\/#organization"},"articleSection":["Coronavirus"],"inLanguage":"es"},{"@type":"WebPage","@id":"https:\/\/experienciadevida.com.ar\/portalurbano\/el-mundo-registra-casi-2-millones-de-casos-de-coronavirus-en-una-semana\/","url":"https:\/\/experienciadevida.com.ar\/portalurbano\/el-mundo-registra-casi-2-millones-de-casos-de-coronavirus-en-una-semana\/","name":"El mundo registra casi 2 millones de casos de Coronavirus en una semana","isPartOf":{"@id":"https:\/\/experienciadevida.com.ar\/portalurbano\/#website"},"datePublished":"2020-09-22T14:15:59+00:00","dateModified":"2020-09-22T14:16:51+00:00","description":"La cifra en el mundo es r\u00e9cord, de acuerdo al reporte de la OMS. Las muertes disminuyeron un 10%, con respecto a la semana anterior.","breadcrumb":{"@id":"https:\/\/experienciadevida.com.ar\/portalurbano\/el-mundo-registra-casi-2-millones-de-casos-de-coronavirus-en-una-semana\/#breadcrumb"},"inLanguage":"es","potentialAction":[{"@type":"ReadAction","target":["https:\/\/experienciadevida.com.ar\/portalurbano\/el-mundo-registra-casi-2-millones-de-casos-de-coronavirus-en-una-semana\/"]}]},{"@type":"BreadcrumbList","@id":"https:\/\/experienciadevida.com.ar\/portalurbano\/el-mundo-registra-casi-2-millones-de-casos-de-coronavirus-en-una-semana\/#breadcrumb","itemListElement":[{"@type":"ListItem","position":1,"name":"Portada","item":"https:\/\/experienciadevida.com.ar\/portalurbano\/"},{"@type":"ListItem","position":2,"name":"El mundo registra casi 2 millones de casos de coronavirus en una semana"}]},{"@type":"WebSite","@id":"https:\/\/experienciadevida.com.ar\/portalurbano\/#website","url":"https:\/\/experienciadevida.com.ar\/portalurbano\/","name":"","description":"","publisher":{"@id":"https:\/\/experienciadevida.com.ar\/portalurbano\/#organization"},"potentialAction":[{"@type":"SearchAction","target":{"@type":"EntryPoint","urlTemplate":"https:\/\/experienciadevida.com.ar\/portalurbano\/?s={search_term_string}"},"query-input":"required name=search_term_string"}],"inLanguage":"es"},{"@type":"Organization","@id":"https:\/\/experienciadevida.com.ar\/portalurbano\/#organization","name":"Portal Urbano","url":"https:\/\/experienciadevida.com.ar\/portalurbano\/","logo":{"@type":"ImageObject","inLanguage":"es","@id":"https:\/\/experienciadevida.com.ar\/portalurbano\/#\/schema\/logo\/image\/","url":"https:\/\/experienciadevida.com.ar\/portalurbano\/wp-content\/uploads\/2019\/09\/Logo-Original.png","contentUrl":"https:\/\/experienciadevida.com.ar\/portalurbano\/wp-content\/uploads\/2019\/09\/Logo-Original.png","width":2236,"height":1216,"caption":"Portal Urbano"},"image":{"@id":"https:\/\/experienciadevida.com.ar\/portalurbano\/#\/schema\/logo\/image\/"},"sameAs":["https:\/\/www.facebook.com\/Portal-Urbano-171542830093757\/","https:\/\/twitter.com\/portalurbanook","https:\/\/www.instagram.com\/_portalurbano\/","https:\/\/www.youtube.com\/channel\/UCXhagIfszH8KxFiOok79zbA?view_as=subscriber"]},{"@type":"Person","@id":"https:\/\/experienciadevida.com.ar\/portalurbano\/#\/schema\/person\/02dd326b1c4b056e9cc972486934a3a7","name":"admpu17wp","image":{"@type":"ImageObject","inLanguage":"es","@id":"https:\/\/experienciadevida.com.ar\/portalurbano\/#\/schema\/person\/image\/","url":"https:\/\/secure.gravatar.com\/avatar\/830d4c57adaae6630765e449a6908047?s=96&d=mm&r=g","contentUrl":"https:\/\/secure.gravatar.com\/avatar\/830d4c57adaae6630765e449a6908047?s=96&d=mm&r=g","caption":"admpu17wp"}}]}},"featured_image_urls":{"full":["https:\/\/experienciadevida.com.ar\/portalurbano\/wp-content\/uploads\/2020\/06\/20200618195957_coronavirus-e1597537658159.jpg",750,469,false],"thumbnail":["https:\/\/experienciadevida.com.ar\/portalurbano\/wp-content\/uploads\/2020\/06\/20200618195957_coronavirus-150x150.jpg",150,150,true],"medium":["https:\/\/experienciadevida.com.ar\/portalurbano\/wp-content\/uploads\/2020\/06\/20200618195957_coronavirus-300x187.jpg",300,187,true],"medium_large":["https:\/\/experienciadevida.com.ar\/portalurbano\/wp-content\/uploads\/2020\/06\/20200618195957_coronavirus-768x480.jpg",640,400,true],"large":["https:\/\/experienciadevida.com.ar\/portalurbano\/wp-content\/uploads\/2020\/06\/20200618195957_coronavirus-e1597537658159.jpg",640,400,false],"ug_big":["https:\/\/experienciadevida.com.ar\/portalurbano\/wp-content\/uploads\/2020\/06\/20200618195957_coronavirus-768x480.jpg",768,480,true],"1536x1536":["https:\/\/experienciadevida.com.ar\/portalurbano\/wp-content\/uploads\/2020\/06\/20200618195957_coronavirus-e1597537658159.jpg",750,469,false],"2048x2048":["https:\/\/experienciadevida.com.ar\/portalurbano\/wp-content\/uploads\/2020\/06\/20200618195957_coronavirus-e1597537658159.jpg",750,469,false],"newsever-slider-full":["https:\/\/experienciadevida.com.ar\/portalurbano\/wp-content\/uploads\/2020\/06\/20200618195957_coronavirus-e1597537658159.jpg",750,469,false],"newsever-featured":["https:\/\/experienciadevida.com.ar\/portalurbano\/wp-content\/uploads\/2020\/06\/20200618195957_coronavirus-e1597537658159.jpg",750,469,false],"newsever-medium":["https:\/\/experienciadevida.com.ar\/portalurbano\/wp-content\/uploads\/2020\/06\/20200618195957_coronavirus-e1597537658159.jpg",720,450,false],"web-stories-poster-portrait":["https:\/\/experienciadevida.com.ar\/portalurbano\/wp-content\/uploads\/2020\/06\/20200618195957_coronavirus-e1597537658159.jpg",640,400,false],"web-stories-publisher-logo":["https:\/\/experienciadevida.com.ar\/portalurbano\/wp-content\/uploads\/2020\/06\/20200618195957_coronavirus-e1597537658159.jpg",96,60,false],"web-stories-thumbnail":["https:\/\/experienciadevida.com.ar\/portalurbano\/wp-content\/uploads\/2020\/06\/20200618195957_coronavirus-e1597537658159.jpg",150,94,false]},"author_info":{"display_name":"admpu17wp","author_link":"https:\/\/experienciadevida.com.ar\/portalurbano\/author\/admpu17wp\/"},"category_info":"<a href=\"https:\/\/experienciadevida.com.ar\/portalurbano\/category\/nacion\/coronavirus\/\" rel=\"category tag\">Coronavirus<\/a>","tag_info":"Coronavirus","comment_count":"0","amp_enabled":true,"_links":{"self":[{"href":"https:\/\/experienciadevida.com.ar\/portalurbano\/wp-json\/wp\/v2\/posts\/122128"}],"collection":[{"href":"https:\/\/experienciadevida.com.ar\/portalurbano\/wp-json\/wp\/v2\/posts"}],"about":[{"href":"https:\/\/experienciadevida.com.ar\/portalurbano\/wp-json\/wp\/v2\/types\/post"}],"author":[{"embeddable":true,"href":"https:\/\/experienciadevida.com.ar\/portalurbano\/wp-json\/wp\/v2\/users\/1"}],"replies":[{"embeddable":true,"href":"https:\/\/experienciadevida.com.ar\/portalurbano\/wp-json\/wp\/v2\/comments?post=122128"}],"version-history":[{"count":1,"href":"https:\/\/experienciadevida.com.ar\/portalurbano\/wp-json\/wp\/v2\/posts\/122128\/revisions"}],"predecessor-version":[{"id":122129,"href":"https:\/\/experienciadevida.com.ar\/portalurbano\/wp-json\/wp\/v2\/posts\/122128\/revisions\/122129"}],"wp:featuredmedia":[{"embeddable":true,"href":"https:\/\/experienciadevida.com.ar\/portalurbano\/wp-json\/wp\/v2\/media\/112592"}],"wp:attachment":[{"href":"https:\/\/experienciadevida.com.ar\/portalurbano\/wp-json\/wp\/v2\/media?parent=122128"}],"wp:term":[{"taxonomy":"category","embeddable":true,"href":"https:\/\/experienciadevida.com.ar\/portalurbano\/wp-json\/wp\/v2\/categories?post=122128"},{"taxonomy":"post_tag","embeddable":true,"href":"https:\/\/experienciadevida.com.ar\/portalurbano\/wp-json\/wp\/v2\/tags?post=122128"}],"curies":[{"name":"wp","href":"https:\/\/api.w.org\/{rel}","templated":true}]}}