{"id":122029,"date":"2020-09-21T17:38:00","date_gmt":"2020-09-21T20:38:00","guid":{"rendered":"https:\/\/experienciadevida.com.ar\/portalurbano\/?p=122029"},"modified":"2020-09-21T17:57:28","modified_gmt":"2020-09-21T20:57:28","slug":"con-fuerte-presencia-policial-se-vivio-un-dia-de-la-primavera-atipico","status":"publish","type":"post","link":"https:\/\/experienciadevida.com.ar\/portalurbano\/con-fuerte-presencia-policial-se-vivio-un-dia-de-la-primavera-atipico\/","title":{"rendered":"Con fuerte presencia policial, se vivi\u00f3 un d\u00eda de la primavera at\u00edpico"},"content":{"rendered":"<p>Este lunes 21 de septiembre es el d\u00eda de la <strong>primavera<\/strong>, pero el mundo est\u00e1 atravesando una pandemia por el Coronavirus, por lo que los festejos y reuniones tuvieron que suspenderse para evitar la propagaci\u00f3n del virus.<\/p>\n<p>En el contexto epidemiol\u00f3gico actual, en el que contin\u00faa vigente el decreto Presidencial de aislamiento social, preventivo y obligatorio, la Municipalidad de Olavarr\u00eda d\u00edas atr\u00e1s viene realizando una campa\u00f1a de concientizaci\u00f3n social para que los ciudadanos festejen el d\u00eda de la primavera en sus hogares.<\/p>\n<p>De todos modos, un centenar de <a href=\"https:\/\/experienciadevida.com.ar\/portalurbano\/dia-de-la-primavera-operativo-de-concientizacion\/\">agentes municipales<\/a> (de las \u00e1reas de Desarrollo Humano y Calidad de Vida, como as\u00ed tambi\u00e9n en conjunto con Seguridad y Salud) estaban en los Parques, Avellaneda, Helios Eseverri, Mitre, Sur, as\u00ed como tambi\u00e9n en el cors\u00f3dromo,\u00a0 para concientizar y repartir folleter\u00eda significativa de las medidas de bioseguridad primordiales para evitar el contagio por Covid-19: uso correcto de barbijo o tapabocas, distancia social de m\u00e1s de dos metros, no compartir mate ni otras bebidas y tener jab\u00f3n l\u00edquido o alcohol en gel para higienizar las manos.<\/p>\n<p>Por \u00faltimo es importante remarcar que actualmente se visualizan las semanas epidemiol\u00f3gicas m\u00e1s complicadas en cuanto a la cantidad de personas que transitan la enfermedad en Olavarr\u00eda y que las reuniones sociales son el principal foco de contagio del Covid-19. <a href=\"https:\/\/experienciadevida.com.ar\/portalurbano\/se-reportaron-22-nuevos-casos-de-coronavirus-este-domingo\/\">En el reporte sanitario brindado en el d\u00eda de ayer por la Secretar\u00eda de Salud reportaron 22 casos positivos.\u00a0<\/a><\/p>\n<p><span style=\"color: #0000ff;\">Las im\u00e1genes:<\/span><\/p>\n<p>&nbsp;<\/p>\n<div class=\"slider-gallery-wrapper \"><div class=\"slider-gallery\"><div id=\"sliderify-carousel-1\" class=\"owl-carousel\"><div class=\"sliderify-owl-item-inner\"><img src=\"https:\/\/experienciadevida.com.ar\/portalurbano\/wp-content\/uploads\/2020\/09\/Dia-de-la-primavera-1.jpg\"><\/div><div class=\"sliderify-owl-item-inner\"><img src=\"https:\/\/experienciadevida.com.ar\/portalurbano\/wp-content\/uploads\/2020\/09\/Dia-de-la-primavera-1-1.jpg\"><\/div><div class=\"sliderify-owl-item-inner\"><img src=\"https:\/\/experienciadevida.com.ar\/portalurbano\/wp-content\/uploads\/2020\/09\/Dia-de-la-primavera-2.jpg\"><\/div><div class=\"sliderify-owl-item-inner\"><img src=\"https:\/\/experienciadevida.com.ar\/portalurbano\/wp-content\/uploads\/2020\/09\/Dia-de-la-primavera-3.jpg\"><\/div><div class=\"sliderify-owl-item-inner\"><img src=\"https:\/\/experienciadevida.com.ar\/portalurbano\/wp-content\/uploads\/2020\/09\/Dia-de-la-primavera-4.jpg\"><\/div><div class=\"sliderify-owl-item-inner\"><img src=\"https:\/\/experienciadevida.com.ar\/portalurbano\/wp-content\/uploads\/2020\/09\/Dia-de-la-primavera-5.jpg\"><\/div><div class=\"sliderify-owl-item-inner\"><img src=\"https:\/\/experienciadevida.com.ar\/portalurbano\/wp-content\/uploads\/2020\/09\/Dia-de-la-primavera-6.jpg\"><\/div><div class=\"sliderify-owl-item-inner\"><img src=\"https:\/\/experienciadevida.com.ar\/portalurbano\/wp-content\/uploads\/2020\/09\/Dia-de-la-primavera-7-e1603926497229.jpg\"><\/div><div class=\"sliderify-owl-item-inner\"><img src=\"https:\/\/experienciadevida.com.ar\/portalurbano\/wp-content\/uploads\/2020\/09\/Dia-de-la-primavera-8.jpg\"><\/div><div class=\"sliderify-owl-item-inner\"><img src=\"https:\/\/experienciadevida.com.ar\/portalurbano\/wp-content\/uploads\/2020\/09\/Dia-de-la-primavera-9.jpg\"><\/div><div class=\"sliderify-owl-item-inner\"><img src=\"https:\/\/experienciadevida.com.ar\/portalurbano\/wp-content\/uploads\/2020\/09\/Dia-de-la-primavera-10.jpg\"><\/div><div class=\"sliderify-owl-item-inner\"><img src=\"https:\/\/experienciadevida.com.ar\/portalurbano\/wp-content\/uploads\/2020\/09\/Dia-de-la-primavera-11-1.jpg\"><\/div><div class=\"sliderify-owl-item-inner\"><img src=\"https:\/\/experienciadevida.com.ar\/portalurbano\/wp-content\/uploads\/2020\/09\/Dia-de-la-primavera-12.jpg\"><\/div><div class=\"sliderify-owl-item-inner\"><img src=\"https:\/\/experienciadevida.com.ar\/portalurbano\/wp-content\/uploads\/2020\/09\/Dia-de-la-primavera-13.jpg\"><\/div><div class=\"sliderify-owl-item-inner\"><img src=\"https:\/\/experienciadevida.com.ar\/portalurbano\/wp-content\/uploads\/2020\/09\/Dia-de-la-primavera-14.jpg\"><\/div><div class=\"sliderify-owl-item-inner\"><img src=\"https:\/\/experienciadevida.com.ar\/portalurbano\/wp-content\/uploads\/2020\/09\/Dia-de-la-primavera-15.jpg\"><\/div><div class=\"sliderify-owl-item-inner\"><img src=\"https:\/\/experienciadevida.com.ar\/portalurbano\/wp-content\/uploads\/2020\/09\/Dia-de-la-primavera-16.jpg\"><\/div><div class=\"sliderify-owl-item-inner\"><img src=\"https:\/\/experienciadevida.com.ar\/portalurbano\/wp-content\/uploads\/2020\/09\/Dia-de-la-primavera-17.jpg\"><\/div><div class=\"sliderify-owl-item-inner\"><img src=\"https:\/\/experienciadevida.com.ar\/portalurbano\/wp-content\/uploads\/2020\/09\/Dia-de-la-primavera-11.jpg\"><\/div><\/div><!-- .owl-carousel --><\/div><!-- .slider-gallery --><\/div><!-- .slider-gallery-wrapper --><script>\n\t\t\tjQuery(document).ready(function($){\n\t\t\t\tcarousel1 = $('#sliderify-carousel-1');\ncarousel1.imagesLoaded(function(){carousel1.owlCarousel({items:1,\nstagePadding:0,\nnav:1,\nnavText:['<span><\/span><span><\/span>','<span><\/span><span><\/span>'],\ncenter:1,\nloop:1,\nmargin:0,\nautoWidth:false,\nautoHeight:true,\nstageOuterClass:'sliderify-stage-outer',\nstageClass:'sliderify-stage',\nnavContainerClass:'sliderify-nav',\ncontrolsClass:'sliderify-controls',\ndotsClass:'sliderify-dots',\ndotClass:'sliderify-dot',\nonInitialized:function(event){\n\t\t\t\tconsole.log('init');\n\t\t\t},\n});});\n});\n\t\t\t<\/script>\n","protected":false},"excerpt":{"rendered":"<p>Este lunes 21 de septiembre es el d\u00eda de la primavera, pero el mundo est\u00e1&#8230;<\/p>\n","protected":false},"author":1,"featured_media":122037,"comment_status":"closed","ping_status":"closed","sticky":false,"template":"","format":"standard","meta":{"content-type":""},"categories":[27,51],"tags":[],"nelio_content":{"isAutoShareEnabled":false,"autoShareEndMode":"default","automationSources":{"useContentSentences":true,"useSocialTemplates":true,"useCustomSentences":false,"customSentences":[]},"followers":[1],"suggestedReferences":[],"includedReferences":[],"efiUrl":"","efiAlt":"","highlights":[]},"yoast_head":"<!-- This site is optimized with the Yoast SEO plugin v20.7 - https:\/\/yoast.com\/wordpress\/plugins\/seo\/ -->\n<title>Con fuerte presencia policial se vivi\u00f3 un d\u00eda de la primavera at\u00edpico<\/title>\n<meta name=\"description\" content=\"Este lunes 21 es el d\u00eda de la primavera, pero el mundo est\u00e1 atravesando una pandemia por el Coronavirus, y los festejos se suspendieron.\" \/>\n<meta name=\"robots\" content=\"index, follow, max-snippet:-1, max-image-preview:large, max-video-preview:-1\" \/>\n<link rel=\"canonical\" href=\"https:\/\/experienciadevida.com.ar\/portalurbano\/con-fuerte-presencia-policial-se-vivio-un-dia-de-la-primavera-atipico\/\" \/>\n<meta property=\"og:locale\" content=\"es_ES\" \/>\n<meta property=\"og:type\" content=\"article\" \/>\n<meta property=\"og:title\" content=\"Con fuerte presencia policial se vivi\u00f3 un d\u00eda de la primavera at\u00edpico\" \/>\n<meta property=\"og:description\" content=\"Este lunes 21 es el d\u00eda de la primavera, pero el mundo est\u00e1 atravesando una pandemia por el Coronavirus, y los festejos se suspendieron.\" \/>\n<meta property=\"og:url\" content=\"https:\/\/experienciadevida.com.ar\/portalurbano\/con-fuerte-presencia-policial-se-vivio-un-dia-de-la-primavera-atipico\/\" \/>\n<meta property=\"article:publisher\" content=\"https:\/\/www.facebook.com\/Portal-Urbano-171542830093757\/\" \/>\n<meta property=\"article:published_time\" content=\"2020-09-21T20:38:00+00:00\" \/>\n<meta property=\"article:modified_time\" content=\"2020-09-21T20:57:28+00:00\" \/>\n<meta property=\"og:image\" content=\"https:\/\/experienciadevida.com.ar\/portalurbano\/wp-content\/uploads\/2020\/09\/Dia-de-la-primavera-11.jpg\" \/>\n\t<meta property=\"og:image:width\" content=\"765\" \/>\n\t<meta property=\"og:image:height\" content=\"510\" \/>\n\t<meta property=\"og:image:type\" content=\"image\/jpeg\" \/>\n<meta name=\"author\" content=\"admpu17wp\" \/>\n<meta name=\"twitter:card\" content=\"summary_large_image\" \/>\n<meta name=\"twitter:creator\" content=\"@portalurbanook\" \/>\n<meta name=\"twitter:site\" content=\"@portalurbanook\" \/>\n<meta name=\"twitter:label1\" content=\"Escrito por\" \/>\n\t<meta name=\"twitter:data1\" content=\"admpu17wp\" \/>\n\t<meta name=\"twitter:label2\" content=\"Tiempo de lectura\" \/>\n\t<meta name=\"twitter:data2\" content=\"1 minuto\" \/>\n<script type=\"application\/ld+json\" class=\"yoast-schema-graph\">{\"@context\":\"https:\/\/schema.org\",\"@graph\":[{\"@type\":\"Article\",\"@id\":\"https:\/\/experienciadevida.com.ar\/portalurbano\/con-fuerte-presencia-policial-se-vivio-un-dia-de-la-primavera-atipico\/#article\",\"isPartOf\":{\"@id\":\"https:\/\/experienciadevida.com.ar\/portalurbano\/con-fuerte-presencia-policial-se-vivio-un-dia-de-la-primavera-atipico\/\"},\"author\":{\"name\":\"admpu17wp\",\"@id\":\"https:\/\/experienciadevida.com.ar\/portalurbano\/#\/schema\/person\/02dd326b1c4b056e9cc972486934a3a7\"},\"headline\":\"Con fuerte presencia policial, se vivi\u00f3 un d\u00eda de la primavera at\u00edpico\",\"datePublished\":\"2020-09-21T20:38:00+00:00\",\"dateModified\":\"2020-09-21T20:57:28+00:00\",\"mainEntityOfPage\":{\"@id\":\"https:\/\/experienciadevida.com.ar\/portalurbano\/con-fuerte-presencia-policial-se-vivio-un-dia-de-la-primavera-atipico\/\"},\"wordCount\":285,\"publisher\":{\"@id\":\"https:\/\/experienciadevida.com.ar\/portalurbano\/#organization\"},\"articleSection\":[\"Ciudad\",\"Destacadas\"],\"inLanguage\":\"es\"},{\"@type\":\"WebPage\",\"@id\":\"https:\/\/experienciadevida.com.ar\/portalurbano\/con-fuerte-presencia-policial-se-vivio-un-dia-de-la-primavera-atipico\/\",\"url\":\"https:\/\/experienciadevida.com.ar\/portalurbano\/con-fuerte-presencia-policial-se-vivio-un-dia-de-la-primavera-atipico\/\",\"name\":\"Con fuerte presencia policial se vivi\u00f3 un d\u00eda de la primavera at\u00edpico\",\"isPartOf\":{\"@id\":\"https:\/\/experienciadevida.com.ar\/portalurbano\/#website\"},\"datePublished\":\"2020-09-21T20:38:00+00:00\",\"dateModified\":\"2020-09-21T20:57:28+00:00\",\"description\":\"Este lunes 21 es el d\u00eda de la primavera, pero el mundo est\u00e1 atravesando una pandemia por el Coronavirus, y los festejos se suspendieron.\",\"breadcrumb\":{\"@id\":\"https:\/\/experienciadevida.com.ar\/portalurbano\/con-fuerte-presencia-policial-se-vivio-un-dia-de-la-primavera-atipico\/#breadcrumb\"},\"inLanguage\":\"es\",\"potentialAction\":[{\"@type\":\"ReadAction\",\"target\":[\"https:\/\/experienciadevida.com.ar\/portalurbano\/con-fuerte-presencia-policial-se-vivio-un-dia-de-la-primavera-atipico\/\"]}]},{\"@type\":\"BreadcrumbList\",\"@id\":\"https:\/\/experienciadevida.com.ar\/portalurbano\/con-fuerte-presencia-policial-se-vivio-un-dia-de-la-primavera-atipico\/#breadcrumb\",\"itemListElement\":[{\"@type\":\"ListItem\",\"position\":1,\"name\":\"Portada\",\"item\":\"https:\/\/experienciadevida.com.ar\/portalurbano\/\"},{\"@type\":\"ListItem\",\"position\":2,\"name\":\"Con fuerte presencia policial, se vivi\u00f3 un d\u00eda de la primavera at\u00edpico\"}]},{\"@type\":\"WebSite\",\"@id\":\"https:\/\/experienciadevida.com.ar\/portalurbano\/#website\",\"url\":\"https:\/\/experienciadevida.com.ar\/portalurbano\/\",\"name\":\"\",\"description\":\"\",\"publisher\":{\"@id\":\"https:\/\/experienciadevida.com.ar\/portalurbano\/#organization\"},\"potentialAction\":[{\"@type\":\"SearchAction\",\"target\":{\"@type\":\"EntryPoint\",\"urlTemplate\":\"https:\/\/experienciadevida.com.ar\/portalurbano\/?s={search_term_string}\"},\"query-input\":\"required name=search_term_string\"}],\"inLanguage\":\"es\"},{\"@type\":\"Organization\",\"@id\":\"https:\/\/experienciadevida.com.ar\/portalurbano\/#organization\",\"name\":\"Portal Urbano\",\"url\":\"https:\/\/experienciadevida.com.ar\/portalurbano\/\",\"logo\":{\"@type\":\"ImageObject\",\"inLanguage\":\"es\",\"@id\":\"https:\/\/experienciadevida.com.ar\/portalurbano\/#\/schema\/logo\/image\/\",\"url\":\"https:\/\/experienciadevida.com.ar\/portalurbano\/wp-content\/uploads\/2019\/09\/Logo-Original.png\",\"contentUrl\":\"https:\/\/experienciadevida.com.ar\/portalurbano\/wp-content\/uploads\/2019\/09\/Logo-Original.png\",\"width\":2236,\"height\":1216,\"caption\":\"Portal Urbano\"},\"image\":{\"@id\":\"https:\/\/experienciadevida.com.ar\/portalurbano\/#\/schema\/logo\/image\/\"},\"sameAs\":[\"https:\/\/www.facebook.com\/Portal-Urbano-171542830093757\/\",\"https:\/\/twitter.com\/portalurbanook\",\"https:\/\/www.instagram.com\/_portalurbano\/\",\"https:\/\/www.youtube.com\/channel\/UCXhagIfszH8KxFiOok79zbA?view_as=subscriber\"]},{\"@type\":\"Person\",\"@id\":\"https:\/\/experienciadevida.com.ar\/portalurbano\/#\/schema\/person\/02dd326b1c4b056e9cc972486934a3a7\",\"name\":\"admpu17wp\",\"image\":{\"@type\":\"ImageObject\",\"inLanguage\":\"es\",\"@id\":\"https:\/\/experienciadevida.com.ar\/portalurbano\/#\/schema\/person\/image\/\",\"url\":\"https:\/\/secure.gravatar.com\/avatar\/830d4c57adaae6630765e449a6908047?s=96&d=mm&r=g\",\"contentUrl\":\"https:\/\/secure.gravatar.com\/avatar\/830d4c57adaae6630765e449a6908047?s=96&d=mm&r=g\",\"caption\":\"admpu17wp\"}}]}<\/script>\n<!-- \/ Yoast SEO plugin. -->","yoast_head_json":{"title":"Con fuerte presencia policial se vivi\u00f3 un d\u00eda de la primavera at\u00edpico","description":"Este lunes 21 es el d\u00eda de la primavera, pero el mundo est\u00e1 atravesando una pandemia por el Coronavirus, y los festejos se suspendieron.","robots":{"index":"index","follow":"follow","max-snippet":"max-snippet:-1","max-image-preview":"max-image-preview:large","max-video-preview":"max-video-preview:-1"},"canonical":"https:\/\/experienciadevida.com.ar\/portalurbano\/con-fuerte-presencia-policial-se-vivio-un-dia-de-la-primavera-atipico\/","og_locale":"es_ES","og_type":"article","og_title":"Con fuerte presencia policial se vivi\u00f3 un d\u00eda de la primavera at\u00edpico","og_description":"Este lunes 21 es el d\u00eda de la primavera, pero el mundo est\u00e1 atravesando una pandemia por el Coronavirus, y los festejos se suspendieron.","og_url":"https:\/\/experienciadevida.com.ar\/portalurbano\/con-fuerte-presencia-policial-se-vivio-un-dia-de-la-primavera-atipico\/","article_publisher":"https:\/\/www.facebook.com\/Portal-Urbano-171542830093757\/","article_published_time":"2020-09-21T20:38:00+00:00","article_modified_time":"2020-09-21T20:57:28+00:00","og_image":[{"width":765,"height":510,"url":"https:\/\/experienciadevida.com.ar\/portalurbano\/wp-content\/uploads\/2020\/09\/Dia-de-la-primavera-11.jpg","type":"image\/jpeg"}],"author":"admpu17wp","twitter_card":"summary_large_image","twitter_creator":"@portalurbanook","twitter_site":"@portalurbanook","twitter_misc":{"Escrito por":"admpu17wp","Tiempo de lectura":"1 minuto"},"schema":{"@context":"https:\/\/schema.org","@graph":[{"@type":"Article","@id":"https:\/\/experienciadevida.com.ar\/portalurbano\/con-fuerte-presencia-policial-se-vivio-un-dia-de-la-primavera-atipico\/#article","isPartOf":{"@id":"https:\/\/experienciadevida.com.ar\/portalurbano\/con-fuerte-presencia-policial-se-vivio-un-dia-de-la-primavera-atipico\/"},"author":{"name":"admpu17wp","@id":"https:\/\/experienciadevida.com.ar\/portalurbano\/#\/schema\/person\/02dd326b1c4b056e9cc972486934a3a7"},"headline":"Con fuerte presencia policial, se vivi\u00f3 un d\u00eda de la primavera at\u00edpico","datePublished":"2020-09-21T20:38:00+00:00","dateModified":"2020-09-21T20:57:28+00:00","mainEntityOfPage":{"@id":"https:\/\/experienciadevida.com.ar\/portalurbano\/con-fuerte-presencia-policial-se-vivio-un-dia-de-la-primavera-atipico\/"},"wordCount":285,"publisher":{"@id":"https:\/\/experienciadevida.com.ar\/portalurbano\/#organization"},"articleSection":["Ciudad","Destacadas"],"inLanguage":"es"},{"@type":"WebPage","@id":"https:\/\/experienciadevida.com.ar\/portalurbano\/con-fuerte-presencia-policial-se-vivio-un-dia-de-la-primavera-atipico\/","url":"https:\/\/experienciadevida.com.ar\/portalurbano\/con-fuerte-presencia-policial-se-vivio-un-dia-de-la-primavera-atipico\/","name":"Con fuerte presencia policial se vivi\u00f3 un d\u00eda de la primavera at\u00edpico","isPartOf":{"@id":"https:\/\/experienciadevida.com.ar\/portalurbano\/#website"},"datePublished":"2020-09-21T20:38:00+00:00","dateModified":"2020-09-21T20:57:28+00:00","description":"Este lunes 21 es el d\u00eda de la primavera, pero el mundo est\u00e1 atravesando una pandemia por el Coronavirus, y los festejos se suspendieron.","breadcrumb":{"@id":"https:\/\/experienciadevida.com.ar\/portalurbano\/con-fuerte-presencia-policial-se-vivio-un-dia-de-la-primavera-atipico\/#breadcrumb"},"inLanguage":"es","potentialAction":[{"@type":"ReadAction","target":["https:\/\/experienciadevida.com.ar\/portalurbano\/con-fuerte-presencia-policial-se-vivio-un-dia-de-la-primavera-atipico\/"]}]},{"@type":"BreadcrumbList","@id":"https:\/\/experienciadevida.com.ar\/portalurbano\/con-fuerte-presencia-policial-se-vivio-un-dia-de-la-primavera-atipico\/#breadcrumb","itemListElement":[{"@type":"ListItem","position":1,"name":"Portada","item":"https:\/\/experienciadevida.com.ar\/portalurbano\/"},{"@type":"ListItem","position":2,"name":"Con fuerte presencia policial, se vivi\u00f3 un d\u00eda de la primavera at\u00edpico"}]},{"@type":"WebSite","@id":"https:\/\/experienciadevida.com.ar\/portalurbano\/#website","url":"https:\/\/experienciadevida.com.ar\/portalurbano\/","name":"","description":"","publisher":{"@id":"https:\/\/experienciadevida.com.ar\/portalurbano\/#organization"},"potentialAction":[{"@type":"SearchAction","target":{"@type":"EntryPoint","urlTemplate":"https:\/\/experienciadevida.com.ar\/portalurbano\/?s={search_term_string}"},"query-input":"required name=search_term_string"}],"inLanguage":"es"},{"@type":"Organization","@id":"https:\/\/experienciadevida.com.ar\/portalurbano\/#organization","name":"Portal Urbano","url":"https:\/\/experienciadevida.com.ar\/portalurbano\/","logo":{"@type":"ImageObject","inLanguage":"es","@id":"https:\/\/experienciadevida.com.ar\/portalurbano\/#\/schema\/logo\/image\/","url":"https:\/\/experienciadevida.com.ar\/portalurbano\/wp-content\/uploads\/2019\/09\/Logo-Original.png","contentUrl":"https:\/\/experienciadevida.com.ar\/portalurbano\/wp-content\/uploads\/2019\/09\/Logo-Original.png","width":2236,"height":1216,"caption":"Portal Urbano"},"image":{"@id":"https:\/\/experienciadevida.com.ar\/portalurbano\/#\/schema\/logo\/image\/"},"sameAs":["https:\/\/www.facebook.com\/Portal-Urbano-171542830093757\/","https:\/\/twitter.com\/portalurbanook","https:\/\/www.instagram.com\/_portalurbano\/","https:\/\/www.youtube.com\/channel\/UCXhagIfszH8KxFiOok79zbA?view_as=subscriber"]},{"@type":"Person","@id":"https:\/\/experienciadevida.com.ar\/portalurbano\/#\/schema\/person\/02dd326b1c4b056e9cc972486934a3a7","name":"admpu17wp","image":{"@type":"ImageObject","inLanguage":"es","@id":"https:\/\/experienciadevida.com.ar\/portalurbano\/#\/schema\/person\/image\/","url":"https:\/\/secure.gravatar.com\/avatar\/830d4c57adaae6630765e449a6908047?s=96&d=mm&r=g","contentUrl":"https:\/\/secure.gravatar.com\/avatar\/830d4c57adaae6630765e449a6908047?s=96&d=mm&r=g","caption":"admpu17wp"}}]}},"featured_image_urls":{"full":["https:\/\/experienciadevida.com.ar\/portalurbano\/wp-content\/uploads\/2020\/09\/Dia-de-la-primavera-11.jpg",765,510,false],"thumbnail":["https:\/\/experienciadevida.com.ar\/portalurbano\/wp-content\/uploads\/2020\/09\/Dia-de-la-primavera-11-150x150.jpg",150,150,true],"medium":["https:\/\/experienciadevida.com.ar\/portalurbano\/wp-content\/uploads\/2020\/09\/Dia-de-la-primavera-11-300x200.jpg",300,200,true],"medium_large":["https:\/\/experienciadevida.com.ar\/portalurbano\/wp-content\/uploads\/2020\/09\/Dia-de-la-primavera-11.jpg",640,427,false],"large":["https:\/\/experienciadevida.com.ar\/portalurbano\/wp-content\/uploads\/2020\/09\/Dia-de-la-primavera-11.jpg",640,427,false],"ug_big":["https:\/\/experienciadevida.com.ar\/portalurbano\/wp-content\/uploads\/2020\/09\/Dia-de-la-primavera-11.jpg",765,510,false],"1536x1536":["https:\/\/experienciadevida.com.ar\/portalurbano\/wp-content\/uploads\/2020\/09\/Dia-de-la-primavera-11.jpg",765,510,false],"2048x2048":["https:\/\/experienciadevida.com.ar\/portalurbano\/wp-content\/uploads\/2020\/09\/Dia-de-la-primavera-11.jpg",765,510,false],"newsever-slider-full":["https:\/\/experienciadevida.com.ar\/portalurbano\/wp-content\/uploads\/2020\/09\/Dia-de-la-primavera-11.jpg",765,510,false],"newsever-featured":["https:\/\/experienciadevida.com.ar\/portalurbano\/wp-content\/uploads\/2020\/09\/Dia-de-la-primavera-11.jpg",765,510,false],"newsever-medium":["https:\/\/experienciadevida.com.ar\/portalurbano\/wp-content\/uploads\/2020\/09\/Dia-de-la-primavera-11.jpg",713,475,false],"web-stories-poster-portrait":["https:\/\/experienciadevida.com.ar\/portalurbano\/wp-content\/uploads\/2020\/09\/Dia-de-la-primavera-11.jpg",640,427,false],"web-stories-publisher-logo":["https:\/\/experienciadevida.com.ar\/portalurbano\/wp-content\/uploads\/2020\/09\/Dia-de-la-primavera-11.jpg",96,64,false],"web-stories-thumbnail":["https:\/\/experienciadevida.com.ar\/portalurbano\/wp-content\/uploads\/2020\/09\/Dia-de-la-primavera-11.jpg",150,100,false]},"author_info":{"display_name":"admpu17wp","author_link":"https:\/\/experienciadevida.com.ar\/portalurbano\/author\/admpu17wp\/"},"category_info":"<a href=\"https:\/\/experienciadevida.com.ar\/portalurbano\/category\/ciudad\/\" rel=\"category tag\">Ciudad<\/a> <a href=\"https:\/\/experienciadevida.com.ar\/portalurbano\/category\/destacadas\/\" rel=\"category tag\">Destacadas<\/a>","tag_info":"Destacadas","comment_count":"0","amp_enabled":true,"_links":{"self":[{"href":"https:\/\/experienciadevida.com.ar\/portalurbano\/wp-json\/wp\/v2\/posts\/122029"}],"collection":[{"href":"https:\/\/experienciadevida.com.ar\/portalurbano\/wp-json\/wp\/v2\/posts"}],"about":[{"href":"https:\/\/experienciadevida.com.ar\/portalurbano\/wp-json\/wp\/v2\/types\/post"}],"author":[{"embeddable":true,"href":"https:\/\/experienciadevida.com.ar\/portalurbano\/wp-json\/wp\/v2\/users\/1"}],"replies":[{"embeddable":true,"href":"https:\/\/experienciadevida.com.ar\/portalurbano\/wp-json\/wp\/v2\/comments?post=122029"}],"version-history":[{"count":4,"href":"https:\/\/experienciadevida.com.ar\/portalurbano\/wp-json\/wp\/v2\/posts\/122029\/revisions"}],"predecessor-version":[{"id":122062,"href":"https:\/\/experienciadevida.com.ar\/portalurbano\/wp-json\/wp\/v2\/posts\/122029\/revisions\/122062"}],"wp:featuredmedia":[{"embeddable":true,"href":"https:\/\/experienciadevida.com.ar\/portalurbano\/wp-json\/wp\/v2\/media\/122037"}],"wp:attachment":[{"href":"https:\/\/experienciadevida.com.ar\/portalurbano\/wp-json\/wp\/v2\/media?parent=122029"}],"wp:term":[{"taxonomy":"category","embeddable":true,"href":"https:\/\/experienciadevida.com.ar\/portalurbano\/wp-json\/wp\/v2\/categories?post=122029"},{"taxonomy":"post_tag","embeddable":true,"href":"https:\/\/experienciadevida.com.ar\/portalurbano\/wp-json\/wp\/v2\/tags?post=122029"}],"curies":[{"name":"wp","href":"https:\/\/api.w.org\/{rel}","templated":true}]}}