{"id":121954,"date":"2020-09-21T12:17:14","date_gmt":"2020-09-21T15:17:14","guid":{"rendered":"https:\/\/experienciadevida.com.ar\/portalurbano\/?p=121954"},"modified":"2020-09-21T13:53:51","modified_gmt":"2020-09-21T16:53:51","slug":"se-realizo-una-nueva-caravana-de-autos-por-el-turismo-en-olavarria","status":"publish","type":"post","link":"https:\/\/experienciadevida.com.ar\/portalurbano\/se-realizo-una-nueva-caravana-de-autos-por-el-turismo-en-olavarria\/","title":{"rendered":"Se realiz\u00f3 una nueva caravana de autos por el turismo en Olavarr\u00eda"},"content":{"rendered":"<p>En la jornada de este lunes, referentes\u00a0 de agencias de <a href=\"https:\/\/es.wikipedia.org\/wiki\/Turismo_en_Argentina\"><strong>turismo<\/strong><\/a> se movilizaron por las calles c\u00e9ntricas de nuestra ciudad, por la situaci\u00f3n actual que est\u00e1n atravesando por la pandemia de Coronavirus.\u00a0 La caravana comenz\u00f3 en Necochea y Alsina a las 11 de la ma\u00f1ana.<\/p>\n<p>La <a href=\"https:\/\/experienciadevida.com.ar\/portalurbano\/ruidosa-movilizacion-de-las-agencias-de-turismo-y-afines\/\">anterior movilizaci\u00f3n se hizo a principios de mes<\/a> donde las agencias de turismo y afines se manifestaron para pedir por la reactivaci\u00f3n de la actividad, as\u00ed como tambi\u00e9n en esta nueva movilizaci\u00f3n.<\/p>\n<p>Referentes de <a href=\"https:\/\/www.argentina.gob.ar\/turismoydeportes\/turista\/agencias-de-viajes-autorizadas\">agencias de <strong>turismo<\/strong><\/a> mencionaron \u00ab<em>desde el 15 de marzo no estamos trabajando, ya desde diciembre ven\u00edamos con una baja en las ventas a ra\u00edz del impuesto pa\u00eds\u00bb.<\/em><\/p>\n<p>Las dificultades que enfrentan son varias, como los nuevos impuestos, el cierre de fronteras, la incertidumbre obre la fecha de apertura de los aeropuertos y la falta de homologaci\u00f3n de protocolos para todo el pa\u00eds.<\/p>\n<p>Vale recordar que las agencias de turismo presentaron varios protocolos para volver a la actividad, el presidente de la C\u00e1mara Argentina de Turismo (CAT) expreso &#8221; Es un paso m\u00e1s que damos hacia la nueva normalidad, una vez que la actividad vuelva a ponerse en movimiento\u201d, se\u00f1al\u00f3 .En estos protocolos para agencias de viajes y turismo se ofrecen diversas medidas y acciones espec\u00edficas para hacer frente a la situaci\u00f3n actual y ayudar a la recuperaci\u00f3n de la actividad\u201d, agreg\u00f3.<\/p>\n<p>El documento se organiza en dos cap\u00edtulos. El primero contiene las recomendaciones establecidas por el Poder Ejecutivo Nacional y el Ministerio de Salud de la Naci\u00f3n vigentes en cuanto a medidas preventivas, definici\u00f3n y acciones para garantizar el distanciamiento social o distancia de seguridad, procedimientos para la higiene de manos y respiratoria y desinfecci\u00f3n de superficies y ambientes.<\/p>\n<p>Mientras que el segundo cap\u00edtulo ofrece las pautas de aplicaci\u00f3n particulares en agencias de viajes y turismo encuadradas en las recomendaciones mencionadas y atendiendo a la especificidad de la actividad. En lo que respecta a los pilares de actuaci\u00f3n de las empresas, se apela a la limpieza e higiene constante de los espacios de interacci\u00f3n entre los trabajadores y el p\u00fablico consumidor y se pone el foco en el distanciamiento social de las personas.<\/p>\n<p>Al garantizar la salud de las personas, controlando la propagaci\u00f3n del virus, los protocolos permitir\u00e1n avanzar con las actividades de atenci\u00f3n necesarias para el desarrollo del sector que hoy se encuentra paralizado por completo. Adem\u00e1s, estas recomendaciones, de acuerdo con la normativa vigente, permitir\u00e1n generar los criterios comunes para que las autoridades jurisdiccionales implementen sus propios instrumentos que aseguren el funcionamiento de las agencias de turismo.<\/p>\n<p><a href=\"https:\/\/experienciadevida.com.ar\/portalurbano\/se-realizo-una-nueva-caravana-de-autos-por-el-turismo-en-olavarria\/turismo-13\/\" rel=\"attachment wp-att-121969\"><img decoding=\"async\" class=\"alignnone size-full wp-image-121969\" src=\"https:\/\/experienciadevida.com.ar\/portalurbano\/wp-content\/uploads\/2020\/09\/Turismo.jpg\" alt=\"Turismo\" width=\"765\" height=\"510\" srcset=\"https:\/\/experienciadevida.com.ar\/portalurbano\/wp-content\/uploads\/2020\/09\/Turismo.jpg 765w, https:\/\/experienciadevida.com.ar\/portalurbano\/wp-content\/uploads\/2020\/09\/Turismo-300x200.jpg 300w\" sizes=\"(max-width: 765px) 100vw, 765px\" \/><\/a> <a href=\"https:\/\/experienciadevida.com.ar\/portalurbano\/se-realizo-una-nueva-caravana-de-autos-por-el-turismo-en-olavarria\/turismo1-6\/\" rel=\"attachment wp-att-121968\"><img decoding=\"async\" class=\"alignnone size-full wp-image-121968\" src=\"https:\/\/experienciadevida.com.ar\/portalurbano\/wp-content\/uploads\/2020\/09\/Turismo1.jpg\" alt=\"\" width=\"765\" height=\"510\" srcset=\"https:\/\/experienciadevida.com.ar\/portalurbano\/wp-content\/uploads\/2020\/09\/Turismo1.jpg 765w, https:\/\/experienciadevida.com.ar\/portalurbano\/wp-content\/uploads\/2020\/09\/Turismo1-300x200.jpg 300w\" sizes=\"(max-width: 765px) 100vw, 765px\" \/><\/a> <a href=\"https:\/\/experienciadevida.com.ar\/portalurbano\/se-realizo-una-nueva-caravana-de-autos-por-el-turismo-en-olavarria\/turismo2-2\/\" rel=\"attachment wp-att-121967\"><img decoding=\"async\" class=\"alignnone size-full wp-image-121967\" src=\"https:\/\/experienciadevida.com.ar\/portalurbano\/wp-content\/uploads\/2020\/09\/Turismo2.jpg\" alt=\"Turismo2\" width=\"765\" height=\"510\" srcset=\"https:\/\/experienciadevida.com.ar\/portalurbano\/wp-content\/uploads\/2020\/09\/Turismo2.jpg 765w, https:\/\/experienciadevida.com.ar\/portalurbano\/wp-content\/uploads\/2020\/09\/Turismo2-300x200.jpg 300w\" sizes=\"(max-width: 765px) 100vw, 765px\" \/><\/a> <a href=\"https:\/\/experienciadevida.com.ar\/portalurbano\/se-realizo-una-nueva-caravana-de-autos-por-el-turismo-en-olavarria\/turismo3-2\/\" rel=\"attachment wp-att-121966\"><img decoding=\"async\" class=\"alignnone size-full wp-image-121966\" src=\"https:\/\/experienciadevida.com.ar\/portalurbano\/wp-content\/uploads\/2020\/09\/Turismo3.jpg\" alt=\"Turismo3\" width=\"765\" height=\"510\" srcset=\"https:\/\/experienciadevida.com.ar\/portalurbano\/wp-content\/uploads\/2020\/09\/Turismo3.jpg 765w, https:\/\/experienciadevida.com.ar\/portalurbano\/wp-content\/uploads\/2020\/09\/Turismo3-300x200.jpg 300w\" sizes=\"(max-width: 765px) 100vw, 765px\" \/><\/a> <a href=\"https:\/\/experienciadevida.com.ar\/portalurbano\/se-realizo-una-nueva-caravana-de-autos-por-el-turismo-en-olavarria\/turismo4\/\" rel=\"attachment wp-att-121965\"><img decoding=\"async\" class=\"alignnone size-full wp-image-121965\" src=\"https:\/\/experienciadevida.com.ar\/portalurbano\/wp-content\/uploads\/2020\/09\/Turismo4.jpg\" alt=\"Turismo4\" width=\"765\" height=\"510\" srcset=\"https:\/\/experienciadevida.com.ar\/portalurbano\/wp-content\/uploads\/2020\/09\/Turismo4.jpg 765w, https:\/\/experienciadevida.com.ar\/portalurbano\/wp-content\/uploads\/2020\/09\/Turismo4-300x200.jpg 300w\" sizes=\"(max-width: 765px) 100vw, 765px\" \/><\/a> <a href=\"https:\/\/experienciadevida.com.ar\/portalurbano\/se-realizo-una-nueva-caravana-de-autos-por-el-turismo-en-olavarria\/turismo5\/\" rel=\"attachment wp-att-121964\"><img decoding=\"async\" class=\"alignnone size-full wp-image-121964\" src=\"https:\/\/experienciadevida.com.ar\/portalurbano\/wp-content\/uploads\/2020\/09\/Turismo5.jpg\" alt=\"Turismo5\" width=\"765\" height=\"510\" srcset=\"https:\/\/experienciadevida.com.ar\/portalurbano\/wp-content\/uploads\/2020\/09\/Turismo5.jpg 765w, https:\/\/experienciadevida.com.ar\/portalurbano\/wp-content\/uploads\/2020\/09\/Turismo5-300x200.jpg 300w\" sizes=\"(max-width: 765px) 100vw, 765px\" \/><\/a> <a href=\"https:\/\/experienciadevida.com.ar\/portalurbano\/se-realizo-una-nueva-caravana-de-autos-por-el-turismo-en-olavarria\/turismo6\/\" rel=\"attachment wp-att-121963\"><img decoding=\"async\" class=\"alignnone size-full wp-image-121963\" src=\"https:\/\/experienciadevida.com.ar\/portalurbano\/wp-content\/uploads\/2020\/09\/Turismo6.jpg\" alt=\"Turismo6\" width=\"765\" height=\"510\" srcset=\"https:\/\/experienciadevida.com.ar\/portalurbano\/wp-content\/uploads\/2020\/09\/Turismo6.jpg 765w, https:\/\/experienciadevida.com.ar\/portalurbano\/wp-content\/uploads\/2020\/09\/Turismo6-300x200.jpg 300w\" sizes=\"(max-width: 765px) 100vw, 765px\" \/><\/a> <a href=\"https:\/\/experienciadevida.com.ar\/portalurbano\/se-realizo-una-nueva-caravana-de-autos-por-el-turismo-en-olavarria\/turismo11\/\" rel=\"attachment wp-att-121958\"><img decoding=\"async\" class=\"alignnone size-full wp-image-121958\" src=\"https:\/\/experienciadevida.com.ar\/portalurbano\/wp-content\/uploads\/2020\/09\/Turismo11.jpg\" alt=\"Turismo11\" width=\"765\" height=\"510\" srcset=\"https:\/\/experienciadevida.com.ar\/portalurbano\/wp-content\/uploads\/2020\/09\/Turismo11.jpg 765w, https:\/\/experienciadevida.com.ar\/portalurbano\/wp-content\/uploads\/2020\/09\/Turismo11-300x200.jpg 300w\" sizes=\"(max-width: 765px) 100vw, 765px\" \/><\/a> <a href=\"https:\/\/experienciadevida.com.ar\/portalurbano\/se-realizo-una-nueva-caravana-de-autos-por-el-turismo-en-olavarria\/turismo10\/\" rel=\"attachment wp-att-121959\"><img decoding=\"async\" class=\"alignnone size-full wp-image-121959\" src=\"https:\/\/experienciadevida.com.ar\/portalurbano\/wp-content\/uploads\/2020\/09\/Turismo10.jpg\" alt=\"Turismo10\" width=\"765\" height=\"510\" srcset=\"https:\/\/experienciadevida.com.ar\/portalurbano\/wp-content\/uploads\/2020\/09\/Turismo10.jpg 765w, https:\/\/experienciadevida.com.ar\/portalurbano\/wp-content\/uploads\/2020\/09\/Turismo10-300x200.jpg 300w\" sizes=\"(max-width: 765px) 100vw, 765px\" \/><\/a> <a href=\"https:\/\/experienciadevida.com.ar\/portalurbano\/se-realizo-una-nueva-caravana-de-autos-por-el-turismo-en-olavarria\/turismo9\/\" rel=\"attachment wp-att-121960\"><img decoding=\"async\" class=\"alignnone size-full wp-image-121960\" src=\"https:\/\/experienciadevida.com.ar\/portalurbano\/wp-content\/uploads\/2020\/09\/Turismo9.jpg\" alt=\"Turismo9\" width=\"765\" height=\"510\" srcset=\"https:\/\/experienciadevida.com.ar\/portalurbano\/wp-content\/uploads\/2020\/09\/Turismo9.jpg 765w, https:\/\/experienciadevida.com.ar\/portalurbano\/wp-content\/uploads\/2020\/09\/Turismo9-300x200.jpg 300w\" sizes=\"(max-width: 765px) 100vw, 765px\" \/><\/a> <a href=\"https:\/\/experienciadevida.com.ar\/portalurbano\/se-realizo-una-nueva-caravana-de-autos-por-el-turismo-en-olavarria\/turismo8\/\" rel=\"attachment wp-att-121961\"><img decoding=\"async\" class=\"alignnone size-full wp-image-121961\" src=\"https:\/\/experienciadevida.com.ar\/portalurbano\/wp-content\/uploads\/2020\/09\/Turismo8.jpg\" alt=\"Turismo8\" width=\"765\" height=\"510\" srcset=\"https:\/\/experienciadevida.com.ar\/portalurbano\/wp-content\/uploads\/2020\/09\/Turismo8.jpg 765w, https:\/\/experienciadevida.com.ar\/portalurbano\/wp-content\/uploads\/2020\/09\/Turismo8-300x200.jpg 300w\" sizes=\"(max-width: 765px) 100vw, 765px\" \/><\/a> <a href=\"https:\/\/experienciadevida.com.ar\/portalurbano\/se-realizo-una-nueva-caravana-de-autos-por-el-turismo-en-olavarria\/turismo7\/\" rel=\"attachment wp-att-121962\"><img decoding=\"async\" class=\"alignnone size-full wp-image-121962\" src=\"https:\/\/experienciadevida.com.ar\/portalurbano\/wp-content\/uploads\/2020\/09\/Turismo7.jpg\" alt=\"Turismo7\" width=\"765\" height=\"510\" srcset=\"https:\/\/experienciadevida.com.ar\/portalurbano\/wp-content\/uploads\/2020\/09\/Turismo7.jpg 765w, https:\/\/experienciadevida.com.ar\/portalurbano\/wp-content\/uploads\/2020\/09\/Turismo7-300x200.jpg 300w\" sizes=\"(max-width: 765px) 100vw, 765px\" \/><\/a> <a href=\"https:\/\/experienciadevida.com.ar\/portalurbano\/se-realizo-una-nueva-caravana-de-autos-por-el-turismo-en-olavarria\/turismo14\/\" rel=\"attachment wp-att-121955\"><img decoding=\"async\" class=\"alignnone size-full wp-image-121955\" src=\"https:\/\/experienciadevida.com.ar\/portalurbano\/wp-content\/uploads\/2020\/09\/Turismo14.jpg\" alt=\"Turismo\" width=\"765\" height=\"510\" srcset=\"https:\/\/experienciadevida.com.ar\/portalurbano\/wp-content\/uploads\/2020\/09\/Turismo14.jpg 765w, https:\/\/experienciadevida.com.ar\/portalurbano\/wp-content\/uploads\/2020\/09\/Turismo14-300x200.jpg 300w\" sizes=\"(max-width: 765px) 100vw, 765px\" \/><\/a> <a href=\"https:\/\/experienciadevida.com.ar\/portalurbano\/se-realizo-una-nueva-caravana-de-autos-por-el-turismo-en-olavarria\/turismo13\/\" rel=\"attachment wp-att-121956\"><img decoding=\"async\" class=\"alignnone size-full wp-image-121956\" src=\"https:\/\/experienciadevida.com.ar\/portalurbano\/wp-content\/uploads\/2020\/09\/Turismo13.jpg\" alt=\"Turismo13\" width=\"765\" height=\"510\" srcset=\"https:\/\/experienciadevida.com.ar\/portalurbano\/wp-content\/uploads\/2020\/09\/Turismo13.jpg 765w, https:\/\/experienciadevida.com.ar\/portalurbano\/wp-content\/uploads\/2020\/09\/Turismo13-300x200.jpg 300w\" sizes=\"(max-width: 765px) 100vw, 765px\" \/><\/a> <a href=\"https:\/\/experienciadevida.com.ar\/portalurbano\/se-realizo-una-nueva-caravana-de-autos-por-el-turismo-en-olavarria\/turismo12\/\" rel=\"attachment wp-att-121957\"><img decoding=\"async\" class=\"alignnone size-full wp-image-121957\" src=\"https:\/\/experienciadevida.com.ar\/portalurbano\/wp-content\/uploads\/2020\/09\/Turismo12.jpg\" alt=\"Turismo12\" width=\"765\" height=\"510\" srcset=\"https:\/\/experienciadevida.com.ar\/portalurbano\/wp-content\/uploads\/2020\/09\/Turismo12.jpg 765w, https:\/\/experienciadevida.com.ar\/portalurbano\/wp-content\/uploads\/2020\/09\/Turismo12-300x200.jpg 300w\" sizes=\"(max-width: 765px) 100vw, 765px\" \/><\/a><\/p>\n<div class=\"yrc-shell-cover yrc-single\" data-yrc-uid=\"69f1605a1206b\" data-yrc-channel=\"{&quot;meta&quot;:{&quot;user&quot;:&quot;Portal Urbano&quot;,&quot;channel&quot;:&quot;UCXhagIfszH8KxFiOok79zbA&quot;,&quot;key&quot;:&quot;yrc_1524317601&quot;,&quot;apikey&quot;:&quot;AIzaSyCEhi-95k6t1rX4pDVqugauM-UyTfNHj8Q&quot;,&quot;cache&quot;:&quot;180&quot;,&quot;channel_uploads&quot;:&quot;UUXhagIfszH8KxFiOok79zbA&quot;,&quot;onlyonce&quot;:&quot;&quot;,&quot;tag&quot;:&quot;&quot;,&quot;per_page&quot;:&quot;12&quot;,&quot;maxv&quot;:&quot;500&quot;,&quot;ads&quot;:&quot;1&quot;,&quot;uid&quot;:&quot;69f1605a1206b&quot;,&quot;nocookie&quot;:&quot;&quot;,&quot;single&quot;:true},&quot;style&quot;:{&quot;colors&quot;:{&quot;item&quot;:{&quot;background&quot;:&quot;inherit&quot;},&quot;button&quot;:{&quot;background&quot;:&quot;#333&quot;,&quot;color&quot;:&quot;#fff&quot;},&quot;color&quot;:{&quot;text&quot;:&quot;#fff&quot;,&quot;link&quot;:&quot;inherit&quot;,&quot;menu&quot;:&quot;#000&quot;,&quot;meta&quot;:&quot;inherit&quot;}},&quot;theme&quot;:{&quot;videos&quot;:{&quot;style&quot;:&quot;__grid&quot;,&quot;thumb&quot;:[&quot;large&quot;,&quot;open&quot;],&quot;desc&quot;:&quot;&quot;,&quot;carousel&quot;:{&quot;thumbs&quot;:&quot;4&quot;,&quot;thumbs_to_slide&quot;:&quot;2&quot;,&quot;spacing&quot;:&quot;8&quot;},&quot;carousel_nav&quot;:{&quot;modifier&quot;:&quot;__sides&quot;,&quot;position&quot;:&quot;left-none&quot;,&quot;location&quot;:&quot;prepend&quot;,&quot;background&quot;:&quot;#fff&quot;,&quot;color&quot;:&quot;#000&quot;,&quot;font_size&quot;:&quot;2&quot;,&quot;border_radius&quot;:&quot;0&quot;}},&quot;a&quot;:&quot;1&quot;},&quot;fit&quot;:&quot;false&quot;,&quot;playlists&quot;:&quot;true&quot;,&quot;uploads&quot;:&quot;true&quot;,&quot;player_mode&quot;:&quot;1&quot;,&quot;truncate&quot;:&quot;1&quot;,&quot;banner&quot;:&quot;true&quot;,&quot;thumb_margin&quot;:&quot;8&quot;,&quot;play_icon&quot;:&quot;&quot;,&quot;youtube_play_icon&quot;:&quot;&quot;,&quot;thumb_image_size&quot;:&quot;medium&quot;,&quot;default_tab&quot;:&quot;uploads&quot;,&quot;sticky&quot;:{&quot;enable&quot;:&quot;&quot;,&quot;width&quot;:&quot;400&quot;,&quot;position&quot;:&quot;bottom-right&quot;,&quot;only_above&quot;:&quot;768&quot;,&quot;margin&quot;:&quot;12&quot;},&quot;player&quot;:{&quot;show_desc&quot;:&quot;&quot;,&quot;show_meta&quot;:&quot;&quot;},&quot;menu&quot;:&quot;1&quot;,&quot;rating_style&quot;:&quot;NaN&quot;,&quot;rtl&quot;:false}}\" data-yrc-setup=\"\"><\/div>\r\n\t\t\t<script data-cfasync=\"false\" type=\"text\/javascript\">\r\n\t\t\t\tif( !window.YRC ) var YRC = {Data:{}};\r\n\t\t\t\tYRC.Data[\"69f1605a1206b\"] = {\"video\":\"UlnS5TMZZdg\"};\r\n\t\t\t\t(function(){\r\n\t\t\t\t\tif(!YRC.loaded){\r\n\t\t\t\t\t    YRC.loaded = true;\r\n\t\t\t\t\t\tfunction YRC_Loader(){\r\n\t\t\t\t\t\t\t\/\/YRC.loaded = true;\r\n\t\t\t\t\t\t\tYRC.is_pro = false;\r\n\t\t\t\t\t\t\tYRC.is_pb = false;\r\n\t\t\t\t\t\t\tYRC.lang = {\"form\":{\"Videos\":\"Videos\",\"Playlists\":\"Playlists\",\"Search\":\"Search\",\"Loading\":\"Loading\",\"more\":\"more\",\"Nothing_found\":\"Nothing found\",\"Prev\":\"Previous\",\"Next\":\"Next\",\"consent_statement\":\"Allow cookies?\",\"consent_button\":\"Allow\",\"consent_privacy_policy\":\"Privacy policy\"},\"fui\":{\"sort_by\":\"Sort by\",\"relevant\":\"Relevant\",\"latest\":\"Latest\",\"liked\":\"Liked\",\"title\":\"Title\",\"views\":\"Views\",\"duration\":\"Duration\",\"any\":\"Any\",\"_short\":\"Short\",\"medium\":\"Medium\",\"_long\":\"Long\",\"uploaded\":\"Uploaded\",\"all_time\":\"All time\",\"live_now\":\"Live Now\",\"today\":\"Today\",\"ago\":\"ago\",\"last\":\"Last\",\"day\":\"day\",\"days\":\"days\",\"week\":\"week\",\"weeks\":\"weeks\",\"month\":\"month\",\"months\":\"months\",\"year\":\"year\",\"years\":\"years\",\"older\":\"Older\",\"show_more\":\"Show More\",\"show_less\":\"Show Less\",\"reply\":\"REPLY\",\"view_replies\":\"View replies\",\"write_comment\":\"Write comment...\",\"billion\":\"B\",\"million\":\"M\",\"thousand\":\"K\",\"max_plain_number\":1000,\"wplocale\":\"es_ES\"}};\r\n\t\t\t\t\t\t\tYRC.is_admin = false;\r\n\t\t\t\t\t\t\tvar script = document.createElement(\"script\");\r\n\t\t\t\t\t\t\t\tscript.setAttribute(\"data-cfasync\", \"false\");\r\n\t\t\t\t\t\t\t\tscript.setAttribute(\"type\", \"text\/javascript\");\r\n\t\t\t\t\t\t\t\tscript.src = \"https:\/\/experienciadevida.com.ar\/portalurbano\/wp-content\/plugins\/yourchannel\/js\/yrc.js?1.2.6\";\r\n\t\t\t\t\t\t\t\tscript.id = \"yrc-script\";\r\n\t\t\t\t\t\t\t\tdocument.querySelector(\"head\").appendChild(script);\r\n\t\t\t\t\t\t\tvar style = document.createElement(\"link\");\r\n\t\t\t\t\t\t\t\tstyle.rel = \"stylesheet\";\r\n\t\t\t\t\t\t\t\tstyle.href = \"https:\/\/experienciadevida.com.ar\/portalurbano\/wp-content\/plugins\/yourchannel\/css\/style.css?1.2.6\";\r\n\t\t\t\t\t\t\t\tstyle.type = \"text\/css\";\r\n\t\t\t\t\t\t\t\tdocument.querySelector(\"head\").appendChild(style);\r\n\t\t\t\t\t\t}\r\n\t\t\t\t\t\tif(window.jQuery){YRC_Loader();}else { var yrctimer2324 = window.setInterval(function(){\r\n\t\t\t\t\t\t\tif(window.jQuery){YRC_Loader(); window.clearInterval(yrctimer2324); }\r\n\t\t\t\t\t\t}, 250);}\r\n\t\t\t\t\t} else {if(YRC.EM)YRC.EM.trigger(\"yrc.newchannel\");}\r\n\t\t\t\t}());<\/script>\n","protected":false},"excerpt":{"rendered":"<p>En la jornada de este lunes, referentes\u00a0 de agencias de turismo se movilizaron por las&#8230;<\/p>\n","protected":false},"author":1,"featured_media":121955,"comment_status":"closed","ping_status":"closed","sticky":false,"template":"","format":"standard","meta":{"content-type":""},"categories":[27,51],"tags":[],"nelio_content":{"isAutoShareEnabled":false,"autoShareEndMode":"default","automationSources":{"useContentSentences":true,"useSocialTemplates":true,"useCustomSentences":false,"customSentences":[]},"followers":[1],"suggestedReferences":[],"includedReferences":["https:\/\/es.wikipedia.org\/wiki\/Turismo_en_Argentina","https:\/\/www.argentina.gob.ar\/turismoydeportes\/turista\/agencias-de-viajes-autorizadas"],"efiUrl":"","efiAlt":"","highlights":[]},"yoast_head":"<!-- This site is optimized with the Yoast SEO plugin v20.7 - https:\/\/yoast.com\/wordpress\/plugins\/seo\/ -->\n<title>Se realiz\u00f3 una nueva caravana de autos por el turismo en Olavarr\u00eda<\/title>\n<meta name=\"description\" content=\"En la jornada de este lunes, referentes\u00a0 de agencias de turismo se movilizaron por las calles c\u00e9ntricas de nuestra ciudad.\" \/>\n<meta name=\"robots\" content=\"index, follow, max-snippet:-1, max-image-preview:large, max-video-preview:-1\" \/>\n<link rel=\"canonical\" href=\"https:\/\/experienciadevida.com.ar\/portalurbano\/se-realizo-una-nueva-caravana-de-autos-por-el-turismo-en-olavarria\/\" \/>\n<meta property=\"og:locale\" content=\"es_ES\" \/>\n<meta property=\"og:type\" content=\"article\" \/>\n<meta property=\"og:title\" content=\"Se realiz\u00f3 una nueva caravana de autos por el turismo en Olavarr\u00eda\" \/>\n<meta property=\"og:description\" content=\"En la jornada de este lunes, referentes\u00a0 de agencias de turismo se movilizaron por las calles c\u00e9ntricas de nuestra ciudad.\" \/>\n<meta property=\"og:url\" content=\"https:\/\/experienciadevida.com.ar\/portalurbano\/se-realizo-una-nueva-caravana-de-autos-por-el-turismo-en-olavarria\/\" \/>\n<meta property=\"article:publisher\" content=\"https:\/\/www.facebook.com\/Portal-Urbano-171542830093757\/\" \/>\n<meta property=\"article:published_time\" content=\"2020-09-21T15:17:14+00:00\" \/>\n<meta property=\"article:modified_time\" content=\"2020-09-21T16:53:51+00:00\" \/>\n<meta property=\"og:image\" content=\"https:\/\/experienciadevida.com.ar\/portalurbano\/wp-content\/uploads\/2020\/09\/Turismo14.jpg\" \/>\n\t<meta property=\"og:image:width\" content=\"765\" \/>\n\t<meta property=\"og:image:height\" content=\"510\" \/>\n\t<meta property=\"og:image:type\" content=\"image\/jpeg\" \/>\n<meta name=\"author\" content=\"admpu17wp\" \/>\n<meta name=\"twitter:card\" content=\"summary_large_image\" \/>\n<meta name=\"twitter:creator\" content=\"@portalurbanook\" \/>\n<meta name=\"twitter:site\" content=\"@portalurbanook\" \/>\n<meta name=\"twitter:label1\" content=\"Escrito por\" \/>\n\t<meta name=\"twitter:data1\" content=\"admpu17wp\" \/>\n\t<meta name=\"twitter:label2\" content=\"Tiempo de lectura\" \/>\n\t<meta name=\"twitter:data2\" content=\"2 minutos\" \/>\n<script type=\"application\/ld+json\" class=\"yoast-schema-graph\">{\"@context\":\"https:\/\/schema.org\",\"@graph\":[{\"@type\":\"Article\",\"@id\":\"https:\/\/experienciadevida.com.ar\/portalurbano\/se-realizo-una-nueva-caravana-de-autos-por-el-turismo-en-olavarria\/#article\",\"isPartOf\":{\"@id\":\"https:\/\/experienciadevida.com.ar\/portalurbano\/se-realizo-una-nueva-caravana-de-autos-por-el-turismo-en-olavarria\/\"},\"author\":{\"name\":\"admpu17wp\",\"@id\":\"https:\/\/experienciadevida.com.ar\/portalurbano\/#\/schema\/person\/02dd326b1c4b056e9cc972486934a3a7\"},\"headline\":\"Se realiz\u00f3 una nueva caravana de autos por el turismo en Olavarr\u00eda\",\"datePublished\":\"2020-09-21T15:17:14+00:00\",\"dateModified\":\"2020-09-21T16:53:51+00:00\",\"mainEntityOfPage\":{\"@id\":\"https:\/\/experienciadevida.com.ar\/portalurbano\/se-realizo-una-nueva-caravana-de-autos-por-el-turismo-en-olavarria\/\"},\"wordCount\":472,\"publisher\":{\"@id\":\"https:\/\/experienciadevida.com.ar\/portalurbano\/#organization\"},\"articleSection\":[\"Ciudad\",\"Destacadas\"],\"inLanguage\":\"es\"},{\"@type\":\"WebPage\",\"@id\":\"https:\/\/experienciadevida.com.ar\/portalurbano\/se-realizo-una-nueva-caravana-de-autos-por-el-turismo-en-olavarria\/\",\"url\":\"https:\/\/experienciadevida.com.ar\/portalurbano\/se-realizo-una-nueva-caravana-de-autos-por-el-turismo-en-olavarria\/\",\"name\":\"Se realiz\u00f3 una nueva caravana de autos por el turismo en Olavarr\u00eda\",\"isPartOf\":{\"@id\":\"https:\/\/experienciadevida.com.ar\/portalurbano\/#website\"},\"datePublished\":\"2020-09-21T15:17:14+00:00\",\"dateModified\":\"2020-09-21T16:53:51+00:00\",\"description\":\"En la jornada de este lunes, referentes\u00a0 de agencias de turismo se movilizaron por las calles c\u00e9ntricas de nuestra ciudad.\",\"breadcrumb\":{\"@id\":\"https:\/\/experienciadevida.com.ar\/portalurbano\/se-realizo-una-nueva-caravana-de-autos-por-el-turismo-en-olavarria\/#breadcrumb\"},\"inLanguage\":\"es\",\"potentialAction\":[{\"@type\":\"ReadAction\",\"target\":[\"https:\/\/experienciadevida.com.ar\/portalurbano\/se-realizo-una-nueva-caravana-de-autos-por-el-turismo-en-olavarria\/\"]}]},{\"@type\":\"BreadcrumbList\",\"@id\":\"https:\/\/experienciadevida.com.ar\/portalurbano\/se-realizo-una-nueva-caravana-de-autos-por-el-turismo-en-olavarria\/#breadcrumb\",\"itemListElement\":[{\"@type\":\"ListItem\",\"position\":1,\"name\":\"Portada\",\"item\":\"https:\/\/experienciadevida.com.ar\/portalurbano\/\"},{\"@type\":\"ListItem\",\"position\":2,\"name\":\"Se realiz\u00f3 una nueva caravana de autos por el turismo en Olavarr\u00eda\"}]},{\"@type\":\"WebSite\",\"@id\":\"https:\/\/experienciadevida.com.ar\/portalurbano\/#website\",\"url\":\"https:\/\/experienciadevida.com.ar\/portalurbano\/\",\"name\":\"\",\"description\":\"\",\"publisher\":{\"@id\":\"https:\/\/experienciadevida.com.ar\/portalurbano\/#organization\"},\"potentialAction\":[{\"@type\":\"SearchAction\",\"target\":{\"@type\":\"EntryPoint\",\"urlTemplate\":\"https:\/\/experienciadevida.com.ar\/portalurbano\/?s={search_term_string}\"},\"query-input\":\"required name=search_term_string\"}],\"inLanguage\":\"es\"},{\"@type\":\"Organization\",\"@id\":\"https:\/\/experienciadevida.com.ar\/portalurbano\/#organization\",\"name\":\"Portal Urbano\",\"url\":\"https:\/\/experienciadevida.com.ar\/portalurbano\/\",\"logo\":{\"@type\":\"ImageObject\",\"inLanguage\":\"es\",\"@id\":\"https:\/\/experienciadevida.com.ar\/portalurbano\/#\/schema\/logo\/image\/\",\"url\":\"https:\/\/experienciadevida.com.ar\/portalurbano\/wp-content\/uploads\/2019\/09\/Logo-Original.png\",\"contentUrl\":\"https:\/\/experienciadevida.com.ar\/portalurbano\/wp-content\/uploads\/2019\/09\/Logo-Original.png\",\"width\":2236,\"height\":1216,\"caption\":\"Portal Urbano\"},\"image\":{\"@id\":\"https:\/\/experienciadevida.com.ar\/portalurbano\/#\/schema\/logo\/image\/\"},\"sameAs\":[\"https:\/\/www.facebook.com\/Portal-Urbano-171542830093757\/\",\"https:\/\/twitter.com\/portalurbanook\",\"https:\/\/www.instagram.com\/_portalurbano\/\",\"https:\/\/www.youtube.com\/channel\/UCXhagIfszH8KxFiOok79zbA?view_as=subscriber\"]},{\"@type\":\"Person\",\"@id\":\"https:\/\/experienciadevida.com.ar\/portalurbano\/#\/schema\/person\/02dd326b1c4b056e9cc972486934a3a7\",\"name\":\"admpu17wp\",\"image\":{\"@type\":\"ImageObject\",\"inLanguage\":\"es\",\"@id\":\"https:\/\/experienciadevida.com.ar\/portalurbano\/#\/schema\/person\/image\/\",\"url\":\"https:\/\/secure.gravatar.com\/avatar\/830d4c57adaae6630765e449a6908047?s=96&d=mm&r=g\",\"contentUrl\":\"https:\/\/secure.gravatar.com\/avatar\/830d4c57adaae6630765e449a6908047?s=96&d=mm&r=g\",\"caption\":\"admpu17wp\"}}]}<\/script>\n<!-- \/ Yoast SEO plugin. -->","yoast_head_json":{"title":"Se realiz\u00f3 una nueva caravana de autos por el turismo en Olavarr\u00eda","description":"En la jornada de este lunes, referentes\u00a0 de agencias de turismo se movilizaron por las calles c\u00e9ntricas de nuestra ciudad.","robots":{"index":"index","follow":"follow","max-snippet":"max-snippet:-1","max-image-preview":"max-image-preview:large","max-video-preview":"max-video-preview:-1"},"canonical":"https:\/\/experienciadevida.com.ar\/portalurbano\/se-realizo-una-nueva-caravana-de-autos-por-el-turismo-en-olavarria\/","og_locale":"es_ES","og_type":"article","og_title":"Se realiz\u00f3 una nueva caravana de autos por el turismo en Olavarr\u00eda","og_description":"En la jornada de este lunes, referentes\u00a0 de agencias de turismo se movilizaron por las calles c\u00e9ntricas de nuestra ciudad.","og_url":"https:\/\/experienciadevida.com.ar\/portalurbano\/se-realizo-una-nueva-caravana-de-autos-por-el-turismo-en-olavarria\/","article_publisher":"https:\/\/www.facebook.com\/Portal-Urbano-171542830093757\/","article_published_time":"2020-09-21T15:17:14+00:00","article_modified_time":"2020-09-21T16:53:51+00:00","og_image":[{"width":765,"height":510,"url":"https:\/\/experienciadevida.com.ar\/portalurbano\/wp-content\/uploads\/2020\/09\/Turismo14.jpg","type":"image\/jpeg"}],"author":"admpu17wp","twitter_card":"summary_large_image","twitter_creator":"@portalurbanook","twitter_site":"@portalurbanook","twitter_misc":{"Escrito por":"admpu17wp","Tiempo de lectura":"2 minutos"},"schema":{"@context":"https:\/\/schema.org","@graph":[{"@type":"Article","@id":"https:\/\/experienciadevida.com.ar\/portalurbano\/se-realizo-una-nueva-caravana-de-autos-por-el-turismo-en-olavarria\/#article","isPartOf":{"@id":"https:\/\/experienciadevida.com.ar\/portalurbano\/se-realizo-una-nueva-caravana-de-autos-por-el-turismo-en-olavarria\/"},"author":{"name":"admpu17wp","@id":"https:\/\/experienciadevida.com.ar\/portalurbano\/#\/schema\/person\/02dd326b1c4b056e9cc972486934a3a7"},"headline":"Se realiz\u00f3 una nueva caravana de autos por el turismo en Olavarr\u00eda","datePublished":"2020-09-21T15:17:14+00:00","dateModified":"2020-09-21T16:53:51+00:00","mainEntityOfPage":{"@id":"https:\/\/experienciadevida.com.ar\/portalurbano\/se-realizo-una-nueva-caravana-de-autos-por-el-turismo-en-olavarria\/"},"wordCount":472,"publisher":{"@id":"https:\/\/experienciadevida.com.ar\/portalurbano\/#organization"},"articleSection":["Ciudad","Destacadas"],"inLanguage":"es"},{"@type":"WebPage","@id":"https:\/\/experienciadevida.com.ar\/portalurbano\/se-realizo-una-nueva-caravana-de-autos-por-el-turismo-en-olavarria\/","url":"https:\/\/experienciadevida.com.ar\/portalurbano\/se-realizo-una-nueva-caravana-de-autos-por-el-turismo-en-olavarria\/","name":"Se realiz\u00f3 una nueva caravana de autos por el turismo en Olavarr\u00eda","isPartOf":{"@id":"https:\/\/experienciadevida.com.ar\/portalurbano\/#website"},"datePublished":"2020-09-21T15:17:14+00:00","dateModified":"2020-09-21T16:53:51+00:00","description":"En la jornada de este lunes, referentes\u00a0 de agencias de turismo se movilizaron por las calles c\u00e9ntricas de nuestra ciudad.","breadcrumb":{"@id":"https:\/\/experienciadevida.com.ar\/portalurbano\/se-realizo-una-nueva-caravana-de-autos-por-el-turismo-en-olavarria\/#breadcrumb"},"inLanguage":"es","potentialAction":[{"@type":"ReadAction","target":["https:\/\/experienciadevida.com.ar\/portalurbano\/se-realizo-una-nueva-caravana-de-autos-por-el-turismo-en-olavarria\/"]}]},{"@type":"BreadcrumbList","@id":"https:\/\/experienciadevida.com.ar\/portalurbano\/se-realizo-una-nueva-caravana-de-autos-por-el-turismo-en-olavarria\/#breadcrumb","itemListElement":[{"@type":"ListItem","position":1,"name":"Portada","item":"https:\/\/experienciadevida.com.ar\/portalurbano\/"},{"@type":"ListItem","position":2,"name":"Se realiz\u00f3 una nueva caravana de autos por el turismo en Olavarr\u00eda"}]},{"@type":"WebSite","@id":"https:\/\/experienciadevida.com.ar\/portalurbano\/#website","url":"https:\/\/experienciadevida.com.ar\/portalurbano\/","name":"","description":"","publisher":{"@id":"https:\/\/experienciadevida.com.ar\/portalurbano\/#organization"},"potentialAction":[{"@type":"SearchAction","target":{"@type":"EntryPoint","urlTemplate":"https:\/\/experienciadevida.com.ar\/portalurbano\/?s={search_term_string}"},"query-input":"required name=search_term_string"}],"inLanguage":"es"},{"@type":"Organization","@id":"https:\/\/experienciadevida.com.ar\/portalurbano\/#organization","name":"Portal Urbano","url":"https:\/\/experienciadevida.com.ar\/portalurbano\/","logo":{"@type":"ImageObject","inLanguage":"es","@id":"https:\/\/experienciadevida.com.ar\/portalurbano\/#\/schema\/logo\/image\/","url":"https:\/\/experienciadevida.com.ar\/portalurbano\/wp-content\/uploads\/2019\/09\/Logo-Original.png","contentUrl":"https:\/\/experienciadevida.com.ar\/portalurbano\/wp-content\/uploads\/2019\/09\/Logo-Original.png","width":2236,"height":1216,"caption":"Portal Urbano"},"image":{"@id":"https:\/\/experienciadevida.com.ar\/portalurbano\/#\/schema\/logo\/image\/"},"sameAs":["https:\/\/www.facebook.com\/Portal-Urbano-171542830093757\/","https:\/\/twitter.com\/portalurbanook","https:\/\/www.instagram.com\/_portalurbano\/","https:\/\/www.youtube.com\/channel\/UCXhagIfszH8KxFiOok79zbA?view_as=subscriber"]},{"@type":"Person","@id":"https:\/\/experienciadevida.com.ar\/portalurbano\/#\/schema\/person\/02dd326b1c4b056e9cc972486934a3a7","name":"admpu17wp","image":{"@type":"ImageObject","inLanguage":"es","@id":"https:\/\/experienciadevida.com.ar\/portalurbano\/#\/schema\/person\/image\/","url":"https:\/\/secure.gravatar.com\/avatar\/830d4c57adaae6630765e449a6908047?s=96&d=mm&r=g","contentUrl":"https:\/\/secure.gravatar.com\/avatar\/830d4c57adaae6630765e449a6908047?s=96&d=mm&r=g","caption":"admpu17wp"}}]}},"featured_image_urls":{"full":["https:\/\/experienciadevida.com.ar\/portalurbano\/wp-content\/uploads\/2020\/09\/Turismo14.jpg",765,510,false],"thumbnail":["https:\/\/experienciadevida.com.ar\/portalurbano\/wp-content\/uploads\/2020\/09\/Turismo14-150x150.jpg",150,150,true],"medium":["https:\/\/experienciadevida.com.ar\/portalurbano\/wp-content\/uploads\/2020\/09\/Turismo14-300x200.jpg",300,200,true],"medium_large":["https:\/\/experienciadevida.com.ar\/portalurbano\/wp-content\/uploads\/2020\/09\/Turismo14.jpg",640,427,false],"large":["https:\/\/experienciadevida.com.ar\/portalurbano\/wp-content\/uploads\/2020\/09\/Turismo14.jpg",640,427,false],"ug_big":["https:\/\/experienciadevida.com.ar\/portalurbano\/wp-content\/uploads\/2020\/09\/Turismo14.jpg",765,510,false],"1536x1536":["https:\/\/experienciadevida.com.ar\/portalurbano\/wp-content\/uploads\/2020\/09\/Turismo14.jpg",765,510,false],"2048x2048":["https:\/\/experienciadevida.com.ar\/portalurbano\/wp-content\/uploads\/2020\/09\/Turismo14.jpg",765,510,false],"newsever-slider-full":["https:\/\/experienciadevida.com.ar\/portalurbano\/wp-content\/uploads\/2020\/09\/Turismo14.jpg",765,510,false],"newsever-featured":["https:\/\/experienciadevida.com.ar\/portalurbano\/wp-content\/uploads\/2020\/09\/Turismo14.jpg",765,510,false],"newsever-medium":["https:\/\/experienciadevida.com.ar\/portalurbano\/wp-content\/uploads\/2020\/09\/Turismo14.jpg",713,475,false],"web-stories-poster-portrait":["https:\/\/experienciadevida.com.ar\/portalurbano\/wp-content\/uploads\/2020\/09\/Turismo14.jpg",640,427,false],"web-stories-publisher-logo":["https:\/\/experienciadevida.com.ar\/portalurbano\/wp-content\/uploads\/2020\/09\/Turismo14.jpg",96,64,false],"web-stories-thumbnail":["https:\/\/experienciadevida.com.ar\/portalurbano\/wp-content\/uploads\/2020\/09\/Turismo14.jpg",150,100,false]},"author_info":{"display_name":"admpu17wp","author_link":"https:\/\/experienciadevida.com.ar\/portalurbano\/author\/admpu17wp\/"},"category_info":"<a href=\"https:\/\/experienciadevida.com.ar\/portalurbano\/category\/ciudad\/\" rel=\"category tag\">Ciudad<\/a> <a href=\"https:\/\/experienciadevida.com.ar\/portalurbano\/category\/destacadas\/\" rel=\"category tag\">Destacadas<\/a>","tag_info":"Destacadas","comment_count":"0","amp_enabled":true,"_links":{"self":[{"href":"https:\/\/experienciadevida.com.ar\/portalurbano\/wp-json\/wp\/v2\/posts\/121954"}],"collection":[{"href":"https:\/\/experienciadevida.com.ar\/portalurbano\/wp-json\/wp\/v2\/posts"}],"about":[{"href":"https:\/\/experienciadevida.com.ar\/portalurbano\/wp-json\/wp\/v2\/types\/post"}],"author":[{"embeddable":true,"href":"https:\/\/experienciadevida.com.ar\/portalurbano\/wp-json\/wp\/v2\/users\/1"}],"replies":[{"embeddable":true,"href":"https:\/\/experienciadevida.com.ar\/portalurbano\/wp-json\/wp\/v2\/comments?post=121954"}],"version-history":[{"count":6,"href":"https:\/\/experienciadevida.com.ar\/portalurbano\/wp-json\/wp\/v2\/posts\/121954\/revisions"}],"predecessor-version":[{"id":122000,"href":"https:\/\/experienciadevida.com.ar\/portalurbano\/wp-json\/wp\/v2\/posts\/121954\/revisions\/122000"}],"wp:featuredmedia":[{"embeddable":true,"href":"https:\/\/experienciadevida.com.ar\/portalurbano\/wp-json\/wp\/v2\/media\/121955"}],"wp:attachment":[{"href":"https:\/\/experienciadevida.com.ar\/portalurbano\/wp-json\/wp\/v2\/media?parent=121954"}],"wp:term":[{"taxonomy":"category","embeddable":true,"href":"https:\/\/experienciadevida.com.ar\/portalurbano\/wp-json\/wp\/v2\/categories?post=121954"},{"taxonomy":"post_tag","embeddable":true,"href":"https:\/\/experienciadevida.com.ar\/portalurbano\/wp-json\/wp\/v2\/tags?post=121954"}],"curies":[{"name":"wp","href":"https:\/\/api.w.org\/{rel}","templated":true}]}}