{"id":121709,"date":"2020-09-18T11:51:05","date_gmt":"2020-09-18T14:51:05","guid":{"rendered":"https:\/\/experienciadevida.com.ar\/portalurbano\/?p=121709"},"modified":"2020-09-18T11:52:11","modified_gmt":"2020-09-18T14:52:11","slug":"el-bloque-ucr-presento-un-proyecto-para-reglamentar-el-servicio-de-mensajeria-y-reparto-a-domicilio","status":"publish","type":"post","link":"https:\/\/experienciadevida.com.ar\/portalurbano\/el-bloque-ucr-presento-un-proyecto-para-reglamentar-el-servicio-de-mensajeria-y-reparto-a-domicilio\/","title":{"rendered":"El Bloque UCR present\u00f3 un proyecto para reglamentar el servicio de mensajer\u00eda y reparto a domicilio"},"content":{"rendered":"<p>En la jornada de este viernes, desde el <strong>Bloque UCR<\/strong> present\u00f3 un proyecto de ordenanza que tiene como objetivo reglamentar la prestaci\u00f3n del servicio de mensajer\u00eda urbana y reparto a domicilio de sustancias alimentcias.<\/p>\n<p>Atento\u00a0 a la necesidad de elaborar un marco normativo que permita determinar reglas claras para todos los involucrados que desarrollan el servicio de motomandados.<\/p>\n<p>El proyecto del <strong>Bloque UCR,<\/strong> menciona que nuestra ciudad cuenta con un n\u00famero considerable de motomandados, que est\u00e1n desarrollando el servicio sin que exista Legislaci\u00f3n al respecto. Por eso y con los fines de mejor pr\u00e1ctica y explotaci\u00f3n del servicio debe definirse al mismo estableciendo un reglamento propio que comprenda veh\u00edculos, personas y comercios que podr\u00e1n desarrollar el servicio de motomandados;<\/p>\n<p>Adem\u00e1s mencionan que es obligaci\u00f3n del legislador elaborar un marco normativo que permita determinar reglas claras para todos los involucrados, lo que traer\u00e1 aparejado un trato igualitario frente a las mismas situaciones y pautas b\u00e1sicas para resolver los conflictos que eventualmente pudieren presentarse.<\/p>\n<p>Por otro lado desde el\u00a0<strong>Bloque UCR<\/strong>, expresan que es facultad del <a href=\"https:\/\/hcd.olavarria.gov.ar\/\">HCD<\/a> dictar Ordenanzas que conforme lo establece la Ley Org\u00e1nica Municipal tienen como objetivo reglar, en este caso, un servicio que se ha multiplicado en su prestaci\u00f3n sin una normativa expresa que lo regule espec\u00edficamente.<\/p>\n<p>Por ello ponen a consideraci\u00f3n el siguiente proyecto de ordenanza: tiene por objeto reglamentar la prestaci\u00f3n del servicio de mensajer\u00eda urbana y reparto a domicilio de sustancias alimenticias, mediante el uso de motocicletas, ciclomotores o bicicletas, prestado por empresas a solicitud del usuario, mediante una retribuci\u00f3n de dinero convenida por las partes o incluida en el valor de una compra en el \u00e1mbito municipal.<\/p>\n<p>Mensajer\u00eda Urbana: comprende el retiro y entrega de elementos varios de peque\u00f1a y mediana paqueter\u00eda y\/o la realizaci\u00f3n de gestiones desde su solicitud y hasta el o los domicilios que sean indicados por los clientes, sin tratamiento o procesamiento, utilizando como medio de transporte un motoveh\u00edculo o ciclorodado.<\/p>\n<p>Reparto a Domicilio de Sustancias Alimenticias: abarca al transporte de sustancias alimenticias, desde el domicilio de su proveedor hasta su entrega en el domicilio que el cliente indique, utilizando como medio de transporte un motoveh\u00edculo o ciclorodado. Dicho reparto no implicar\u00e1 el tratamiento y\/o procesamiento de alimentos.<\/p>\n<p>Prestador del servicio de Mensajer\u00eda Urbana y\/o Reparto a Domicilio de Sustancias Alimenticias: persona humana o jur\u00eddica que presta, como actividad principal, el servicio de Mensajer\u00eda Urbana y\/o Reparto a Domicilio de Sustancias Alimenticias a trav\u00e9s de mensajeros y\/o repartidores habilitados.<\/p>\n<p>El Departamento Ejecutivo establecer\u00e1 la dependencia que actuar\u00e1 como autoridad de aplicaci\u00f3n de la presente ordenanza, la que tendr\u00e1 a su cargo la responsabilidad de la habilitaci\u00f3n y control a trav\u00e9s de un \u201cRegistro \u00danico de Transporte de Mensajer\u00eda Urbana y\/o Reparto a Domicilio de Sustancias Alimenticias\u201d, de las empresas que tengan por objeto la prestaci\u00f3n de los servicios detallados en los art\u00edculos precedentes.<\/p>\n<p>Por \u00faltimo desde el <strong>Bloque UCR<\/strong>, propone la creaci\u00f3n de un sitio web del Registro \u00danico de Transporte de Mensajer\u00eda Urbana y\/o Reparto a Domicilio de Sustancias Alimenticias, en el que deber\u00e1 proporcionarse como m\u00ednimo, listado actualizado de los Prestadores del servicio y Repartidores y\/o mensajeros habilitados para ejecutar los servicios regulados en la presente.<\/p>\n<p>Instructivo de Inscripci\u00f3n con todos los pasos a seguir para los Prestadores del servicio y Repartidores y\/o mensajeros habilitados.<\/p>\n<p>Formulario electr\u00f3nico de recepci\u00f3n de quejas y reclamos por parte de los usuarios, de los mensajeros y\/o repartidores, de los locales comerciales y\/o de cualquier otro interesado.<\/p>\n<p>Puede ver el proyecto completo <a href=\"https:\/\/experienciadevida.com.ar\/portalurbano\/el-bloque-ucr-presento-un-proyecto-para-reglamentar-el-servicio-de-mensajeria-y-reparto-a-domicilio\/bloque-ucr\/\" rel=\"attachment wp-att-121710\">Bloque UCR<\/a>.<\/p>\n<p>Foto: archivo<\/p>\n","protected":false},"excerpt":{"rendered":"<p>En la jornada de este viernes, desde el Bloque UCR present\u00f3 un proyecto de ordenanza&#8230;<\/p>\n","protected":false},"author":1,"featured_media":74712,"comment_status":"closed","ping_status":"closed","sticky":false,"template":"","format":"standard","meta":{"content-type":""},"categories":[51,43],"tags":[],"nelio_content":{"isAutoShareEnabled":false,"autoShareEndMode":"default","automationSources":{"useContentSentences":true,"useSocialTemplates":true,"useCustomSentences":false,"customSentences":[]},"followers":[1],"suggestedReferences":[],"includedReferences":["https:\/\/hcd.olavarria.gov.ar\/"],"efiUrl":"","efiAlt":"","highlights":[]},"yoast_head":"<!-- This site is optimized with the Yoast SEO plugin v20.7 - https:\/\/yoast.com\/wordpress\/plugins\/seo\/ -->\n<title>El Bloque UCR present\u00f3 un proyecto de reglamentaci\u00f3n de servicios<\/title>\n<meta name=\"description\" content=\"En la jornada de este viernes, desde el Bloque UCR present\u00f3 un proyecto para reglamentar el servicio de mensajer\u00eda y reparto a domicilio.\" \/>\n<meta name=\"robots\" content=\"index, follow, max-snippet:-1, max-image-preview:large, max-video-preview:-1\" \/>\n<link rel=\"canonical\" href=\"https:\/\/experienciadevida.com.ar\/portalurbano\/el-bloque-ucr-presento-un-proyecto-para-reglamentar-el-servicio-de-mensajeria-y-reparto-a-domicilio\/\" \/>\n<meta property=\"og:locale\" content=\"es_ES\" \/>\n<meta property=\"og:type\" content=\"article\" \/>\n<meta property=\"og:title\" content=\"El Bloque UCR present\u00f3 un proyecto de reglamentaci\u00f3n de servicios\" \/>\n<meta property=\"og:description\" content=\"En la jornada de este viernes, desde el Bloque UCR present\u00f3 un proyecto para reglamentar el servicio de mensajer\u00eda y reparto a domicilio.\" \/>\n<meta property=\"og:url\" content=\"https:\/\/experienciadevida.com.ar\/portalurbano\/el-bloque-ucr-presento-un-proyecto-para-reglamentar-el-servicio-de-mensajeria-y-reparto-a-domicilio\/\" \/>\n<meta property=\"article:publisher\" content=\"https:\/\/www.facebook.com\/Portal-Urbano-171542830093757\/\" \/>\n<meta property=\"article:published_time\" content=\"2020-09-18T14:51:05+00:00\" \/>\n<meta property=\"article:modified_time\" content=\"2020-09-18T14:52:11+00:00\" \/>\n<meta property=\"og:image\" content=\"https:\/\/experienciadevida.com.ar\/portalurbano\/wp-content\/uploads\/2019\/06\/LASTAPE-2.jpg\" \/>\n\t<meta property=\"og:image:width\" content=\"748\" \/>\n\t<meta property=\"og:image:height\" content=\"433\" \/>\n\t<meta property=\"og:image:type\" content=\"image\/jpeg\" \/>\n<meta name=\"author\" content=\"admpu17wp\" \/>\n<meta name=\"twitter:card\" content=\"summary_large_image\" \/>\n<meta name=\"twitter:creator\" content=\"@portalurbanook\" \/>\n<meta name=\"twitter:site\" content=\"@portalurbanook\" \/>\n<meta name=\"twitter:label1\" content=\"Escrito por\" \/>\n\t<meta name=\"twitter:data1\" content=\"admpu17wp\" \/>\n\t<meta name=\"twitter:label2\" content=\"Tiempo de lectura\" \/>\n\t<meta name=\"twitter:data2\" content=\"3 minutos\" \/>\n<script type=\"application\/ld+json\" class=\"yoast-schema-graph\">{\"@context\":\"https:\/\/schema.org\",\"@graph\":[{\"@type\":\"Article\",\"@id\":\"https:\/\/experienciadevida.com.ar\/portalurbano\/el-bloque-ucr-presento-un-proyecto-para-reglamentar-el-servicio-de-mensajeria-y-reparto-a-domicilio\/#article\",\"isPartOf\":{\"@id\":\"https:\/\/experienciadevida.com.ar\/portalurbano\/el-bloque-ucr-presento-un-proyecto-para-reglamentar-el-servicio-de-mensajeria-y-reparto-a-domicilio\/\"},\"author\":{\"name\":\"admpu17wp\",\"@id\":\"https:\/\/experienciadevida.com.ar\/portalurbano\/#\/schema\/person\/02dd326b1c4b056e9cc972486934a3a7\"},\"headline\":\"El Bloque UCR present\u00f3 un proyecto para reglamentar el servicio de mensajer\u00eda y reparto a domicilio\",\"datePublished\":\"2020-09-18T14:51:05+00:00\",\"dateModified\":\"2020-09-18T14:52:11+00:00\",\"mainEntityOfPage\":{\"@id\":\"https:\/\/experienciadevida.com.ar\/portalurbano\/el-bloque-ucr-presento-un-proyecto-para-reglamentar-el-servicio-de-mensajeria-y-reparto-a-domicilio\/\"},\"wordCount\":652,\"publisher\":{\"@id\":\"https:\/\/experienciadevida.com.ar\/portalurbano\/#organization\"},\"articleSection\":[\"Destacadas\",\"Pol\u00edtica\"],\"inLanguage\":\"es\"},{\"@type\":\"WebPage\",\"@id\":\"https:\/\/experienciadevida.com.ar\/portalurbano\/el-bloque-ucr-presento-un-proyecto-para-reglamentar-el-servicio-de-mensajeria-y-reparto-a-domicilio\/\",\"url\":\"https:\/\/experienciadevida.com.ar\/portalurbano\/el-bloque-ucr-presento-un-proyecto-para-reglamentar-el-servicio-de-mensajeria-y-reparto-a-domicilio\/\",\"name\":\"El Bloque UCR present\u00f3 un proyecto de reglamentaci\u00f3n de servicios\",\"isPartOf\":{\"@id\":\"https:\/\/experienciadevida.com.ar\/portalurbano\/#website\"},\"datePublished\":\"2020-09-18T14:51:05+00:00\",\"dateModified\":\"2020-09-18T14:52:11+00:00\",\"description\":\"En la jornada de este viernes, desde el Bloque UCR present\u00f3 un proyecto para reglamentar el servicio de mensajer\u00eda y reparto a domicilio.\",\"breadcrumb\":{\"@id\":\"https:\/\/experienciadevida.com.ar\/portalurbano\/el-bloque-ucr-presento-un-proyecto-para-reglamentar-el-servicio-de-mensajeria-y-reparto-a-domicilio\/#breadcrumb\"},\"inLanguage\":\"es\",\"potentialAction\":[{\"@type\":\"ReadAction\",\"target\":[\"https:\/\/experienciadevida.com.ar\/portalurbano\/el-bloque-ucr-presento-un-proyecto-para-reglamentar-el-servicio-de-mensajeria-y-reparto-a-domicilio\/\"]}]},{\"@type\":\"BreadcrumbList\",\"@id\":\"https:\/\/experienciadevida.com.ar\/portalurbano\/el-bloque-ucr-presento-un-proyecto-para-reglamentar-el-servicio-de-mensajeria-y-reparto-a-domicilio\/#breadcrumb\",\"itemListElement\":[{\"@type\":\"ListItem\",\"position\":1,\"name\":\"Portada\",\"item\":\"https:\/\/experienciadevida.com.ar\/portalurbano\/\"},{\"@type\":\"ListItem\",\"position\":2,\"name\":\"El Bloque UCR present\u00f3 un proyecto para reglamentar el servicio de mensajer\u00eda y reparto a domicilio\"}]},{\"@type\":\"WebSite\",\"@id\":\"https:\/\/experienciadevida.com.ar\/portalurbano\/#website\",\"url\":\"https:\/\/experienciadevida.com.ar\/portalurbano\/\",\"name\":\"\",\"description\":\"\",\"publisher\":{\"@id\":\"https:\/\/experienciadevida.com.ar\/portalurbano\/#organization\"},\"potentialAction\":[{\"@type\":\"SearchAction\",\"target\":{\"@type\":\"EntryPoint\",\"urlTemplate\":\"https:\/\/experienciadevida.com.ar\/portalurbano\/?s={search_term_string}\"},\"query-input\":\"required name=search_term_string\"}],\"inLanguage\":\"es\"},{\"@type\":\"Organization\",\"@id\":\"https:\/\/experienciadevida.com.ar\/portalurbano\/#organization\",\"name\":\"Portal Urbano\",\"url\":\"https:\/\/experienciadevida.com.ar\/portalurbano\/\",\"logo\":{\"@type\":\"ImageObject\",\"inLanguage\":\"es\",\"@id\":\"https:\/\/experienciadevida.com.ar\/portalurbano\/#\/schema\/logo\/image\/\",\"url\":\"https:\/\/experienciadevida.com.ar\/portalurbano\/wp-content\/uploads\/2019\/09\/Logo-Original.png\",\"contentUrl\":\"https:\/\/experienciadevida.com.ar\/portalurbano\/wp-content\/uploads\/2019\/09\/Logo-Original.png\",\"width\":2236,\"height\":1216,\"caption\":\"Portal Urbano\"},\"image\":{\"@id\":\"https:\/\/experienciadevida.com.ar\/portalurbano\/#\/schema\/logo\/image\/\"},\"sameAs\":[\"https:\/\/www.facebook.com\/Portal-Urbano-171542830093757\/\",\"https:\/\/twitter.com\/portalurbanook\",\"https:\/\/www.instagram.com\/_portalurbano\/\",\"https:\/\/www.youtube.com\/channel\/UCXhagIfszH8KxFiOok79zbA?view_as=subscriber\"]},{\"@type\":\"Person\",\"@id\":\"https:\/\/experienciadevida.com.ar\/portalurbano\/#\/schema\/person\/02dd326b1c4b056e9cc972486934a3a7\",\"name\":\"admpu17wp\",\"image\":{\"@type\":\"ImageObject\",\"inLanguage\":\"es\",\"@id\":\"https:\/\/experienciadevida.com.ar\/portalurbano\/#\/schema\/person\/image\/\",\"url\":\"https:\/\/secure.gravatar.com\/avatar\/830d4c57adaae6630765e449a6908047?s=96&d=mm&r=g\",\"contentUrl\":\"https:\/\/secure.gravatar.com\/avatar\/830d4c57adaae6630765e449a6908047?s=96&d=mm&r=g\",\"caption\":\"admpu17wp\"}}]}<\/script>\n<!-- \/ Yoast SEO plugin. -->","yoast_head_json":{"title":"El Bloque UCR present\u00f3 un proyecto de reglamentaci\u00f3n de servicios","description":"En la jornada de este viernes, desde el Bloque UCR present\u00f3 un proyecto para reglamentar el servicio de mensajer\u00eda y reparto a domicilio.","robots":{"index":"index","follow":"follow","max-snippet":"max-snippet:-1","max-image-preview":"max-image-preview:large","max-video-preview":"max-video-preview:-1"},"canonical":"https:\/\/experienciadevida.com.ar\/portalurbano\/el-bloque-ucr-presento-un-proyecto-para-reglamentar-el-servicio-de-mensajeria-y-reparto-a-domicilio\/","og_locale":"es_ES","og_type":"article","og_title":"El Bloque UCR present\u00f3 un proyecto de reglamentaci\u00f3n de servicios","og_description":"En la jornada de este viernes, desde el Bloque UCR present\u00f3 un proyecto para reglamentar el servicio de mensajer\u00eda y reparto a domicilio.","og_url":"https:\/\/experienciadevida.com.ar\/portalurbano\/el-bloque-ucr-presento-un-proyecto-para-reglamentar-el-servicio-de-mensajeria-y-reparto-a-domicilio\/","article_publisher":"https:\/\/www.facebook.com\/Portal-Urbano-171542830093757\/","article_published_time":"2020-09-18T14:51:05+00:00","article_modified_time":"2020-09-18T14:52:11+00:00","og_image":[{"width":748,"height":433,"url":"https:\/\/experienciadevida.com.ar\/portalurbano\/wp-content\/uploads\/2019\/06\/LASTAPE-2.jpg","type":"image\/jpeg"}],"author":"admpu17wp","twitter_card":"summary_large_image","twitter_creator":"@portalurbanook","twitter_site":"@portalurbanook","twitter_misc":{"Escrito por":"admpu17wp","Tiempo de lectura":"3 minutos"},"schema":{"@context":"https:\/\/schema.org","@graph":[{"@type":"Article","@id":"https:\/\/experienciadevida.com.ar\/portalurbano\/el-bloque-ucr-presento-un-proyecto-para-reglamentar-el-servicio-de-mensajeria-y-reparto-a-domicilio\/#article","isPartOf":{"@id":"https:\/\/experienciadevida.com.ar\/portalurbano\/el-bloque-ucr-presento-un-proyecto-para-reglamentar-el-servicio-de-mensajeria-y-reparto-a-domicilio\/"},"author":{"name":"admpu17wp","@id":"https:\/\/experienciadevida.com.ar\/portalurbano\/#\/schema\/person\/02dd326b1c4b056e9cc972486934a3a7"},"headline":"El Bloque UCR present\u00f3 un proyecto para reglamentar el servicio de mensajer\u00eda y reparto a domicilio","datePublished":"2020-09-18T14:51:05+00:00","dateModified":"2020-09-18T14:52:11+00:00","mainEntityOfPage":{"@id":"https:\/\/experienciadevida.com.ar\/portalurbano\/el-bloque-ucr-presento-un-proyecto-para-reglamentar-el-servicio-de-mensajeria-y-reparto-a-domicilio\/"},"wordCount":652,"publisher":{"@id":"https:\/\/experienciadevida.com.ar\/portalurbano\/#organization"},"articleSection":["Destacadas","Pol\u00edtica"],"inLanguage":"es"},{"@type":"WebPage","@id":"https:\/\/experienciadevida.com.ar\/portalurbano\/el-bloque-ucr-presento-un-proyecto-para-reglamentar-el-servicio-de-mensajeria-y-reparto-a-domicilio\/","url":"https:\/\/experienciadevida.com.ar\/portalurbano\/el-bloque-ucr-presento-un-proyecto-para-reglamentar-el-servicio-de-mensajeria-y-reparto-a-domicilio\/","name":"El Bloque UCR present\u00f3 un proyecto de reglamentaci\u00f3n de servicios","isPartOf":{"@id":"https:\/\/experienciadevida.com.ar\/portalurbano\/#website"},"datePublished":"2020-09-18T14:51:05+00:00","dateModified":"2020-09-18T14:52:11+00:00","description":"En la jornada de este viernes, desde el Bloque UCR present\u00f3 un proyecto para reglamentar el servicio de mensajer\u00eda y reparto a domicilio.","breadcrumb":{"@id":"https:\/\/experienciadevida.com.ar\/portalurbano\/el-bloque-ucr-presento-un-proyecto-para-reglamentar-el-servicio-de-mensajeria-y-reparto-a-domicilio\/#breadcrumb"},"inLanguage":"es","potentialAction":[{"@type":"ReadAction","target":["https:\/\/experienciadevida.com.ar\/portalurbano\/el-bloque-ucr-presento-un-proyecto-para-reglamentar-el-servicio-de-mensajeria-y-reparto-a-domicilio\/"]}]},{"@type":"BreadcrumbList","@id":"https:\/\/experienciadevida.com.ar\/portalurbano\/el-bloque-ucr-presento-un-proyecto-para-reglamentar-el-servicio-de-mensajeria-y-reparto-a-domicilio\/#breadcrumb","itemListElement":[{"@type":"ListItem","position":1,"name":"Portada","item":"https:\/\/experienciadevida.com.ar\/portalurbano\/"},{"@type":"ListItem","position":2,"name":"El Bloque UCR present\u00f3 un proyecto para reglamentar el servicio de mensajer\u00eda y reparto a domicilio"}]},{"@type":"WebSite","@id":"https:\/\/experienciadevida.com.ar\/portalurbano\/#website","url":"https:\/\/experienciadevida.com.ar\/portalurbano\/","name":"","description":"","publisher":{"@id":"https:\/\/experienciadevida.com.ar\/portalurbano\/#organization"},"potentialAction":[{"@type":"SearchAction","target":{"@type":"EntryPoint","urlTemplate":"https:\/\/experienciadevida.com.ar\/portalurbano\/?s={search_term_string}"},"query-input":"required name=search_term_string"}],"inLanguage":"es"},{"@type":"Organization","@id":"https:\/\/experienciadevida.com.ar\/portalurbano\/#organization","name":"Portal Urbano","url":"https:\/\/experienciadevida.com.ar\/portalurbano\/","logo":{"@type":"ImageObject","inLanguage":"es","@id":"https:\/\/experienciadevida.com.ar\/portalurbano\/#\/schema\/logo\/image\/","url":"https:\/\/experienciadevida.com.ar\/portalurbano\/wp-content\/uploads\/2019\/09\/Logo-Original.png","contentUrl":"https:\/\/experienciadevida.com.ar\/portalurbano\/wp-content\/uploads\/2019\/09\/Logo-Original.png","width":2236,"height":1216,"caption":"Portal Urbano"},"image":{"@id":"https:\/\/experienciadevida.com.ar\/portalurbano\/#\/schema\/logo\/image\/"},"sameAs":["https:\/\/www.facebook.com\/Portal-Urbano-171542830093757\/","https:\/\/twitter.com\/portalurbanook","https:\/\/www.instagram.com\/_portalurbano\/","https:\/\/www.youtube.com\/channel\/UCXhagIfszH8KxFiOok79zbA?view_as=subscriber"]},{"@type":"Person","@id":"https:\/\/experienciadevida.com.ar\/portalurbano\/#\/schema\/person\/02dd326b1c4b056e9cc972486934a3a7","name":"admpu17wp","image":{"@type":"ImageObject","inLanguage":"es","@id":"https:\/\/experienciadevida.com.ar\/portalurbano\/#\/schema\/person\/image\/","url":"https:\/\/secure.gravatar.com\/avatar\/830d4c57adaae6630765e449a6908047?s=96&d=mm&r=g","contentUrl":"https:\/\/secure.gravatar.com\/avatar\/830d4c57adaae6630765e449a6908047?s=96&d=mm&r=g","caption":"admpu17wp"}}]}},"featured_image_urls":{"full":["https:\/\/experienciadevida.com.ar\/portalurbano\/wp-content\/uploads\/2019\/06\/LASTAPE-2.jpg",748,433,false],"thumbnail":["https:\/\/experienciadevida.com.ar\/portalurbano\/wp-content\/uploads\/2019\/06\/LASTAPE-2-150x150.jpg",150,150,true],"medium":["https:\/\/experienciadevida.com.ar\/portalurbano\/wp-content\/uploads\/2019\/06\/LASTAPE-2-300x174.jpg",300,174,true],"medium_large":["https:\/\/experienciadevida.com.ar\/portalurbano\/wp-content\/uploads\/2019\/06\/LASTAPE-2.jpg",640,370,false],"large":["https:\/\/experienciadevida.com.ar\/portalurbano\/wp-content\/uploads\/2019\/06\/LASTAPE-2.jpg",640,370,false],"ug_big":["https:\/\/experienciadevida.com.ar\/portalurbano\/wp-content\/uploads\/2019\/06\/LASTAPE-2.jpg",748,433,false],"1536x1536":["https:\/\/experienciadevida.com.ar\/portalurbano\/wp-content\/uploads\/2019\/06\/LASTAPE-2.jpg",748,433,false],"2048x2048":["https:\/\/experienciadevida.com.ar\/portalurbano\/wp-content\/uploads\/2019\/06\/LASTAPE-2.jpg",748,433,false],"newsever-slider-full":["https:\/\/experienciadevida.com.ar\/portalurbano\/wp-content\/uploads\/2019\/06\/LASTAPE-2.jpg",748,433,false],"newsever-featured":["https:\/\/experienciadevida.com.ar\/portalurbano\/wp-content\/uploads\/2019\/06\/LASTAPE-2.jpg",748,433,false],"newsever-medium":["https:\/\/experienciadevida.com.ar\/portalurbano\/wp-content\/uploads\/2019\/06\/LASTAPE-2.jpg",720,417,false],"web-stories-poster-portrait":["https:\/\/experienciadevida.com.ar\/portalurbano\/wp-content\/uploads\/2019\/06\/LASTAPE-2.jpg",640,370,false],"web-stories-publisher-logo":["https:\/\/experienciadevida.com.ar\/portalurbano\/wp-content\/uploads\/2019\/06\/LASTAPE-2.jpg",96,56,false],"web-stories-thumbnail":["https:\/\/experienciadevida.com.ar\/portalurbano\/wp-content\/uploads\/2019\/06\/LASTAPE-2.jpg",150,87,false]},"author_info":{"display_name":"admpu17wp","author_link":"https:\/\/experienciadevida.com.ar\/portalurbano\/author\/admpu17wp\/"},"category_info":"<a href=\"https:\/\/experienciadevida.com.ar\/portalurbano\/category\/destacadas\/\" rel=\"category tag\">Destacadas<\/a> <a href=\"https:\/\/experienciadevida.com.ar\/portalurbano\/category\/politica\/\" rel=\"category tag\">Pol\u00edtica<\/a>","tag_info":"Pol\u00edtica","comment_count":"0","amp_enabled":true,"_links":{"self":[{"href":"https:\/\/experienciadevida.com.ar\/portalurbano\/wp-json\/wp\/v2\/posts\/121709"}],"collection":[{"href":"https:\/\/experienciadevida.com.ar\/portalurbano\/wp-json\/wp\/v2\/posts"}],"about":[{"href":"https:\/\/experienciadevida.com.ar\/portalurbano\/wp-json\/wp\/v2\/types\/post"}],"author":[{"embeddable":true,"href":"https:\/\/experienciadevida.com.ar\/portalurbano\/wp-json\/wp\/v2\/users\/1"}],"replies":[{"embeddable":true,"href":"https:\/\/experienciadevida.com.ar\/portalurbano\/wp-json\/wp\/v2\/comments?post=121709"}],"version-history":[{"count":3,"href":"https:\/\/experienciadevida.com.ar\/portalurbano\/wp-json\/wp\/v2\/posts\/121709\/revisions"}],"predecessor-version":[{"id":121713,"href":"https:\/\/experienciadevida.com.ar\/portalurbano\/wp-json\/wp\/v2\/posts\/121709\/revisions\/121713"}],"wp:featuredmedia":[{"embeddable":true,"href":"https:\/\/experienciadevida.com.ar\/portalurbano\/wp-json\/wp\/v2\/media\/74712"}],"wp:attachment":[{"href":"https:\/\/experienciadevida.com.ar\/portalurbano\/wp-json\/wp\/v2\/media?parent=121709"}],"wp:term":[{"taxonomy":"category","embeddable":true,"href":"https:\/\/experienciadevida.com.ar\/portalurbano\/wp-json\/wp\/v2\/categories?post=121709"},{"taxonomy":"post_tag","embeddable":true,"href":"https:\/\/experienciadevida.com.ar\/portalurbano\/wp-json\/wp\/v2\/tags?post=121709"}],"curies":[{"name":"wp","href":"https:\/\/api.w.org\/{rel}","templated":true}]}}