{"id":121695,"date":"2020-09-18T10:53:33","date_gmt":"2020-09-18T13:53:33","guid":{"rendered":"https:\/\/experienciadevida.com.ar\/portalurbano\/?p=121695"},"modified":"2020-09-18T10:55:36","modified_gmt":"2020-09-18T13:55:36","slug":"el-plasma-de-pacientes-recuperados-ya-ayudo-a-3-200-bonaerenses","status":"publish","type":"post","link":"https:\/\/experienciadevida.com.ar\/portalurbano\/el-plasma-de-pacientes-recuperados-ya-ayudo-a-3-200-bonaerenses\/","title":{"rendered":"El plasma de pacientes recuperados ya ayud\u00f3 a 3.200 bonaerenses"},"content":{"rendered":"<p>El Ministerio de Salud de la provincia de Buenos Aires la semana pasada cre\u00f3 la Unidad Operativa de <strong>Plasma de pacientes<\/strong> Convaleciente de Covid 19.<\/p>\n<p><a href=\"https:\/\/experienciadevida.com.ar\/portalurbano\/mas-olavarrienses-donaron-plasma\/\">Olavarrienses tambi\u00e9n donaron plasma.\u00a0<\/a><\/p>\n<p>M\u00e1s de 3.200 bonaerenses enfermos de coronavirus recibieron tratamiento con plasma de pacientes recuperados. Seg\u00fan inform\u00f3 el Ministerio de Salud provincial se realizaron cerca de 1.200 donaciones.<\/p>\n<p>&#8220;El impulso por la aplicaci\u00f3n de <strong>plasma de pacientes<\/strong> convaleciente tiene un doble impacto sanitario, ya que conecta su dimensi\u00f3n inmunol\u00f3gica en lo biol\u00f3gico con la dimensi\u00f3n solidaria en la sociedad&#8221;, expres\u00f3 el director de la Escuela de Gobierno en Salud &#8220;Floreal Ferrara&#8221;, Mario Rovere.<\/p>\n<p>Los estudios realizados por el Ministerio de Salud en uso de plasma de convaleciente mostraron seguridad transfusional y confirman que su uso &#8220;aporta una carga de anticuerpos que contribuir\u00eda a una evoluci\u00f3n favorable&#8221; del paciente.<\/p>\n<p>Por este motivo, las autoridades insisten en la donaci\u00f3n de quienes se hayan recuperado de Covid 19, ya que con cada una &#8220;se puede ayudar en promedio a tres personas&#8221;.<\/p>\n<p>&#8220;Se trata de un acto solidario, que adem\u00e1s es r\u00e1pido, seguro e indoloro&#8221;, destac\u00f3 un comunicado de la cartera que conduce Daniel Gollan, que la semana pasada cre\u00f3 la Unidad Operativa de Plasma Convaleciente de Covid 19.<\/p>\n<p>La misma se encargar\u00e1 del an\u00e1lisis y evaluaci\u00f3n de resultados, verificar\u00e1 el cumplimiento del protocolo que dio vida al registro \u00fanico de donantes, mientras que tambi\u00e9n informar\u00e1 los resultados parciales y finales obtenidos en el uso de plasma.<\/p>\n<p>&nbsp;<\/p>\n<p>&nbsp;<\/p>\n","protected":false},"excerpt":{"rendered":"<p>El Ministerio de Salud de la provincia de Buenos Aires la semana pasada cre\u00f3 la&#8230;<\/p>\n","protected":false},"author":1,"featured_media":121696,"comment_status":"closed","ping_status":"closed","sticky":false,"template":"","format":"standard","meta":{"content-type":""},"categories":[71,39],"tags":[],"nelio_content":{"isAutoShareEnabled":false,"autoShareEndMode":"default","automationSources":{"useContentSentences":true,"useSocialTemplates":true,"useCustomSentences":false,"customSentences":[]},"followers":[1],"suggestedReferences":[],"includedReferences":[],"efiUrl":"","efiAlt":"","highlights":[]},"yoast_head":"<!-- This site is optimized with the Yoast SEO plugin v20.7 - https:\/\/yoast.com\/wordpress\/plugins\/seo\/ -->\n<title>El plasma de pacientes recuperados ya ayudo a 3200 Bonaerenses<\/title>\n<meta name=\"description\" content=\"El Ministerio de Salud de la provincia de Buenos Aires la semana pasada cre\u00f3 la Unidad Operativa de Plasma de pacientes de Covid 19.\" \/>\n<meta name=\"robots\" content=\"index, follow, max-snippet:-1, max-image-preview:large, max-video-preview:-1\" \/>\n<link rel=\"canonical\" href=\"https:\/\/experienciadevida.com.ar\/portalurbano\/el-plasma-de-pacientes-recuperados-ya-ayudo-a-3-200-bonaerenses\/\" \/>\n<meta property=\"og:locale\" content=\"es_ES\" \/>\n<meta property=\"og:type\" content=\"article\" \/>\n<meta property=\"og:title\" content=\"El plasma de pacientes recuperados ya ayudo a 3200 Bonaerenses\" \/>\n<meta property=\"og:description\" content=\"El Ministerio de Salud de la provincia de Buenos Aires la semana pasada cre\u00f3 la Unidad Operativa de Plasma de pacientes de Covid 19.\" \/>\n<meta property=\"og:url\" content=\"https:\/\/experienciadevida.com.ar\/portalurbano\/el-plasma-de-pacientes-recuperados-ya-ayudo-a-3-200-bonaerenses\/\" \/>\n<meta property=\"article:publisher\" content=\"https:\/\/www.facebook.com\/Portal-Urbano-171542830093757\/\" \/>\n<meta property=\"article:published_time\" content=\"2020-09-18T13:53:33+00:00\" \/>\n<meta property=\"article:modified_time\" content=\"2020-09-18T13:55:36+00:00\" \/>\n<meta property=\"og:image\" content=\"https:\/\/experienciadevida.com.ar\/portalurbano\/wp-content\/uploads\/2020\/09\/Plasma-de-pacientes.jpg\" \/>\n\t<meta property=\"og:image:width\" content=\"1140\" \/>\n\t<meta property=\"og:image:height\" content=\"789\" \/>\n\t<meta property=\"og:image:type\" content=\"image\/jpeg\" \/>\n<meta name=\"author\" content=\"admpu17wp\" \/>\n<meta name=\"twitter:card\" content=\"summary_large_image\" \/>\n<meta name=\"twitter:creator\" content=\"@portalurbanook\" \/>\n<meta name=\"twitter:site\" content=\"@portalurbanook\" \/>\n<meta name=\"twitter:label1\" content=\"Escrito por\" \/>\n\t<meta name=\"twitter:data1\" content=\"admpu17wp\" \/>\n\t<meta name=\"twitter:label2\" content=\"Tiempo de lectura\" \/>\n\t<meta name=\"twitter:data2\" content=\"1 minuto\" \/>\n<script type=\"application\/ld+json\" class=\"yoast-schema-graph\">{\"@context\":\"https:\/\/schema.org\",\"@graph\":[{\"@type\":\"Article\",\"@id\":\"https:\/\/experienciadevida.com.ar\/portalurbano\/el-plasma-de-pacientes-recuperados-ya-ayudo-a-3-200-bonaerenses\/#article\",\"isPartOf\":{\"@id\":\"https:\/\/experienciadevida.com.ar\/portalurbano\/el-plasma-de-pacientes-recuperados-ya-ayudo-a-3-200-bonaerenses\/\"},\"author\":{\"name\":\"admpu17wp\",\"@id\":\"https:\/\/experienciadevida.com.ar\/portalurbano\/#\/schema\/person\/02dd326b1c4b056e9cc972486934a3a7\"},\"headline\":\"El plasma de pacientes recuperados ya ayud\u00f3 a 3.200 bonaerenses\",\"datePublished\":\"2020-09-18T13:53:33+00:00\",\"dateModified\":\"2020-09-18T13:55:36+00:00\",\"mainEntityOfPage\":{\"@id\":\"https:\/\/experienciadevida.com.ar\/portalurbano\/el-plasma-de-pacientes-recuperados-ya-ayudo-a-3-200-bonaerenses\/\"},\"wordCount\":263,\"publisher\":{\"@id\":\"https:\/\/experienciadevida.com.ar\/portalurbano\/#organization\"},\"articleSection\":[\"Coronavirus\",\"Naci\u00f3n\"],\"inLanguage\":\"es\"},{\"@type\":\"WebPage\",\"@id\":\"https:\/\/experienciadevida.com.ar\/portalurbano\/el-plasma-de-pacientes-recuperados-ya-ayudo-a-3-200-bonaerenses\/\",\"url\":\"https:\/\/experienciadevida.com.ar\/portalurbano\/el-plasma-de-pacientes-recuperados-ya-ayudo-a-3-200-bonaerenses\/\",\"name\":\"El plasma de pacientes recuperados ya ayudo a 3200 Bonaerenses\",\"isPartOf\":{\"@id\":\"https:\/\/experienciadevida.com.ar\/portalurbano\/#website\"},\"datePublished\":\"2020-09-18T13:53:33+00:00\",\"dateModified\":\"2020-09-18T13:55:36+00:00\",\"description\":\"El Ministerio de Salud de la provincia de Buenos Aires la semana pasada cre\u00f3 la Unidad Operativa de Plasma de pacientes de Covid 19.\",\"breadcrumb\":{\"@id\":\"https:\/\/experienciadevida.com.ar\/portalurbano\/el-plasma-de-pacientes-recuperados-ya-ayudo-a-3-200-bonaerenses\/#breadcrumb\"},\"inLanguage\":\"es\",\"potentialAction\":[{\"@type\":\"ReadAction\",\"target\":[\"https:\/\/experienciadevida.com.ar\/portalurbano\/el-plasma-de-pacientes-recuperados-ya-ayudo-a-3-200-bonaerenses\/\"]}]},{\"@type\":\"BreadcrumbList\",\"@id\":\"https:\/\/experienciadevida.com.ar\/portalurbano\/el-plasma-de-pacientes-recuperados-ya-ayudo-a-3-200-bonaerenses\/#breadcrumb\",\"itemListElement\":[{\"@type\":\"ListItem\",\"position\":1,\"name\":\"Portada\",\"item\":\"https:\/\/experienciadevida.com.ar\/portalurbano\/\"},{\"@type\":\"ListItem\",\"position\":2,\"name\":\"El plasma de pacientes recuperados ya ayud\u00f3 a 3.200 bonaerenses\"}]},{\"@type\":\"WebSite\",\"@id\":\"https:\/\/experienciadevida.com.ar\/portalurbano\/#website\",\"url\":\"https:\/\/experienciadevida.com.ar\/portalurbano\/\",\"name\":\"\",\"description\":\"\",\"publisher\":{\"@id\":\"https:\/\/experienciadevida.com.ar\/portalurbano\/#organization\"},\"potentialAction\":[{\"@type\":\"SearchAction\",\"target\":{\"@type\":\"EntryPoint\",\"urlTemplate\":\"https:\/\/experienciadevida.com.ar\/portalurbano\/?s={search_term_string}\"},\"query-input\":\"required name=search_term_string\"}],\"inLanguage\":\"es\"},{\"@type\":\"Organization\",\"@id\":\"https:\/\/experienciadevida.com.ar\/portalurbano\/#organization\",\"name\":\"Portal Urbano\",\"url\":\"https:\/\/experienciadevida.com.ar\/portalurbano\/\",\"logo\":{\"@type\":\"ImageObject\",\"inLanguage\":\"es\",\"@id\":\"https:\/\/experienciadevida.com.ar\/portalurbano\/#\/schema\/logo\/image\/\",\"url\":\"https:\/\/experienciadevida.com.ar\/portalurbano\/wp-content\/uploads\/2019\/09\/Logo-Original.png\",\"contentUrl\":\"https:\/\/experienciadevida.com.ar\/portalurbano\/wp-content\/uploads\/2019\/09\/Logo-Original.png\",\"width\":2236,\"height\":1216,\"caption\":\"Portal Urbano\"},\"image\":{\"@id\":\"https:\/\/experienciadevida.com.ar\/portalurbano\/#\/schema\/logo\/image\/\"},\"sameAs\":[\"https:\/\/www.facebook.com\/Portal-Urbano-171542830093757\/\",\"https:\/\/twitter.com\/portalurbanook\",\"https:\/\/www.instagram.com\/_portalurbano\/\",\"https:\/\/www.youtube.com\/channel\/UCXhagIfszH8KxFiOok79zbA?view_as=subscriber\"]},{\"@type\":\"Person\",\"@id\":\"https:\/\/experienciadevida.com.ar\/portalurbano\/#\/schema\/person\/02dd326b1c4b056e9cc972486934a3a7\",\"name\":\"admpu17wp\",\"image\":{\"@type\":\"ImageObject\",\"inLanguage\":\"es\",\"@id\":\"https:\/\/experienciadevida.com.ar\/portalurbano\/#\/schema\/person\/image\/\",\"url\":\"https:\/\/secure.gravatar.com\/avatar\/830d4c57adaae6630765e449a6908047?s=96&d=mm&r=g\",\"contentUrl\":\"https:\/\/secure.gravatar.com\/avatar\/830d4c57adaae6630765e449a6908047?s=96&d=mm&r=g\",\"caption\":\"admpu17wp\"}}]}<\/script>\n<!-- \/ Yoast SEO plugin. -->","yoast_head_json":{"title":"El plasma de pacientes recuperados ya ayudo a 3200 Bonaerenses","description":"El Ministerio de Salud de la provincia de Buenos Aires la semana pasada cre\u00f3 la Unidad Operativa de Plasma de pacientes de Covid 19.","robots":{"index":"index","follow":"follow","max-snippet":"max-snippet:-1","max-image-preview":"max-image-preview:large","max-video-preview":"max-video-preview:-1"},"canonical":"https:\/\/experienciadevida.com.ar\/portalurbano\/el-plasma-de-pacientes-recuperados-ya-ayudo-a-3-200-bonaerenses\/","og_locale":"es_ES","og_type":"article","og_title":"El plasma de pacientes recuperados ya ayudo a 3200 Bonaerenses","og_description":"El Ministerio de Salud de la provincia de Buenos Aires la semana pasada cre\u00f3 la Unidad Operativa de Plasma de pacientes de Covid 19.","og_url":"https:\/\/experienciadevida.com.ar\/portalurbano\/el-plasma-de-pacientes-recuperados-ya-ayudo-a-3-200-bonaerenses\/","article_publisher":"https:\/\/www.facebook.com\/Portal-Urbano-171542830093757\/","article_published_time":"2020-09-18T13:53:33+00:00","article_modified_time":"2020-09-18T13:55:36+00:00","og_image":[{"width":1140,"height":789,"url":"https:\/\/experienciadevida.com.ar\/portalurbano\/wp-content\/uploads\/2020\/09\/Plasma-de-pacientes.jpg","type":"image\/jpeg"}],"author":"admpu17wp","twitter_card":"summary_large_image","twitter_creator":"@portalurbanook","twitter_site":"@portalurbanook","twitter_misc":{"Escrito por":"admpu17wp","Tiempo de lectura":"1 minuto"},"schema":{"@context":"https:\/\/schema.org","@graph":[{"@type":"Article","@id":"https:\/\/experienciadevida.com.ar\/portalurbano\/el-plasma-de-pacientes-recuperados-ya-ayudo-a-3-200-bonaerenses\/#article","isPartOf":{"@id":"https:\/\/experienciadevida.com.ar\/portalurbano\/el-plasma-de-pacientes-recuperados-ya-ayudo-a-3-200-bonaerenses\/"},"author":{"name":"admpu17wp","@id":"https:\/\/experienciadevida.com.ar\/portalurbano\/#\/schema\/person\/02dd326b1c4b056e9cc972486934a3a7"},"headline":"El plasma de pacientes recuperados ya ayud\u00f3 a 3.200 bonaerenses","datePublished":"2020-09-18T13:53:33+00:00","dateModified":"2020-09-18T13:55:36+00:00","mainEntityOfPage":{"@id":"https:\/\/experienciadevida.com.ar\/portalurbano\/el-plasma-de-pacientes-recuperados-ya-ayudo-a-3-200-bonaerenses\/"},"wordCount":263,"publisher":{"@id":"https:\/\/experienciadevida.com.ar\/portalurbano\/#organization"},"articleSection":["Coronavirus","Naci\u00f3n"],"inLanguage":"es"},{"@type":"WebPage","@id":"https:\/\/experienciadevida.com.ar\/portalurbano\/el-plasma-de-pacientes-recuperados-ya-ayudo-a-3-200-bonaerenses\/","url":"https:\/\/experienciadevida.com.ar\/portalurbano\/el-plasma-de-pacientes-recuperados-ya-ayudo-a-3-200-bonaerenses\/","name":"El plasma de pacientes recuperados ya ayudo a 3200 Bonaerenses","isPartOf":{"@id":"https:\/\/experienciadevida.com.ar\/portalurbano\/#website"},"datePublished":"2020-09-18T13:53:33+00:00","dateModified":"2020-09-18T13:55:36+00:00","description":"El Ministerio de Salud de la provincia de Buenos Aires la semana pasada cre\u00f3 la Unidad Operativa de Plasma de pacientes de Covid 19.","breadcrumb":{"@id":"https:\/\/experienciadevida.com.ar\/portalurbano\/el-plasma-de-pacientes-recuperados-ya-ayudo-a-3-200-bonaerenses\/#breadcrumb"},"inLanguage":"es","potentialAction":[{"@type":"ReadAction","target":["https:\/\/experienciadevida.com.ar\/portalurbano\/el-plasma-de-pacientes-recuperados-ya-ayudo-a-3-200-bonaerenses\/"]}]},{"@type":"BreadcrumbList","@id":"https:\/\/experienciadevida.com.ar\/portalurbano\/el-plasma-de-pacientes-recuperados-ya-ayudo-a-3-200-bonaerenses\/#breadcrumb","itemListElement":[{"@type":"ListItem","position":1,"name":"Portada","item":"https:\/\/experienciadevida.com.ar\/portalurbano\/"},{"@type":"ListItem","position":2,"name":"El plasma de pacientes recuperados ya ayud\u00f3 a 3.200 bonaerenses"}]},{"@type":"WebSite","@id":"https:\/\/experienciadevida.com.ar\/portalurbano\/#website","url":"https:\/\/experienciadevida.com.ar\/portalurbano\/","name":"","description":"","publisher":{"@id":"https:\/\/experienciadevida.com.ar\/portalurbano\/#organization"},"potentialAction":[{"@type":"SearchAction","target":{"@type":"EntryPoint","urlTemplate":"https:\/\/experienciadevida.com.ar\/portalurbano\/?s={search_term_string}"},"query-input":"required name=search_term_string"}],"inLanguage":"es"},{"@type":"Organization","@id":"https:\/\/experienciadevida.com.ar\/portalurbano\/#organization","name":"Portal Urbano","url":"https:\/\/experienciadevida.com.ar\/portalurbano\/","logo":{"@type":"ImageObject","inLanguage":"es","@id":"https:\/\/experienciadevida.com.ar\/portalurbano\/#\/schema\/logo\/image\/","url":"https:\/\/experienciadevida.com.ar\/portalurbano\/wp-content\/uploads\/2019\/09\/Logo-Original.png","contentUrl":"https:\/\/experienciadevida.com.ar\/portalurbano\/wp-content\/uploads\/2019\/09\/Logo-Original.png","width":2236,"height":1216,"caption":"Portal Urbano"},"image":{"@id":"https:\/\/experienciadevida.com.ar\/portalurbano\/#\/schema\/logo\/image\/"},"sameAs":["https:\/\/www.facebook.com\/Portal-Urbano-171542830093757\/","https:\/\/twitter.com\/portalurbanook","https:\/\/www.instagram.com\/_portalurbano\/","https:\/\/www.youtube.com\/channel\/UCXhagIfszH8KxFiOok79zbA?view_as=subscriber"]},{"@type":"Person","@id":"https:\/\/experienciadevida.com.ar\/portalurbano\/#\/schema\/person\/02dd326b1c4b056e9cc972486934a3a7","name":"admpu17wp","image":{"@type":"ImageObject","inLanguage":"es","@id":"https:\/\/experienciadevida.com.ar\/portalurbano\/#\/schema\/person\/image\/","url":"https:\/\/secure.gravatar.com\/avatar\/830d4c57adaae6630765e449a6908047?s=96&d=mm&r=g","contentUrl":"https:\/\/secure.gravatar.com\/avatar\/830d4c57adaae6630765e449a6908047?s=96&d=mm&r=g","caption":"admpu17wp"}}]}},"featured_image_urls":{"full":["https:\/\/experienciadevida.com.ar\/portalurbano\/wp-content\/uploads\/2020\/09\/Plasma-de-pacientes.jpg",1140,789,false],"thumbnail":["https:\/\/experienciadevida.com.ar\/portalurbano\/wp-content\/uploads\/2020\/09\/Plasma-de-pacientes-150x150.jpg",150,150,true],"medium":["https:\/\/experienciadevida.com.ar\/portalurbano\/wp-content\/uploads\/2020\/09\/Plasma-de-pacientes-300x208.jpg",300,208,true],"medium_large":["https:\/\/experienciadevida.com.ar\/portalurbano\/wp-content\/uploads\/2020\/09\/Plasma-de-pacientes-768x532.jpg",640,443,true],"large":["https:\/\/experienciadevida.com.ar\/portalurbano\/wp-content\/uploads\/2020\/09\/Plasma-de-pacientes-1024x709.jpg",640,443,true],"ug_big":["https:\/\/experienciadevida.com.ar\/portalurbano\/wp-content\/uploads\/2020\/09\/Plasma-de-pacientes-768x532.jpg",768,532,true],"1536x1536":["https:\/\/experienciadevida.com.ar\/portalurbano\/wp-content\/uploads\/2020\/09\/Plasma-de-pacientes.jpg",1140,789,false],"2048x2048":["https:\/\/experienciadevida.com.ar\/portalurbano\/wp-content\/uploads\/2020\/09\/Plasma-de-pacientes.jpg",1140,789,false],"newsever-slider-full":["https:\/\/experienciadevida.com.ar\/portalurbano\/wp-content\/uploads\/2020\/09\/Plasma-de-pacientes.jpg",1140,789,false],"newsever-featured":["https:\/\/experienciadevida.com.ar\/portalurbano\/wp-content\/uploads\/2020\/09\/Plasma-de-pacientes.jpg",1024,709,false],"newsever-medium":["https:\/\/experienciadevida.com.ar\/portalurbano\/wp-content\/uploads\/2020\/09\/Plasma-de-pacientes.jpg",686,475,false],"web-stories-poster-portrait":["https:\/\/experienciadevida.com.ar\/portalurbano\/wp-content\/uploads\/2020\/09\/Plasma-de-pacientes.jpg",640,443,false],"web-stories-publisher-logo":["https:\/\/experienciadevida.com.ar\/portalurbano\/wp-content\/uploads\/2020\/09\/Plasma-de-pacientes.jpg",96,66,false],"web-stories-thumbnail":["https:\/\/experienciadevida.com.ar\/portalurbano\/wp-content\/uploads\/2020\/09\/Plasma-de-pacientes.jpg",150,104,false]},"author_info":{"display_name":"admpu17wp","author_link":"https:\/\/experienciadevida.com.ar\/portalurbano\/author\/admpu17wp\/"},"category_info":"<a href=\"https:\/\/experienciadevida.com.ar\/portalurbano\/category\/nacion\/coronavirus\/\" rel=\"category tag\">Coronavirus<\/a> <a href=\"https:\/\/experienciadevida.com.ar\/portalurbano\/category\/nacion\/\" rel=\"category tag\">Naci\u00f3n<\/a>","tag_info":"Naci\u00f3n","comment_count":"0","amp_enabled":true,"_links":{"self":[{"href":"https:\/\/experienciadevida.com.ar\/portalurbano\/wp-json\/wp\/v2\/posts\/121695"}],"collection":[{"href":"https:\/\/experienciadevida.com.ar\/portalurbano\/wp-json\/wp\/v2\/posts"}],"about":[{"href":"https:\/\/experienciadevida.com.ar\/portalurbano\/wp-json\/wp\/v2\/types\/post"}],"author":[{"embeddable":true,"href":"https:\/\/experienciadevida.com.ar\/portalurbano\/wp-json\/wp\/v2\/users\/1"}],"replies":[{"embeddable":true,"href":"https:\/\/experienciadevida.com.ar\/portalurbano\/wp-json\/wp\/v2\/comments?post=121695"}],"version-history":[{"count":1,"href":"https:\/\/experienciadevida.com.ar\/portalurbano\/wp-json\/wp\/v2\/posts\/121695\/revisions"}],"predecessor-version":[{"id":121697,"href":"https:\/\/experienciadevida.com.ar\/portalurbano\/wp-json\/wp\/v2\/posts\/121695\/revisions\/121697"}],"wp:featuredmedia":[{"embeddable":true,"href":"https:\/\/experienciadevida.com.ar\/portalurbano\/wp-json\/wp\/v2\/media\/121696"}],"wp:attachment":[{"href":"https:\/\/experienciadevida.com.ar\/portalurbano\/wp-json\/wp\/v2\/media?parent=121695"}],"wp:term":[{"taxonomy":"category","embeddable":true,"href":"https:\/\/experienciadevida.com.ar\/portalurbano\/wp-json\/wp\/v2\/categories?post=121695"},{"taxonomy":"post_tag","embeddable":true,"href":"https:\/\/experienciadevida.com.ar\/portalurbano\/wp-json\/wp\/v2\/tags?post=121695"}],"curies":[{"name":"wp","href":"https:\/\/api.w.org\/{rel}","templated":true}]}}