{"id":121489,"date":"2020-09-16T15:03:05","date_gmt":"2020-09-16T18:03:05","guid":{"rendered":"https:\/\/experienciadevida.com.ar\/portalurbano\/?p=121489"},"modified":"2020-09-16T15:03:38","modified_gmt":"2020-09-16T18:03:38","slug":"olavarria-celebra-la-semana-de-la-movilidad-sustentable","status":"publish","type":"post","link":"https:\/\/experienciadevida.com.ar\/portalurbano\/olavarria-celebra-la-semana-de-la-movilidad-sustentable\/","title":{"rendered":"Olavarr\u00eda celebra la semana de la movilidad sustentable"},"content":{"rendered":"<p>Todos los a\u00f1os, del 16 al 22 de septiembre, se celebra la semana la <strong>Movilidad Sustentable<\/strong>. Es una campa\u00f1a mundial que busca concientizar sobre el impacto que genera el uso creciente del autom\u00f3vil en las ciudades, tanto para la salud p\u00fablica como para el ambiente y los beneficios que generan otros modos de transportes mas sustentables, como la bicicleta, caminata o el transporte p\u00fablico. Busca promover e incentivar el uso de las opciones m\u00e1s sustentables para movilizarse.<\/p>\n<p>En nuestra ciudad, adem\u00e1s del transporte p\u00fablico, podemos recurrir a la caminata o andar en bicicleta como medios m\u00e1s sustentables de movilidad. Actualmente, adem\u00e1s de las sendas que rodean al Parque Mitre, existen estaciones para bicicletas dispuestas en puntos estrat\u00e9gicos de la ciudad. Estas estaciones fueron colocadas el a\u00f1o pasado, con el fin de incentivar el uso de la bici. En la p\u00e1gina de Olavarr\u00eda Georreferenciada (https:\/\/mapas.olavarria.gov.ar\/) en la categor\u00eda Medio Ambiente, se pueden buscar la ubicaci\u00f3n de dichos bicicleteros.<\/p>\n<p>Desde la Direcci\u00f3n de Desarrollo Sustentable, perteneciente a la Secretar\u00eda de Desarrollo Econ\u00f3mico, se busca promover el uso de medios de <strong>movilidad sustentable.<\/strong><\/p>\n<p>Por tal motivo, invitamos a la comunidad a sumarse a la semana de la movilidad sustentable y que compartan en sus redes sociales las fotos: se pueden enviar al <a href=\"https:\/\/www.instagram.com\/desarrollosustentableolavarria\/?hl=es-la\">Instagram<\/a> o al <a href=\"https:\/\/www.facebook.com\/DesarrolloSustentablePaginaOficial\">Facebook<\/a> del \u00e1rea: Desarrollo Sustentable Olavarr\u00eda o a trav\u00e9s de #olavarriasustentable.<\/p>\n<p>&nbsp;<\/p>\n","protected":false},"excerpt":{"rendered":"<p>Todos los a\u00f1os, del 16 al 22 de septiembre, se celebra la semana la Movilidad&#8230;<\/p>\n","protected":false},"author":1,"featured_media":121490,"comment_status":"closed","ping_status":"closed","sticky":false,"template":"","format":"standard","meta":{"content-type":""},"categories":[27,51],"tags":[],"nelio_content":{"isAutoShareEnabled":false,"autoShareEndMode":"default","automationSources":{"useContentSentences":true,"useSocialTemplates":true,"useCustomSentences":false,"customSentences":[]},"followers":[1],"suggestedReferences":[],"includedReferences":["https:\/\/www.instagram.com\/desarrollosustentableolavarria\/?hl=es-la"],"efiUrl":"","efiAlt":"","highlights":[]},"yoast_head":"<!-- This site is optimized with the Yoast SEO plugin v20.7 - https:\/\/yoast.com\/wordpress\/plugins\/seo\/ -->\n<title>Olavarr\u00eda celebra la semana de la movilidad sustentable -<\/title>\n<meta name=\"description\" content=\"Se celebra la semana de la movilidad sustentable. Busca concientizar sobre el impacto que genera el uso del autom\u00f3vil en la ciudad.\" \/>\n<meta name=\"robots\" content=\"index, follow, max-snippet:-1, max-image-preview:large, max-video-preview:-1\" \/>\n<link rel=\"canonical\" href=\"https:\/\/experienciadevida.com.ar\/portalurbano\/olavarria-celebra-la-semana-de-la-movilidad-sustentable\/\" \/>\n<meta property=\"og:locale\" content=\"es_ES\" \/>\n<meta property=\"og:type\" content=\"article\" \/>\n<meta property=\"og:title\" content=\"Olavarr\u00eda celebra la semana de la movilidad sustentable -\" \/>\n<meta property=\"og:description\" content=\"Se celebra la semana de la movilidad sustentable. Busca concientizar sobre el impacto que genera el uso del autom\u00f3vil en la ciudad.\" \/>\n<meta property=\"og:url\" content=\"https:\/\/experienciadevida.com.ar\/portalurbano\/olavarria-celebra-la-semana-de-la-movilidad-sustentable\/\" \/>\n<meta property=\"article:publisher\" content=\"https:\/\/www.facebook.com\/Portal-Urbano-171542830093757\/\" \/>\n<meta property=\"article:published_time\" content=\"2020-09-16T18:03:05+00:00\" \/>\n<meta property=\"article:modified_time\" content=\"2020-09-16T18:03:38+00:00\" \/>\n<meta property=\"og:image\" content=\"https:\/\/experienciadevida.com.ar\/portalurbano\/wp-content\/uploads\/2020\/09\/Movilidad-sustentable.jpeg\" \/>\n\t<meta property=\"og:image:width\" content=\"1024\" \/>\n\t<meta property=\"og:image:height\" content=\"768\" \/>\n\t<meta property=\"og:image:type\" content=\"image\/jpeg\" \/>\n<meta name=\"author\" content=\"admpu17wp\" \/>\n<meta name=\"twitter:card\" content=\"summary_large_image\" \/>\n<meta name=\"twitter:creator\" content=\"@portalurbanook\" \/>\n<meta name=\"twitter:site\" content=\"@portalurbanook\" \/>\n<meta name=\"twitter:label1\" content=\"Escrito por\" \/>\n\t<meta name=\"twitter:data1\" content=\"admpu17wp\" \/>\n\t<meta name=\"twitter:label2\" content=\"Tiempo de lectura\" \/>\n\t<meta name=\"twitter:data2\" content=\"1 minuto\" \/>\n<script type=\"application\/ld+json\" class=\"yoast-schema-graph\">{\"@context\":\"https:\/\/schema.org\",\"@graph\":[{\"@type\":\"Article\",\"@id\":\"https:\/\/experienciadevida.com.ar\/portalurbano\/olavarria-celebra-la-semana-de-la-movilidad-sustentable\/#article\",\"isPartOf\":{\"@id\":\"https:\/\/experienciadevida.com.ar\/portalurbano\/olavarria-celebra-la-semana-de-la-movilidad-sustentable\/\"},\"author\":{\"name\":\"admpu17wp\",\"@id\":\"https:\/\/experienciadevida.com.ar\/portalurbano\/#\/schema\/person\/02dd326b1c4b056e9cc972486934a3a7\"},\"headline\":\"Olavarr\u00eda celebra la semana de la movilidad sustentable\",\"datePublished\":\"2020-09-16T18:03:05+00:00\",\"dateModified\":\"2020-09-16T18:03:38+00:00\",\"mainEntityOfPage\":{\"@id\":\"https:\/\/experienciadevida.com.ar\/portalurbano\/olavarria-celebra-la-semana-de-la-movilidad-sustentable\/\"},\"wordCount\":256,\"publisher\":{\"@id\":\"https:\/\/experienciadevida.com.ar\/portalurbano\/#organization\"},\"articleSection\":[\"Ciudad\",\"Destacadas\"],\"inLanguage\":\"es\"},{\"@type\":\"WebPage\",\"@id\":\"https:\/\/experienciadevida.com.ar\/portalurbano\/olavarria-celebra-la-semana-de-la-movilidad-sustentable\/\",\"url\":\"https:\/\/experienciadevida.com.ar\/portalurbano\/olavarria-celebra-la-semana-de-la-movilidad-sustentable\/\",\"name\":\"Olavarr\u00eda celebra la semana de la movilidad sustentable -\",\"isPartOf\":{\"@id\":\"https:\/\/experienciadevida.com.ar\/portalurbano\/#website\"},\"datePublished\":\"2020-09-16T18:03:05+00:00\",\"dateModified\":\"2020-09-16T18:03:38+00:00\",\"description\":\"Se celebra la semana de la movilidad sustentable. Busca concientizar sobre el impacto que genera el uso del autom\u00f3vil en la ciudad.\",\"breadcrumb\":{\"@id\":\"https:\/\/experienciadevida.com.ar\/portalurbano\/olavarria-celebra-la-semana-de-la-movilidad-sustentable\/#breadcrumb\"},\"inLanguage\":\"es\",\"potentialAction\":[{\"@type\":\"ReadAction\",\"target\":[\"https:\/\/experienciadevida.com.ar\/portalurbano\/olavarria-celebra-la-semana-de-la-movilidad-sustentable\/\"]}]},{\"@type\":\"BreadcrumbList\",\"@id\":\"https:\/\/experienciadevida.com.ar\/portalurbano\/olavarria-celebra-la-semana-de-la-movilidad-sustentable\/#breadcrumb\",\"itemListElement\":[{\"@type\":\"ListItem\",\"position\":1,\"name\":\"Portada\",\"item\":\"https:\/\/experienciadevida.com.ar\/portalurbano\/\"},{\"@type\":\"ListItem\",\"position\":2,\"name\":\"Olavarr\u00eda celebra la semana de la movilidad sustentable\"}]},{\"@type\":\"WebSite\",\"@id\":\"https:\/\/experienciadevida.com.ar\/portalurbano\/#website\",\"url\":\"https:\/\/experienciadevida.com.ar\/portalurbano\/\",\"name\":\"\",\"description\":\"\",\"publisher\":{\"@id\":\"https:\/\/experienciadevida.com.ar\/portalurbano\/#organization\"},\"potentialAction\":[{\"@type\":\"SearchAction\",\"target\":{\"@type\":\"EntryPoint\",\"urlTemplate\":\"https:\/\/experienciadevida.com.ar\/portalurbano\/?s={search_term_string}\"},\"query-input\":\"required name=search_term_string\"}],\"inLanguage\":\"es\"},{\"@type\":\"Organization\",\"@id\":\"https:\/\/experienciadevida.com.ar\/portalurbano\/#organization\",\"name\":\"Portal Urbano\",\"url\":\"https:\/\/experienciadevida.com.ar\/portalurbano\/\",\"logo\":{\"@type\":\"ImageObject\",\"inLanguage\":\"es\",\"@id\":\"https:\/\/experienciadevida.com.ar\/portalurbano\/#\/schema\/logo\/image\/\",\"url\":\"https:\/\/experienciadevida.com.ar\/portalurbano\/wp-content\/uploads\/2019\/09\/Logo-Original.png\",\"contentUrl\":\"https:\/\/experienciadevida.com.ar\/portalurbano\/wp-content\/uploads\/2019\/09\/Logo-Original.png\",\"width\":2236,\"height\":1216,\"caption\":\"Portal Urbano\"},\"image\":{\"@id\":\"https:\/\/experienciadevida.com.ar\/portalurbano\/#\/schema\/logo\/image\/\"},\"sameAs\":[\"https:\/\/www.facebook.com\/Portal-Urbano-171542830093757\/\",\"https:\/\/twitter.com\/portalurbanook\",\"https:\/\/www.instagram.com\/_portalurbano\/\",\"https:\/\/www.youtube.com\/channel\/UCXhagIfszH8KxFiOok79zbA?view_as=subscriber\"]},{\"@type\":\"Person\",\"@id\":\"https:\/\/experienciadevida.com.ar\/portalurbano\/#\/schema\/person\/02dd326b1c4b056e9cc972486934a3a7\",\"name\":\"admpu17wp\",\"image\":{\"@type\":\"ImageObject\",\"inLanguage\":\"es\",\"@id\":\"https:\/\/experienciadevida.com.ar\/portalurbano\/#\/schema\/person\/image\/\",\"url\":\"https:\/\/secure.gravatar.com\/avatar\/830d4c57adaae6630765e449a6908047?s=96&d=mm&r=g\",\"contentUrl\":\"https:\/\/secure.gravatar.com\/avatar\/830d4c57adaae6630765e449a6908047?s=96&d=mm&r=g\",\"caption\":\"admpu17wp\"}}]}<\/script>\n<!-- \/ Yoast SEO plugin. -->","yoast_head_json":{"title":"Olavarr\u00eda celebra la semana de la movilidad sustentable -","description":"Se celebra la semana de la movilidad sustentable. Busca concientizar sobre el impacto que genera el uso del autom\u00f3vil en la ciudad.","robots":{"index":"index","follow":"follow","max-snippet":"max-snippet:-1","max-image-preview":"max-image-preview:large","max-video-preview":"max-video-preview:-1"},"canonical":"https:\/\/experienciadevida.com.ar\/portalurbano\/olavarria-celebra-la-semana-de-la-movilidad-sustentable\/","og_locale":"es_ES","og_type":"article","og_title":"Olavarr\u00eda celebra la semana de la movilidad sustentable -","og_description":"Se celebra la semana de la movilidad sustentable. Busca concientizar sobre el impacto que genera el uso del autom\u00f3vil en la ciudad.","og_url":"https:\/\/experienciadevida.com.ar\/portalurbano\/olavarria-celebra-la-semana-de-la-movilidad-sustentable\/","article_publisher":"https:\/\/www.facebook.com\/Portal-Urbano-171542830093757\/","article_published_time":"2020-09-16T18:03:05+00:00","article_modified_time":"2020-09-16T18:03:38+00:00","og_image":[{"width":1024,"height":768,"url":"https:\/\/experienciadevida.com.ar\/portalurbano\/wp-content\/uploads\/2020\/09\/Movilidad-sustentable.jpeg","type":"image\/jpeg"}],"author":"admpu17wp","twitter_card":"summary_large_image","twitter_creator":"@portalurbanook","twitter_site":"@portalurbanook","twitter_misc":{"Escrito por":"admpu17wp","Tiempo de lectura":"1 minuto"},"schema":{"@context":"https:\/\/schema.org","@graph":[{"@type":"Article","@id":"https:\/\/experienciadevida.com.ar\/portalurbano\/olavarria-celebra-la-semana-de-la-movilidad-sustentable\/#article","isPartOf":{"@id":"https:\/\/experienciadevida.com.ar\/portalurbano\/olavarria-celebra-la-semana-de-la-movilidad-sustentable\/"},"author":{"name":"admpu17wp","@id":"https:\/\/experienciadevida.com.ar\/portalurbano\/#\/schema\/person\/02dd326b1c4b056e9cc972486934a3a7"},"headline":"Olavarr\u00eda celebra la semana de la movilidad sustentable","datePublished":"2020-09-16T18:03:05+00:00","dateModified":"2020-09-16T18:03:38+00:00","mainEntityOfPage":{"@id":"https:\/\/experienciadevida.com.ar\/portalurbano\/olavarria-celebra-la-semana-de-la-movilidad-sustentable\/"},"wordCount":256,"publisher":{"@id":"https:\/\/experienciadevida.com.ar\/portalurbano\/#organization"},"articleSection":["Ciudad","Destacadas"],"inLanguage":"es"},{"@type":"WebPage","@id":"https:\/\/experienciadevida.com.ar\/portalurbano\/olavarria-celebra-la-semana-de-la-movilidad-sustentable\/","url":"https:\/\/experienciadevida.com.ar\/portalurbano\/olavarria-celebra-la-semana-de-la-movilidad-sustentable\/","name":"Olavarr\u00eda celebra la semana de la movilidad sustentable -","isPartOf":{"@id":"https:\/\/experienciadevida.com.ar\/portalurbano\/#website"},"datePublished":"2020-09-16T18:03:05+00:00","dateModified":"2020-09-16T18:03:38+00:00","description":"Se celebra la semana de la movilidad sustentable. Busca concientizar sobre el impacto que genera el uso del autom\u00f3vil en la ciudad.","breadcrumb":{"@id":"https:\/\/experienciadevida.com.ar\/portalurbano\/olavarria-celebra-la-semana-de-la-movilidad-sustentable\/#breadcrumb"},"inLanguage":"es","potentialAction":[{"@type":"ReadAction","target":["https:\/\/experienciadevida.com.ar\/portalurbano\/olavarria-celebra-la-semana-de-la-movilidad-sustentable\/"]}]},{"@type":"BreadcrumbList","@id":"https:\/\/experienciadevida.com.ar\/portalurbano\/olavarria-celebra-la-semana-de-la-movilidad-sustentable\/#breadcrumb","itemListElement":[{"@type":"ListItem","position":1,"name":"Portada","item":"https:\/\/experienciadevida.com.ar\/portalurbano\/"},{"@type":"ListItem","position":2,"name":"Olavarr\u00eda celebra la semana de la movilidad sustentable"}]},{"@type":"WebSite","@id":"https:\/\/experienciadevida.com.ar\/portalurbano\/#website","url":"https:\/\/experienciadevida.com.ar\/portalurbano\/","name":"","description":"","publisher":{"@id":"https:\/\/experienciadevida.com.ar\/portalurbano\/#organization"},"potentialAction":[{"@type":"SearchAction","target":{"@type":"EntryPoint","urlTemplate":"https:\/\/experienciadevida.com.ar\/portalurbano\/?s={search_term_string}"},"query-input":"required name=search_term_string"}],"inLanguage":"es"},{"@type":"Organization","@id":"https:\/\/experienciadevida.com.ar\/portalurbano\/#organization","name":"Portal Urbano","url":"https:\/\/experienciadevida.com.ar\/portalurbano\/","logo":{"@type":"ImageObject","inLanguage":"es","@id":"https:\/\/experienciadevida.com.ar\/portalurbano\/#\/schema\/logo\/image\/","url":"https:\/\/experienciadevida.com.ar\/portalurbano\/wp-content\/uploads\/2019\/09\/Logo-Original.png","contentUrl":"https:\/\/experienciadevida.com.ar\/portalurbano\/wp-content\/uploads\/2019\/09\/Logo-Original.png","width":2236,"height":1216,"caption":"Portal Urbano"},"image":{"@id":"https:\/\/experienciadevida.com.ar\/portalurbano\/#\/schema\/logo\/image\/"},"sameAs":["https:\/\/www.facebook.com\/Portal-Urbano-171542830093757\/","https:\/\/twitter.com\/portalurbanook","https:\/\/www.instagram.com\/_portalurbano\/","https:\/\/www.youtube.com\/channel\/UCXhagIfszH8KxFiOok79zbA?view_as=subscriber"]},{"@type":"Person","@id":"https:\/\/experienciadevida.com.ar\/portalurbano\/#\/schema\/person\/02dd326b1c4b056e9cc972486934a3a7","name":"admpu17wp","image":{"@type":"ImageObject","inLanguage":"es","@id":"https:\/\/experienciadevida.com.ar\/portalurbano\/#\/schema\/person\/image\/","url":"https:\/\/secure.gravatar.com\/avatar\/830d4c57adaae6630765e449a6908047?s=96&d=mm&r=g","contentUrl":"https:\/\/secure.gravatar.com\/avatar\/830d4c57adaae6630765e449a6908047?s=96&d=mm&r=g","caption":"admpu17wp"}}]}},"featured_image_urls":{"full":["https:\/\/experienciadevida.com.ar\/portalurbano\/wp-content\/uploads\/2020\/09\/Movilidad-sustentable.jpeg",1024,768,false],"thumbnail":["https:\/\/experienciadevida.com.ar\/portalurbano\/wp-content\/uploads\/2020\/09\/Movilidad-sustentable-150x150.jpeg",150,150,true],"medium":["https:\/\/experienciadevida.com.ar\/portalurbano\/wp-content\/uploads\/2020\/09\/Movilidad-sustentable-300x225.jpeg",300,225,true],"medium_large":["https:\/\/experienciadevida.com.ar\/portalurbano\/wp-content\/uploads\/2020\/09\/Movilidad-sustentable-768x576.jpeg",640,480,true],"large":["https:\/\/experienciadevida.com.ar\/portalurbano\/wp-content\/uploads\/2020\/09\/Movilidad-sustentable.jpeg",640,480,false],"ug_big":["https:\/\/experienciadevida.com.ar\/portalurbano\/wp-content\/uploads\/2020\/09\/Movilidad-sustentable-768x576.jpeg",768,576,true],"1536x1536":["https:\/\/experienciadevida.com.ar\/portalurbano\/wp-content\/uploads\/2020\/09\/Movilidad-sustentable.jpeg",1024,768,false],"2048x2048":["https:\/\/experienciadevida.com.ar\/portalurbano\/wp-content\/uploads\/2020\/09\/Movilidad-sustentable.jpeg",1024,768,false],"newsever-slider-full":["https:\/\/experienciadevida.com.ar\/portalurbano\/wp-content\/uploads\/2020\/09\/Movilidad-sustentable.jpeg",1024,768,false],"newsever-featured":["https:\/\/experienciadevida.com.ar\/portalurbano\/wp-content\/uploads\/2020\/09\/Movilidad-sustentable.jpeg",1024,768,false],"newsever-medium":["https:\/\/experienciadevida.com.ar\/portalurbano\/wp-content\/uploads\/2020\/09\/Movilidad-sustentable.jpeg",633,475,false],"web-stories-poster-portrait":["https:\/\/experienciadevida.com.ar\/portalurbano\/wp-content\/uploads\/2020\/09\/Movilidad-sustentable.jpeg",640,480,false],"web-stories-publisher-logo":["https:\/\/experienciadevida.com.ar\/portalurbano\/wp-content\/uploads\/2020\/09\/Movilidad-sustentable.jpeg",96,72,false],"web-stories-thumbnail":["https:\/\/experienciadevida.com.ar\/portalurbano\/wp-content\/uploads\/2020\/09\/Movilidad-sustentable.jpeg",150,113,false]},"author_info":{"display_name":"admpu17wp","author_link":"https:\/\/experienciadevida.com.ar\/portalurbano\/author\/admpu17wp\/"},"category_info":"<a href=\"https:\/\/experienciadevida.com.ar\/portalurbano\/category\/ciudad\/\" rel=\"category tag\">Ciudad<\/a> <a href=\"https:\/\/experienciadevida.com.ar\/portalurbano\/category\/destacadas\/\" rel=\"category tag\">Destacadas<\/a>","tag_info":"Destacadas","comment_count":"0","amp_enabled":true,"_links":{"self":[{"href":"https:\/\/experienciadevida.com.ar\/portalurbano\/wp-json\/wp\/v2\/posts\/121489"}],"collection":[{"href":"https:\/\/experienciadevida.com.ar\/portalurbano\/wp-json\/wp\/v2\/posts"}],"about":[{"href":"https:\/\/experienciadevida.com.ar\/portalurbano\/wp-json\/wp\/v2\/types\/post"}],"author":[{"embeddable":true,"href":"https:\/\/experienciadevida.com.ar\/portalurbano\/wp-json\/wp\/v2\/users\/1"}],"replies":[{"embeddable":true,"href":"https:\/\/experienciadevida.com.ar\/portalurbano\/wp-json\/wp\/v2\/comments?post=121489"}],"version-history":[{"count":1,"href":"https:\/\/experienciadevida.com.ar\/portalurbano\/wp-json\/wp\/v2\/posts\/121489\/revisions"}],"predecessor-version":[{"id":121491,"href":"https:\/\/experienciadevida.com.ar\/portalurbano\/wp-json\/wp\/v2\/posts\/121489\/revisions\/121491"}],"wp:featuredmedia":[{"embeddable":true,"href":"https:\/\/experienciadevida.com.ar\/portalurbano\/wp-json\/wp\/v2\/media\/121490"}],"wp:attachment":[{"href":"https:\/\/experienciadevida.com.ar\/portalurbano\/wp-json\/wp\/v2\/media?parent=121489"}],"wp:term":[{"taxonomy":"category","embeddable":true,"href":"https:\/\/experienciadevida.com.ar\/portalurbano\/wp-json\/wp\/v2\/categories?post=121489"},{"taxonomy":"post_tag","embeddable":true,"href":"https:\/\/experienciadevida.com.ar\/portalurbano\/wp-json\/wp\/v2\/tags?post=121489"}],"curies":[{"name":"wp","href":"https:\/\/api.w.org\/{rel}","templated":true}]}}