{"id":121471,"date":"2020-09-16T11:47:11","date_gmt":"2020-09-16T14:47:11","guid":{"rendered":"https:\/\/experienciadevida.com.ar\/portalurbano\/?p=121471"},"modified":"2020-09-16T17:39:46","modified_gmt":"2020-09-16T20:39:46","slug":"en-azul-detienen-a-un-olavarriense-por-abusar-de-dos-nenas","status":"publish","type":"post","link":"https:\/\/experienciadevida.com.ar\/portalurbano\/en-azul-detienen-a-un-olavarriense-por-abusar-de-dos-nenas\/","title":{"rendered":"En Azul detienen a un Olavarriense por abusar de dos nenas"},"content":{"rendered":"<p>El hombre qued\u00f3 detenido\u00a0 en <strong>Azul<\/strong>, para cumplir cinco a\u00f1os de prisi\u00f3n por abusar de dos nenas.<\/p>\n<p>El doble conforme del fallo de un juicio por un caso de abuso sexual realizado en un Tribunal de Azul en octubre de 2019, debate donde un transportista hab\u00eda sido sentenciado a cinco a\u00f1os de prisi\u00f3n, se tradujo en que ayer lunes el encausado fuera detenido en esta ciudad para comenzar a cumplir con esa condena.<\/p>\n<p>La medida cautelar, ordenada desde el Tribunal Oral en lo Criminal n\u00famero 1, la hicieron efectiva polic\u00edas de la DDI <strong>Azul<\/strong>.<\/p>\n<p>En esa dependencia de seguridad el hombre permanece transitoriamente alojado, a la espera de que se consiga un cupo para su posterior traslado a una unidad de la zona perteneciente al Servicio Penitenciario Bonaerense.<\/p>\n<p>El transportista que ahora est\u00e1 preso, oriundo de Olavarr\u00eda y domiciliado actualmente en Azul, fue identificado por voceros policiales y judiciales como Mat\u00edas Ezequiel Costa, de 33 a\u00f1os de edad.<\/p>\n<p>El 28 de octubre de 2019, tras la realizaci\u00f3n de un juicio en el Tribunal Oral en lo Criminal n\u00famero 1, el hombre hab\u00eda sido condenado a la ya referida pena de cinco a\u00f1os de prisi\u00f3n.<\/p>\n<p>En ese entonces el juez que de manera unipersonal intervino en aquel debate, Joaqu\u00edn Duba, lo hab\u00eda declarado autor penalmente responsable de un &#8220;delito continuado de abuso sexual simple&#8221; y de otro de &#8220;abuso sexual simple, agravado por haber sido cometido por el encargado de la guarda&#8221;, il\u00edcitos cometidos &#8220;en concurso real de acciones&#8221;.<\/p>\n<p>En ese juicio hab\u00eda quedado probado que Costa abus\u00f3 sexualmente de dos nenas, hechos ocurridos en <strong>Azul<\/strong> durante el a\u00f1o 2014.<\/p>\n<p>No bien el hombre que ahora est\u00e1 preso fue condenado, en ese entonces continu\u00f3 en libertad.<\/p>\n<p>Pero ahora, al haber ratificado en segunda instancia el Tribunal de Casaci\u00f3n Penal provincial aquel fallo, desde el TOC 1 se resolvi\u00f3 ordenar su inmediata detenci\u00f3n, la medida cautelar que ayer hicieron efectiva los polic\u00edas de la DDI Azul, contando para eso con apoyo de personal de la Seccional Primera local.<\/p>\n<p>Fuente: <a href=\"https:\/\/www.diarioeltiempo.com.ar\/index.html\">Diario el tiempo<\/a><\/p>\n","protected":false},"excerpt":{"rendered":"<p>El hombre qued\u00f3 detenido\u00a0 en Azul, para cumplir cinco a\u00f1os de prisi\u00f3n por abusar de&#8230;<\/p>\n","protected":false},"author":1,"featured_media":121472,"comment_status":"closed","ping_status":"closed","sticky":false,"template":"","format":"standard","meta":{"content-type":""},"categories":[51,40],"tags":[379],"nelio_content":{"isAutoShareEnabled":false,"autoShareEndMode":"default","automationSources":{"useContentSentences":true,"useSocialTemplates":true,"useCustomSentences":false,"customSentences":[]},"followers":[1],"suggestedReferences":[],"includedReferences":["https:\/\/www.diarioeltiempo.com.ar\/index.html"],"efiUrl":"","efiAlt":"","highlights":[]},"yoast_head":"<!-- This site is optimized with the Yoast SEO plugin v20.7 - https:\/\/yoast.com\/wordpress\/plugins\/seo\/ -->\n<title>En Azul detienen a un Olavarriense por abusar de dos nenas<\/title>\n<meta name=\"description\" content=\"El hombre qued\u00f3 detenido en Azul, para cumplir cinco a\u00f1os de prisi\u00f3n por abusar de dos nenas. La DDI hizo efectiva su detenci\u00f3n.\" \/>\n<meta name=\"robots\" content=\"index, follow, max-snippet:-1, max-image-preview:large, max-video-preview:-1\" \/>\n<link rel=\"canonical\" href=\"https:\/\/experienciadevida.com.ar\/portalurbano\/en-azul-detienen-a-un-olavarriense-por-abusar-de-dos-nenas\/\" \/>\n<meta property=\"og:locale\" content=\"es_ES\" \/>\n<meta property=\"og:type\" content=\"article\" \/>\n<meta property=\"og:title\" content=\"En Azul detienen a un Olavarriense por abusar de dos nenas\" \/>\n<meta property=\"og:description\" content=\"El hombre qued\u00f3 detenido en Azul, para cumplir cinco a\u00f1os de prisi\u00f3n por abusar de dos nenas. La DDI hizo efectiva su detenci\u00f3n.\" \/>\n<meta property=\"og:url\" content=\"https:\/\/experienciadevida.com.ar\/portalurbano\/en-azul-detienen-a-un-olavarriense-por-abusar-de-dos-nenas\/\" \/>\n<meta property=\"article:publisher\" content=\"https:\/\/www.facebook.com\/Portal-Urbano-171542830093757\/\" \/>\n<meta property=\"article:published_time\" content=\"2020-09-16T14:47:11+00:00\" \/>\n<meta property=\"article:modified_time\" content=\"2020-09-16T20:39:46+00:00\" \/>\n<meta property=\"og:image\" content=\"https:\/\/experienciadevida.com.ar\/portalurbano\/wp-content\/uploads\/2020\/09\/Azul.jpg\" \/>\n\t<meta property=\"og:image:width\" content=\"948\" \/>\n\t<meta property=\"og:image:height\" content=\"533\" \/>\n\t<meta property=\"og:image:type\" content=\"image\/jpeg\" \/>\n<meta name=\"author\" content=\"admpu17wp\" \/>\n<meta name=\"twitter:card\" content=\"summary_large_image\" \/>\n<meta name=\"twitter:creator\" content=\"@portalurbanook\" \/>\n<meta name=\"twitter:site\" content=\"@portalurbanook\" \/>\n<meta name=\"twitter:label1\" content=\"Escrito por\" \/>\n\t<meta name=\"twitter:data1\" content=\"admpu17wp\" \/>\n\t<meta name=\"twitter:label2\" content=\"Tiempo de lectura\" \/>\n\t<meta name=\"twitter:data2\" content=\"2 minutos\" \/>\n<script type=\"application\/ld+json\" class=\"yoast-schema-graph\">{\"@context\":\"https:\/\/schema.org\",\"@graph\":[{\"@type\":\"Article\",\"@id\":\"https:\/\/experienciadevida.com.ar\/portalurbano\/en-azul-detienen-a-un-olavarriense-por-abusar-de-dos-nenas\/#article\",\"isPartOf\":{\"@id\":\"https:\/\/experienciadevida.com.ar\/portalurbano\/en-azul-detienen-a-un-olavarriense-por-abusar-de-dos-nenas\/\"},\"author\":{\"name\":\"admpu17wp\",\"@id\":\"https:\/\/experienciadevida.com.ar\/portalurbano\/#\/schema\/person\/02dd326b1c4b056e9cc972486934a3a7\"},\"headline\":\"En Azul detienen a un Olavarriense por abusar de dos nenas\",\"datePublished\":\"2020-09-16T14:47:11+00:00\",\"dateModified\":\"2020-09-16T20:39:46+00:00\",\"mainEntityOfPage\":{\"@id\":\"https:\/\/experienciadevida.com.ar\/portalurbano\/en-azul-detienen-a-un-olavarriense-por-abusar-de-dos-nenas\/\"},\"wordCount\":366,\"publisher\":{\"@id\":\"https:\/\/experienciadevida.com.ar\/portalurbano\/#organization\"},\"keywords\":[\"OLAVARRIENSE DETENIDO\"],\"articleSection\":[\"Destacadas\",\"Policiales\"],\"inLanguage\":\"es\"},{\"@type\":\"WebPage\",\"@id\":\"https:\/\/experienciadevida.com.ar\/portalurbano\/en-azul-detienen-a-un-olavarriense-por-abusar-de-dos-nenas\/\",\"url\":\"https:\/\/experienciadevida.com.ar\/portalurbano\/en-azul-detienen-a-un-olavarriense-por-abusar-de-dos-nenas\/\",\"name\":\"En Azul detienen a un Olavarriense por abusar de dos nenas\",\"isPartOf\":{\"@id\":\"https:\/\/experienciadevida.com.ar\/portalurbano\/#website\"},\"datePublished\":\"2020-09-16T14:47:11+00:00\",\"dateModified\":\"2020-09-16T20:39:46+00:00\",\"description\":\"El hombre qued\u00f3 detenido en Azul, para cumplir cinco a\u00f1os de prisi\u00f3n por abusar de dos nenas. La DDI hizo efectiva su detenci\u00f3n.\",\"breadcrumb\":{\"@id\":\"https:\/\/experienciadevida.com.ar\/portalurbano\/en-azul-detienen-a-un-olavarriense-por-abusar-de-dos-nenas\/#breadcrumb\"},\"inLanguage\":\"es\",\"potentialAction\":[{\"@type\":\"ReadAction\",\"target\":[\"https:\/\/experienciadevida.com.ar\/portalurbano\/en-azul-detienen-a-un-olavarriense-por-abusar-de-dos-nenas\/\"]}]},{\"@type\":\"BreadcrumbList\",\"@id\":\"https:\/\/experienciadevida.com.ar\/portalurbano\/en-azul-detienen-a-un-olavarriense-por-abusar-de-dos-nenas\/#breadcrumb\",\"itemListElement\":[{\"@type\":\"ListItem\",\"position\":1,\"name\":\"Portada\",\"item\":\"https:\/\/experienciadevida.com.ar\/portalurbano\/\"},{\"@type\":\"ListItem\",\"position\":2,\"name\":\"En Azul detienen a un Olavarriense por abusar de dos nenas\"}]},{\"@type\":\"WebSite\",\"@id\":\"https:\/\/experienciadevida.com.ar\/portalurbano\/#website\",\"url\":\"https:\/\/experienciadevida.com.ar\/portalurbano\/\",\"name\":\"\",\"description\":\"\",\"publisher\":{\"@id\":\"https:\/\/experienciadevida.com.ar\/portalurbano\/#organization\"},\"potentialAction\":[{\"@type\":\"SearchAction\",\"target\":{\"@type\":\"EntryPoint\",\"urlTemplate\":\"https:\/\/experienciadevida.com.ar\/portalurbano\/?s={search_term_string}\"},\"query-input\":\"required name=search_term_string\"}],\"inLanguage\":\"es\"},{\"@type\":\"Organization\",\"@id\":\"https:\/\/experienciadevida.com.ar\/portalurbano\/#organization\",\"name\":\"Portal Urbano\",\"url\":\"https:\/\/experienciadevida.com.ar\/portalurbano\/\",\"logo\":{\"@type\":\"ImageObject\",\"inLanguage\":\"es\",\"@id\":\"https:\/\/experienciadevida.com.ar\/portalurbano\/#\/schema\/logo\/image\/\",\"url\":\"https:\/\/experienciadevida.com.ar\/portalurbano\/wp-content\/uploads\/2019\/09\/Logo-Original.png\",\"contentUrl\":\"https:\/\/experienciadevida.com.ar\/portalurbano\/wp-content\/uploads\/2019\/09\/Logo-Original.png\",\"width\":2236,\"height\":1216,\"caption\":\"Portal Urbano\"},\"image\":{\"@id\":\"https:\/\/experienciadevida.com.ar\/portalurbano\/#\/schema\/logo\/image\/\"},\"sameAs\":[\"https:\/\/www.facebook.com\/Portal-Urbano-171542830093757\/\",\"https:\/\/twitter.com\/portalurbanook\",\"https:\/\/www.instagram.com\/_portalurbano\/\",\"https:\/\/www.youtube.com\/channel\/UCXhagIfszH8KxFiOok79zbA?view_as=subscriber\"]},{\"@type\":\"Person\",\"@id\":\"https:\/\/experienciadevida.com.ar\/portalurbano\/#\/schema\/person\/02dd326b1c4b056e9cc972486934a3a7\",\"name\":\"admpu17wp\",\"image\":{\"@type\":\"ImageObject\",\"inLanguage\":\"es\",\"@id\":\"https:\/\/experienciadevida.com.ar\/portalurbano\/#\/schema\/person\/image\/\",\"url\":\"https:\/\/secure.gravatar.com\/avatar\/830d4c57adaae6630765e449a6908047?s=96&d=mm&r=g\",\"contentUrl\":\"https:\/\/secure.gravatar.com\/avatar\/830d4c57adaae6630765e449a6908047?s=96&d=mm&r=g\",\"caption\":\"admpu17wp\"}}]}<\/script>\n<!-- \/ Yoast SEO plugin. -->","yoast_head_json":{"title":"En Azul detienen a un Olavarriense por abusar de dos nenas","description":"El hombre qued\u00f3 detenido en Azul, para cumplir cinco a\u00f1os de prisi\u00f3n por abusar de dos nenas. La DDI hizo efectiva su detenci\u00f3n.","robots":{"index":"index","follow":"follow","max-snippet":"max-snippet:-1","max-image-preview":"max-image-preview:large","max-video-preview":"max-video-preview:-1"},"canonical":"https:\/\/experienciadevida.com.ar\/portalurbano\/en-azul-detienen-a-un-olavarriense-por-abusar-de-dos-nenas\/","og_locale":"es_ES","og_type":"article","og_title":"En Azul detienen a un Olavarriense por abusar de dos nenas","og_description":"El hombre qued\u00f3 detenido en Azul, para cumplir cinco a\u00f1os de prisi\u00f3n por abusar de dos nenas. La DDI hizo efectiva su detenci\u00f3n.","og_url":"https:\/\/experienciadevida.com.ar\/portalurbano\/en-azul-detienen-a-un-olavarriense-por-abusar-de-dos-nenas\/","article_publisher":"https:\/\/www.facebook.com\/Portal-Urbano-171542830093757\/","article_published_time":"2020-09-16T14:47:11+00:00","article_modified_time":"2020-09-16T20:39:46+00:00","og_image":[{"width":948,"height":533,"url":"https:\/\/experienciadevida.com.ar\/portalurbano\/wp-content\/uploads\/2020\/09\/Azul.jpg","type":"image\/jpeg"}],"author":"admpu17wp","twitter_card":"summary_large_image","twitter_creator":"@portalurbanook","twitter_site":"@portalurbanook","twitter_misc":{"Escrito por":"admpu17wp","Tiempo de lectura":"2 minutos"},"schema":{"@context":"https:\/\/schema.org","@graph":[{"@type":"Article","@id":"https:\/\/experienciadevida.com.ar\/portalurbano\/en-azul-detienen-a-un-olavarriense-por-abusar-de-dos-nenas\/#article","isPartOf":{"@id":"https:\/\/experienciadevida.com.ar\/portalurbano\/en-azul-detienen-a-un-olavarriense-por-abusar-de-dos-nenas\/"},"author":{"name":"admpu17wp","@id":"https:\/\/experienciadevida.com.ar\/portalurbano\/#\/schema\/person\/02dd326b1c4b056e9cc972486934a3a7"},"headline":"En Azul detienen a un Olavarriense por abusar de dos nenas","datePublished":"2020-09-16T14:47:11+00:00","dateModified":"2020-09-16T20:39:46+00:00","mainEntityOfPage":{"@id":"https:\/\/experienciadevida.com.ar\/portalurbano\/en-azul-detienen-a-un-olavarriense-por-abusar-de-dos-nenas\/"},"wordCount":366,"publisher":{"@id":"https:\/\/experienciadevida.com.ar\/portalurbano\/#organization"},"keywords":["OLAVARRIENSE DETENIDO"],"articleSection":["Destacadas","Policiales"],"inLanguage":"es"},{"@type":"WebPage","@id":"https:\/\/experienciadevida.com.ar\/portalurbano\/en-azul-detienen-a-un-olavarriense-por-abusar-de-dos-nenas\/","url":"https:\/\/experienciadevida.com.ar\/portalurbano\/en-azul-detienen-a-un-olavarriense-por-abusar-de-dos-nenas\/","name":"En Azul detienen a un Olavarriense por abusar de dos nenas","isPartOf":{"@id":"https:\/\/experienciadevida.com.ar\/portalurbano\/#website"},"datePublished":"2020-09-16T14:47:11+00:00","dateModified":"2020-09-16T20:39:46+00:00","description":"El hombre qued\u00f3 detenido en Azul, para cumplir cinco a\u00f1os de prisi\u00f3n por abusar de dos nenas. La DDI hizo efectiva su detenci\u00f3n.","breadcrumb":{"@id":"https:\/\/experienciadevida.com.ar\/portalurbano\/en-azul-detienen-a-un-olavarriense-por-abusar-de-dos-nenas\/#breadcrumb"},"inLanguage":"es","potentialAction":[{"@type":"ReadAction","target":["https:\/\/experienciadevida.com.ar\/portalurbano\/en-azul-detienen-a-un-olavarriense-por-abusar-de-dos-nenas\/"]}]},{"@type":"BreadcrumbList","@id":"https:\/\/experienciadevida.com.ar\/portalurbano\/en-azul-detienen-a-un-olavarriense-por-abusar-de-dos-nenas\/#breadcrumb","itemListElement":[{"@type":"ListItem","position":1,"name":"Portada","item":"https:\/\/experienciadevida.com.ar\/portalurbano\/"},{"@type":"ListItem","position":2,"name":"En Azul detienen a un Olavarriense por abusar de dos nenas"}]},{"@type":"WebSite","@id":"https:\/\/experienciadevida.com.ar\/portalurbano\/#website","url":"https:\/\/experienciadevida.com.ar\/portalurbano\/","name":"","description":"","publisher":{"@id":"https:\/\/experienciadevida.com.ar\/portalurbano\/#organization"},"potentialAction":[{"@type":"SearchAction","target":{"@type":"EntryPoint","urlTemplate":"https:\/\/experienciadevida.com.ar\/portalurbano\/?s={search_term_string}"},"query-input":"required name=search_term_string"}],"inLanguage":"es"},{"@type":"Organization","@id":"https:\/\/experienciadevida.com.ar\/portalurbano\/#organization","name":"Portal Urbano","url":"https:\/\/experienciadevida.com.ar\/portalurbano\/","logo":{"@type":"ImageObject","inLanguage":"es","@id":"https:\/\/experienciadevida.com.ar\/portalurbano\/#\/schema\/logo\/image\/","url":"https:\/\/experienciadevida.com.ar\/portalurbano\/wp-content\/uploads\/2019\/09\/Logo-Original.png","contentUrl":"https:\/\/experienciadevida.com.ar\/portalurbano\/wp-content\/uploads\/2019\/09\/Logo-Original.png","width":2236,"height":1216,"caption":"Portal Urbano"},"image":{"@id":"https:\/\/experienciadevida.com.ar\/portalurbano\/#\/schema\/logo\/image\/"},"sameAs":["https:\/\/www.facebook.com\/Portal-Urbano-171542830093757\/","https:\/\/twitter.com\/portalurbanook","https:\/\/www.instagram.com\/_portalurbano\/","https:\/\/www.youtube.com\/channel\/UCXhagIfszH8KxFiOok79zbA?view_as=subscriber"]},{"@type":"Person","@id":"https:\/\/experienciadevida.com.ar\/portalurbano\/#\/schema\/person\/02dd326b1c4b056e9cc972486934a3a7","name":"admpu17wp","image":{"@type":"ImageObject","inLanguage":"es","@id":"https:\/\/experienciadevida.com.ar\/portalurbano\/#\/schema\/person\/image\/","url":"https:\/\/secure.gravatar.com\/avatar\/830d4c57adaae6630765e449a6908047?s=96&d=mm&r=g","contentUrl":"https:\/\/secure.gravatar.com\/avatar\/830d4c57adaae6630765e449a6908047?s=96&d=mm&r=g","caption":"admpu17wp"}}]}},"featured_image_urls":{"full":["https:\/\/experienciadevida.com.ar\/portalurbano\/wp-content\/uploads\/2020\/09\/Azul.jpg",948,533,false],"thumbnail":["https:\/\/experienciadevida.com.ar\/portalurbano\/wp-content\/uploads\/2020\/09\/Azul-150x150.jpg",150,150,true],"medium":["https:\/\/experienciadevida.com.ar\/portalurbano\/wp-content\/uploads\/2020\/09\/Azul-300x169.jpg",300,169,true],"medium_large":["https:\/\/experienciadevida.com.ar\/portalurbano\/wp-content\/uploads\/2020\/09\/Azul-768x432.jpg",640,360,true],"large":["https:\/\/experienciadevida.com.ar\/portalurbano\/wp-content\/uploads\/2020\/09\/Azul.jpg",640,360,false],"ug_big":["https:\/\/experienciadevida.com.ar\/portalurbano\/wp-content\/uploads\/2020\/09\/Azul-768x432.jpg",768,432,true],"1536x1536":["https:\/\/experienciadevida.com.ar\/portalurbano\/wp-content\/uploads\/2020\/09\/Azul.jpg",948,533,false],"2048x2048":["https:\/\/experienciadevida.com.ar\/portalurbano\/wp-content\/uploads\/2020\/09\/Azul.jpg",948,533,false],"newsever-slider-full":["https:\/\/experienciadevida.com.ar\/portalurbano\/wp-content\/uploads\/2020\/09\/Azul.jpg",948,533,false],"newsever-featured":["https:\/\/experienciadevida.com.ar\/portalurbano\/wp-content\/uploads\/2020\/09\/Azul.jpg",948,533,false],"newsever-medium":["https:\/\/experienciadevida.com.ar\/portalurbano\/wp-content\/uploads\/2020\/09\/Azul.jpg",720,405,false],"web-stories-poster-portrait":["https:\/\/experienciadevida.com.ar\/portalurbano\/wp-content\/uploads\/2020\/09\/Azul.jpg",640,360,false],"web-stories-publisher-logo":["https:\/\/experienciadevida.com.ar\/portalurbano\/wp-content\/uploads\/2020\/09\/Azul.jpg",96,54,false],"web-stories-thumbnail":["https:\/\/experienciadevida.com.ar\/portalurbano\/wp-content\/uploads\/2020\/09\/Azul.jpg",150,84,false]},"author_info":{"display_name":"admpu17wp","author_link":"https:\/\/experienciadevida.com.ar\/portalurbano\/author\/admpu17wp\/"},"category_info":"<a href=\"https:\/\/experienciadevida.com.ar\/portalurbano\/category\/destacadas\/\" rel=\"category tag\">Destacadas<\/a> <a href=\"https:\/\/experienciadevida.com.ar\/portalurbano\/category\/policiales\/\" rel=\"category tag\">Policiales<\/a>","tag_info":"Policiales","comment_count":"0","amp_enabled":true,"_links":{"self":[{"href":"https:\/\/experienciadevida.com.ar\/portalurbano\/wp-json\/wp\/v2\/posts\/121471"}],"collection":[{"href":"https:\/\/experienciadevida.com.ar\/portalurbano\/wp-json\/wp\/v2\/posts"}],"about":[{"href":"https:\/\/experienciadevida.com.ar\/portalurbano\/wp-json\/wp\/v2\/types\/post"}],"author":[{"embeddable":true,"href":"https:\/\/experienciadevida.com.ar\/portalurbano\/wp-json\/wp\/v2\/users\/1"}],"replies":[{"embeddable":true,"href":"https:\/\/experienciadevida.com.ar\/portalurbano\/wp-json\/wp\/v2\/comments?post=121471"}],"version-history":[{"count":3,"href":"https:\/\/experienciadevida.com.ar\/portalurbano\/wp-json\/wp\/v2\/posts\/121471\/revisions"}],"predecessor-version":[{"id":121475,"href":"https:\/\/experienciadevida.com.ar\/portalurbano\/wp-json\/wp\/v2\/posts\/121471\/revisions\/121475"}],"wp:featuredmedia":[{"embeddable":true,"href":"https:\/\/experienciadevida.com.ar\/portalurbano\/wp-json\/wp\/v2\/media\/121472"}],"wp:attachment":[{"href":"https:\/\/experienciadevida.com.ar\/portalurbano\/wp-json\/wp\/v2\/media?parent=121471"}],"wp:term":[{"taxonomy":"category","embeddable":true,"href":"https:\/\/experienciadevida.com.ar\/portalurbano\/wp-json\/wp\/v2\/categories?post=121471"},{"taxonomy":"post_tag","embeddable":true,"href":"https:\/\/experienciadevida.com.ar\/portalurbano\/wp-json\/wp\/v2\/tags?post=121471"}],"curies":[{"name":"wp","href":"https:\/\/api.w.org\/{rel}","templated":true}]}}