{"id":121452,"date":"2020-09-16T10:26:09","date_gmt":"2020-09-16T13:26:09","guid":{"rendered":"https:\/\/experienciadevida.com.ar\/portalurbano\/?p=121452"},"modified":"2020-09-16T10:26:53","modified_gmt":"2020-09-16T13:26:53","slug":"la-afip-pone-en-marcha-la-ampliacion-de-la-moratoria","status":"publish","type":"post","link":"https:\/\/experienciadevida.com.ar\/portalurbano\/la-afip-pone-en-marcha-la-ampliacion-de-la-moratoria\/","title":{"rendered":"La AFIP pone en marcha la ampliaci\u00f3n de la moratoria"},"content":{"rendered":"<p>Los contribuyentes tendr\u00e1n tiempo hasta el 31 de octubre para registrarse en afip.gob.ar\u00a0 y poner en marcha la ampliaci\u00f3n de la\u00a0<strong>moratoria<\/strong>.<\/p>\n<p>La Administraci\u00f3n Federal de Ingresos P\u00fablicos (AFIP) habilit\u00f3 la adhesi\u00f3n a la ampliaci\u00f3n de la <strong>moratoria<\/strong> 2020, con la que peque\u00f1as y medianas empresas (pymes), comerciantes, profesionales, grandes empresas, monotributistas, aut\u00f3nomos, cooperativas y entidades sin fines de lucro podr\u00e1n regularizar sus deudas tributarias, aduaneras y previsionales en hasta 120 cuotas.<\/p>\n<p>A trav\u00e9s de la resoluci\u00f3n general 4816 publicada este mi\u00e9rcoles en el Bolet\u00edn Oficial, se inform\u00f3 que los contribuyentes tendr\u00e1n tiempo hasta el 31 de octubre para registrarse en la web <a href=\"https:\/\/www.afip.gob.ar\/sitio\/externos\/default.asp\">afip.gob.ar.<\/a><\/p>\n<p>\u201cEl objetivo de la ampliaci\u00f3n de la <strong>moratoria<\/strong> es aliviar la situaci\u00f3n de los contribuyentes. Es una herramienta m\u00e1s del Estado para amortiguar el da\u00f1o, sostener los puestos de trabajo y encarar el proceso de recuperaci\u00f3n despu\u00e9s de la crisis a la que condujo el gobierno anterior y que profundiz\u00f3 la pandemia\u201d, expres\u00f3 la titular de la AFIP, Mercedes Marc\u00f3 del Pont en un comunicado.<\/p>\n<p>La resoluci\u00f3n puso en marcha la Ley 27.562, iniciativa aprobada por el Congreso, que extendi\u00f3 el alcance de la moratoria 2020 para incluir a aquellas personas humanas y jur\u00eddicas que originalmente no hab\u00edan sido contempladas a finales del a\u00f1o pasado.<\/p>\n<p>La ampliaci\u00f3n de la <strong>moratoria<\/strong> no solo extiende el universo de contribuyentes beneficiados sino que tambi\u00e9n contempla la posibilidad de regularizar deudas con la AFIP generadas durante la pandemia del coronavirus. Para eso, permite la inclusi\u00f3n de obligaciones vencidas hasta el 31 de julio \u00faltimo.<\/p>\n<p>Las empresas e individuos que adhieran al plan de facilidades comenzar\u00e1n a pagar la primera cuota el 16 de diciembre.<\/p>\n<p>La moratoria prev\u00e9 beneficios para los contribuyentes cumplidores, y contempla plazos m\u00e1s extensos para que los peque\u00f1os contribuyentes regularicen sus obligaciones vencidas.<\/p>\n<p>Las empresas e individuos que cuenten con un Certificado Mipyme vigente al momento de adhesi\u00f3n podr\u00e1n acceder a 120 cuotas para pagar sus deudas tributarias y aduaneras as\u00ed como 60 cuotas para los aportes de la seguridad social.<\/p>\n<p>El resto de los contribuyentes podr\u00e1 ingresar sus deudas tributarias y aduaneras en planes de facilidades de hasta 96 cuotas y contar\u00e1 con plazos de hasta 48 meses para las obligaciones previsionales.<\/p>\n<p>\u201cLa ampliaci\u00f3n de la Moratoria 2020 forma parte del conjunto de medidas estatales como el Programa ATP, el IFE y las distintas l\u00edneas de cr\u00e9dito a la producci\u00f3n que buscan amortiguar el impacto de la pandemia. Pol\u00edticas p\u00fablicas para acompa\u00f1ar la producci\u00f3n y trabajo\u201d, indic\u00f3 Marc\u00f3 del Pont.<\/p>\n<p>Fuente: DIB<\/p>\n<p>&nbsp;<\/p>\n","protected":false},"excerpt":{"rendered":"<p>Los contribuyentes tendr\u00e1n tiempo hasta el 31 de octubre para registrarse en afip.gob.ar\u00a0 y poner&#8230;<\/p>\n","protected":false},"author":1,"featured_media":110525,"comment_status":"closed","ping_status":"closed","sticky":false,"template":"","format":"standard","meta":{"content-type":""},"categories":[39],"tags":[],"nelio_content":{"isAutoShareEnabled":false,"autoShareEndMode":"default","automationSources":{"useContentSentences":true,"useSocialTemplates":true,"useCustomSentences":false,"customSentences":[]},"followers":[1],"suggestedReferences":[],"includedReferences":["https:\/\/www.afip.gob.ar\/sitio\/externos\/default.asp"],"efiUrl":"","efiAlt":"","highlights":[]},"yoast_head":"<!-- This site is optimized with the Yoast SEO plugin v20.7 - https:\/\/yoast.com\/wordpress\/plugins\/seo\/ -->\n<title>La AFIP pone en marcha la ampliaci\u00f3n de la moratoria -<\/title>\n<meta name=\"description\" content=\"Los contribuyentes tendr\u00e1n tiempo hasta el 31 de octubre para registrarse en afip.gob.ar\u00a0 y poner en marcha la ampliaci\u00f3n de la\u00a0moratoria.\" \/>\n<meta name=\"robots\" content=\"index, follow, max-snippet:-1, max-image-preview:large, max-video-preview:-1\" \/>\n<link rel=\"canonical\" href=\"https:\/\/experienciadevida.com.ar\/portalurbano\/la-afip-pone-en-marcha-la-ampliacion-de-la-moratoria\/\" \/>\n<meta property=\"og:locale\" content=\"es_ES\" \/>\n<meta property=\"og:type\" content=\"article\" \/>\n<meta property=\"og:title\" content=\"La AFIP pone en marcha la ampliaci\u00f3n de la moratoria -\" \/>\n<meta property=\"og:description\" content=\"Los contribuyentes tendr\u00e1n tiempo hasta el 31 de octubre para registrarse en afip.gob.ar\u00a0 y poner en marcha la ampliaci\u00f3n de la\u00a0moratoria.\" \/>\n<meta property=\"og:url\" content=\"https:\/\/experienciadevida.com.ar\/portalurbano\/la-afip-pone-en-marcha-la-ampliacion-de-la-moratoria\/\" \/>\n<meta property=\"article:publisher\" content=\"https:\/\/www.facebook.com\/Portal-Urbano-171542830093757\/\" \/>\n<meta property=\"article:published_time\" content=\"2020-09-16T13:26:09+00:00\" \/>\n<meta property=\"article:modified_time\" content=\"2020-09-16T13:26:53+00:00\" \/>\n<meta property=\"og:image\" content=\"https:\/\/experienciadevida.com.ar\/portalurbano\/wp-content\/uploads\/2020\/05\/AFIP.jpg\" \/>\n\t<meta property=\"og:image:width\" content=\"680\" \/>\n\t<meta property=\"og:image:height\" content=\"410\" \/>\n\t<meta property=\"og:image:type\" content=\"image\/jpeg\" \/>\n<meta name=\"author\" content=\"admpu17wp\" \/>\n<meta name=\"twitter:card\" content=\"summary_large_image\" \/>\n<meta name=\"twitter:creator\" content=\"@portalurbanook\" \/>\n<meta name=\"twitter:site\" content=\"@portalurbanook\" \/>\n<meta name=\"twitter:label1\" content=\"Escrito por\" \/>\n\t<meta name=\"twitter:data1\" content=\"admpu17wp\" \/>\n\t<meta name=\"twitter:label2\" content=\"Tiempo de lectura\" \/>\n\t<meta name=\"twitter:data2\" content=\"2 minutos\" \/>\n<script type=\"application\/ld+json\" class=\"yoast-schema-graph\">{\"@context\":\"https:\/\/schema.org\",\"@graph\":[{\"@type\":\"Article\",\"@id\":\"https:\/\/experienciadevida.com.ar\/portalurbano\/la-afip-pone-en-marcha-la-ampliacion-de-la-moratoria\/#article\",\"isPartOf\":{\"@id\":\"https:\/\/experienciadevida.com.ar\/portalurbano\/la-afip-pone-en-marcha-la-ampliacion-de-la-moratoria\/\"},\"author\":{\"name\":\"admpu17wp\",\"@id\":\"https:\/\/experienciadevida.com.ar\/portalurbano\/#\/schema\/person\/02dd326b1c4b056e9cc972486934a3a7\"},\"headline\":\"La AFIP pone en marcha la ampliaci\u00f3n de la moratoria\",\"datePublished\":\"2020-09-16T13:26:09+00:00\",\"dateModified\":\"2020-09-16T13:26:53+00:00\",\"mainEntityOfPage\":{\"@id\":\"https:\/\/experienciadevida.com.ar\/portalurbano\/la-afip-pone-en-marcha-la-ampliacion-de-la-moratoria\/\"},\"wordCount\":458,\"publisher\":{\"@id\":\"https:\/\/experienciadevida.com.ar\/portalurbano\/#organization\"},\"articleSection\":[\"Naci\u00f3n\"],\"inLanguage\":\"es\"},{\"@type\":\"WebPage\",\"@id\":\"https:\/\/experienciadevida.com.ar\/portalurbano\/la-afip-pone-en-marcha-la-ampliacion-de-la-moratoria\/\",\"url\":\"https:\/\/experienciadevida.com.ar\/portalurbano\/la-afip-pone-en-marcha-la-ampliacion-de-la-moratoria\/\",\"name\":\"La AFIP pone en marcha la ampliaci\u00f3n de la moratoria -\",\"isPartOf\":{\"@id\":\"https:\/\/experienciadevida.com.ar\/portalurbano\/#website\"},\"datePublished\":\"2020-09-16T13:26:09+00:00\",\"dateModified\":\"2020-09-16T13:26:53+00:00\",\"description\":\"Los contribuyentes tendr\u00e1n tiempo hasta el 31 de octubre para registrarse en afip.gob.ar\u00a0 y poner en marcha la ampliaci\u00f3n de la\u00a0moratoria.\",\"breadcrumb\":{\"@id\":\"https:\/\/experienciadevida.com.ar\/portalurbano\/la-afip-pone-en-marcha-la-ampliacion-de-la-moratoria\/#breadcrumb\"},\"inLanguage\":\"es\",\"potentialAction\":[{\"@type\":\"ReadAction\",\"target\":[\"https:\/\/experienciadevida.com.ar\/portalurbano\/la-afip-pone-en-marcha-la-ampliacion-de-la-moratoria\/\"]}]},{\"@type\":\"BreadcrumbList\",\"@id\":\"https:\/\/experienciadevida.com.ar\/portalurbano\/la-afip-pone-en-marcha-la-ampliacion-de-la-moratoria\/#breadcrumb\",\"itemListElement\":[{\"@type\":\"ListItem\",\"position\":1,\"name\":\"Portada\",\"item\":\"https:\/\/experienciadevida.com.ar\/portalurbano\/\"},{\"@type\":\"ListItem\",\"position\":2,\"name\":\"La AFIP pone en marcha la ampliaci\u00f3n de la moratoria\"}]},{\"@type\":\"WebSite\",\"@id\":\"https:\/\/experienciadevida.com.ar\/portalurbano\/#website\",\"url\":\"https:\/\/experienciadevida.com.ar\/portalurbano\/\",\"name\":\"\",\"description\":\"\",\"publisher\":{\"@id\":\"https:\/\/experienciadevida.com.ar\/portalurbano\/#organization\"},\"potentialAction\":[{\"@type\":\"SearchAction\",\"target\":{\"@type\":\"EntryPoint\",\"urlTemplate\":\"https:\/\/experienciadevida.com.ar\/portalurbano\/?s={search_term_string}\"},\"query-input\":\"required name=search_term_string\"}],\"inLanguage\":\"es\"},{\"@type\":\"Organization\",\"@id\":\"https:\/\/experienciadevida.com.ar\/portalurbano\/#organization\",\"name\":\"Portal Urbano\",\"url\":\"https:\/\/experienciadevida.com.ar\/portalurbano\/\",\"logo\":{\"@type\":\"ImageObject\",\"inLanguage\":\"es\",\"@id\":\"https:\/\/experienciadevida.com.ar\/portalurbano\/#\/schema\/logo\/image\/\",\"url\":\"https:\/\/experienciadevida.com.ar\/portalurbano\/wp-content\/uploads\/2019\/09\/Logo-Original.png\",\"contentUrl\":\"https:\/\/experienciadevida.com.ar\/portalurbano\/wp-content\/uploads\/2019\/09\/Logo-Original.png\",\"width\":2236,\"height\":1216,\"caption\":\"Portal Urbano\"},\"image\":{\"@id\":\"https:\/\/experienciadevida.com.ar\/portalurbano\/#\/schema\/logo\/image\/\"},\"sameAs\":[\"https:\/\/www.facebook.com\/Portal-Urbano-171542830093757\/\",\"https:\/\/twitter.com\/portalurbanook\",\"https:\/\/www.instagram.com\/_portalurbano\/\",\"https:\/\/www.youtube.com\/channel\/UCXhagIfszH8KxFiOok79zbA?view_as=subscriber\"]},{\"@type\":\"Person\",\"@id\":\"https:\/\/experienciadevida.com.ar\/portalurbano\/#\/schema\/person\/02dd326b1c4b056e9cc972486934a3a7\",\"name\":\"admpu17wp\",\"image\":{\"@type\":\"ImageObject\",\"inLanguage\":\"es\",\"@id\":\"https:\/\/experienciadevida.com.ar\/portalurbano\/#\/schema\/person\/image\/\",\"url\":\"https:\/\/secure.gravatar.com\/avatar\/830d4c57adaae6630765e449a6908047?s=96&d=mm&r=g\",\"contentUrl\":\"https:\/\/secure.gravatar.com\/avatar\/830d4c57adaae6630765e449a6908047?s=96&d=mm&r=g\",\"caption\":\"admpu17wp\"}}]}<\/script>\n<!-- \/ Yoast SEO plugin. -->","yoast_head_json":{"title":"La AFIP pone en marcha la ampliaci\u00f3n de la moratoria -","description":"Los contribuyentes tendr\u00e1n tiempo hasta el 31 de octubre para registrarse en afip.gob.ar\u00a0 y poner en marcha la ampliaci\u00f3n de la\u00a0moratoria.","robots":{"index":"index","follow":"follow","max-snippet":"max-snippet:-1","max-image-preview":"max-image-preview:large","max-video-preview":"max-video-preview:-1"},"canonical":"https:\/\/experienciadevida.com.ar\/portalurbano\/la-afip-pone-en-marcha-la-ampliacion-de-la-moratoria\/","og_locale":"es_ES","og_type":"article","og_title":"La AFIP pone en marcha la ampliaci\u00f3n de la moratoria -","og_description":"Los contribuyentes tendr\u00e1n tiempo hasta el 31 de octubre para registrarse en afip.gob.ar\u00a0 y poner en marcha la ampliaci\u00f3n de la\u00a0moratoria.","og_url":"https:\/\/experienciadevida.com.ar\/portalurbano\/la-afip-pone-en-marcha-la-ampliacion-de-la-moratoria\/","article_publisher":"https:\/\/www.facebook.com\/Portal-Urbano-171542830093757\/","article_published_time":"2020-09-16T13:26:09+00:00","article_modified_time":"2020-09-16T13:26:53+00:00","og_image":[{"width":680,"height":410,"url":"https:\/\/experienciadevida.com.ar\/portalurbano\/wp-content\/uploads\/2020\/05\/AFIP.jpg","type":"image\/jpeg"}],"author":"admpu17wp","twitter_card":"summary_large_image","twitter_creator":"@portalurbanook","twitter_site":"@portalurbanook","twitter_misc":{"Escrito por":"admpu17wp","Tiempo de lectura":"2 minutos"},"schema":{"@context":"https:\/\/schema.org","@graph":[{"@type":"Article","@id":"https:\/\/experienciadevida.com.ar\/portalurbano\/la-afip-pone-en-marcha-la-ampliacion-de-la-moratoria\/#article","isPartOf":{"@id":"https:\/\/experienciadevida.com.ar\/portalurbano\/la-afip-pone-en-marcha-la-ampliacion-de-la-moratoria\/"},"author":{"name":"admpu17wp","@id":"https:\/\/experienciadevida.com.ar\/portalurbano\/#\/schema\/person\/02dd326b1c4b056e9cc972486934a3a7"},"headline":"La AFIP pone en marcha la ampliaci\u00f3n de la moratoria","datePublished":"2020-09-16T13:26:09+00:00","dateModified":"2020-09-16T13:26:53+00:00","mainEntityOfPage":{"@id":"https:\/\/experienciadevida.com.ar\/portalurbano\/la-afip-pone-en-marcha-la-ampliacion-de-la-moratoria\/"},"wordCount":458,"publisher":{"@id":"https:\/\/experienciadevida.com.ar\/portalurbano\/#organization"},"articleSection":["Naci\u00f3n"],"inLanguage":"es"},{"@type":"WebPage","@id":"https:\/\/experienciadevida.com.ar\/portalurbano\/la-afip-pone-en-marcha-la-ampliacion-de-la-moratoria\/","url":"https:\/\/experienciadevida.com.ar\/portalurbano\/la-afip-pone-en-marcha-la-ampliacion-de-la-moratoria\/","name":"La AFIP pone en marcha la ampliaci\u00f3n de la moratoria -","isPartOf":{"@id":"https:\/\/experienciadevida.com.ar\/portalurbano\/#website"},"datePublished":"2020-09-16T13:26:09+00:00","dateModified":"2020-09-16T13:26:53+00:00","description":"Los contribuyentes tendr\u00e1n tiempo hasta el 31 de octubre para registrarse en afip.gob.ar\u00a0 y poner en marcha la ampliaci\u00f3n de la\u00a0moratoria.","breadcrumb":{"@id":"https:\/\/experienciadevida.com.ar\/portalurbano\/la-afip-pone-en-marcha-la-ampliacion-de-la-moratoria\/#breadcrumb"},"inLanguage":"es","potentialAction":[{"@type":"ReadAction","target":["https:\/\/experienciadevida.com.ar\/portalurbano\/la-afip-pone-en-marcha-la-ampliacion-de-la-moratoria\/"]}]},{"@type":"BreadcrumbList","@id":"https:\/\/experienciadevida.com.ar\/portalurbano\/la-afip-pone-en-marcha-la-ampliacion-de-la-moratoria\/#breadcrumb","itemListElement":[{"@type":"ListItem","position":1,"name":"Portada","item":"https:\/\/experienciadevida.com.ar\/portalurbano\/"},{"@type":"ListItem","position":2,"name":"La AFIP pone en marcha la ampliaci\u00f3n de la moratoria"}]},{"@type":"WebSite","@id":"https:\/\/experienciadevida.com.ar\/portalurbano\/#website","url":"https:\/\/experienciadevida.com.ar\/portalurbano\/","name":"","description":"","publisher":{"@id":"https:\/\/experienciadevida.com.ar\/portalurbano\/#organization"},"potentialAction":[{"@type":"SearchAction","target":{"@type":"EntryPoint","urlTemplate":"https:\/\/experienciadevida.com.ar\/portalurbano\/?s={search_term_string}"},"query-input":"required name=search_term_string"}],"inLanguage":"es"},{"@type":"Organization","@id":"https:\/\/experienciadevida.com.ar\/portalurbano\/#organization","name":"Portal Urbano","url":"https:\/\/experienciadevida.com.ar\/portalurbano\/","logo":{"@type":"ImageObject","inLanguage":"es","@id":"https:\/\/experienciadevida.com.ar\/portalurbano\/#\/schema\/logo\/image\/","url":"https:\/\/experienciadevida.com.ar\/portalurbano\/wp-content\/uploads\/2019\/09\/Logo-Original.png","contentUrl":"https:\/\/experienciadevida.com.ar\/portalurbano\/wp-content\/uploads\/2019\/09\/Logo-Original.png","width":2236,"height":1216,"caption":"Portal Urbano"},"image":{"@id":"https:\/\/experienciadevida.com.ar\/portalurbano\/#\/schema\/logo\/image\/"},"sameAs":["https:\/\/www.facebook.com\/Portal-Urbano-171542830093757\/","https:\/\/twitter.com\/portalurbanook","https:\/\/www.instagram.com\/_portalurbano\/","https:\/\/www.youtube.com\/channel\/UCXhagIfszH8KxFiOok79zbA?view_as=subscriber"]},{"@type":"Person","@id":"https:\/\/experienciadevida.com.ar\/portalurbano\/#\/schema\/person\/02dd326b1c4b056e9cc972486934a3a7","name":"admpu17wp","image":{"@type":"ImageObject","inLanguage":"es","@id":"https:\/\/experienciadevida.com.ar\/portalurbano\/#\/schema\/person\/image\/","url":"https:\/\/secure.gravatar.com\/avatar\/830d4c57adaae6630765e449a6908047?s=96&d=mm&r=g","contentUrl":"https:\/\/secure.gravatar.com\/avatar\/830d4c57adaae6630765e449a6908047?s=96&d=mm&r=g","caption":"admpu17wp"}}]}},"featured_image_urls":{"full":["https:\/\/experienciadevida.com.ar\/portalurbano\/wp-content\/uploads\/2020\/05\/AFIP.jpg",680,410,false],"thumbnail":["https:\/\/experienciadevida.com.ar\/portalurbano\/wp-content\/uploads\/2020\/05\/AFIP-150x150.jpg",150,150,true],"medium":["https:\/\/experienciadevida.com.ar\/portalurbano\/wp-content\/uploads\/2020\/05\/AFIP-300x181.jpg",300,181,true],"medium_large":["https:\/\/experienciadevida.com.ar\/portalurbano\/wp-content\/uploads\/2020\/05\/AFIP.jpg",640,386,false],"large":["https:\/\/experienciadevida.com.ar\/portalurbano\/wp-content\/uploads\/2020\/05\/AFIP.jpg",640,386,false],"ug_big":["https:\/\/experienciadevida.com.ar\/portalurbano\/wp-content\/uploads\/2020\/05\/AFIP.jpg",680,410,false],"1536x1536":["https:\/\/experienciadevida.com.ar\/portalurbano\/wp-content\/uploads\/2020\/05\/AFIP.jpg",680,410,false],"2048x2048":["https:\/\/experienciadevida.com.ar\/portalurbano\/wp-content\/uploads\/2020\/05\/AFIP.jpg",680,410,false],"newsever-slider-full":["https:\/\/experienciadevida.com.ar\/portalurbano\/wp-content\/uploads\/2020\/05\/AFIP.jpg",680,410,false],"newsever-featured":["https:\/\/experienciadevida.com.ar\/portalurbano\/wp-content\/uploads\/2020\/05\/AFIP.jpg",680,410,false],"newsever-medium":["https:\/\/experienciadevida.com.ar\/portalurbano\/wp-content\/uploads\/2020\/05\/AFIP.jpg",680,410,false],"web-stories-poster-portrait":["https:\/\/experienciadevida.com.ar\/portalurbano\/wp-content\/uploads\/2020\/05\/AFIP.jpg",640,386,false],"web-stories-publisher-logo":["https:\/\/experienciadevida.com.ar\/portalurbano\/wp-content\/uploads\/2020\/05\/AFIP.jpg",96,58,false],"web-stories-thumbnail":["https:\/\/experienciadevida.com.ar\/portalurbano\/wp-content\/uploads\/2020\/05\/AFIP.jpg",150,90,false]},"author_info":{"display_name":"admpu17wp","author_link":"https:\/\/experienciadevida.com.ar\/portalurbano\/author\/admpu17wp\/"},"category_info":"<a href=\"https:\/\/experienciadevida.com.ar\/portalurbano\/category\/nacion\/\" rel=\"category tag\">Naci\u00f3n<\/a>","tag_info":"Naci\u00f3n","comment_count":"0","amp_enabled":true,"_links":{"self":[{"href":"https:\/\/experienciadevida.com.ar\/portalurbano\/wp-json\/wp\/v2\/posts\/121452"}],"collection":[{"href":"https:\/\/experienciadevida.com.ar\/portalurbano\/wp-json\/wp\/v2\/posts"}],"about":[{"href":"https:\/\/experienciadevida.com.ar\/portalurbano\/wp-json\/wp\/v2\/types\/post"}],"author":[{"embeddable":true,"href":"https:\/\/experienciadevida.com.ar\/portalurbano\/wp-json\/wp\/v2\/users\/1"}],"replies":[{"embeddable":true,"href":"https:\/\/experienciadevida.com.ar\/portalurbano\/wp-json\/wp\/v2\/comments?post=121452"}],"version-history":[{"count":1,"href":"https:\/\/experienciadevida.com.ar\/portalurbano\/wp-json\/wp\/v2\/posts\/121452\/revisions"}],"predecessor-version":[{"id":121453,"href":"https:\/\/experienciadevida.com.ar\/portalurbano\/wp-json\/wp\/v2\/posts\/121452\/revisions\/121453"}],"wp:featuredmedia":[{"embeddable":true,"href":"https:\/\/experienciadevida.com.ar\/portalurbano\/wp-json\/wp\/v2\/media\/110525"}],"wp:attachment":[{"href":"https:\/\/experienciadevida.com.ar\/portalurbano\/wp-json\/wp\/v2\/media?parent=121452"}],"wp:term":[{"taxonomy":"category","embeddable":true,"href":"https:\/\/experienciadevida.com.ar\/portalurbano\/wp-json\/wp\/v2\/categories?post=121452"},{"taxonomy":"post_tag","embeddable":true,"href":"https:\/\/experienciadevida.com.ar\/portalurbano\/wp-json\/wp\/v2\/tags?post=121452"}],"curies":[{"name":"wp","href":"https:\/\/api.w.org\/{rel}","templated":true}]}}