{"id":121370,"date":"2020-09-15T11:45:58","date_gmt":"2020-09-15T14:45:58","guid":{"rendered":"https:\/\/experienciadevida.com.ar\/portalurbano\/?p=121370"},"modified":"2020-09-15T11:46:29","modified_gmt":"2020-09-15T14:46:29","slug":"galli-solicito-la-recategorizacion-de-olavarria-como-zona-fria-ante-el-enargas","status":"publish","type":"post","link":"https:\/\/experienciadevida.com.ar\/portalurbano\/galli-solicito-la-recategorizacion-de-olavarria-como-zona-fria-ante-el-enargas\/","title":{"rendered":"Galli solicit\u00f3 la recategorizaci\u00f3n de Olavarr\u00eda como zona fr\u00eda ante el Enargas"},"content":{"rendered":"<p>El intendente municipal Ezequiel Galli realiz\u00f3 una presentaci\u00f3n el pasado mi\u00e9rcoles 9 de septiembre ante el Ente Nacional Regulador del Gas (<a href=\"https:\/\/www.enargas.gob.ar\/\">Enargas<\/a>) para que se realice una nueva <a href=\"https:\/\/experienciadevida.com.ar\/portalurbano\/recategorizacion-de-olavarria-como-zona-fria-se-aprobo-por-unanimidad-el-pedido\/\">categorizaci\u00f3n tarifaria de Olavarr\u00eda como\u00a0<strong>zona fr\u00eda<\/strong>,\u00a0 para todos los habitantes del Partido.\u00a0<\/a><\/p>\n<p>En 2017, por gestiones del Gobierno Municipal, la ciudad, a trav\u00e9s de la Resoluci\u00f3n 4343\/2017 del Enargas, Olavarr\u00eda fue incorporada a la \u201cSubzona Buenos Aires\u201d ampli\u00e1ndose los umbrales de consumo.<\/p>\n<p>Pero desde la Direcci\u00f3n de Defensa al Consumidor explicaron que la misma no refleja la realidad climatol\u00f3gica de Olavarr\u00eda en virtud de crear una zona de gran extensi\u00f3n con disimilitudes en cuanto a las caracter\u00edsticas propias de cada regi\u00f3n, asimil\u00e1ndonos a zonas que tienen temperaturas m\u00ednimas medias superiores a las de Olavarria.<\/p>\n<p>En este sentido, la presentaci\u00f3n indica que \u201ca modo de ejemplo, y para comparar la dureza del clima respecto a ciudades subsidiadas, tomamos la ciudad de Viedma, advirtiendo que en dicha localidad se est\u00e1 otorgando beneficios, con temperaturas m\u00ednimas promedio de 12\u00b0 C, o sea que estamos en igual situaci\u00f3n y con una tarifa muy superior.<\/p>\n<p>De los datos aportados se desprende que los usuarios de Olavarr\u00eda estamos en igualdad de condiciones climatol\u00f3gicas con la zona patag\u00f3nica, siendo una <strong>zona fr\u00eda<\/strong>, sometidos a las mismas temperaturas m\u00ednimas promedio y a padecer los mismos riesgos en la salud.<\/p>\n<p>A fin de ilustrar la desigualdad denunciada tomamos la tarifa por metro c\u00fabico de gas consumido, mientras que en la localidad de Carmen de Patagones se abona una tarifa en categor\u00eda Residencial 3.3 (con umbrales de consumo entre 4101 \u2013 4900) de $ 3.81 metro c\u00fabico, mientras que en Olavarr\u00eda un usuario Residencial 3.3 (con umbrales de consumo 1800\u20132200) se abona la suma de $ 10.39 el metro c\u00fabico, tal como se desprende de las tarifas vigentes publicadas por Camuzzi Gas Pampeana\u201d.<\/p>\n<p>Foto: archivo<\/p>\n","protected":false},"excerpt":{"rendered":"<p>El intendente municipal Ezequiel Galli realiz\u00f3 una presentaci\u00f3n el pasado mi\u00e9rcoles 9 de septiembre ante&#8230;<\/p>\n","protected":false},"author":1,"featured_media":121371,"comment_status":"closed","ping_status":"closed","sticky":false,"template":"","format":"standard","meta":{"content-type":""},"categories":[27,51],"tags":[],"nelio_content":{"isAutoShareEnabled":false,"autoShareEndMode":"default","automationSources":{"useContentSentences":true,"useSocialTemplates":true,"useCustomSentences":false,"customSentences":[]},"followers":[1],"suggestedReferences":[],"includedReferences":["https:\/\/www.enargas.gob.ar\/"],"efiUrl":"","efiAlt":"","highlights":[]},"yoast_head":"<!-- This site is optimized with the Yoast SEO plugin v20.7 - https:\/\/yoast.com\/wordpress\/plugins\/seo\/ -->\n<title>Galli solicit\u00f3 la recategorizaci\u00f3n de Olavarr\u00eda como zona fr\u00eda<\/title>\n<meta name=\"description\" content=\"El Intendente solicit\u00f3 la recategorizaci\u00f3n de Olavarr\u00eda, como zona fr\u00eda, ante el Enargas, para todos los habitantes del Partido.\" \/>\n<meta name=\"robots\" content=\"index, follow, max-snippet:-1, max-image-preview:large, max-video-preview:-1\" \/>\n<link rel=\"canonical\" href=\"https:\/\/experienciadevida.com.ar\/portalurbano\/galli-solicito-la-recategorizacion-de-olavarria-como-zona-fria-ante-el-enargas\/\" \/>\n<meta property=\"og:locale\" content=\"es_ES\" \/>\n<meta property=\"og:type\" content=\"article\" \/>\n<meta property=\"og:title\" content=\"Galli solicit\u00f3 la recategorizaci\u00f3n de Olavarr\u00eda como zona fr\u00eda\" \/>\n<meta property=\"og:description\" content=\"El Intendente solicit\u00f3 la recategorizaci\u00f3n de Olavarr\u00eda, como zona fr\u00eda, ante el Enargas, para todos los habitantes del Partido.\" \/>\n<meta property=\"og:url\" content=\"https:\/\/experienciadevida.com.ar\/portalurbano\/galli-solicito-la-recategorizacion-de-olavarria-como-zona-fria-ante-el-enargas\/\" \/>\n<meta property=\"article:publisher\" content=\"https:\/\/www.facebook.com\/Portal-Urbano-171542830093757\/\" \/>\n<meta property=\"article:published_time\" content=\"2020-09-15T14:45:58+00:00\" \/>\n<meta property=\"article:modified_time\" content=\"2020-09-15T14:46:29+00:00\" \/>\n<meta property=\"og:image\" content=\"https:\/\/experienciadevida.com.ar\/portalurbano\/wp-content\/uploads\/2020\/09\/Zona-fria.jpg\" \/>\n\t<meta property=\"og:image:width\" content=\"1024\" \/>\n\t<meta property=\"og:image:height\" content=\"683\" \/>\n\t<meta property=\"og:image:type\" content=\"image\/jpeg\" \/>\n<meta name=\"author\" content=\"admpu17wp\" \/>\n<meta name=\"twitter:card\" content=\"summary_large_image\" \/>\n<meta name=\"twitter:creator\" content=\"@portalurbanook\" \/>\n<meta name=\"twitter:site\" content=\"@portalurbanook\" \/>\n<meta name=\"twitter:label1\" content=\"Escrito por\" \/>\n\t<meta name=\"twitter:data1\" content=\"admpu17wp\" \/>\n\t<meta name=\"twitter:label2\" content=\"Tiempo de lectura\" \/>\n\t<meta name=\"twitter:data2\" content=\"2 minutos\" \/>\n<script type=\"application\/ld+json\" class=\"yoast-schema-graph\">{\"@context\":\"https:\/\/schema.org\",\"@graph\":[{\"@type\":\"Article\",\"@id\":\"https:\/\/experienciadevida.com.ar\/portalurbano\/galli-solicito-la-recategorizacion-de-olavarria-como-zona-fria-ante-el-enargas\/#article\",\"isPartOf\":{\"@id\":\"https:\/\/experienciadevida.com.ar\/portalurbano\/galli-solicito-la-recategorizacion-de-olavarria-como-zona-fria-ante-el-enargas\/\"},\"author\":{\"name\":\"admpu17wp\",\"@id\":\"https:\/\/experienciadevida.com.ar\/portalurbano\/#\/schema\/person\/02dd326b1c4b056e9cc972486934a3a7\"},\"headline\":\"Galli solicit\u00f3 la recategorizaci\u00f3n de Olavarr\u00eda como zona fr\u00eda ante el Enargas\",\"datePublished\":\"2020-09-15T14:45:58+00:00\",\"dateModified\":\"2020-09-15T14:46:29+00:00\",\"mainEntityOfPage\":{\"@id\":\"https:\/\/experienciadevida.com.ar\/portalurbano\/galli-solicito-la-recategorizacion-de-olavarria-como-zona-fria-ante-el-enargas\/\"},\"wordCount\":335,\"publisher\":{\"@id\":\"https:\/\/experienciadevida.com.ar\/portalurbano\/#organization\"},\"articleSection\":[\"Ciudad\",\"Destacadas\"],\"inLanguage\":\"es\"},{\"@type\":\"WebPage\",\"@id\":\"https:\/\/experienciadevida.com.ar\/portalurbano\/galli-solicito-la-recategorizacion-de-olavarria-como-zona-fria-ante-el-enargas\/\",\"url\":\"https:\/\/experienciadevida.com.ar\/portalurbano\/galli-solicito-la-recategorizacion-de-olavarria-como-zona-fria-ante-el-enargas\/\",\"name\":\"Galli solicit\u00f3 la recategorizaci\u00f3n de Olavarr\u00eda como zona fr\u00eda\",\"isPartOf\":{\"@id\":\"https:\/\/experienciadevida.com.ar\/portalurbano\/#website\"},\"datePublished\":\"2020-09-15T14:45:58+00:00\",\"dateModified\":\"2020-09-15T14:46:29+00:00\",\"description\":\"El Intendente solicit\u00f3 la recategorizaci\u00f3n de Olavarr\u00eda, como zona fr\u00eda, ante el Enargas, para todos los habitantes del Partido.\",\"breadcrumb\":{\"@id\":\"https:\/\/experienciadevida.com.ar\/portalurbano\/galli-solicito-la-recategorizacion-de-olavarria-como-zona-fria-ante-el-enargas\/#breadcrumb\"},\"inLanguage\":\"es\",\"potentialAction\":[{\"@type\":\"ReadAction\",\"target\":[\"https:\/\/experienciadevida.com.ar\/portalurbano\/galli-solicito-la-recategorizacion-de-olavarria-como-zona-fria-ante-el-enargas\/\"]}]},{\"@type\":\"BreadcrumbList\",\"@id\":\"https:\/\/experienciadevida.com.ar\/portalurbano\/galli-solicito-la-recategorizacion-de-olavarria-como-zona-fria-ante-el-enargas\/#breadcrumb\",\"itemListElement\":[{\"@type\":\"ListItem\",\"position\":1,\"name\":\"Portada\",\"item\":\"https:\/\/experienciadevida.com.ar\/portalurbano\/\"},{\"@type\":\"ListItem\",\"position\":2,\"name\":\"Galli solicit\u00f3 la recategorizaci\u00f3n de Olavarr\u00eda como zona fr\u00eda ante el Enargas\"}]},{\"@type\":\"WebSite\",\"@id\":\"https:\/\/experienciadevida.com.ar\/portalurbano\/#website\",\"url\":\"https:\/\/experienciadevida.com.ar\/portalurbano\/\",\"name\":\"\",\"description\":\"\",\"publisher\":{\"@id\":\"https:\/\/experienciadevida.com.ar\/portalurbano\/#organization\"},\"potentialAction\":[{\"@type\":\"SearchAction\",\"target\":{\"@type\":\"EntryPoint\",\"urlTemplate\":\"https:\/\/experienciadevida.com.ar\/portalurbano\/?s={search_term_string}\"},\"query-input\":\"required name=search_term_string\"}],\"inLanguage\":\"es\"},{\"@type\":\"Organization\",\"@id\":\"https:\/\/experienciadevida.com.ar\/portalurbano\/#organization\",\"name\":\"Portal Urbano\",\"url\":\"https:\/\/experienciadevida.com.ar\/portalurbano\/\",\"logo\":{\"@type\":\"ImageObject\",\"inLanguage\":\"es\",\"@id\":\"https:\/\/experienciadevida.com.ar\/portalurbano\/#\/schema\/logo\/image\/\",\"url\":\"https:\/\/experienciadevida.com.ar\/portalurbano\/wp-content\/uploads\/2019\/09\/Logo-Original.png\",\"contentUrl\":\"https:\/\/experienciadevida.com.ar\/portalurbano\/wp-content\/uploads\/2019\/09\/Logo-Original.png\",\"width\":2236,\"height\":1216,\"caption\":\"Portal Urbano\"},\"image\":{\"@id\":\"https:\/\/experienciadevida.com.ar\/portalurbano\/#\/schema\/logo\/image\/\"},\"sameAs\":[\"https:\/\/www.facebook.com\/Portal-Urbano-171542830093757\/\",\"https:\/\/twitter.com\/portalurbanook\",\"https:\/\/www.instagram.com\/_portalurbano\/\",\"https:\/\/www.youtube.com\/channel\/UCXhagIfszH8KxFiOok79zbA?view_as=subscriber\"]},{\"@type\":\"Person\",\"@id\":\"https:\/\/experienciadevida.com.ar\/portalurbano\/#\/schema\/person\/02dd326b1c4b056e9cc972486934a3a7\",\"name\":\"admpu17wp\",\"image\":{\"@type\":\"ImageObject\",\"inLanguage\":\"es\",\"@id\":\"https:\/\/experienciadevida.com.ar\/portalurbano\/#\/schema\/person\/image\/\",\"url\":\"https:\/\/secure.gravatar.com\/avatar\/830d4c57adaae6630765e449a6908047?s=96&d=mm&r=g\",\"contentUrl\":\"https:\/\/secure.gravatar.com\/avatar\/830d4c57adaae6630765e449a6908047?s=96&d=mm&r=g\",\"caption\":\"admpu17wp\"}}]}<\/script>\n<!-- \/ Yoast SEO plugin. -->","yoast_head_json":{"title":"Galli solicit\u00f3 la recategorizaci\u00f3n de Olavarr\u00eda como zona fr\u00eda","description":"El Intendente solicit\u00f3 la recategorizaci\u00f3n de Olavarr\u00eda, como zona fr\u00eda, ante el Enargas, para todos los habitantes del Partido.","robots":{"index":"index","follow":"follow","max-snippet":"max-snippet:-1","max-image-preview":"max-image-preview:large","max-video-preview":"max-video-preview:-1"},"canonical":"https:\/\/experienciadevida.com.ar\/portalurbano\/galli-solicito-la-recategorizacion-de-olavarria-como-zona-fria-ante-el-enargas\/","og_locale":"es_ES","og_type":"article","og_title":"Galli solicit\u00f3 la recategorizaci\u00f3n de Olavarr\u00eda como zona fr\u00eda","og_description":"El Intendente solicit\u00f3 la recategorizaci\u00f3n de Olavarr\u00eda, como zona fr\u00eda, ante el Enargas, para todos los habitantes del Partido.","og_url":"https:\/\/experienciadevida.com.ar\/portalurbano\/galli-solicito-la-recategorizacion-de-olavarria-como-zona-fria-ante-el-enargas\/","article_publisher":"https:\/\/www.facebook.com\/Portal-Urbano-171542830093757\/","article_published_time":"2020-09-15T14:45:58+00:00","article_modified_time":"2020-09-15T14:46:29+00:00","og_image":[{"width":1024,"height":683,"url":"https:\/\/experienciadevida.com.ar\/portalurbano\/wp-content\/uploads\/2020\/09\/Zona-fria.jpg","type":"image\/jpeg"}],"author":"admpu17wp","twitter_card":"summary_large_image","twitter_creator":"@portalurbanook","twitter_site":"@portalurbanook","twitter_misc":{"Escrito por":"admpu17wp","Tiempo de lectura":"2 minutos"},"schema":{"@context":"https:\/\/schema.org","@graph":[{"@type":"Article","@id":"https:\/\/experienciadevida.com.ar\/portalurbano\/galli-solicito-la-recategorizacion-de-olavarria-como-zona-fria-ante-el-enargas\/#article","isPartOf":{"@id":"https:\/\/experienciadevida.com.ar\/portalurbano\/galli-solicito-la-recategorizacion-de-olavarria-como-zona-fria-ante-el-enargas\/"},"author":{"name":"admpu17wp","@id":"https:\/\/experienciadevida.com.ar\/portalurbano\/#\/schema\/person\/02dd326b1c4b056e9cc972486934a3a7"},"headline":"Galli solicit\u00f3 la recategorizaci\u00f3n de Olavarr\u00eda como zona fr\u00eda ante el Enargas","datePublished":"2020-09-15T14:45:58+00:00","dateModified":"2020-09-15T14:46:29+00:00","mainEntityOfPage":{"@id":"https:\/\/experienciadevida.com.ar\/portalurbano\/galli-solicito-la-recategorizacion-de-olavarria-como-zona-fria-ante-el-enargas\/"},"wordCount":335,"publisher":{"@id":"https:\/\/experienciadevida.com.ar\/portalurbano\/#organization"},"articleSection":["Ciudad","Destacadas"],"inLanguage":"es"},{"@type":"WebPage","@id":"https:\/\/experienciadevida.com.ar\/portalurbano\/galli-solicito-la-recategorizacion-de-olavarria-como-zona-fria-ante-el-enargas\/","url":"https:\/\/experienciadevida.com.ar\/portalurbano\/galli-solicito-la-recategorizacion-de-olavarria-como-zona-fria-ante-el-enargas\/","name":"Galli solicit\u00f3 la recategorizaci\u00f3n de Olavarr\u00eda como zona fr\u00eda","isPartOf":{"@id":"https:\/\/experienciadevida.com.ar\/portalurbano\/#website"},"datePublished":"2020-09-15T14:45:58+00:00","dateModified":"2020-09-15T14:46:29+00:00","description":"El Intendente solicit\u00f3 la recategorizaci\u00f3n de Olavarr\u00eda, como zona fr\u00eda, ante el Enargas, para todos los habitantes del Partido.","breadcrumb":{"@id":"https:\/\/experienciadevida.com.ar\/portalurbano\/galli-solicito-la-recategorizacion-de-olavarria-como-zona-fria-ante-el-enargas\/#breadcrumb"},"inLanguage":"es","potentialAction":[{"@type":"ReadAction","target":["https:\/\/experienciadevida.com.ar\/portalurbano\/galli-solicito-la-recategorizacion-de-olavarria-como-zona-fria-ante-el-enargas\/"]}]},{"@type":"BreadcrumbList","@id":"https:\/\/experienciadevida.com.ar\/portalurbano\/galli-solicito-la-recategorizacion-de-olavarria-como-zona-fria-ante-el-enargas\/#breadcrumb","itemListElement":[{"@type":"ListItem","position":1,"name":"Portada","item":"https:\/\/experienciadevida.com.ar\/portalurbano\/"},{"@type":"ListItem","position":2,"name":"Galli solicit\u00f3 la recategorizaci\u00f3n de Olavarr\u00eda como zona fr\u00eda ante el Enargas"}]},{"@type":"WebSite","@id":"https:\/\/experienciadevida.com.ar\/portalurbano\/#website","url":"https:\/\/experienciadevida.com.ar\/portalurbano\/","name":"","description":"","publisher":{"@id":"https:\/\/experienciadevida.com.ar\/portalurbano\/#organization"},"potentialAction":[{"@type":"SearchAction","target":{"@type":"EntryPoint","urlTemplate":"https:\/\/experienciadevida.com.ar\/portalurbano\/?s={search_term_string}"},"query-input":"required name=search_term_string"}],"inLanguage":"es"},{"@type":"Organization","@id":"https:\/\/experienciadevida.com.ar\/portalurbano\/#organization","name":"Portal Urbano","url":"https:\/\/experienciadevida.com.ar\/portalurbano\/","logo":{"@type":"ImageObject","inLanguage":"es","@id":"https:\/\/experienciadevida.com.ar\/portalurbano\/#\/schema\/logo\/image\/","url":"https:\/\/experienciadevida.com.ar\/portalurbano\/wp-content\/uploads\/2019\/09\/Logo-Original.png","contentUrl":"https:\/\/experienciadevida.com.ar\/portalurbano\/wp-content\/uploads\/2019\/09\/Logo-Original.png","width":2236,"height":1216,"caption":"Portal Urbano"},"image":{"@id":"https:\/\/experienciadevida.com.ar\/portalurbano\/#\/schema\/logo\/image\/"},"sameAs":["https:\/\/www.facebook.com\/Portal-Urbano-171542830093757\/","https:\/\/twitter.com\/portalurbanook","https:\/\/www.instagram.com\/_portalurbano\/","https:\/\/www.youtube.com\/channel\/UCXhagIfszH8KxFiOok79zbA?view_as=subscriber"]},{"@type":"Person","@id":"https:\/\/experienciadevida.com.ar\/portalurbano\/#\/schema\/person\/02dd326b1c4b056e9cc972486934a3a7","name":"admpu17wp","image":{"@type":"ImageObject","inLanguage":"es","@id":"https:\/\/experienciadevida.com.ar\/portalurbano\/#\/schema\/person\/image\/","url":"https:\/\/secure.gravatar.com\/avatar\/830d4c57adaae6630765e449a6908047?s=96&d=mm&r=g","contentUrl":"https:\/\/secure.gravatar.com\/avatar\/830d4c57adaae6630765e449a6908047?s=96&d=mm&r=g","caption":"admpu17wp"}}]}},"featured_image_urls":{"full":["https:\/\/experienciadevida.com.ar\/portalurbano\/wp-content\/uploads\/2020\/09\/Zona-fria.jpg",1024,683,false],"thumbnail":["https:\/\/experienciadevida.com.ar\/portalurbano\/wp-content\/uploads\/2020\/09\/Zona-fria-150x150.jpg",150,150,true],"medium":["https:\/\/experienciadevida.com.ar\/portalurbano\/wp-content\/uploads\/2020\/09\/Zona-fria-300x200.jpg",300,200,true],"medium_large":["https:\/\/experienciadevida.com.ar\/portalurbano\/wp-content\/uploads\/2020\/09\/Zona-fria-768x512.jpg",640,427,true],"large":["https:\/\/experienciadevida.com.ar\/portalurbano\/wp-content\/uploads\/2020\/09\/Zona-fria.jpg",640,427,false],"ug_big":["https:\/\/experienciadevida.com.ar\/portalurbano\/wp-content\/uploads\/2020\/09\/Zona-fria-768x512.jpg",768,512,true],"1536x1536":["https:\/\/experienciadevida.com.ar\/portalurbano\/wp-content\/uploads\/2020\/09\/Zona-fria.jpg",1024,683,false],"2048x2048":["https:\/\/experienciadevida.com.ar\/portalurbano\/wp-content\/uploads\/2020\/09\/Zona-fria.jpg",1024,683,false],"newsever-slider-full":["https:\/\/experienciadevida.com.ar\/portalurbano\/wp-content\/uploads\/2020\/09\/Zona-fria.jpg",1024,683,false],"newsever-featured":["https:\/\/experienciadevida.com.ar\/portalurbano\/wp-content\/uploads\/2020\/09\/Zona-fria.jpg",1024,683,false],"newsever-medium":["https:\/\/experienciadevida.com.ar\/portalurbano\/wp-content\/uploads\/2020\/09\/Zona-fria.jpg",712,475,false],"web-stories-poster-portrait":["https:\/\/experienciadevida.com.ar\/portalurbano\/wp-content\/uploads\/2020\/09\/Zona-fria.jpg",640,427,false],"web-stories-publisher-logo":["https:\/\/experienciadevida.com.ar\/portalurbano\/wp-content\/uploads\/2020\/09\/Zona-fria.jpg",96,64,false],"web-stories-thumbnail":["https:\/\/experienciadevida.com.ar\/portalurbano\/wp-content\/uploads\/2020\/09\/Zona-fria.jpg",150,100,false]},"author_info":{"display_name":"admpu17wp","author_link":"https:\/\/experienciadevida.com.ar\/portalurbano\/author\/admpu17wp\/"},"category_info":"<a href=\"https:\/\/experienciadevida.com.ar\/portalurbano\/category\/ciudad\/\" rel=\"category tag\">Ciudad<\/a> <a href=\"https:\/\/experienciadevida.com.ar\/portalurbano\/category\/destacadas\/\" rel=\"category tag\">Destacadas<\/a>","tag_info":"Destacadas","comment_count":"0","amp_enabled":true,"_links":{"self":[{"href":"https:\/\/experienciadevida.com.ar\/portalurbano\/wp-json\/wp\/v2\/posts\/121370"}],"collection":[{"href":"https:\/\/experienciadevida.com.ar\/portalurbano\/wp-json\/wp\/v2\/posts"}],"about":[{"href":"https:\/\/experienciadevida.com.ar\/portalurbano\/wp-json\/wp\/v2\/types\/post"}],"author":[{"embeddable":true,"href":"https:\/\/experienciadevida.com.ar\/portalurbano\/wp-json\/wp\/v2\/users\/1"}],"replies":[{"embeddable":true,"href":"https:\/\/experienciadevida.com.ar\/portalurbano\/wp-json\/wp\/v2\/comments?post=121370"}],"version-history":[{"count":2,"href":"https:\/\/experienciadevida.com.ar\/portalurbano\/wp-json\/wp\/v2\/posts\/121370\/revisions"}],"predecessor-version":[{"id":121373,"href":"https:\/\/experienciadevida.com.ar\/portalurbano\/wp-json\/wp\/v2\/posts\/121370\/revisions\/121373"}],"wp:featuredmedia":[{"embeddable":true,"href":"https:\/\/experienciadevida.com.ar\/portalurbano\/wp-json\/wp\/v2\/media\/121371"}],"wp:attachment":[{"href":"https:\/\/experienciadevida.com.ar\/portalurbano\/wp-json\/wp\/v2\/media?parent=121370"}],"wp:term":[{"taxonomy":"category","embeddable":true,"href":"https:\/\/experienciadevida.com.ar\/portalurbano\/wp-json\/wp\/v2\/categories?post=121370"},{"taxonomy":"post_tag","embeddable":true,"href":"https:\/\/experienciadevida.com.ar\/portalurbano\/wp-json\/wp\/v2\/tags?post=121370"}],"curies":[{"name":"wp","href":"https:\/\/api.w.org\/{rel}","templated":true}]}}