{"id":121348,"date":"2020-09-14T21:12:15","date_gmt":"2020-09-15T00:12:15","guid":{"rendered":"https:\/\/experienciadevida.com.ar\/portalurbano\/?p=121348"},"modified":"2020-09-14T21:12:49","modified_gmt":"2020-09-15T00:12:49","slug":"coronavirus-en-argentina-se-confirmaron-255-nuevas-muertes-en-las-ultimas-24-horas","status":"publish","type":"post","link":"https:\/\/experienciadevida.com.ar\/portalurbano\/coronavirus-en-argentina-se-confirmaron-255-nuevas-muertes-en-las-ultimas-24-horas\/","title":{"rendered":"Coronavirus en Argentina: Se confirmaron 255 nuevas muertes en las \u00faltimas 24 horas"},"content":{"rendered":"<p>El 58% de los fallecimientos\u00a0 por <strong>coronavirus en Argentina<\/strong> correspondi\u00f3 a personas que resid\u00edan en la provincia de Buenos Aires, seg\u00fan el reporte del <a href=\"https:\/\/www.youtube.com\/user\/MsalNacion\">Ministerio de Salud<\/a>. En el reporte de esta ma\u00f1ana se <a href=\"https:\/\/experienciadevida.com.ar\/portalurbano\/coronavirus-en-el-pais-informan-otras-60-muertes\/\">informaron 60 muertes.<\/a><\/p>\n<p>El Ministerio de Salud report\u00f3 esta noche 9.909 nuevos casos de personas que contrajeron coronavirus, en tanto en las \u00faltimas 24 horas se registraron 255 nuevos fallecimientos.<\/p>\n<p>Con los nuevos casos de infectados, ya suman 564.446 casos positivos de <strong>Coronavirus en Argentina<\/strong> en el pa\u00eds desde el 3 de marzo.<\/p>\n<p>Por su parte, la cantidad de decesos desde el inicio de la pandemia en la Argentina alcanza a 11.667 personas.<\/p>\n<p>La cartera encabezada por Gin\u00e9s Gonz\u00e1lez Garc\u00eda report\u00f3 que de los 255 nuevos fallecimientos, 148 (el 58%) correspondieron a personas que resid\u00edan en la provincia de Buenos Aires.<\/p>\n<p>En orden decreciente, el resto de los distritos con nuevos casos de decesos se integr\u00f3 con la Ciudad de Buenos Aires, con 39 casos, Santa Fe 15, Santa Cruz 14, R\u00edo Negro 8, C\u00f3rdoba 7, Jujuy y Chubut 6 cada uno, Salta 5, Chaco, Santiago del Estero y Tierra del Fuego con 2 en cada caso y, con un fallecido, Mendoza.<\/p>\n<p>Los casos confirmados de interados por COVID-19 en terapia intensiva llega a 2.992, en tanto el porcentaje de ocupaci\u00f3n total de camas en UTI para adultos es del 59,6% en todo el pa\u00eds y del 68,4% en el \u00c1rea Metropolitana de Buenos Aires (AMBA).<\/p>\n","protected":false},"excerpt":{"rendered":"<p>El 58% de los fallecimientos\u00a0 por coronavirus en Argentina correspondi\u00f3 a personas que resid\u00edan en&#8230;<\/p>\n","protected":false},"author":1,"featured_media":121349,"comment_status":"closed","ping_status":"closed","sticky":false,"template":"","format":"standard","meta":{"content-type":""},"categories":[71,39],"tags":[],"nelio_content":{"isAutoShareEnabled":false,"autoShareEndMode":"default","automationSources":{"useContentSentences":true,"useSocialTemplates":true,"useCustomSentences":false,"customSentences":[]},"followers":[1],"suggestedReferences":[],"includedReferences":["https:\/\/www.youtube.com\/user\/MsalNacion"],"efiUrl":"","efiAlt":"","highlights":[]},"yoast_head":"<!-- This site is optimized with the Yoast SEO plugin v20.7 - https:\/\/yoast.com\/wordpress\/plugins\/seo\/ -->\n<title>Coronavirus en Argentna: Se confirmaron 255 nuevas muertes<\/title>\n<meta name=\"description\" content=\"El 58% de los fallecimientos por coronavirus en Argentina, correspondi\u00f3 a personas que resid\u00edan en la Provincia de Buenos Aires.\" \/>\n<meta name=\"robots\" content=\"index, follow, max-snippet:-1, max-image-preview:large, max-video-preview:-1\" \/>\n<link rel=\"canonical\" href=\"https:\/\/experienciadevida.com.ar\/portalurbano\/coronavirus-en-argentina-se-confirmaron-255-nuevas-muertes-en-las-ultimas-24-horas\/\" \/>\n<meta property=\"og:locale\" content=\"es_ES\" \/>\n<meta property=\"og:type\" content=\"article\" \/>\n<meta property=\"og:title\" content=\"Coronavirus en Argentna: Se confirmaron 255 nuevas muertes\" \/>\n<meta property=\"og:description\" content=\"El 58% de los fallecimientos por coronavirus en Argentina, correspondi\u00f3 a personas que resid\u00edan en la Provincia de Buenos Aires.\" \/>\n<meta property=\"og:url\" content=\"https:\/\/experienciadevida.com.ar\/portalurbano\/coronavirus-en-argentina-se-confirmaron-255-nuevas-muertes-en-las-ultimas-24-horas\/\" \/>\n<meta property=\"article:publisher\" content=\"https:\/\/www.facebook.com\/Portal-Urbano-171542830093757\/\" \/>\n<meta property=\"article:published_time\" content=\"2020-09-15T00:12:15+00:00\" \/>\n<meta property=\"article:modified_time\" content=\"2020-09-15T00:12:49+00:00\" \/>\n<meta property=\"og:image\" content=\"https:\/\/experienciadevida.com.ar\/portalurbano\/wp-content\/uploads\/2020\/09\/Coronavirus-en-Argentina.jpg\" \/>\n\t<meta property=\"og:image:width\" content=\"1140\" \/>\n\t<meta property=\"og:image:height\" content=\"757\" \/>\n\t<meta property=\"og:image:type\" content=\"image\/jpeg\" \/>\n<meta name=\"author\" content=\"admpu17wp\" \/>\n<meta name=\"twitter:card\" content=\"summary_large_image\" \/>\n<meta name=\"twitter:creator\" content=\"@portalurbanook\" \/>\n<meta name=\"twitter:site\" content=\"@portalurbanook\" \/>\n<meta name=\"twitter:label1\" content=\"Escrito por\" \/>\n\t<meta name=\"twitter:data1\" content=\"admpu17wp\" \/>\n\t<meta name=\"twitter:label2\" content=\"Tiempo de lectura\" \/>\n\t<meta name=\"twitter:data2\" content=\"1 minuto\" \/>\n<script type=\"application\/ld+json\" class=\"yoast-schema-graph\">{\"@context\":\"https:\/\/schema.org\",\"@graph\":[{\"@type\":\"Article\",\"@id\":\"https:\/\/experienciadevida.com.ar\/portalurbano\/coronavirus-en-argentina-se-confirmaron-255-nuevas-muertes-en-las-ultimas-24-horas\/#article\",\"isPartOf\":{\"@id\":\"https:\/\/experienciadevida.com.ar\/portalurbano\/coronavirus-en-argentina-se-confirmaron-255-nuevas-muertes-en-las-ultimas-24-horas\/\"},\"author\":{\"name\":\"admpu17wp\",\"@id\":\"https:\/\/experienciadevida.com.ar\/portalurbano\/#\/schema\/person\/02dd326b1c4b056e9cc972486934a3a7\"},\"headline\":\"Coronavirus en Argentina: Se confirmaron 255 nuevas muertes en las \u00faltimas 24 horas\",\"datePublished\":\"2020-09-15T00:12:15+00:00\",\"dateModified\":\"2020-09-15T00:12:49+00:00\",\"mainEntityOfPage\":{\"@id\":\"https:\/\/experienciadevida.com.ar\/portalurbano\/coronavirus-en-argentina-se-confirmaron-255-nuevas-muertes-en-las-ultimas-24-horas\/\"},\"wordCount\":241,\"publisher\":{\"@id\":\"https:\/\/experienciadevida.com.ar\/portalurbano\/#organization\"},\"articleSection\":[\"Coronavirus\",\"Naci\u00f3n\"],\"inLanguage\":\"es\"},{\"@type\":\"WebPage\",\"@id\":\"https:\/\/experienciadevida.com.ar\/portalurbano\/coronavirus-en-argentina-se-confirmaron-255-nuevas-muertes-en-las-ultimas-24-horas\/\",\"url\":\"https:\/\/experienciadevida.com.ar\/portalurbano\/coronavirus-en-argentina-se-confirmaron-255-nuevas-muertes-en-las-ultimas-24-horas\/\",\"name\":\"Coronavirus en Argentna: Se confirmaron 255 nuevas muertes\",\"isPartOf\":{\"@id\":\"https:\/\/experienciadevida.com.ar\/portalurbano\/#website\"},\"datePublished\":\"2020-09-15T00:12:15+00:00\",\"dateModified\":\"2020-09-15T00:12:49+00:00\",\"description\":\"El 58% de los fallecimientos por coronavirus en Argentina, correspondi\u00f3 a personas que resid\u00edan en la Provincia de Buenos Aires.\",\"breadcrumb\":{\"@id\":\"https:\/\/experienciadevida.com.ar\/portalurbano\/coronavirus-en-argentina-se-confirmaron-255-nuevas-muertes-en-las-ultimas-24-horas\/#breadcrumb\"},\"inLanguage\":\"es\",\"potentialAction\":[{\"@type\":\"ReadAction\",\"target\":[\"https:\/\/experienciadevida.com.ar\/portalurbano\/coronavirus-en-argentina-se-confirmaron-255-nuevas-muertes-en-las-ultimas-24-horas\/\"]}]},{\"@type\":\"BreadcrumbList\",\"@id\":\"https:\/\/experienciadevida.com.ar\/portalurbano\/coronavirus-en-argentina-se-confirmaron-255-nuevas-muertes-en-las-ultimas-24-horas\/#breadcrumb\",\"itemListElement\":[{\"@type\":\"ListItem\",\"position\":1,\"name\":\"Portada\",\"item\":\"https:\/\/experienciadevida.com.ar\/portalurbano\/\"},{\"@type\":\"ListItem\",\"position\":2,\"name\":\"Coronavirus en Argentina: Se confirmaron 255 nuevas muertes en las \u00faltimas 24 horas\"}]},{\"@type\":\"WebSite\",\"@id\":\"https:\/\/experienciadevida.com.ar\/portalurbano\/#website\",\"url\":\"https:\/\/experienciadevida.com.ar\/portalurbano\/\",\"name\":\"\",\"description\":\"\",\"publisher\":{\"@id\":\"https:\/\/experienciadevida.com.ar\/portalurbano\/#organization\"},\"potentialAction\":[{\"@type\":\"SearchAction\",\"target\":{\"@type\":\"EntryPoint\",\"urlTemplate\":\"https:\/\/experienciadevida.com.ar\/portalurbano\/?s={search_term_string}\"},\"query-input\":\"required name=search_term_string\"}],\"inLanguage\":\"es\"},{\"@type\":\"Organization\",\"@id\":\"https:\/\/experienciadevida.com.ar\/portalurbano\/#organization\",\"name\":\"Portal Urbano\",\"url\":\"https:\/\/experienciadevida.com.ar\/portalurbano\/\",\"logo\":{\"@type\":\"ImageObject\",\"inLanguage\":\"es\",\"@id\":\"https:\/\/experienciadevida.com.ar\/portalurbano\/#\/schema\/logo\/image\/\",\"url\":\"https:\/\/experienciadevida.com.ar\/portalurbano\/wp-content\/uploads\/2019\/09\/Logo-Original.png\",\"contentUrl\":\"https:\/\/experienciadevida.com.ar\/portalurbano\/wp-content\/uploads\/2019\/09\/Logo-Original.png\",\"width\":2236,\"height\":1216,\"caption\":\"Portal Urbano\"},\"image\":{\"@id\":\"https:\/\/experienciadevida.com.ar\/portalurbano\/#\/schema\/logo\/image\/\"},\"sameAs\":[\"https:\/\/www.facebook.com\/Portal-Urbano-171542830093757\/\",\"https:\/\/twitter.com\/portalurbanook\",\"https:\/\/www.instagram.com\/_portalurbano\/\",\"https:\/\/www.youtube.com\/channel\/UCXhagIfszH8KxFiOok79zbA?view_as=subscriber\"]},{\"@type\":\"Person\",\"@id\":\"https:\/\/experienciadevida.com.ar\/portalurbano\/#\/schema\/person\/02dd326b1c4b056e9cc972486934a3a7\",\"name\":\"admpu17wp\",\"image\":{\"@type\":\"ImageObject\",\"inLanguage\":\"es\",\"@id\":\"https:\/\/experienciadevida.com.ar\/portalurbano\/#\/schema\/person\/image\/\",\"url\":\"https:\/\/secure.gravatar.com\/avatar\/830d4c57adaae6630765e449a6908047?s=96&d=mm&r=g\",\"contentUrl\":\"https:\/\/secure.gravatar.com\/avatar\/830d4c57adaae6630765e449a6908047?s=96&d=mm&r=g\",\"caption\":\"admpu17wp\"}}]}<\/script>\n<!-- \/ Yoast SEO plugin. -->","yoast_head_json":{"title":"Coronavirus en Argentna: Se confirmaron 255 nuevas muertes","description":"El 58% de los fallecimientos por coronavirus en Argentina, correspondi\u00f3 a personas que resid\u00edan en la Provincia de Buenos Aires.","robots":{"index":"index","follow":"follow","max-snippet":"max-snippet:-1","max-image-preview":"max-image-preview:large","max-video-preview":"max-video-preview:-1"},"canonical":"https:\/\/experienciadevida.com.ar\/portalurbano\/coronavirus-en-argentina-se-confirmaron-255-nuevas-muertes-en-las-ultimas-24-horas\/","og_locale":"es_ES","og_type":"article","og_title":"Coronavirus en Argentna: Se confirmaron 255 nuevas muertes","og_description":"El 58% de los fallecimientos por coronavirus en Argentina, correspondi\u00f3 a personas que resid\u00edan en la Provincia de Buenos Aires.","og_url":"https:\/\/experienciadevida.com.ar\/portalurbano\/coronavirus-en-argentina-se-confirmaron-255-nuevas-muertes-en-las-ultimas-24-horas\/","article_publisher":"https:\/\/www.facebook.com\/Portal-Urbano-171542830093757\/","article_published_time":"2020-09-15T00:12:15+00:00","article_modified_time":"2020-09-15T00:12:49+00:00","og_image":[{"width":1140,"height":757,"url":"https:\/\/experienciadevida.com.ar\/portalurbano\/wp-content\/uploads\/2020\/09\/Coronavirus-en-Argentina.jpg","type":"image\/jpeg"}],"author":"admpu17wp","twitter_card":"summary_large_image","twitter_creator":"@portalurbanook","twitter_site":"@portalurbanook","twitter_misc":{"Escrito por":"admpu17wp","Tiempo de lectura":"1 minuto"},"schema":{"@context":"https:\/\/schema.org","@graph":[{"@type":"Article","@id":"https:\/\/experienciadevida.com.ar\/portalurbano\/coronavirus-en-argentina-se-confirmaron-255-nuevas-muertes-en-las-ultimas-24-horas\/#article","isPartOf":{"@id":"https:\/\/experienciadevida.com.ar\/portalurbano\/coronavirus-en-argentina-se-confirmaron-255-nuevas-muertes-en-las-ultimas-24-horas\/"},"author":{"name":"admpu17wp","@id":"https:\/\/experienciadevida.com.ar\/portalurbano\/#\/schema\/person\/02dd326b1c4b056e9cc972486934a3a7"},"headline":"Coronavirus en Argentina: Se confirmaron 255 nuevas muertes en las \u00faltimas 24 horas","datePublished":"2020-09-15T00:12:15+00:00","dateModified":"2020-09-15T00:12:49+00:00","mainEntityOfPage":{"@id":"https:\/\/experienciadevida.com.ar\/portalurbano\/coronavirus-en-argentina-se-confirmaron-255-nuevas-muertes-en-las-ultimas-24-horas\/"},"wordCount":241,"publisher":{"@id":"https:\/\/experienciadevida.com.ar\/portalurbano\/#organization"},"articleSection":["Coronavirus","Naci\u00f3n"],"inLanguage":"es"},{"@type":"WebPage","@id":"https:\/\/experienciadevida.com.ar\/portalurbano\/coronavirus-en-argentina-se-confirmaron-255-nuevas-muertes-en-las-ultimas-24-horas\/","url":"https:\/\/experienciadevida.com.ar\/portalurbano\/coronavirus-en-argentina-se-confirmaron-255-nuevas-muertes-en-las-ultimas-24-horas\/","name":"Coronavirus en Argentna: Se confirmaron 255 nuevas muertes","isPartOf":{"@id":"https:\/\/experienciadevida.com.ar\/portalurbano\/#website"},"datePublished":"2020-09-15T00:12:15+00:00","dateModified":"2020-09-15T00:12:49+00:00","description":"El 58% de los fallecimientos por coronavirus en Argentina, correspondi\u00f3 a personas que resid\u00edan en la Provincia de Buenos Aires.","breadcrumb":{"@id":"https:\/\/experienciadevida.com.ar\/portalurbano\/coronavirus-en-argentina-se-confirmaron-255-nuevas-muertes-en-las-ultimas-24-horas\/#breadcrumb"},"inLanguage":"es","potentialAction":[{"@type":"ReadAction","target":["https:\/\/experienciadevida.com.ar\/portalurbano\/coronavirus-en-argentina-se-confirmaron-255-nuevas-muertes-en-las-ultimas-24-horas\/"]}]},{"@type":"BreadcrumbList","@id":"https:\/\/experienciadevida.com.ar\/portalurbano\/coronavirus-en-argentina-se-confirmaron-255-nuevas-muertes-en-las-ultimas-24-horas\/#breadcrumb","itemListElement":[{"@type":"ListItem","position":1,"name":"Portada","item":"https:\/\/experienciadevida.com.ar\/portalurbano\/"},{"@type":"ListItem","position":2,"name":"Coronavirus en Argentina: Se confirmaron 255 nuevas muertes en las \u00faltimas 24 horas"}]},{"@type":"WebSite","@id":"https:\/\/experienciadevida.com.ar\/portalurbano\/#website","url":"https:\/\/experienciadevida.com.ar\/portalurbano\/","name":"","description":"","publisher":{"@id":"https:\/\/experienciadevida.com.ar\/portalurbano\/#organization"},"potentialAction":[{"@type":"SearchAction","target":{"@type":"EntryPoint","urlTemplate":"https:\/\/experienciadevida.com.ar\/portalurbano\/?s={search_term_string}"},"query-input":"required name=search_term_string"}],"inLanguage":"es"},{"@type":"Organization","@id":"https:\/\/experienciadevida.com.ar\/portalurbano\/#organization","name":"Portal Urbano","url":"https:\/\/experienciadevida.com.ar\/portalurbano\/","logo":{"@type":"ImageObject","inLanguage":"es","@id":"https:\/\/experienciadevida.com.ar\/portalurbano\/#\/schema\/logo\/image\/","url":"https:\/\/experienciadevida.com.ar\/portalurbano\/wp-content\/uploads\/2019\/09\/Logo-Original.png","contentUrl":"https:\/\/experienciadevida.com.ar\/portalurbano\/wp-content\/uploads\/2019\/09\/Logo-Original.png","width":2236,"height":1216,"caption":"Portal Urbano"},"image":{"@id":"https:\/\/experienciadevida.com.ar\/portalurbano\/#\/schema\/logo\/image\/"},"sameAs":["https:\/\/www.facebook.com\/Portal-Urbano-171542830093757\/","https:\/\/twitter.com\/portalurbanook","https:\/\/www.instagram.com\/_portalurbano\/","https:\/\/www.youtube.com\/channel\/UCXhagIfszH8KxFiOok79zbA?view_as=subscriber"]},{"@type":"Person","@id":"https:\/\/experienciadevida.com.ar\/portalurbano\/#\/schema\/person\/02dd326b1c4b056e9cc972486934a3a7","name":"admpu17wp","image":{"@type":"ImageObject","inLanguage":"es","@id":"https:\/\/experienciadevida.com.ar\/portalurbano\/#\/schema\/person\/image\/","url":"https:\/\/secure.gravatar.com\/avatar\/830d4c57adaae6630765e449a6908047?s=96&d=mm&r=g","contentUrl":"https:\/\/secure.gravatar.com\/avatar\/830d4c57adaae6630765e449a6908047?s=96&d=mm&r=g","caption":"admpu17wp"}}]}},"featured_image_urls":{"full":["https:\/\/experienciadevida.com.ar\/portalurbano\/wp-content\/uploads\/2020\/09\/Coronavirus-en-Argentina.jpg",1140,757,false],"thumbnail":["https:\/\/experienciadevida.com.ar\/portalurbano\/wp-content\/uploads\/2020\/09\/Coronavirus-en-Argentina-150x150.jpg",150,150,true],"medium":["https:\/\/experienciadevida.com.ar\/portalurbano\/wp-content\/uploads\/2020\/09\/Coronavirus-en-Argentina-300x199.jpg",300,199,true],"medium_large":["https:\/\/experienciadevida.com.ar\/portalurbano\/wp-content\/uploads\/2020\/09\/Coronavirus-en-Argentina-768x510.jpg",640,425,true],"large":["https:\/\/experienciadevida.com.ar\/portalurbano\/wp-content\/uploads\/2020\/09\/Coronavirus-en-Argentina-1024x680.jpg",640,425,true],"ug_big":["https:\/\/experienciadevida.com.ar\/portalurbano\/wp-content\/uploads\/2020\/09\/Coronavirus-en-Argentina-768x510.jpg",768,510,true],"1536x1536":["https:\/\/experienciadevida.com.ar\/portalurbano\/wp-content\/uploads\/2020\/09\/Coronavirus-en-Argentina.jpg",1140,757,false],"2048x2048":["https:\/\/experienciadevida.com.ar\/portalurbano\/wp-content\/uploads\/2020\/09\/Coronavirus-en-Argentina.jpg",1140,757,false],"newsever-slider-full":["https:\/\/experienciadevida.com.ar\/portalurbano\/wp-content\/uploads\/2020\/09\/Coronavirus-en-Argentina.jpg",1140,757,false],"newsever-featured":["https:\/\/experienciadevida.com.ar\/portalurbano\/wp-content\/uploads\/2020\/09\/Coronavirus-en-Argentina.jpg",1024,680,false],"newsever-medium":["https:\/\/experienciadevida.com.ar\/portalurbano\/wp-content\/uploads\/2020\/09\/Coronavirus-en-Argentina.jpg",715,475,false],"web-stories-poster-portrait":["https:\/\/experienciadevida.com.ar\/portalurbano\/wp-content\/uploads\/2020\/09\/Coronavirus-en-Argentina.jpg",640,425,false],"web-stories-publisher-logo":["https:\/\/experienciadevida.com.ar\/portalurbano\/wp-content\/uploads\/2020\/09\/Coronavirus-en-Argentina.jpg",96,64,false],"web-stories-thumbnail":["https:\/\/experienciadevida.com.ar\/portalurbano\/wp-content\/uploads\/2020\/09\/Coronavirus-en-Argentina.jpg",150,100,false]},"author_info":{"display_name":"admpu17wp","author_link":"https:\/\/experienciadevida.com.ar\/portalurbano\/author\/admpu17wp\/"},"category_info":"<a href=\"https:\/\/experienciadevida.com.ar\/portalurbano\/category\/nacion\/coronavirus\/\" rel=\"category tag\">Coronavirus<\/a> <a href=\"https:\/\/experienciadevida.com.ar\/portalurbano\/category\/nacion\/\" rel=\"category tag\">Naci\u00f3n<\/a>","tag_info":"Naci\u00f3n","comment_count":"0","amp_enabled":true,"_links":{"self":[{"href":"https:\/\/experienciadevida.com.ar\/portalurbano\/wp-json\/wp\/v2\/posts\/121348"}],"collection":[{"href":"https:\/\/experienciadevida.com.ar\/portalurbano\/wp-json\/wp\/v2\/posts"}],"about":[{"href":"https:\/\/experienciadevida.com.ar\/portalurbano\/wp-json\/wp\/v2\/types\/post"}],"author":[{"embeddable":true,"href":"https:\/\/experienciadevida.com.ar\/portalurbano\/wp-json\/wp\/v2\/users\/1"}],"replies":[{"embeddable":true,"href":"https:\/\/experienciadevida.com.ar\/portalurbano\/wp-json\/wp\/v2\/comments?post=121348"}],"version-history":[{"count":1,"href":"https:\/\/experienciadevida.com.ar\/portalurbano\/wp-json\/wp\/v2\/posts\/121348\/revisions"}],"predecessor-version":[{"id":121350,"href":"https:\/\/experienciadevida.com.ar\/portalurbano\/wp-json\/wp\/v2\/posts\/121348\/revisions\/121350"}],"wp:featuredmedia":[{"embeddable":true,"href":"https:\/\/experienciadevida.com.ar\/portalurbano\/wp-json\/wp\/v2\/media\/121349"}],"wp:attachment":[{"href":"https:\/\/experienciadevida.com.ar\/portalurbano\/wp-json\/wp\/v2\/media?parent=121348"}],"wp:term":[{"taxonomy":"category","embeddable":true,"href":"https:\/\/experienciadevida.com.ar\/portalurbano\/wp-json\/wp\/v2\/categories?post=121348"},{"taxonomy":"post_tag","embeddable":true,"href":"https:\/\/experienciadevida.com.ar\/portalurbano\/wp-json\/wp\/v2\/tags?post=121348"}],"curies":[{"name":"wp","href":"https:\/\/api.w.org\/{rel}","templated":true}]}}