{"id":121315,"date":"2020-09-14T19:59:40","date_gmt":"2020-09-14T22:59:40","guid":{"rendered":"https:\/\/experienciadevida.com.ar\/portalurbano\/?p=121315"},"modified":"2020-09-14T20:46:28","modified_gmt":"2020-09-14T23:46:28","slug":"record-de-contagios-desde-el-inicio-de-la-pandemia-64-casos-positivos","status":"publish","type":"post","link":"https:\/\/experienciadevida.com.ar\/portalurbano\/record-de-contagios-desde-el-inicio-de-la-pandemia-64-casos-positivos\/","title":{"rendered":"R\u00e9cord de contagios desde el inicio de la pandemia: 64 casos positivos"},"content":{"rendered":"<p><a href=\"https:\/\/www.olavarria.gov.ar\/\">La municipalidad de Olavarr\u00eda<\/a> a trav\u00e9s de la Secretar\u00eda de Salud, brinda el informe sanitario sobre coronavirus.<\/p>\n<hr \/>\n<p>En la fecha de hoy 14 de septiembre se registro un\u00a0 <strong>r\u00e9cord de contagios<\/strong> con <strong>64<\/strong> casos positivos,\u00a0<strong>41<\/strong> altas m\u00e9dicas\u00a0 y\u00a0<strong>52<\/strong> descartados.<\/p>\n<p>De esta manera el Municipio tiene\u00a0<strong>149<\/strong> casos activos de coronavirus,\u00a0<strong>553<\/strong> curados en total,\u00a0<strong>63<\/strong> sospechosos, <strong>2767 <\/strong>descartados desde el inicio de la pandemia\u00a0 y <strong>17\u00a0<\/strong>fallecidos.<\/p>\n<p>En este sentido, desde la Secretar\u00eda de Salud Municipal aseguraron que el 68% de los casos positivos corresponden a personas con menos de 60 a\u00f1os y el 32% a mayores de 60 a\u00f1os.<\/p>\n<p>Por otro lado, hay 2 internados en Unidad de terapia intensiva, 10 en cl\u00ednica Covid, 0 en aislamiento Hospitalario.<\/p>\n<p>Con los 42 casos positivos del d\u00eda de la fecha se da un<strong> r\u00e9cord de contagios<\/strong> en el Hogar de Adultos Mayores <strong>San Vicente\u00a0 de Paul<\/strong> ; De los 53 casos , 38 son residentes y 15 personal que trabaja en el lugar.<\/p>\n<p>En este sentido, desde la Secretar\u00eda de Salud informaron que tanto los pacientes como el personal se encuentran asintom\u00e1ticos y aislados en el Hogar con la asistencia permanente del Gobierno Municipal y hay cuatro residentes internados en Cl\u00ednica Covid del Hospital que se encuentran en buen estado general.<\/p>\n<p>Adem\u00e1s, en el d\u00eda de la fecha se registraron 22 casos m\u00e1s de Covid-19, hubo 41 pacientes que recibieron el alta m\u00e9dica y se descartaron 52. El total de pacientes activos es de 149. En el d\u00eda de la fecha se realizaron 116 testeos.<\/p>\n<p>Desde el \u00e1rea de Salud explicaron que los casos positivos corresponden a personal de seguridad, del <a href=\"http:\/\/www.spb.gba.gov.ar\/site\/index.php\/\">Servicio Penitenciario<\/a>, de salud y a nexos con positivos anteriores.<\/p>\n<p>Por otro lado, el Municipio insiste en los cuidados personales como el distanciamiento social, el uso correcto del barbijo, lavado de manos y no hacer reuniones sociales para evitar la propagaci\u00f3n del\u00a0coronavirus.<\/p>\n<div class=\"flourish-embed flourish-chart\" data-src=\"visualisation\/3132057\" data-url=\"https:\/\/flo.uri.sh\/visualisation\/3132057\/embed\" aria-label=\"\"><script src=\"https:\/\/public.flourish.studio\/resources\/embed.js\"><\/script><\/div>\n<div class=\"flourish-embed flourish-chart\" data-src=\"visualisation\/3317015\" data-url=\"https:\/\/flo.uri.sh\/visualisation\/3317015\/embed\" aria-label=\"\"><script src=\"https:\/\/public.flourish.studio\/resources\/embed.js\"><\/script><\/div>\n<p><a href=\"https:\/\/experienciadevida.com.ar\/portalurbano\/record-de-contagios-desde-el-inicio-de-la-pandemia-64-casos-positivos\/covid-9\/\" rel=\"attachment wp-att-121320\"><img decoding=\"async\" class=\"alignnone size-full wp-image-121320\" src=\"https:\/\/experienciadevida.com.ar\/portalurbano\/wp-content\/uploads\/2020\/09\/Covid-5.jpg\" alt=\"\" width=\"1280\" height=\"1279\" srcset=\"https:\/\/experienciadevida.com.ar\/portalurbano\/wp-content\/uploads\/2020\/09\/Covid-5.jpg 1280w, https:\/\/experienciadevida.com.ar\/portalurbano\/wp-content\/uploads\/2020\/09\/Covid-5-300x300.jpg 300w, https:\/\/experienciadevida.com.ar\/portalurbano\/wp-content\/uploads\/2020\/09\/Covid-5-1024x1024.jpg 1024w, https:\/\/experienciadevida.com.ar\/portalurbano\/wp-content\/uploads\/2020\/09\/Covid-5-150x150.jpg 150w, https:\/\/experienciadevida.com.ar\/portalurbano\/wp-content\/uploads\/2020\/09\/Covid-5-768x768.jpg 768w\" sizes=\"(max-width: 1280px) 100vw, 1280px\" \/><\/a><\/p>\n<p><a href=\"https:\/\/experienciadevida.com.ar\/portalurbano\/record-de-contagios-desde-el-inicio-de-la-pandemia-64-casos-positivos\/covid1-10\/\" rel=\"attachment wp-att-121321\"><img decoding=\"async\" class=\"alignnone size-full wp-image-121321\" src=\"https:\/\/experienciadevida.com.ar\/portalurbano\/wp-content\/uploads\/2020\/09\/Covid1-5.jpg\" alt=\"\" width=\"1280\" height=\"1280\" srcset=\"https:\/\/experienciadevida.com.ar\/portalurbano\/wp-content\/uploads\/2020\/09\/Covid1-5.jpg 1280w, https:\/\/experienciadevida.com.ar\/portalurbano\/wp-content\/uploads\/2020\/09\/Covid1-5-300x300.jpg 300w, https:\/\/experienciadevida.com.ar\/portalurbano\/wp-content\/uploads\/2020\/09\/Covid1-5-1024x1024.jpg 1024w, https:\/\/experienciadevida.com.ar\/portalurbano\/wp-content\/uploads\/2020\/09\/Covid1-5-150x150.jpg 150w, https:\/\/experienciadevida.com.ar\/portalurbano\/wp-content\/uploads\/2020\/09\/Covid1-5-768x768.jpg 768w\" sizes=\"(max-width: 1280px) 100vw, 1280px\" \/><\/a><\/p>\n","protected":false},"excerpt":{"rendered":"<p>La municipalidad de Olavarr\u00eda a trav\u00e9s de la Secretar\u00eda de Salud, brinda el informe sanitario&#8230;<\/p>\n","protected":false},"author":1,"featured_media":119048,"comment_status":"closed","ping_status":"closed","sticky":false,"template":"","format":"standard","meta":{"content-type":""},"categories":[51,45],"tags":[117,285],"nelio_content":{"isAutoShareEnabled":false,"autoShareEndMode":"default","automationSources":{"useContentSentences":true,"useSocialTemplates":true,"useCustomSentences":false,"customSentences":[]},"followers":[1],"suggestedReferences":[],"includedReferences":["https:\/\/www.olavarria.gov.ar\/","http:\/\/www.spb.gba.gov.ar\/site\/index.php\/"],"efiUrl":"","efiAlt":"","highlights":[]},"yoast_head":"<!-- This site is optimized with the Yoast SEO plugin v20.7 - https:\/\/yoast.com\/wordpress\/plugins\/seo\/ -->\n<title>R\u00e9cord de contagios desde el inicio de la pandemia: 64 casos positivos<\/title>\n<meta name=\"description\" content=\"En la fecha de hoy 14 de septiembre se registro un\u00a0 r\u00e9cord de contagios con 64 casos positivos,\u00a041 altas m\u00e9dicas\u00a0 y\u00a052 descartados.\" \/>\n<meta name=\"robots\" content=\"index, follow, max-snippet:-1, max-image-preview:large, max-video-preview:-1\" \/>\n<link rel=\"canonical\" href=\"https:\/\/experienciadevida.com.ar\/portalurbano\/record-de-contagios-desde-el-inicio-de-la-pandemia-64-casos-positivos\/\" \/>\n<meta property=\"og:locale\" content=\"es_ES\" \/>\n<meta property=\"og:type\" content=\"article\" \/>\n<meta property=\"og:title\" content=\"R\u00e9cord de contagios desde el inicio de la pandemia: 64 casos positivos\" \/>\n<meta property=\"og:description\" content=\"En la fecha de hoy 14 de septiembre se registro un\u00a0 r\u00e9cord de contagios con 64 casos positivos,\u00a041 altas m\u00e9dicas\u00a0 y\u00a052 descartados.\" \/>\n<meta property=\"og:url\" content=\"https:\/\/experienciadevida.com.ar\/portalurbano\/record-de-contagios-desde-el-inicio-de-la-pandemia-64-casos-positivos\/\" \/>\n<meta property=\"article:publisher\" content=\"https:\/\/www.facebook.com\/Portal-Urbano-171542830093757\/\" \/>\n<meta property=\"article:published_time\" content=\"2020-09-14T22:59:40+00:00\" \/>\n<meta property=\"article:modified_time\" content=\"2020-09-14T23:46:28+00:00\" \/>\n<meta property=\"og:image\" content=\"https:\/\/experienciadevida.com.ar\/portalurbano\/wp-content\/uploads\/2020\/08\/Informe-Sanitario.jpg\" \/>\n\t<meta property=\"og:image:width\" content=\"765\" \/>\n\t<meta property=\"og:image:height\" content=\"510\" \/>\n\t<meta property=\"og:image:type\" content=\"image\/jpeg\" \/>\n<meta name=\"author\" content=\"admpu17wp\" \/>\n<meta name=\"twitter:card\" content=\"summary_large_image\" \/>\n<meta name=\"twitter:creator\" content=\"@portalurbanook\" \/>\n<meta name=\"twitter:site\" content=\"@portalurbanook\" \/>\n<meta name=\"twitter:label1\" content=\"Escrito por\" \/>\n\t<meta name=\"twitter:data1\" content=\"admpu17wp\" \/>\n\t<meta name=\"twitter:label2\" content=\"Tiempo de lectura\" \/>\n\t<meta name=\"twitter:data2\" content=\"2 minutos\" \/>\n<script type=\"application\/ld+json\" class=\"yoast-schema-graph\">{\"@context\":\"https:\/\/schema.org\",\"@graph\":[{\"@type\":\"Article\",\"@id\":\"https:\/\/experienciadevida.com.ar\/portalurbano\/record-de-contagios-desde-el-inicio-de-la-pandemia-64-casos-positivos\/#article\",\"isPartOf\":{\"@id\":\"https:\/\/experienciadevida.com.ar\/portalurbano\/record-de-contagios-desde-el-inicio-de-la-pandemia-64-casos-positivos\/\"},\"author\":{\"name\":\"admpu17wp\",\"@id\":\"https:\/\/experienciadevida.com.ar\/portalurbano\/#\/schema\/person\/02dd326b1c4b056e9cc972486934a3a7\"},\"headline\":\"R\u00e9cord de contagios desde el inicio de la pandemia: 64 casos positivos\",\"datePublished\":\"2020-09-14T22:59:40+00:00\",\"dateModified\":\"2020-09-14T23:46:28+00:00\",\"mainEntityOfPage\":{\"@id\":\"https:\/\/experienciadevida.com.ar\/portalurbano\/record-de-contagios-desde-el-inicio-de-la-pandemia-64-casos-positivos\/\"},\"wordCount\":320,\"publisher\":{\"@id\":\"https:\/\/experienciadevida.com.ar\/portalurbano\/#organization\"},\"keywords\":[\"coronavirus\",\"olavarria\"],\"articleSection\":[\"Destacadas\",\"Salud\"],\"inLanguage\":\"es\"},{\"@type\":\"WebPage\",\"@id\":\"https:\/\/experienciadevida.com.ar\/portalurbano\/record-de-contagios-desde-el-inicio-de-la-pandemia-64-casos-positivos\/\",\"url\":\"https:\/\/experienciadevida.com.ar\/portalurbano\/record-de-contagios-desde-el-inicio-de-la-pandemia-64-casos-positivos\/\",\"name\":\"R\u00e9cord de contagios desde el inicio de la pandemia: 64 casos positivos\",\"isPartOf\":{\"@id\":\"https:\/\/experienciadevida.com.ar\/portalurbano\/#website\"},\"datePublished\":\"2020-09-14T22:59:40+00:00\",\"dateModified\":\"2020-09-14T23:46:28+00:00\",\"description\":\"En la fecha de hoy 14 de septiembre se registro un\u00a0 r\u00e9cord de contagios con 64 casos positivos,\u00a041 altas m\u00e9dicas\u00a0 y\u00a052 descartados.\",\"breadcrumb\":{\"@id\":\"https:\/\/experienciadevida.com.ar\/portalurbano\/record-de-contagios-desde-el-inicio-de-la-pandemia-64-casos-positivos\/#breadcrumb\"},\"inLanguage\":\"es\",\"potentialAction\":[{\"@type\":\"ReadAction\",\"target\":[\"https:\/\/experienciadevida.com.ar\/portalurbano\/record-de-contagios-desde-el-inicio-de-la-pandemia-64-casos-positivos\/\"]}]},{\"@type\":\"BreadcrumbList\",\"@id\":\"https:\/\/experienciadevida.com.ar\/portalurbano\/record-de-contagios-desde-el-inicio-de-la-pandemia-64-casos-positivos\/#breadcrumb\",\"itemListElement\":[{\"@type\":\"ListItem\",\"position\":1,\"name\":\"Portada\",\"item\":\"https:\/\/experienciadevida.com.ar\/portalurbano\/\"},{\"@type\":\"ListItem\",\"position\":2,\"name\":\"R\u00e9cord de contagios desde el inicio de la pandemia: 64 casos positivos\"}]},{\"@type\":\"WebSite\",\"@id\":\"https:\/\/experienciadevida.com.ar\/portalurbano\/#website\",\"url\":\"https:\/\/experienciadevida.com.ar\/portalurbano\/\",\"name\":\"\",\"description\":\"\",\"publisher\":{\"@id\":\"https:\/\/experienciadevida.com.ar\/portalurbano\/#organization\"},\"potentialAction\":[{\"@type\":\"SearchAction\",\"target\":{\"@type\":\"EntryPoint\",\"urlTemplate\":\"https:\/\/experienciadevida.com.ar\/portalurbano\/?s={search_term_string}\"},\"query-input\":\"required name=search_term_string\"}],\"inLanguage\":\"es\"},{\"@type\":\"Organization\",\"@id\":\"https:\/\/experienciadevida.com.ar\/portalurbano\/#organization\",\"name\":\"Portal Urbano\",\"url\":\"https:\/\/experienciadevida.com.ar\/portalurbano\/\",\"logo\":{\"@type\":\"ImageObject\",\"inLanguage\":\"es\",\"@id\":\"https:\/\/experienciadevida.com.ar\/portalurbano\/#\/schema\/logo\/image\/\",\"url\":\"https:\/\/experienciadevida.com.ar\/portalurbano\/wp-content\/uploads\/2019\/09\/Logo-Original.png\",\"contentUrl\":\"https:\/\/experienciadevida.com.ar\/portalurbano\/wp-content\/uploads\/2019\/09\/Logo-Original.png\",\"width\":2236,\"height\":1216,\"caption\":\"Portal Urbano\"},\"image\":{\"@id\":\"https:\/\/experienciadevida.com.ar\/portalurbano\/#\/schema\/logo\/image\/\"},\"sameAs\":[\"https:\/\/www.facebook.com\/Portal-Urbano-171542830093757\/\",\"https:\/\/twitter.com\/portalurbanook\",\"https:\/\/www.instagram.com\/_portalurbano\/\",\"https:\/\/www.youtube.com\/channel\/UCXhagIfszH8KxFiOok79zbA?view_as=subscriber\"]},{\"@type\":\"Person\",\"@id\":\"https:\/\/experienciadevida.com.ar\/portalurbano\/#\/schema\/person\/02dd326b1c4b056e9cc972486934a3a7\",\"name\":\"admpu17wp\",\"image\":{\"@type\":\"ImageObject\",\"inLanguage\":\"es\",\"@id\":\"https:\/\/experienciadevida.com.ar\/portalurbano\/#\/schema\/person\/image\/\",\"url\":\"https:\/\/secure.gravatar.com\/avatar\/830d4c57adaae6630765e449a6908047?s=96&d=mm&r=g\",\"contentUrl\":\"https:\/\/secure.gravatar.com\/avatar\/830d4c57adaae6630765e449a6908047?s=96&d=mm&r=g\",\"caption\":\"admpu17wp\"}}]}<\/script>\n<!-- \/ Yoast SEO plugin. -->","yoast_head_json":{"title":"R\u00e9cord de contagios desde el inicio de la pandemia: 64 casos positivos","description":"En la fecha de hoy 14 de septiembre se registro un\u00a0 r\u00e9cord de contagios con 64 casos positivos,\u00a041 altas m\u00e9dicas\u00a0 y\u00a052 descartados.","robots":{"index":"index","follow":"follow","max-snippet":"max-snippet:-1","max-image-preview":"max-image-preview:large","max-video-preview":"max-video-preview:-1"},"canonical":"https:\/\/experienciadevida.com.ar\/portalurbano\/record-de-contagios-desde-el-inicio-de-la-pandemia-64-casos-positivos\/","og_locale":"es_ES","og_type":"article","og_title":"R\u00e9cord de contagios desde el inicio de la pandemia: 64 casos positivos","og_description":"En la fecha de hoy 14 de septiembre se registro un\u00a0 r\u00e9cord de contagios con 64 casos positivos,\u00a041 altas m\u00e9dicas\u00a0 y\u00a052 descartados.","og_url":"https:\/\/experienciadevida.com.ar\/portalurbano\/record-de-contagios-desde-el-inicio-de-la-pandemia-64-casos-positivos\/","article_publisher":"https:\/\/www.facebook.com\/Portal-Urbano-171542830093757\/","article_published_time":"2020-09-14T22:59:40+00:00","article_modified_time":"2020-09-14T23:46:28+00:00","og_image":[{"width":765,"height":510,"url":"https:\/\/experienciadevida.com.ar\/portalurbano\/wp-content\/uploads\/2020\/08\/Informe-Sanitario.jpg","type":"image\/jpeg"}],"author":"admpu17wp","twitter_card":"summary_large_image","twitter_creator":"@portalurbanook","twitter_site":"@portalurbanook","twitter_misc":{"Escrito por":"admpu17wp","Tiempo de lectura":"2 minutos"},"schema":{"@context":"https:\/\/schema.org","@graph":[{"@type":"Article","@id":"https:\/\/experienciadevida.com.ar\/portalurbano\/record-de-contagios-desde-el-inicio-de-la-pandemia-64-casos-positivos\/#article","isPartOf":{"@id":"https:\/\/experienciadevida.com.ar\/portalurbano\/record-de-contagios-desde-el-inicio-de-la-pandemia-64-casos-positivos\/"},"author":{"name":"admpu17wp","@id":"https:\/\/experienciadevida.com.ar\/portalurbano\/#\/schema\/person\/02dd326b1c4b056e9cc972486934a3a7"},"headline":"R\u00e9cord de contagios desde el inicio de la pandemia: 64 casos positivos","datePublished":"2020-09-14T22:59:40+00:00","dateModified":"2020-09-14T23:46:28+00:00","mainEntityOfPage":{"@id":"https:\/\/experienciadevida.com.ar\/portalurbano\/record-de-contagios-desde-el-inicio-de-la-pandemia-64-casos-positivos\/"},"wordCount":320,"publisher":{"@id":"https:\/\/experienciadevida.com.ar\/portalurbano\/#organization"},"keywords":["coronavirus","olavarria"],"articleSection":["Destacadas","Salud"],"inLanguage":"es"},{"@type":"WebPage","@id":"https:\/\/experienciadevida.com.ar\/portalurbano\/record-de-contagios-desde-el-inicio-de-la-pandemia-64-casos-positivos\/","url":"https:\/\/experienciadevida.com.ar\/portalurbano\/record-de-contagios-desde-el-inicio-de-la-pandemia-64-casos-positivos\/","name":"R\u00e9cord de contagios desde el inicio de la pandemia: 64 casos positivos","isPartOf":{"@id":"https:\/\/experienciadevida.com.ar\/portalurbano\/#website"},"datePublished":"2020-09-14T22:59:40+00:00","dateModified":"2020-09-14T23:46:28+00:00","description":"En la fecha de hoy 14 de septiembre se registro un\u00a0 r\u00e9cord de contagios con 64 casos positivos,\u00a041 altas m\u00e9dicas\u00a0 y\u00a052 descartados.","breadcrumb":{"@id":"https:\/\/experienciadevida.com.ar\/portalurbano\/record-de-contagios-desde-el-inicio-de-la-pandemia-64-casos-positivos\/#breadcrumb"},"inLanguage":"es","potentialAction":[{"@type":"ReadAction","target":["https:\/\/experienciadevida.com.ar\/portalurbano\/record-de-contagios-desde-el-inicio-de-la-pandemia-64-casos-positivos\/"]}]},{"@type":"BreadcrumbList","@id":"https:\/\/experienciadevida.com.ar\/portalurbano\/record-de-contagios-desde-el-inicio-de-la-pandemia-64-casos-positivos\/#breadcrumb","itemListElement":[{"@type":"ListItem","position":1,"name":"Portada","item":"https:\/\/experienciadevida.com.ar\/portalurbano\/"},{"@type":"ListItem","position":2,"name":"R\u00e9cord de contagios desde el inicio de la pandemia: 64 casos positivos"}]},{"@type":"WebSite","@id":"https:\/\/experienciadevida.com.ar\/portalurbano\/#website","url":"https:\/\/experienciadevida.com.ar\/portalurbano\/","name":"","description":"","publisher":{"@id":"https:\/\/experienciadevida.com.ar\/portalurbano\/#organization"},"potentialAction":[{"@type":"SearchAction","target":{"@type":"EntryPoint","urlTemplate":"https:\/\/experienciadevida.com.ar\/portalurbano\/?s={search_term_string}"},"query-input":"required name=search_term_string"}],"inLanguage":"es"},{"@type":"Organization","@id":"https:\/\/experienciadevida.com.ar\/portalurbano\/#organization","name":"Portal Urbano","url":"https:\/\/experienciadevida.com.ar\/portalurbano\/","logo":{"@type":"ImageObject","inLanguage":"es","@id":"https:\/\/experienciadevida.com.ar\/portalurbano\/#\/schema\/logo\/image\/","url":"https:\/\/experienciadevida.com.ar\/portalurbano\/wp-content\/uploads\/2019\/09\/Logo-Original.png","contentUrl":"https:\/\/experienciadevida.com.ar\/portalurbano\/wp-content\/uploads\/2019\/09\/Logo-Original.png","width":2236,"height":1216,"caption":"Portal Urbano"},"image":{"@id":"https:\/\/experienciadevida.com.ar\/portalurbano\/#\/schema\/logo\/image\/"},"sameAs":["https:\/\/www.facebook.com\/Portal-Urbano-171542830093757\/","https:\/\/twitter.com\/portalurbanook","https:\/\/www.instagram.com\/_portalurbano\/","https:\/\/www.youtube.com\/channel\/UCXhagIfszH8KxFiOok79zbA?view_as=subscriber"]},{"@type":"Person","@id":"https:\/\/experienciadevida.com.ar\/portalurbano\/#\/schema\/person\/02dd326b1c4b056e9cc972486934a3a7","name":"admpu17wp","image":{"@type":"ImageObject","inLanguage":"es","@id":"https:\/\/experienciadevida.com.ar\/portalurbano\/#\/schema\/person\/image\/","url":"https:\/\/secure.gravatar.com\/avatar\/830d4c57adaae6630765e449a6908047?s=96&d=mm&r=g","contentUrl":"https:\/\/secure.gravatar.com\/avatar\/830d4c57adaae6630765e449a6908047?s=96&d=mm&r=g","caption":"admpu17wp"}}]}},"featured_image_urls":{"full":["https:\/\/experienciadevida.com.ar\/portalurbano\/wp-content\/uploads\/2020\/08\/Informe-Sanitario.jpg",765,510,false],"thumbnail":["https:\/\/experienciadevida.com.ar\/portalurbano\/wp-content\/uploads\/2020\/08\/Informe-Sanitario-150x150.jpg",150,150,true],"medium":["https:\/\/experienciadevida.com.ar\/portalurbano\/wp-content\/uploads\/2020\/08\/Informe-Sanitario-300x200.jpg",300,200,true],"medium_large":["https:\/\/experienciadevida.com.ar\/portalurbano\/wp-content\/uploads\/2020\/08\/Informe-Sanitario.jpg",640,427,false],"large":["https:\/\/experienciadevida.com.ar\/portalurbano\/wp-content\/uploads\/2020\/08\/Informe-Sanitario.jpg",640,427,false],"ug_big":["https:\/\/experienciadevida.com.ar\/portalurbano\/wp-content\/uploads\/2020\/08\/Informe-Sanitario.jpg",765,510,false],"1536x1536":["https:\/\/experienciadevida.com.ar\/portalurbano\/wp-content\/uploads\/2020\/08\/Informe-Sanitario.jpg",765,510,false],"2048x2048":["https:\/\/experienciadevida.com.ar\/portalurbano\/wp-content\/uploads\/2020\/08\/Informe-Sanitario.jpg",765,510,false],"newsever-slider-full":["https:\/\/experienciadevida.com.ar\/portalurbano\/wp-content\/uploads\/2020\/08\/Informe-Sanitario.jpg",765,510,false],"newsever-featured":["https:\/\/experienciadevida.com.ar\/portalurbano\/wp-content\/uploads\/2020\/08\/Informe-Sanitario.jpg",765,510,false],"newsever-medium":["https:\/\/experienciadevida.com.ar\/portalurbano\/wp-content\/uploads\/2020\/08\/Informe-Sanitario.jpg",713,475,false],"web-stories-poster-portrait":["https:\/\/experienciadevida.com.ar\/portalurbano\/wp-content\/uploads\/2020\/08\/Informe-Sanitario.jpg",640,427,false],"web-stories-publisher-logo":["https:\/\/experienciadevida.com.ar\/portalurbano\/wp-content\/uploads\/2020\/08\/Informe-Sanitario.jpg",96,64,false],"web-stories-thumbnail":["https:\/\/experienciadevida.com.ar\/portalurbano\/wp-content\/uploads\/2020\/08\/Informe-Sanitario.jpg",150,100,false]},"author_info":{"display_name":"admpu17wp","author_link":"https:\/\/experienciadevida.com.ar\/portalurbano\/author\/admpu17wp\/"},"category_info":"<a href=\"https:\/\/experienciadevida.com.ar\/portalurbano\/category\/destacadas\/\" rel=\"category tag\">Destacadas<\/a> <a href=\"https:\/\/experienciadevida.com.ar\/portalurbano\/category\/ciudad\/salud\/\" rel=\"category tag\">Salud<\/a>","tag_info":"Salud","comment_count":"0","amp_enabled":true,"_links":{"self":[{"href":"https:\/\/experienciadevida.com.ar\/portalurbano\/wp-json\/wp\/v2\/posts\/121315"}],"collection":[{"href":"https:\/\/experienciadevida.com.ar\/portalurbano\/wp-json\/wp\/v2\/posts"}],"about":[{"href":"https:\/\/experienciadevida.com.ar\/portalurbano\/wp-json\/wp\/v2\/types\/post"}],"author":[{"embeddable":true,"href":"https:\/\/experienciadevida.com.ar\/portalurbano\/wp-json\/wp\/v2\/users\/1"}],"replies":[{"embeddable":true,"href":"https:\/\/experienciadevida.com.ar\/portalurbano\/wp-json\/wp\/v2\/comments?post=121315"}],"version-history":[{"count":12,"href":"https:\/\/experienciadevida.com.ar\/portalurbano\/wp-json\/wp\/v2\/posts\/121315\/revisions"}],"predecessor-version":[{"id":121333,"href":"https:\/\/experienciadevida.com.ar\/portalurbano\/wp-json\/wp\/v2\/posts\/121315\/revisions\/121333"}],"wp:featuredmedia":[{"embeddable":true,"href":"https:\/\/experienciadevida.com.ar\/portalurbano\/wp-json\/wp\/v2\/media\/119048"}],"wp:attachment":[{"href":"https:\/\/experienciadevida.com.ar\/portalurbano\/wp-json\/wp\/v2\/media?parent=121315"}],"wp:term":[{"taxonomy":"category","embeddable":true,"href":"https:\/\/experienciadevida.com.ar\/portalurbano\/wp-json\/wp\/v2\/categories?post=121315"},{"taxonomy":"post_tag","embeddable":true,"href":"https:\/\/experienciadevida.com.ar\/portalurbano\/wp-json\/wp\/v2\/tags?post=121315"}],"curies":[{"name":"wp","href":"https:\/\/api.w.org\/{rel}","templated":true}]}}