{"id":121107,"date":"2020-09-12T12:10:58","date_gmt":"2020-09-12T15:10:58","guid":{"rendered":"https:\/\/experienciadevida.com.ar\/portalurbano\/?p=121107"},"modified":"2020-09-12T12:11:44","modified_gmt":"2020-09-12T15:11:44","slug":"la-semana-epidemiologica-finalizo-con-99-casos-positivos-como-continuara-olavarria","status":"publish","type":"post","link":"https:\/\/experienciadevida.com.ar\/portalurbano\/la-semana-epidemiologica-finalizo-con-99-casos-positivos-como-continuara-olavarria\/","title":{"rendered":"La semana epidemiol\u00f3gica finaliz\u00f3 con 99 casos positivos: \u00bfC\u00f3mo continuar\u00e1 Olavarr\u00eda?"},"content":{"rendered":"<p>Desde que arranc\u00f3 una nueva <strong>semana epidemiol\u00f3gica<\/strong> en Olavarr\u00eda, se registraron 99 casos positivos. El reporte sanitario brindado en el d\u00eda de ayer, el Municipio<a href=\"https:\/\/experienciadevida.com.ar\/portalurbano\/informe-sanitario-se-registraron-28-casos-positivos-de-covid-19\/\"> inform\u00f3 28 casos.\u00a0 \u00a0<\/a>El Intendente a trav\u00e9s de su perfil de <a href=\"https:\/\/www.facebook.com\/galliezequiel\">facebook<\/a>, mencion\u00f3 que se realizaron 94 testeos.<\/p>\n<p>El Jefe Comunal, en una conferencia de prensa, brindada el s\u00e1bado pasado, mencion\u00f3 que <a href=\"https:\/\/experienciadevida.com.ar\/portalurbano\/por-una-semana-mas-olavarria-continua-en-fase-4\/\">Olavarr\u00eda por una semana m\u00e1s continuaba en fase 4.<\/a> En la misma, el Doctor Caputo dijo &#8220;<em>estamos finalizando la semana m\u00e1s compleja y dura desde que comenz\u00f3 la pandemia&#8221;.<\/em><\/p>\n<p>Olavarr\u00eda tras el regreso a fase 4 sufri\u00f3 cambios, tanto en rubros que tuvieron que cerrar sus puertas como los <a href=\"https:\/\/experienciadevida.com.ar\/portalurbano\/se-realizo-una-movilizacion-en-apoyo-a-los-gimnasios\/\">gimnasios<\/a>.<\/p>\n<p>Los comercios tuvieron que modificar el horario de atenci\u00f3n al p\u00fablico de\u00a0 8 a 18hs y luego de ese horario tienen la posibilidad de utilizar la modalidad &#8220;delivery&#8221;.<\/p>\n<p>Por otro lado, desde el Municipio como desde la Secretar\u00eda de Salud remarcan la importancia del cuidado personal, lavado de manos, el distanciamiento social, no hacer reuniones sociales as\u00ed como tambi\u00e9n utilizar de manera correcta el barbijo o tapabocas.<\/p>\n<p>Infograf\u00eda positivos activos por d\u00eda, desde el inicio de la pandemia:<\/p>\n<div class=\"flourish-embed flourish-chart\" data-src=\"visualisation\/3132057\" data-url=\"https:\/\/flo.uri.sh\/visualisation\/3132057\/embed\" aria-label=\"\"><script src=\"https:\/\/public.flourish.studio\/resources\/embed.js\"><\/script><\/div>\n<div data-src=\"visualisation\/3317015\" data-url=\"https:\/\/flo.uri.sh\/visualisation\/3317015\/embed\" aria-label=\"\">Infograf\u00eda positivos\u00a0 por d\u00eda, desde el inicio de la pandemia:<\/div>\n<div data-src=\"visualisation\/3317015\" data-url=\"https:\/\/flo.uri.sh\/visualisation\/3317015\/embed\" aria-label=\"\"><\/div>\n<div class=\"flourish-embed flourish-chart\" data-src=\"visualisation\/3317015\" data-url=\"https:\/\/flo.uri.sh\/visualisation\/3317015\/embed\" aria-label=\"\"><script src=\"https:\/\/public.flourish.studio\/resources\/embed.js\"><\/script><\/div>\n","protected":false},"excerpt":{"rendered":"<p>Desde que arranc\u00f3 una nueva semana epidemiol\u00f3gica en Olavarr\u00eda, se registraron 99 casos positivos. El&#8230;<\/p>\n","protected":false},"author":1,"featured_media":118889,"comment_status":"closed","ping_status":"closed","sticky":false,"template":"","format":"standard","meta":{"content-type":""},"categories":[51,45],"tags":[],"nelio_content":{"isAutoShareEnabled":false,"autoShareEndMode":"default","automationSources":{"useContentSentences":true,"useSocialTemplates":true,"useCustomSentences":false,"customSentences":[]},"followers":[1],"suggestedReferences":[],"includedReferences":[],"efiUrl":"","efiAlt":"","highlights":[]},"yoast_head":"<!-- This site is optimized with the Yoast SEO plugin v20.7 - https:\/\/yoast.com\/wordpress\/plugins\/seo\/ -->\n<title>La Semana epidemiol\u00f3gica finaliz\u00f3 con 99 casos positivos<\/title>\n<meta name=\"description\" content=\"Desde que arranc\u00f3 una nueva semana epidemiol\u00f3gica en Olavarr\u00eda, se registraron 99 casos positivos. Ayer se reportaron 28 casos positivos.\" \/>\n<meta name=\"robots\" content=\"index, follow, max-snippet:-1, max-image-preview:large, max-video-preview:-1\" \/>\n<link rel=\"canonical\" href=\"https:\/\/experienciadevida.com.ar\/portalurbano\/la-semana-epidemiologica-finalizo-con-99-casos-positivos-como-continuara-olavarria\/\" \/>\n<meta property=\"og:locale\" content=\"es_ES\" \/>\n<meta property=\"og:type\" content=\"article\" \/>\n<meta property=\"og:title\" content=\"La Semana epidemiol\u00f3gica finaliz\u00f3 con 99 casos positivos\" \/>\n<meta property=\"og:description\" content=\"Desde que arranc\u00f3 una nueva semana epidemiol\u00f3gica en Olavarr\u00eda, se registraron 99 casos positivos. Ayer se reportaron 28 casos positivos.\" \/>\n<meta property=\"og:url\" content=\"https:\/\/experienciadevida.com.ar\/portalurbano\/la-semana-epidemiologica-finalizo-con-99-casos-positivos-como-continuara-olavarria\/\" \/>\n<meta property=\"article:publisher\" content=\"https:\/\/www.facebook.com\/Portal-Urbano-171542830093757\/\" \/>\n<meta property=\"article:published_time\" content=\"2020-09-12T15:10:58+00:00\" \/>\n<meta property=\"article:modified_time\" content=\"2020-09-12T15:11:44+00:00\" \/>\n<meta property=\"og:image\" content=\"https:\/\/experienciadevida.com.ar\/portalurbano\/wp-content\/uploads\/2020\/08\/PLAZA-1.jpg\" \/>\n\t<meta property=\"og:image:width\" content=\"765\" \/>\n\t<meta property=\"og:image:height\" content=\"510\" \/>\n\t<meta property=\"og:image:type\" content=\"image\/jpeg\" \/>\n<meta name=\"author\" content=\"admpu17wp\" \/>\n<meta name=\"twitter:card\" content=\"summary_large_image\" \/>\n<meta name=\"twitter:creator\" content=\"@portalurbanook\" \/>\n<meta name=\"twitter:site\" content=\"@portalurbanook\" \/>\n<meta name=\"twitter:label1\" content=\"Escrito por\" \/>\n\t<meta name=\"twitter:data1\" content=\"admpu17wp\" \/>\n\t<meta name=\"twitter:label2\" content=\"Tiempo de lectura\" \/>\n\t<meta name=\"twitter:data2\" content=\"1 minuto\" \/>\n<script type=\"application\/ld+json\" class=\"yoast-schema-graph\">{\"@context\":\"https:\/\/schema.org\",\"@graph\":[{\"@type\":\"Article\",\"@id\":\"https:\/\/experienciadevida.com.ar\/portalurbano\/la-semana-epidemiologica-finalizo-con-99-casos-positivos-como-continuara-olavarria\/#article\",\"isPartOf\":{\"@id\":\"https:\/\/experienciadevida.com.ar\/portalurbano\/la-semana-epidemiologica-finalizo-con-99-casos-positivos-como-continuara-olavarria\/\"},\"author\":{\"name\":\"admpu17wp\",\"@id\":\"https:\/\/experienciadevida.com.ar\/portalurbano\/#\/schema\/person\/02dd326b1c4b056e9cc972486934a3a7\"},\"headline\":\"La semana epidemiol\u00f3gica finaliz\u00f3 con 99 casos positivos: \u00bfC\u00f3mo continuar\u00e1 Olavarr\u00eda?\",\"datePublished\":\"2020-09-12T15:10:58+00:00\",\"dateModified\":\"2020-09-12T15:11:44+00:00\",\"mainEntityOfPage\":{\"@id\":\"https:\/\/experienciadevida.com.ar\/portalurbano\/la-semana-epidemiologica-finalizo-con-99-casos-positivos-como-continuara-olavarria\/\"},\"wordCount\":219,\"publisher\":{\"@id\":\"https:\/\/experienciadevida.com.ar\/portalurbano\/#organization\"},\"articleSection\":[\"Destacadas\",\"Salud\"],\"inLanguage\":\"es\"},{\"@type\":\"WebPage\",\"@id\":\"https:\/\/experienciadevida.com.ar\/portalurbano\/la-semana-epidemiologica-finalizo-con-99-casos-positivos-como-continuara-olavarria\/\",\"url\":\"https:\/\/experienciadevida.com.ar\/portalurbano\/la-semana-epidemiologica-finalizo-con-99-casos-positivos-como-continuara-olavarria\/\",\"name\":\"La Semana epidemiol\u00f3gica finaliz\u00f3 con 99 casos positivos\",\"isPartOf\":{\"@id\":\"https:\/\/experienciadevida.com.ar\/portalurbano\/#website\"},\"datePublished\":\"2020-09-12T15:10:58+00:00\",\"dateModified\":\"2020-09-12T15:11:44+00:00\",\"description\":\"Desde que arranc\u00f3 una nueva semana epidemiol\u00f3gica en Olavarr\u00eda, se registraron 99 casos positivos. Ayer se reportaron 28 casos positivos.\",\"breadcrumb\":{\"@id\":\"https:\/\/experienciadevida.com.ar\/portalurbano\/la-semana-epidemiologica-finalizo-con-99-casos-positivos-como-continuara-olavarria\/#breadcrumb\"},\"inLanguage\":\"es\",\"potentialAction\":[{\"@type\":\"ReadAction\",\"target\":[\"https:\/\/experienciadevida.com.ar\/portalurbano\/la-semana-epidemiologica-finalizo-con-99-casos-positivos-como-continuara-olavarria\/\"]}]},{\"@type\":\"BreadcrumbList\",\"@id\":\"https:\/\/experienciadevida.com.ar\/portalurbano\/la-semana-epidemiologica-finalizo-con-99-casos-positivos-como-continuara-olavarria\/#breadcrumb\",\"itemListElement\":[{\"@type\":\"ListItem\",\"position\":1,\"name\":\"Portada\",\"item\":\"https:\/\/experienciadevida.com.ar\/portalurbano\/\"},{\"@type\":\"ListItem\",\"position\":2,\"name\":\"La semana epidemiol\u00f3gica finaliz\u00f3 con 99 casos positivos: \u00bfC\u00f3mo continuar\u00e1 Olavarr\u00eda?\"}]},{\"@type\":\"WebSite\",\"@id\":\"https:\/\/experienciadevida.com.ar\/portalurbano\/#website\",\"url\":\"https:\/\/experienciadevida.com.ar\/portalurbano\/\",\"name\":\"\",\"description\":\"\",\"publisher\":{\"@id\":\"https:\/\/experienciadevida.com.ar\/portalurbano\/#organization\"},\"potentialAction\":[{\"@type\":\"SearchAction\",\"target\":{\"@type\":\"EntryPoint\",\"urlTemplate\":\"https:\/\/experienciadevida.com.ar\/portalurbano\/?s={search_term_string}\"},\"query-input\":\"required name=search_term_string\"}],\"inLanguage\":\"es\"},{\"@type\":\"Organization\",\"@id\":\"https:\/\/experienciadevida.com.ar\/portalurbano\/#organization\",\"name\":\"Portal Urbano\",\"url\":\"https:\/\/experienciadevida.com.ar\/portalurbano\/\",\"logo\":{\"@type\":\"ImageObject\",\"inLanguage\":\"es\",\"@id\":\"https:\/\/experienciadevida.com.ar\/portalurbano\/#\/schema\/logo\/image\/\",\"url\":\"https:\/\/experienciadevida.com.ar\/portalurbano\/wp-content\/uploads\/2019\/09\/Logo-Original.png\",\"contentUrl\":\"https:\/\/experienciadevida.com.ar\/portalurbano\/wp-content\/uploads\/2019\/09\/Logo-Original.png\",\"width\":2236,\"height\":1216,\"caption\":\"Portal Urbano\"},\"image\":{\"@id\":\"https:\/\/experienciadevida.com.ar\/portalurbano\/#\/schema\/logo\/image\/\"},\"sameAs\":[\"https:\/\/www.facebook.com\/Portal-Urbano-171542830093757\/\",\"https:\/\/twitter.com\/portalurbanook\",\"https:\/\/www.instagram.com\/_portalurbano\/\",\"https:\/\/www.youtube.com\/channel\/UCXhagIfszH8KxFiOok79zbA?view_as=subscriber\"]},{\"@type\":\"Person\",\"@id\":\"https:\/\/experienciadevida.com.ar\/portalurbano\/#\/schema\/person\/02dd326b1c4b056e9cc972486934a3a7\",\"name\":\"admpu17wp\",\"image\":{\"@type\":\"ImageObject\",\"inLanguage\":\"es\",\"@id\":\"https:\/\/experienciadevida.com.ar\/portalurbano\/#\/schema\/person\/image\/\",\"url\":\"https:\/\/secure.gravatar.com\/avatar\/830d4c57adaae6630765e449a6908047?s=96&d=mm&r=g\",\"contentUrl\":\"https:\/\/secure.gravatar.com\/avatar\/830d4c57adaae6630765e449a6908047?s=96&d=mm&r=g\",\"caption\":\"admpu17wp\"}}]}<\/script>\n<!-- \/ Yoast SEO plugin. -->","yoast_head_json":{"title":"La Semana epidemiol\u00f3gica finaliz\u00f3 con 99 casos positivos","description":"Desde que arranc\u00f3 una nueva semana epidemiol\u00f3gica en Olavarr\u00eda, se registraron 99 casos positivos. Ayer se reportaron 28 casos positivos.","robots":{"index":"index","follow":"follow","max-snippet":"max-snippet:-1","max-image-preview":"max-image-preview:large","max-video-preview":"max-video-preview:-1"},"canonical":"https:\/\/experienciadevida.com.ar\/portalurbano\/la-semana-epidemiologica-finalizo-con-99-casos-positivos-como-continuara-olavarria\/","og_locale":"es_ES","og_type":"article","og_title":"La Semana epidemiol\u00f3gica finaliz\u00f3 con 99 casos positivos","og_description":"Desde que arranc\u00f3 una nueva semana epidemiol\u00f3gica en Olavarr\u00eda, se registraron 99 casos positivos. Ayer se reportaron 28 casos positivos.","og_url":"https:\/\/experienciadevida.com.ar\/portalurbano\/la-semana-epidemiologica-finalizo-con-99-casos-positivos-como-continuara-olavarria\/","article_publisher":"https:\/\/www.facebook.com\/Portal-Urbano-171542830093757\/","article_published_time":"2020-09-12T15:10:58+00:00","article_modified_time":"2020-09-12T15:11:44+00:00","og_image":[{"width":765,"height":510,"url":"https:\/\/experienciadevida.com.ar\/portalurbano\/wp-content\/uploads\/2020\/08\/PLAZA-1.jpg","type":"image\/jpeg"}],"author":"admpu17wp","twitter_card":"summary_large_image","twitter_creator":"@portalurbanook","twitter_site":"@portalurbanook","twitter_misc":{"Escrito por":"admpu17wp","Tiempo de lectura":"1 minuto"},"schema":{"@context":"https:\/\/schema.org","@graph":[{"@type":"Article","@id":"https:\/\/experienciadevida.com.ar\/portalurbano\/la-semana-epidemiologica-finalizo-con-99-casos-positivos-como-continuara-olavarria\/#article","isPartOf":{"@id":"https:\/\/experienciadevida.com.ar\/portalurbano\/la-semana-epidemiologica-finalizo-con-99-casos-positivos-como-continuara-olavarria\/"},"author":{"name":"admpu17wp","@id":"https:\/\/experienciadevida.com.ar\/portalurbano\/#\/schema\/person\/02dd326b1c4b056e9cc972486934a3a7"},"headline":"La semana epidemiol\u00f3gica finaliz\u00f3 con 99 casos positivos: \u00bfC\u00f3mo continuar\u00e1 Olavarr\u00eda?","datePublished":"2020-09-12T15:10:58+00:00","dateModified":"2020-09-12T15:11:44+00:00","mainEntityOfPage":{"@id":"https:\/\/experienciadevida.com.ar\/portalurbano\/la-semana-epidemiologica-finalizo-con-99-casos-positivos-como-continuara-olavarria\/"},"wordCount":219,"publisher":{"@id":"https:\/\/experienciadevida.com.ar\/portalurbano\/#organization"},"articleSection":["Destacadas","Salud"],"inLanguage":"es"},{"@type":"WebPage","@id":"https:\/\/experienciadevida.com.ar\/portalurbano\/la-semana-epidemiologica-finalizo-con-99-casos-positivos-como-continuara-olavarria\/","url":"https:\/\/experienciadevida.com.ar\/portalurbano\/la-semana-epidemiologica-finalizo-con-99-casos-positivos-como-continuara-olavarria\/","name":"La Semana epidemiol\u00f3gica finaliz\u00f3 con 99 casos positivos","isPartOf":{"@id":"https:\/\/experienciadevida.com.ar\/portalurbano\/#website"},"datePublished":"2020-09-12T15:10:58+00:00","dateModified":"2020-09-12T15:11:44+00:00","description":"Desde que arranc\u00f3 una nueva semana epidemiol\u00f3gica en Olavarr\u00eda, se registraron 99 casos positivos. Ayer se reportaron 28 casos positivos.","breadcrumb":{"@id":"https:\/\/experienciadevida.com.ar\/portalurbano\/la-semana-epidemiologica-finalizo-con-99-casos-positivos-como-continuara-olavarria\/#breadcrumb"},"inLanguage":"es","potentialAction":[{"@type":"ReadAction","target":["https:\/\/experienciadevida.com.ar\/portalurbano\/la-semana-epidemiologica-finalizo-con-99-casos-positivos-como-continuara-olavarria\/"]}]},{"@type":"BreadcrumbList","@id":"https:\/\/experienciadevida.com.ar\/portalurbano\/la-semana-epidemiologica-finalizo-con-99-casos-positivos-como-continuara-olavarria\/#breadcrumb","itemListElement":[{"@type":"ListItem","position":1,"name":"Portada","item":"https:\/\/experienciadevida.com.ar\/portalurbano\/"},{"@type":"ListItem","position":2,"name":"La semana epidemiol\u00f3gica finaliz\u00f3 con 99 casos positivos: \u00bfC\u00f3mo continuar\u00e1 Olavarr\u00eda?"}]},{"@type":"WebSite","@id":"https:\/\/experienciadevida.com.ar\/portalurbano\/#website","url":"https:\/\/experienciadevida.com.ar\/portalurbano\/","name":"","description":"","publisher":{"@id":"https:\/\/experienciadevida.com.ar\/portalurbano\/#organization"},"potentialAction":[{"@type":"SearchAction","target":{"@type":"EntryPoint","urlTemplate":"https:\/\/experienciadevida.com.ar\/portalurbano\/?s={search_term_string}"},"query-input":"required name=search_term_string"}],"inLanguage":"es"},{"@type":"Organization","@id":"https:\/\/experienciadevida.com.ar\/portalurbano\/#organization","name":"Portal Urbano","url":"https:\/\/experienciadevida.com.ar\/portalurbano\/","logo":{"@type":"ImageObject","inLanguage":"es","@id":"https:\/\/experienciadevida.com.ar\/portalurbano\/#\/schema\/logo\/image\/","url":"https:\/\/experienciadevida.com.ar\/portalurbano\/wp-content\/uploads\/2019\/09\/Logo-Original.png","contentUrl":"https:\/\/experienciadevida.com.ar\/portalurbano\/wp-content\/uploads\/2019\/09\/Logo-Original.png","width":2236,"height":1216,"caption":"Portal Urbano"},"image":{"@id":"https:\/\/experienciadevida.com.ar\/portalurbano\/#\/schema\/logo\/image\/"},"sameAs":["https:\/\/www.facebook.com\/Portal-Urbano-171542830093757\/","https:\/\/twitter.com\/portalurbanook","https:\/\/www.instagram.com\/_portalurbano\/","https:\/\/www.youtube.com\/channel\/UCXhagIfszH8KxFiOok79zbA?view_as=subscriber"]},{"@type":"Person","@id":"https:\/\/experienciadevida.com.ar\/portalurbano\/#\/schema\/person\/02dd326b1c4b056e9cc972486934a3a7","name":"admpu17wp","image":{"@type":"ImageObject","inLanguage":"es","@id":"https:\/\/experienciadevida.com.ar\/portalurbano\/#\/schema\/person\/image\/","url":"https:\/\/secure.gravatar.com\/avatar\/830d4c57adaae6630765e449a6908047?s=96&d=mm&r=g","contentUrl":"https:\/\/secure.gravatar.com\/avatar\/830d4c57adaae6630765e449a6908047?s=96&d=mm&r=g","caption":"admpu17wp"}}]}},"featured_image_urls":{"full":["https:\/\/experienciadevida.com.ar\/portalurbano\/wp-content\/uploads\/2020\/08\/PLAZA-1.jpg",765,510,false],"thumbnail":["https:\/\/experienciadevida.com.ar\/portalurbano\/wp-content\/uploads\/2020\/08\/PLAZA-1-150x150.jpg",150,150,true],"medium":["https:\/\/experienciadevida.com.ar\/portalurbano\/wp-content\/uploads\/2020\/08\/PLAZA-1-300x200.jpg",300,200,true],"medium_large":["https:\/\/experienciadevida.com.ar\/portalurbano\/wp-content\/uploads\/2020\/08\/PLAZA-1.jpg",640,427,false],"large":["https:\/\/experienciadevida.com.ar\/portalurbano\/wp-content\/uploads\/2020\/08\/PLAZA-1.jpg",640,427,false],"ug_big":["https:\/\/experienciadevida.com.ar\/portalurbano\/wp-content\/uploads\/2020\/08\/PLAZA-1.jpg",765,510,false],"1536x1536":["https:\/\/experienciadevida.com.ar\/portalurbano\/wp-content\/uploads\/2020\/08\/PLAZA-1.jpg",765,510,false],"2048x2048":["https:\/\/experienciadevida.com.ar\/portalurbano\/wp-content\/uploads\/2020\/08\/PLAZA-1.jpg",765,510,false],"newsever-slider-full":["https:\/\/experienciadevida.com.ar\/portalurbano\/wp-content\/uploads\/2020\/08\/PLAZA-1.jpg",765,510,false],"newsever-featured":["https:\/\/experienciadevida.com.ar\/portalurbano\/wp-content\/uploads\/2020\/08\/PLAZA-1.jpg",765,510,false],"newsever-medium":["https:\/\/experienciadevida.com.ar\/portalurbano\/wp-content\/uploads\/2020\/08\/PLAZA-1.jpg",713,475,false],"web-stories-poster-portrait":["https:\/\/experienciadevida.com.ar\/portalurbano\/wp-content\/uploads\/2020\/08\/PLAZA-1.jpg",640,427,false],"web-stories-publisher-logo":["https:\/\/experienciadevida.com.ar\/portalurbano\/wp-content\/uploads\/2020\/08\/PLAZA-1.jpg",96,64,false],"web-stories-thumbnail":["https:\/\/experienciadevida.com.ar\/portalurbano\/wp-content\/uploads\/2020\/08\/PLAZA-1.jpg",150,100,false]},"author_info":{"display_name":"admpu17wp","author_link":"https:\/\/experienciadevida.com.ar\/portalurbano\/author\/admpu17wp\/"},"category_info":"<a href=\"https:\/\/experienciadevida.com.ar\/portalurbano\/category\/destacadas\/\" rel=\"category tag\">Destacadas<\/a> <a href=\"https:\/\/experienciadevida.com.ar\/portalurbano\/category\/ciudad\/salud\/\" rel=\"category tag\">Salud<\/a>","tag_info":"Salud","comment_count":"0","amp_enabled":true,"_links":{"self":[{"href":"https:\/\/experienciadevida.com.ar\/portalurbano\/wp-json\/wp\/v2\/posts\/121107"}],"collection":[{"href":"https:\/\/experienciadevida.com.ar\/portalurbano\/wp-json\/wp\/v2\/posts"}],"about":[{"href":"https:\/\/experienciadevida.com.ar\/portalurbano\/wp-json\/wp\/v2\/types\/post"}],"author":[{"embeddable":true,"href":"https:\/\/experienciadevida.com.ar\/portalurbano\/wp-json\/wp\/v2\/users\/1"}],"replies":[{"embeddable":true,"href":"https:\/\/experienciadevida.com.ar\/portalurbano\/wp-json\/wp\/v2\/comments?post=121107"}],"version-history":[{"count":6,"href":"https:\/\/experienciadevida.com.ar\/portalurbano\/wp-json\/wp\/v2\/posts\/121107\/revisions"}],"predecessor-version":[{"id":121114,"href":"https:\/\/experienciadevida.com.ar\/portalurbano\/wp-json\/wp\/v2\/posts\/121107\/revisions\/121114"}],"wp:featuredmedia":[{"embeddable":true,"href":"https:\/\/experienciadevida.com.ar\/portalurbano\/wp-json\/wp\/v2\/media\/118889"}],"wp:attachment":[{"href":"https:\/\/experienciadevida.com.ar\/portalurbano\/wp-json\/wp\/v2\/media?parent=121107"}],"wp:term":[{"taxonomy":"category","embeddable":true,"href":"https:\/\/experienciadevida.com.ar\/portalurbano\/wp-json\/wp\/v2\/categories?post=121107"},{"taxonomy":"post_tag","embeddable":true,"href":"https:\/\/experienciadevida.com.ar\/portalurbano\/wp-json\/wp\/v2\/tags?post=121107"}],"curies":[{"name":"wp","href":"https:\/\/api.w.org\/{rel}","templated":true}]}}