{"id":121073,"date":"2020-09-11T17:33:02","date_gmt":"2020-09-11T20:33:02","guid":{"rendered":"https:\/\/experienciadevida.com.ar\/portalurbano\/?p=121073"},"modified":"2020-09-11T17:33:54","modified_gmt":"2020-09-11T20:33:54","slug":"hoy-se-cumplen-6-meses-desde-que-la-oms-declaro-la-pandemia-de-coronavirus","status":"publish","type":"post","link":"https:\/\/experienciadevida.com.ar\/portalurbano\/hoy-se-cumplen-6-meses-desde-que-la-oms-declaro-la-pandemia-de-coronavirus\/","title":{"rendered":"Hoy se cumplen 6 meses desde que la OMS declar\u00f3 la pandemia de coronavirus"},"content":{"rendered":"<p>Fue el 11 de marzo, hace exactamente medio a\u00f1o cuando la <strong>OMS<\/strong>, cuando solo se hab\u00edan registrado oficialmente 120.000 infectados y 4.200 fallecidos por la enfermedad en todo el planeta. Hoy hay cerca de 900 mil muertos.<\/p>\n<p><a href=\"https:\/\/experienciadevida.com.ar\/portalurbano\/la-receta-del-desastre-la-oms-alerto-sobre-las-reaperturas-sin-control-en-el-mundo\/\">La\u00a0<strong>OMS\u00a0<\/strong>d\u00edas atr\u00e1s advirti\u00f3 sobre las reaperturas sin control en el mundo.<\/a><\/p>\n<p>Hace exactamente seis meses la\u00a0<strong>OMS\u00a0<\/strong>declaraba la pandemia de coronavirus que contin\u00faa afectando a todo el planeta. Para aquel 11 de marzo, medio a\u00f1o atr\u00e1s, solo se hab\u00edan registrado oficialmente 120.000 infectados y 4.200 fallecidos, principalmente en la regi\u00f3n de Wuhan en China. Al d\u00eda de hoy, las cifras hablan de cerca de 28 millones de contagios y 900.000 muertos por Covid-19.<\/p>\n<p>Al momento de ser declarada la pandemia por la <strong>OMS<\/strong>, el virus ya circulaba en los cinco continentes, pero m\u00e1s de dos tercios de los casos registrados desde el inicio de la propagaci\u00f3n del virus se encontraban en Asia.<\/p>\n<p>Sin embargo, fue en Europa donde el virus se propag\u00f3 con mayor rapidez: la segunda quincena de marzo, m\u00e1s del 80% de los nuevos casos mundiales fueron detectados en este continente.<\/p>\n<p>Europa conoci\u00f3 su peor semana del 10 al 16 de abril, cuando se registraron 282.763 nuevos casos en siete d\u00edas y 27.447 muertes.<\/p>\n<p>El epicentro de la pandemia declarada por la\u00a0<strong>OMS<\/strong>\u00a0se desplaz\u00f3, luego, a Estados Unidos, despu\u00e9s a Am\u00e9rica Latina y el Caribe.<\/p>\n<p>En Estados Unidos, luego de Nueva York, los estados se enfrentaron uno tras otro a una primera ola que parece no querer bajar y el pa\u00eds lleg\u00f3 a registrar m\u00e1s de 470.000 casos en una semana a fines de julio.<\/p>\n<p>Am\u00e9rica Latina experiment\u00f3 un fuerte incremento de casos y muertos a partir de junio, registrando alrededor de la mitad de las nuevas muertes durante todo el verano europeo, hasta convertirse hoy en la regi\u00f3n del mundo m\u00e1s afectada, con m\u00e1s de 300.000 muertos y cerca de 8 millones de infectados.<\/p>\n<p>En tanto, Medio Oriente registra 1.625.285 casos y 39.038 muertes, \u00c1frica 1.323.325 contagiados, 31.893 fallecidos; mientras que Ocean\u00eda 30.306 infectados, 841 v\u00edctimas fatales siguen siendo los menos afectados, seg\u00fan cifras oficialmente registradas, aunque la epidemia empieza a crecer en Asia, con un promedio 80.000 nuevos casos declarados por d\u00eda, especialmente en India.<\/p>\n<p>Globalmente, el ritmo de la pandemia parece haberse estabilizado desde mediados de agosto, con alrededor de 260.000 casos y 5.500 muertos declarados diariamente a escala mundial.<\/p>\n<p>Pero las disparidades entre regiones y pa\u00edses perduran, hasta el punto que algunos temen la llegada de una segunda ola.<\/p>\n<p>India (4.465.863 casos, 75.062 muertos), Estados Unidos (6.363.276, 190.873) y Brasil (4.197.889, 128.539) contabilizan m\u00e1s de la mitad de casos declarados y junto a M\u00e9xico (647.507, 69.095) registran la mitad de las muertes mundiales.<\/p>\n<p>En cuanto a rebrotes locales, Israel super\u00f3 el fin de semana pasado el umbral de los 1.000 muertos, triplicando -as\u00ed- el n\u00famero de fallecidos por coronavirus durante los meses del verano europeo.<\/p>\n<p>Espa\u00f1a super\u00f3, el lunes, el medio mill\u00f3n de infecciones y en Francia -pa\u00eds que hace m\u00e1s pruebas que al inicio de la pandemia- preocupa a las autoridades el n\u00famero de nuevos casos registrados diariamente con m\u00e1s de 7.000, un aumento de 30% de nuevos casos en una semana.<\/p>\n<p>En Medio Oriente, Ir\u00e1n registra alrededor de 2.000 nuevos casos diarios, y en \u00c1frica, Marruecos observa un alza casi constante desde mediados de julio con m\u00e1s de 1.700 casos registrados diariamente en promedio, en los siete \u00faltimos d\u00edas, lo que significa un alza de 30% con relaci\u00f3n a la semana anterior.<\/p>\n<p>Por el contrario, algunos pa\u00edses no registraron nuevos casos desde hace varias semanas como Macao y Laos, en Asia, o el peque\u00f1o archipi\u00e9lago de Palaos, en Ocean\u00eda.<\/p>\n<p>China no anunci\u00f3 oficialmente ninguna nueva muerte desde mediados de mayo y registra diariamente solo unas diez nuevas infecciones.<\/p>\n<p>El Vaticano es una excepci\u00f3n en Europa, con solo 12 infecciones declaradas, la \u00faltima a comienzos de mayo.<\/p>\n<p>Unos pocos pa\u00edses en el mundo aseguran haber escapado a la pandemia, entre ellos Turkmenist\u00e1n -que enfrenta sin embargo, seg\u00fan la <strong>OMS<\/strong>, un incremento preocupante de casos de neumon\u00eda-, Corea del Norte -que nunca confirm\u00f3 un caso considerado &#8220;sospechoso&#8221; a fines de julio- y algunas islas del Pac\u00edfico.<\/p>\n","protected":false},"excerpt":{"rendered":"<p>Fue el 11 de marzo, hace exactamente medio a\u00f1o cuando la OMS, cuando solo se&#8230;<\/p>\n","protected":false},"author":1,"featured_media":112894,"comment_status":"closed","ping_status":"closed","sticky":false,"template":"","format":"standard","meta":{"content-type":""},"categories":[71,39],"tags":[],"nelio_content":{"isAutoShareEnabled":false,"autoShareEndMode":"default","automationSources":{"useContentSentences":true,"useSocialTemplates":true,"useCustomSentences":false,"customSentences":[]},"followers":[1],"suggestedReferences":[],"includedReferences":[],"efiUrl":"","efiAlt":"","highlights":[]},"yoast_head":"<!-- This site is optimized with the Yoast SEO plugin v20.7 - https:\/\/yoast.com\/wordpress\/plugins\/seo\/ -->\n<title>Se cumplen 6 meses de que la OMS declaro la pandemia de Coronavirus<\/title>\n<meta name=\"description\" content=\"La OMS en el mes de marzo declar\u00f3 la pandemia de coronavirus cuando s\u00f3lo se hab\u00edan registrado 120.000 infectados y 4.200 fallecidos.\" \/>\n<meta name=\"robots\" content=\"index, follow, max-snippet:-1, max-image-preview:large, max-video-preview:-1\" \/>\n<link rel=\"canonical\" href=\"https:\/\/experienciadevida.com.ar\/portalurbano\/hoy-se-cumplen-6-meses-desde-que-la-oms-declaro-la-pandemia-de-coronavirus\/\" \/>\n<meta property=\"og:locale\" content=\"es_ES\" \/>\n<meta property=\"og:type\" content=\"article\" \/>\n<meta property=\"og:title\" content=\"Se cumplen 6 meses de que la OMS declaro la pandemia de Coronavirus\" \/>\n<meta property=\"og:description\" content=\"La OMS en el mes de marzo declar\u00f3 la pandemia de coronavirus cuando s\u00f3lo se hab\u00edan registrado 120.000 infectados y 4.200 fallecidos.\" \/>\n<meta property=\"og:url\" content=\"https:\/\/experienciadevida.com.ar\/portalurbano\/hoy-se-cumplen-6-meses-desde-que-la-oms-declaro-la-pandemia-de-coronavirus\/\" \/>\n<meta property=\"article:publisher\" content=\"https:\/\/www.facebook.com\/Portal-Urbano-171542830093757\/\" \/>\n<meta property=\"article:published_time\" content=\"2020-09-11T20:33:02+00:00\" \/>\n<meta property=\"article:modified_time\" content=\"2020-09-11T20:33:54+00:00\" \/>\n<meta property=\"og:image\" content=\"https:\/\/experienciadevida.com.ar\/portalurbano\/wp-content\/uploads\/2020\/06\/OMS.jpg\" \/>\n\t<meta property=\"og:image:width\" content=\"696\" \/>\n\t<meta property=\"og:image:height\" content=\"623\" \/>\n\t<meta property=\"og:image:type\" content=\"image\/jpeg\" \/>\n<meta name=\"author\" content=\"admpu17wp\" \/>\n<meta name=\"twitter:card\" content=\"summary_large_image\" \/>\n<meta name=\"twitter:creator\" content=\"@portalurbanook\" \/>\n<meta name=\"twitter:site\" content=\"@portalurbanook\" \/>\n<meta name=\"twitter:label1\" content=\"Escrito por\" \/>\n\t<meta name=\"twitter:data1\" content=\"admpu17wp\" \/>\n\t<meta name=\"twitter:label2\" content=\"Tiempo de lectura\" \/>\n\t<meta name=\"twitter:data2\" content=\"4 minutos\" \/>\n<script type=\"application\/ld+json\" class=\"yoast-schema-graph\">{\"@context\":\"https:\/\/schema.org\",\"@graph\":[{\"@type\":\"Article\",\"@id\":\"https:\/\/experienciadevida.com.ar\/portalurbano\/hoy-se-cumplen-6-meses-desde-que-la-oms-declaro-la-pandemia-de-coronavirus\/#article\",\"isPartOf\":{\"@id\":\"https:\/\/experienciadevida.com.ar\/portalurbano\/hoy-se-cumplen-6-meses-desde-que-la-oms-declaro-la-pandemia-de-coronavirus\/\"},\"author\":{\"name\":\"admpu17wp\",\"@id\":\"https:\/\/experienciadevida.com.ar\/portalurbano\/#\/schema\/person\/02dd326b1c4b056e9cc972486934a3a7\"},\"headline\":\"Hoy se cumplen 6 meses desde que la OMS declar\u00f3 la pandemia de coronavirus\",\"datePublished\":\"2020-09-11T20:33:02+00:00\",\"dateModified\":\"2020-09-11T20:33:54+00:00\",\"mainEntityOfPage\":{\"@id\":\"https:\/\/experienciadevida.com.ar\/portalurbano\/hoy-se-cumplen-6-meses-desde-que-la-oms-declaro-la-pandemia-de-coronavirus\/\"},\"wordCount\":716,\"publisher\":{\"@id\":\"https:\/\/experienciadevida.com.ar\/portalurbano\/#organization\"},\"articleSection\":[\"Coronavirus\",\"Naci\u00f3n\"],\"inLanguage\":\"es\"},{\"@type\":\"WebPage\",\"@id\":\"https:\/\/experienciadevida.com.ar\/portalurbano\/hoy-se-cumplen-6-meses-desde-que-la-oms-declaro-la-pandemia-de-coronavirus\/\",\"url\":\"https:\/\/experienciadevida.com.ar\/portalurbano\/hoy-se-cumplen-6-meses-desde-que-la-oms-declaro-la-pandemia-de-coronavirus\/\",\"name\":\"Se cumplen 6 meses de que la OMS declaro la pandemia de Coronavirus\",\"isPartOf\":{\"@id\":\"https:\/\/experienciadevida.com.ar\/portalurbano\/#website\"},\"datePublished\":\"2020-09-11T20:33:02+00:00\",\"dateModified\":\"2020-09-11T20:33:54+00:00\",\"description\":\"La OMS en el mes de marzo declar\u00f3 la pandemia de coronavirus cuando s\u00f3lo se hab\u00edan registrado 120.000 infectados y 4.200 fallecidos.\",\"breadcrumb\":{\"@id\":\"https:\/\/experienciadevida.com.ar\/portalurbano\/hoy-se-cumplen-6-meses-desde-que-la-oms-declaro-la-pandemia-de-coronavirus\/#breadcrumb\"},\"inLanguage\":\"es\",\"potentialAction\":[{\"@type\":\"ReadAction\",\"target\":[\"https:\/\/experienciadevida.com.ar\/portalurbano\/hoy-se-cumplen-6-meses-desde-que-la-oms-declaro-la-pandemia-de-coronavirus\/\"]}]},{\"@type\":\"BreadcrumbList\",\"@id\":\"https:\/\/experienciadevida.com.ar\/portalurbano\/hoy-se-cumplen-6-meses-desde-que-la-oms-declaro-la-pandemia-de-coronavirus\/#breadcrumb\",\"itemListElement\":[{\"@type\":\"ListItem\",\"position\":1,\"name\":\"Portada\",\"item\":\"https:\/\/experienciadevida.com.ar\/portalurbano\/\"},{\"@type\":\"ListItem\",\"position\":2,\"name\":\"Hoy se cumplen 6 meses desde que la OMS declar\u00f3 la pandemia de coronavirus\"}]},{\"@type\":\"WebSite\",\"@id\":\"https:\/\/experienciadevida.com.ar\/portalurbano\/#website\",\"url\":\"https:\/\/experienciadevida.com.ar\/portalurbano\/\",\"name\":\"\",\"description\":\"\",\"publisher\":{\"@id\":\"https:\/\/experienciadevida.com.ar\/portalurbano\/#organization\"},\"potentialAction\":[{\"@type\":\"SearchAction\",\"target\":{\"@type\":\"EntryPoint\",\"urlTemplate\":\"https:\/\/experienciadevida.com.ar\/portalurbano\/?s={search_term_string}\"},\"query-input\":\"required name=search_term_string\"}],\"inLanguage\":\"es\"},{\"@type\":\"Organization\",\"@id\":\"https:\/\/experienciadevida.com.ar\/portalurbano\/#organization\",\"name\":\"Portal Urbano\",\"url\":\"https:\/\/experienciadevida.com.ar\/portalurbano\/\",\"logo\":{\"@type\":\"ImageObject\",\"inLanguage\":\"es\",\"@id\":\"https:\/\/experienciadevida.com.ar\/portalurbano\/#\/schema\/logo\/image\/\",\"url\":\"https:\/\/experienciadevida.com.ar\/portalurbano\/wp-content\/uploads\/2019\/09\/Logo-Original.png\",\"contentUrl\":\"https:\/\/experienciadevida.com.ar\/portalurbano\/wp-content\/uploads\/2019\/09\/Logo-Original.png\",\"width\":2236,\"height\":1216,\"caption\":\"Portal Urbano\"},\"image\":{\"@id\":\"https:\/\/experienciadevida.com.ar\/portalurbano\/#\/schema\/logo\/image\/\"},\"sameAs\":[\"https:\/\/www.facebook.com\/Portal-Urbano-171542830093757\/\",\"https:\/\/twitter.com\/portalurbanook\",\"https:\/\/www.instagram.com\/_portalurbano\/\",\"https:\/\/www.youtube.com\/channel\/UCXhagIfszH8KxFiOok79zbA?view_as=subscriber\"]},{\"@type\":\"Person\",\"@id\":\"https:\/\/experienciadevida.com.ar\/portalurbano\/#\/schema\/person\/02dd326b1c4b056e9cc972486934a3a7\",\"name\":\"admpu17wp\",\"image\":{\"@type\":\"ImageObject\",\"inLanguage\":\"es\",\"@id\":\"https:\/\/experienciadevida.com.ar\/portalurbano\/#\/schema\/person\/image\/\",\"url\":\"https:\/\/secure.gravatar.com\/avatar\/830d4c57adaae6630765e449a6908047?s=96&d=mm&r=g\",\"contentUrl\":\"https:\/\/secure.gravatar.com\/avatar\/830d4c57adaae6630765e449a6908047?s=96&d=mm&r=g\",\"caption\":\"admpu17wp\"}}]}<\/script>\n<!-- \/ Yoast SEO plugin. -->","yoast_head_json":{"title":"Se cumplen 6 meses de que la OMS declaro la pandemia de Coronavirus","description":"La OMS en el mes de marzo declar\u00f3 la pandemia de coronavirus cuando s\u00f3lo se hab\u00edan registrado 120.000 infectados y 4.200 fallecidos.","robots":{"index":"index","follow":"follow","max-snippet":"max-snippet:-1","max-image-preview":"max-image-preview:large","max-video-preview":"max-video-preview:-1"},"canonical":"https:\/\/experienciadevida.com.ar\/portalurbano\/hoy-se-cumplen-6-meses-desde-que-la-oms-declaro-la-pandemia-de-coronavirus\/","og_locale":"es_ES","og_type":"article","og_title":"Se cumplen 6 meses de que la OMS declaro la pandemia de Coronavirus","og_description":"La OMS en el mes de marzo declar\u00f3 la pandemia de coronavirus cuando s\u00f3lo se hab\u00edan registrado 120.000 infectados y 4.200 fallecidos.","og_url":"https:\/\/experienciadevida.com.ar\/portalurbano\/hoy-se-cumplen-6-meses-desde-que-la-oms-declaro-la-pandemia-de-coronavirus\/","article_publisher":"https:\/\/www.facebook.com\/Portal-Urbano-171542830093757\/","article_published_time":"2020-09-11T20:33:02+00:00","article_modified_time":"2020-09-11T20:33:54+00:00","og_image":[{"width":696,"height":623,"url":"https:\/\/experienciadevida.com.ar\/portalurbano\/wp-content\/uploads\/2020\/06\/OMS.jpg","type":"image\/jpeg"}],"author":"admpu17wp","twitter_card":"summary_large_image","twitter_creator":"@portalurbanook","twitter_site":"@portalurbanook","twitter_misc":{"Escrito por":"admpu17wp","Tiempo de lectura":"4 minutos"},"schema":{"@context":"https:\/\/schema.org","@graph":[{"@type":"Article","@id":"https:\/\/experienciadevida.com.ar\/portalurbano\/hoy-se-cumplen-6-meses-desde-que-la-oms-declaro-la-pandemia-de-coronavirus\/#article","isPartOf":{"@id":"https:\/\/experienciadevida.com.ar\/portalurbano\/hoy-se-cumplen-6-meses-desde-que-la-oms-declaro-la-pandemia-de-coronavirus\/"},"author":{"name":"admpu17wp","@id":"https:\/\/experienciadevida.com.ar\/portalurbano\/#\/schema\/person\/02dd326b1c4b056e9cc972486934a3a7"},"headline":"Hoy se cumplen 6 meses desde que la OMS declar\u00f3 la pandemia de coronavirus","datePublished":"2020-09-11T20:33:02+00:00","dateModified":"2020-09-11T20:33:54+00:00","mainEntityOfPage":{"@id":"https:\/\/experienciadevida.com.ar\/portalurbano\/hoy-se-cumplen-6-meses-desde-que-la-oms-declaro-la-pandemia-de-coronavirus\/"},"wordCount":716,"publisher":{"@id":"https:\/\/experienciadevida.com.ar\/portalurbano\/#organization"},"articleSection":["Coronavirus","Naci\u00f3n"],"inLanguage":"es"},{"@type":"WebPage","@id":"https:\/\/experienciadevida.com.ar\/portalurbano\/hoy-se-cumplen-6-meses-desde-que-la-oms-declaro-la-pandemia-de-coronavirus\/","url":"https:\/\/experienciadevida.com.ar\/portalurbano\/hoy-se-cumplen-6-meses-desde-que-la-oms-declaro-la-pandemia-de-coronavirus\/","name":"Se cumplen 6 meses de que la OMS declaro la pandemia de Coronavirus","isPartOf":{"@id":"https:\/\/experienciadevida.com.ar\/portalurbano\/#website"},"datePublished":"2020-09-11T20:33:02+00:00","dateModified":"2020-09-11T20:33:54+00:00","description":"La OMS en el mes de marzo declar\u00f3 la pandemia de coronavirus cuando s\u00f3lo se hab\u00edan registrado 120.000 infectados y 4.200 fallecidos.","breadcrumb":{"@id":"https:\/\/experienciadevida.com.ar\/portalurbano\/hoy-se-cumplen-6-meses-desde-que-la-oms-declaro-la-pandemia-de-coronavirus\/#breadcrumb"},"inLanguage":"es","potentialAction":[{"@type":"ReadAction","target":["https:\/\/experienciadevida.com.ar\/portalurbano\/hoy-se-cumplen-6-meses-desde-que-la-oms-declaro-la-pandemia-de-coronavirus\/"]}]},{"@type":"BreadcrumbList","@id":"https:\/\/experienciadevida.com.ar\/portalurbano\/hoy-se-cumplen-6-meses-desde-que-la-oms-declaro-la-pandemia-de-coronavirus\/#breadcrumb","itemListElement":[{"@type":"ListItem","position":1,"name":"Portada","item":"https:\/\/experienciadevida.com.ar\/portalurbano\/"},{"@type":"ListItem","position":2,"name":"Hoy se cumplen 6 meses desde que la OMS declar\u00f3 la pandemia de coronavirus"}]},{"@type":"WebSite","@id":"https:\/\/experienciadevida.com.ar\/portalurbano\/#website","url":"https:\/\/experienciadevida.com.ar\/portalurbano\/","name":"","description":"","publisher":{"@id":"https:\/\/experienciadevida.com.ar\/portalurbano\/#organization"},"potentialAction":[{"@type":"SearchAction","target":{"@type":"EntryPoint","urlTemplate":"https:\/\/experienciadevida.com.ar\/portalurbano\/?s={search_term_string}"},"query-input":"required name=search_term_string"}],"inLanguage":"es"},{"@type":"Organization","@id":"https:\/\/experienciadevida.com.ar\/portalurbano\/#organization","name":"Portal Urbano","url":"https:\/\/experienciadevida.com.ar\/portalurbano\/","logo":{"@type":"ImageObject","inLanguage":"es","@id":"https:\/\/experienciadevida.com.ar\/portalurbano\/#\/schema\/logo\/image\/","url":"https:\/\/experienciadevida.com.ar\/portalurbano\/wp-content\/uploads\/2019\/09\/Logo-Original.png","contentUrl":"https:\/\/experienciadevida.com.ar\/portalurbano\/wp-content\/uploads\/2019\/09\/Logo-Original.png","width":2236,"height":1216,"caption":"Portal Urbano"},"image":{"@id":"https:\/\/experienciadevida.com.ar\/portalurbano\/#\/schema\/logo\/image\/"},"sameAs":["https:\/\/www.facebook.com\/Portal-Urbano-171542830093757\/","https:\/\/twitter.com\/portalurbanook","https:\/\/www.instagram.com\/_portalurbano\/","https:\/\/www.youtube.com\/channel\/UCXhagIfszH8KxFiOok79zbA?view_as=subscriber"]},{"@type":"Person","@id":"https:\/\/experienciadevida.com.ar\/portalurbano\/#\/schema\/person\/02dd326b1c4b056e9cc972486934a3a7","name":"admpu17wp","image":{"@type":"ImageObject","inLanguage":"es","@id":"https:\/\/experienciadevida.com.ar\/portalurbano\/#\/schema\/person\/image\/","url":"https:\/\/secure.gravatar.com\/avatar\/830d4c57adaae6630765e449a6908047?s=96&d=mm&r=g","contentUrl":"https:\/\/secure.gravatar.com\/avatar\/830d4c57adaae6630765e449a6908047?s=96&d=mm&r=g","caption":"admpu17wp"}}]}},"featured_image_urls":{"full":["https:\/\/experienciadevida.com.ar\/portalurbano\/wp-content\/uploads\/2020\/06\/OMS.jpg",696,623,false],"thumbnail":["https:\/\/experienciadevida.com.ar\/portalurbano\/wp-content\/uploads\/2020\/06\/OMS-150x150.jpg",150,150,true],"medium":["https:\/\/experienciadevida.com.ar\/portalurbano\/wp-content\/uploads\/2020\/06\/OMS-300x269.jpg",300,269,true],"medium_large":["https:\/\/experienciadevida.com.ar\/portalurbano\/wp-content\/uploads\/2020\/06\/OMS.jpg",640,573,false],"large":["https:\/\/experienciadevida.com.ar\/portalurbano\/wp-content\/uploads\/2020\/06\/OMS.jpg",640,573,false],"ug_big":["https:\/\/experienciadevida.com.ar\/portalurbano\/wp-content\/uploads\/2020\/06\/OMS.jpg",696,623,false],"1536x1536":["https:\/\/experienciadevida.com.ar\/portalurbano\/wp-content\/uploads\/2020\/06\/OMS.jpg",696,623,false],"2048x2048":["https:\/\/experienciadevida.com.ar\/portalurbano\/wp-content\/uploads\/2020\/06\/OMS.jpg",696,623,false],"newsever-slider-full":["https:\/\/experienciadevida.com.ar\/portalurbano\/wp-content\/uploads\/2020\/06\/OMS.jpg",696,623,false],"newsever-featured":["https:\/\/experienciadevida.com.ar\/portalurbano\/wp-content\/uploads\/2020\/06\/OMS.jpg",696,623,false],"newsever-medium":["https:\/\/experienciadevida.com.ar\/portalurbano\/wp-content\/uploads\/2020\/06\/OMS.jpg",531,475,false],"web-stories-poster-portrait":["https:\/\/experienciadevida.com.ar\/portalurbano\/wp-content\/uploads\/2020\/06\/OMS.jpg",640,573,false],"web-stories-publisher-logo":["https:\/\/experienciadevida.com.ar\/portalurbano\/wp-content\/uploads\/2020\/06\/OMS.jpg",96,86,false],"web-stories-thumbnail":["https:\/\/experienciadevida.com.ar\/portalurbano\/wp-content\/uploads\/2020\/06\/OMS.jpg",150,134,false]},"author_info":{"display_name":"admpu17wp","author_link":"https:\/\/experienciadevida.com.ar\/portalurbano\/author\/admpu17wp\/"},"category_info":"<a href=\"https:\/\/experienciadevida.com.ar\/portalurbano\/category\/nacion\/coronavirus\/\" rel=\"category tag\">Coronavirus<\/a> <a href=\"https:\/\/experienciadevida.com.ar\/portalurbano\/category\/nacion\/\" rel=\"category tag\">Naci\u00f3n<\/a>","tag_info":"Naci\u00f3n","comment_count":"0","amp_enabled":true,"_links":{"self":[{"href":"https:\/\/experienciadevida.com.ar\/portalurbano\/wp-json\/wp\/v2\/posts\/121073"}],"collection":[{"href":"https:\/\/experienciadevida.com.ar\/portalurbano\/wp-json\/wp\/v2\/posts"}],"about":[{"href":"https:\/\/experienciadevida.com.ar\/portalurbano\/wp-json\/wp\/v2\/types\/post"}],"author":[{"embeddable":true,"href":"https:\/\/experienciadevida.com.ar\/portalurbano\/wp-json\/wp\/v2\/users\/1"}],"replies":[{"embeddable":true,"href":"https:\/\/experienciadevida.com.ar\/portalurbano\/wp-json\/wp\/v2\/comments?post=121073"}],"version-history":[{"count":2,"href":"https:\/\/experienciadevida.com.ar\/portalurbano\/wp-json\/wp\/v2\/posts\/121073\/revisions"}],"predecessor-version":[{"id":121075,"href":"https:\/\/experienciadevida.com.ar\/portalurbano\/wp-json\/wp\/v2\/posts\/121073\/revisions\/121075"}],"wp:featuredmedia":[{"embeddable":true,"href":"https:\/\/experienciadevida.com.ar\/portalurbano\/wp-json\/wp\/v2\/media\/112894"}],"wp:attachment":[{"href":"https:\/\/experienciadevida.com.ar\/portalurbano\/wp-json\/wp\/v2\/media?parent=121073"}],"wp:term":[{"taxonomy":"category","embeddable":true,"href":"https:\/\/experienciadevida.com.ar\/portalurbano\/wp-json\/wp\/v2\/categories?post=121073"},{"taxonomy":"post_tag","embeddable":true,"href":"https:\/\/experienciadevida.com.ar\/portalurbano\/wp-json\/wp\/v2\/tags?post=121073"}],"curies":[{"name":"wp","href":"https:\/\/api.w.org\/{rel}","templated":true}]}}