{"id":121001,"date":"2020-09-11T10:10:09","date_gmt":"2020-09-11T13:10:09","guid":{"rendered":"https:\/\/experienciadevida.com.ar\/portalurbano\/?p=121001"},"modified":"2020-09-11T11:00:47","modified_gmt":"2020-09-11T14:00:47","slug":"hay-un-caso-positivo-de-covid-19-en-un-hogar-de-ancianos","status":"publish","type":"post","link":"https:\/\/experienciadevida.com.ar\/portalurbano\/hay-un-caso-positivo-de-covid-19-en-un-hogar-de-ancianos\/","title":{"rendered":"Hay un caso positivo de Covid-19 en un Hogar de ancianos"},"content":{"rendered":"<p>El Intendente <a href=\"https:\/\/www.facebook.com\/galliezequiel\">Ezequiel Galli<\/a> confirm\u00f3 un caso positivo de coronavirus en el <strong>Hogar de ancianos<\/strong> San Vicente de Paul y activar\u00e1n el protocolo, as\u00ed lo dijo en una entrevista radial con radio Olavarr\u00eda. El caso positivo se encuentra en el reporte brindado en el d\u00eda de ayer donde <a href=\"https:\/\/experienciadevida.com.ar\/portalurbano\/la-municipalidad-de-olavarria-reporto-que-se-registraron-22-casos-positivos-de-covid-19\/\">confirmaron 22 casos positivos de coronavirus.\u00a0<\/a><\/p>\n<p>Es importante recordar que ya hubo casos positivos <a href=\"https:\/\/experienciadevida.com.ar\/portalurbano\/tras-el-caso-positivo-el-intendente-y-autoridades-estuvieron-en-el-hogar-de-ancianos\/\">en otros geri\u00e1tricos de nuestra ciudad<\/a> y que el Municipio viene trabajando en conjunto con los referentes de dichas Instituciones aplicando los protocolos necesarios para contener el foco de casos.<\/p>\n<p>El Jefe Comunal explic\u00f3 &#8220;<em>Hemos tenido una cantidad de casos pero la buena noticia como siempre digo dentro de las malas noticias es que los casos siempre tienen\u00a0 nexo y siempre\u00a0 est\u00e1 la situaci\u00f3n est\u00e1 controlada&#8221;.<\/em><\/p>\n<p>Por otro lado <em>&#8220;hay un caso en el <strong>hogar de ancianos<\/strong>, y estamos evaluando a otros residentes\u00a0 y tambi\u00e9n al personal. Ayer hubo un caso positivo en un residente del hogar y tenemos algunos abuelos con s\u00edntomas que se est\u00e1n evaluando, y obviamente se activ\u00f3 el protocolo del geri\u00e1trico como se hizo siempre, pero la realidad es que la situaci\u00f3n est\u00e1 controlada y creo que estamos en condiciones de seguir como estamos&#8221;.<\/em><\/p>\n<p><em>&#8220;La cantidad de camas ocupadas es muy baja, pero eso no tiene mucho peso a la hora de tomar la decisi\u00f3n, pero ma\u00f1ana hablar\u00e9 con el Jefe de Gabinetes\u00a0 y veremos que decisi\u00f3n toma la provincia&#8221;.<\/em><\/p>\n<p>Foto: archivo<\/p>\n","protected":false},"excerpt":{"rendered":"<p>El Intendente Ezequiel Galli confirm\u00f3 un caso positivo de coronavirus en el Hogar de ancianos&#8230;<\/p>\n","protected":false},"author":1,"featured_media":118837,"comment_status":"closed","ping_status":"closed","sticky":false,"template":"","format":"standard","meta":{"content-type":""},"categories":[51,45],"tags":[],"nelio_content":{"isAutoShareEnabled":false,"autoShareEndMode":"default","automationSources":{"useContentSentences":true,"useSocialTemplates":true,"useCustomSentences":false,"customSentences":[]},"followers":[1],"suggestedReferences":[],"includedReferences":[],"efiUrl":"","efiAlt":"","highlights":[]},"yoast_head":"<!-- This site is optimized with the Yoast SEO plugin v20.7 - https:\/\/yoast.com\/wordpress\/plugins\/seo\/ -->\n<title>Hogar de ancianos: Hay un caso positivo de Covid-19<\/title>\n<meta name=\"description\" content=\"El Intendente Ezequiel Galli confirm\u00f3 positivo de coronavirus en un hogar de ancianos San Vicente de Paul. Activar\u00e1n el protocolo.\" \/>\n<meta name=\"robots\" content=\"index, follow, max-snippet:-1, max-image-preview:large, max-video-preview:-1\" \/>\n<link rel=\"canonical\" href=\"https:\/\/experienciadevida.com.ar\/portalurbano\/hay-un-caso-positivo-de-covid-19-en-un-hogar-de-ancianos\/\" \/>\n<meta property=\"og:locale\" content=\"es_ES\" \/>\n<meta property=\"og:type\" content=\"article\" \/>\n<meta property=\"og:title\" content=\"Hogar de ancianos: Hay un caso positivo de Covid-19\" \/>\n<meta property=\"og:description\" content=\"El Intendente Ezequiel Galli confirm\u00f3 positivo de coronavirus en un hogar de ancianos San Vicente de Paul. Activar\u00e1n el protocolo.\" \/>\n<meta property=\"og:url\" content=\"https:\/\/experienciadevida.com.ar\/portalurbano\/hay-un-caso-positivo-de-covid-19-en-un-hogar-de-ancianos\/\" \/>\n<meta property=\"article:publisher\" content=\"https:\/\/www.facebook.com\/Portal-Urbano-171542830093757\/\" \/>\n<meta property=\"article:published_time\" content=\"2020-09-11T13:10:09+00:00\" \/>\n<meta property=\"article:modified_time\" content=\"2020-09-11T14:00:47+00:00\" \/>\n<meta property=\"og:image\" content=\"https:\/\/experienciadevida.com.ar\/portalurbano\/wp-content\/uploads\/2020\/08\/Conferencia-galli210820201-1.jpg\" \/>\n\t<meta property=\"og:image:width\" content=\"750\" \/>\n\t<meta property=\"og:image:height\" content=\"425\" \/>\n\t<meta property=\"og:image:type\" content=\"image\/jpeg\" \/>\n<meta name=\"author\" content=\"admpu17wp\" \/>\n<meta name=\"twitter:card\" content=\"summary_large_image\" \/>\n<meta name=\"twitter:creator\" content=\"@portalurbanook\" \/>\n<meta name=\"twitter:site\" content=\"@portalurbanook\" \/>\n<meta name=\"twitter:label1\" content=\"Escrito por\" \/>\n\t<meta name=\"twitter:data1\" content=\"admpu17wp\" \/>\n\t<meta name=\"twitter:label2\" content=\"Tiempo de lectura\" \/>\n\t<meta name=\"twitter:data2\" content=\"1 minuto\" \/>\n<script type=\"application\/ld+json\" class=\"yoast-schema-graph\">{\"@context\":\"https:\/\/schema.org\",\"@graph\":[{\"@type\":\"Article\",\"@id\":\"https:\/\/experienciadevida.com.ar\/portalurbano\/hay-un-caso-positivo-de-covid-19-en-un-hogar-de-ancianos\/#article\",\"isPartOf\":{\"@id\":\"https:\/\/experienciadevida.com.ar\/portalurbano\/hay-un-caso-positivo-de-covid-19-en-un-hogar-de-ancianos\/\"},\"author\":{\"name\":\"admpu17wp\",\"@id\":\"https:\/\/experienciadevida.com.ar\/portalurbano\/#\/schema\/person\/02dd326b1c4b056e9cc972486934a3a7\"},\"headline\":\"Hay un caso positivo de Covid-19 en un Hogar de ancianos\",\"datePublished\":\"2020-09-11T13:10:09+00:00\",\"dateModified\":\"2020-09-11T14:00:47+00:00\",\"mainEntityOfPage\":{\"@id\":\"https:\/\/experienciadevida.com.ar\/portalurbano\/hay-un-caso-positivo-de-covid-19-en-un-hogar-de-ancianos\/\"},\"wordCount\":261,\"publisher\":{\"@id\":\"https:\/\/experienciadevida.com.ar\/portalurbano\/#organization\"},\"articleSection\":[\"Destacadas\",\"Salud\"],\"inLanguage\":\"es\"},{\"@type\":\"WebPage\",\"@id\":\"https:\/\/experienciadevida.com.ar\/portalurbano\/hay-un-caso-positivo-de-covid-19-en-un-hogar-de-ancianos\/\",\"url\":\"https:\/\/experienciadevida.com.ar\/portalurbano\/hay-un-caso-positivo-de-covid-19-en-un-hogar-de-ancianos\/\",\"name\":\"Hogar de ancianos: Hay un caso positivo de Covid-19\",\"isPartOf\":{\"@id\":\"https:\/\/experienciadevida.com.ar\/portalurbano\/#website\"},\"datePublished\":\"2020-09-11T13:10:09+00:00\",\"dateModified\":\"2020-09-11T14:00:47+00:00\",\"description\":\"El Intendente Ezequiel Galli confirm\u00f3 positivo de coronavirus en un hogar de ancianos San Vicente de Paul. Activar\u00e1n el protocolo.\",\"breadcrumb\":{\"@id\":\"https:\/\/experienciadevida.com.ar\/portalurbano\/hay-un-caso-positivo-de-covid-19-en-un-hogar-de-ancianos\/#breadcrumb\"},\"inLanguage\":\"es\",\"potentialAction\":[{\"@type\":\"ReadAction\",\"target\":[\"https:\/\/experienciadevida.com.ar\/portalurbano\/hay-un-caso-positivo-de-covid-19-en-un-hogar-de-ancianos\/\"]}]},{\"@type\":\"BreadcrumbList\",\"@id\":\"https:\/\/experienciadevida.com.ar\/portalurbano\/hay-un-caso-positivo-de-covid-19-en-un-hogar-de-ancianos\/#breadcrumb\",\"itemListElement\":[{\"@type\":\"ListItem\",\"position\":1,\"name\":\"Portada\",\"item\":\"https:\/\/experienciadevida.com.ar\/portalurbano\/\"},{\"@type\":\"ListItem\",\"position\":2,\"name\":\"Hay un caso positivo de Covid-19 en un Hogar de ancianos\"}]},{\"@type\":\"WebSite\",\"@id\":\"https:\/\/experienciadevida.com.ar\/portalurbano\/#website\",\"url\":\"https:\/\/experienciadevida.com.ar\/portalurbano\/\",\"name\":\"\",\"description\":\"\",\"publisher\":{\"@id\":\"https:\/\/experienciadevida.com.ar\/portalurbano\/#organization\"},\"potentialAction\":[{\"@type\":\"SearchAction\",\"target\":{\"@type\":\"EntryPoint\",\"urlTemplate\":\"https:\/\/experienciadevida.com.ar\/portalurbano\/?s={search_term_string}\"},\"query-input\":\"required name=search_term_string\"}],\"inLanguage\":\"es\"},{\"@type\":\"Organization\",\"@id\":\"https:\/\/experienciadevida.com.ar\/portalurbano\/#organization\",\"name\":\"Portal Urbano\",\"url\":\"https:\/\/experienciadevida.com.ar\/portalurbano\/\",\"logo\":{\"@type\":\"ImageObject\",\"inLanguage\":\"es\",\"@id\":\"https:\/\/experienciadevida.com.ar\/portalurbano\/#\/schema\/logo\/image\/\",\"url\":\"https:\/\/experienciadevida.com.ar\/portalurbano\/wp-content\/uploads\/2019\/09\/Logo-Original.png\",\"contentUrl\":\"https:\/\/experienciadevida.com.ar\/portalurbano\/wp-content\/uploads\/2019\/09\/Logo-Original.png\",\"width\":2236,\"height\":1216,\"caption\":\"Portal Urbano\"},\"image\":{\"@id\":\"https:\/\/experienciadevida.com.ar\/portalurbano\/#\/schema\/logo\/image\/\"},\"sameAs\":[\"https:\/\/www.facebook.com\/Portal-Urbano-171542830093757\/\",\"https:\/\/twitter.com\/portalurbanook\",\"https:\/\/www.instagram.com\/_portalurbano\/\",\"https:\/\/www.youtube.com\/channel\/UCXhagIfszH8KxFiOok79zbA?view_as=subscriber\"]},{\"@type\":\"Person\",\"@id\":\"https:\/\/experienciadevida.com.ar\/portalurbano\/#\/schema\/person\/02dd326b1c4b056e9cc972486934a3a7\",\"name\":\"admpu17wp\",\"image\":{\"@type\":\"ImageObject\",\"inLanguage\":\"es\",\"@id\":\"https:\/\/experienciadevida.com.ar\/portalurbano\/#\/schema\/person\/image\/\",\"url\":\"https:\/\/secure.gravatar.com\/avatar\/830d4c57adaae6630765e449a6908047?s=96&d=mm&r=g\",\"contentUrl\":\"https:\/\/secure.gravatar.com\/avatar\/830d4c57adaae6630765e449a6908047?s=96&d=mm&r=g\",\"caption\":\"admpu17wp\"}}]}<\/script>\n<!-- \/ Yoast SEO plugin. -->","yoast_head_json":{"title":"Hogar de ancianos: Hay un caso positivo de Covid-19","description":"El Intendente Ezequiel Galli confirm\u00f3 positivo de coronavirus en un hogar de ancianos San Vicente de Paul. Activar\u00e1n el protocolo.","robots":{"index":"index","follow":"follow","max-snippet":"max-snippet:-1","max-image-preview":"max-image-preview:large","max-video-preview":"max-video-preview:-1"},"canonical":"https:\/\/experienciadevida.com.ar\/portalurbano\/hay-un-caso-positivo-de-covid-19-en-un-hogar-de-ancianos\/","og_locale":"es_ES","og_type":"article","og_title":"Hogar de ancianos: Hay un caso positivo de Covid-19","og_description":"El Intendente Ezequiel Galli confirm\u00f3 positivo de coronavirus en un hogar de ancianos San Vicente de Paul. Activar\u00e1n el protocolo.","og_url":"https:\/\/experienciadevida.com.ar\/portalurbano\/hay-un-caso-positivo-de-covid-19-en-un-hogar-de-ancianos\/","article_publisher":"https:\/\/www.facebook.com\/Portal-Urbano-171542830093757\/","article_published_time":"2020-09-11T13:10:09+00:00","article_modified_time":"2020-09-11T14:00:47+00:00","og_image":[{"width":750,"height":425,"url":"https:\/\/experienciadevida.com.ar\/portalurbano\/wp-content\/uploads\/2020\/08\/Conferencia-galli210820201-1.jpg","type":"image\/jpeg"}],"author":"admpu17wp","twitter_card":"summary_large_image","twitter_creator":"@portalurbanook","twitter_site":"@portalurbanook","twitter_misc":{"Escrito por":"admpu17wp","Tiempo de lectura":"1 minuto"},"schema":{"@context":"https:\/\/schema.org","@graph":[{"@type":"Article","@id":"https:\/\/experienciadevida.com.ar\/portalurbano\/hay-un-caso-positivo-de-covid-19-en-un-hogar-de-ancianos\/#article","isPartOf":{"@id":"https:\/\/experienciadevida.com.ar\/portalurbano\/hay-un-caso-positivo-de-covid-19-en-un-hogar-de-ancianos\/"},"author":{"name":"admpu17wp","@id":"https:\/\/experienciadevida.com.ar\/portalurbano\/#\/schema\/person\/02dd326b1c4b056e9cc972486934a3a7"},"headline":"Hay un caso positivo de Covid-19 en un Hogar de ancianos","datePublished":"2020-09-11T13:10:09+00:00","dateModified":"2020-09-11T14:00:47+00:00","mainEntityOfPage":{"@id":"https:\/\/experienciadevida.com.ar\/portalurbano\/hay-un-caso-positivo-de-covid-19-en-un-hogar-de-ancianos\/"},"wordCount":261,"publisher":{"@id":"https:\/\/experienciadevida.com.ar\/portalurbano\/#organization"},"articleSection":["Destacadas","Salud"],"inLanguage":"es"},{"@type":"WebPage","@id":"https:\/\/experienciadevida.com.ar\/portalurbano\/hay-un-caso-positivo-de-covid-19-en-un-hogar-de-ancianos\/","url":"https:\/\/experienciadevida.com.ar\/portalurbano\/hay-un-caso-positivo-de-covid-19-en-un-hogar-de-ancianos\/","name":"Hogar de ancianos: Hay un caso positivo de Covid-19","isPartOf":{"@id":"https:\/\/experienciadevida.com.ar\/portalurbano\/#website"},"datePublished":"2020-09-11T13:10:09+00:00","dateModified":"2020-09-11T14:00:47+00:00","description":"El Intendente Ezequiel Galli confirm\u00f3 positivo de coronavirus en un hogar de ancianos San Vicente de Paul. Activar\u00e1n el protocolo.","breadcrumb":{"@id":"https:\/\/experienciadevida.com.ar\/portalurbano\/hay-un-caso-positivo-de-covid-19-en-un-hogar-de-ancianos\/#breadcrumb"},"inLanguage":"es","potentialAction":[{"@type":"ReadAction","target":["https:\/\/experienciadevida.com.ar\/portalurbano\/hay-un-caso-positivo-de-covid-19-en-un-hogar-de-ancianos\/"]}]},{"@type":"BreadcrumbList","@id":"https:\/\/experienciadevida.com.ar\/portalurbano\/hay-un-caso-positivo-de-covid-19-en-un-hogar-de-ancianos\/#breadcrumb","itemListElement":[{"@type":"ListItem","position":1,"name":"Portada","item":"https:\/\/experienciadevida.com.ar\/portalurbano\/"},{"@type":"ListItem","position":2,"name":"Hay un caso positivo de Covid-19 en un Hogar de ancianos"}]},{"@type":"WebSite","@id":"https:\/\/experienciadevida.com.ar\/portalurbano\/#website","url":"https:\/\/experienciadevida.com.ar\/portalurbano\/","name":"","description":"","publisher":{"@id":"https:\/\/experienciadevida.com.ar\/portalurbano\/#organization"},"potentialAction":[{"@type":"SearchAction","target":{"@type":"EntryPoint","urlTemplate":"https:\/\/experienciadevida.com.ar\/portalurbano\/?s={search_term_string}"},"query-input":"required name=search_term_string"}],"inLanguage":"es"},{"@type":"Organization","@id":"https:\/\/experienciadevida.com.ar\/portalurbano\/#organization","name":"Portal Urbano","url":"https:\/\/experienciadevida.com.ar\/portalurbano\/","logo":{"@type":"ImageObject","inLanguage":"es","@id":"https:\/\/experienciadevida.com.ar\/portalurbano\/#\/schema\/logo\/image\/","url":"https:\/\/experienciadevida.com.ar\/portalurbano\/wp-content\/uploads\/2019\/09\/Logo-Original.png","contentUrl":"https:\/\/experienciadevida.com.ar\/portalurbano\/wp-content\/uploads\/2019\/09\/Logo-Original.png","width":2236,"height":1216,"caption":"Portal Urbano"},"image":{"@id":"https:\/\/experienciadevida.com.ar\/portalurbano\/#\/schema\/logo\/image\/"},"sameAs":["https:\/\/www.facebook.com\/Portal-Urbano-171542830093757\/","https:\/\/twitter.com\/portalurbanook","https:\/\/www.instagram.com\/_portalurbano\/","https:\/\/www.youtube.com\/channel\/UCXhagIfszH8KxFiOok79zbA?view_as=subscriber"]},{"@type":"Person","@id":"https:\/\/experienciadevida.com.ar\/portalurbano\/#\/schema\/person\/02dd326b1c4b056e9cc972486934a3a7","name":"admpu17wp","image":{"@type":"ImageObject","inLanguage":"es","@id":"https:\/\/experienciadevida.com.ar\/portalurbano\/#\/schema\/person\/image\/","url":"https:\/\/secure.gravatar.com\/avatar\/830d4c57adaae6630765e449a6908047?s=96&d=mm&r=g","contentUrl":"https:\/\/secure.gravatar.com\/avatar\/830d4c57adaae6630765e449a6908047?s=96&d=mm&r=g","caption":"admpu17wp"}}]}},"featured_image_urls":{"full":["https:\/\/experienciadevida.com.ar\/portalurbano\/wp-content\/uploads\/2020\/08\/Conferencia-galli210820201-1.jpg",750,425,false],"thumbnail":["https:\/\/experienciadevida.com.ar\/portalurbano\/wp-content\/uploads\/2020\/08\/Conferencia-galli210820201-1-150x150.jpg",150,150,true],"medium":["https:\/\/experienciadevida.com.ar\/portalurbano\/wp-content\/uploads\/2020\/08\/Conferencia-galli210820201-1-300x170.jpg",300,170,true],"medium_large":["https:\/\/experienciadevida.com.ar\/portalurbano\/wp-content\/uploads\/2020\/08\/Conferencia-galli210820201-1.jpg",640,363,false],"large":["https:\/\/experienciadevida.com.ar\/portalurbano\/wp-content\/uploads\/2020\/08\/Conferencia-galli210820201-1.jpg",640,363,false],"ug_big":["https:\/\/experienciadevida.com.ar\/portalurbano\/wp-content\/uploads\/2020\/08\/Conferencia-galli210820201-1.jpg",750,425,false],"1536x1536":["https:\/\/experienciadevida.com.ar\/portalurbano\/wp-content\/uploads\/2020\/08\/Conferencia-galli210820201-1.jpg",750,425,false],"2048x2048":["https:\/\/experienciadevida.com.ar\/portalurbano\/wp-content\/uploads\/2020\/08\/Conferencia-galli210820201-1.jpg",750,425,false],"newsever-slider-full":["https:\/\/experienciadevida.com.ar\/portalurbano\/wp-content\/uploads\/2020\/08\/Conferencia-galli210820201-1.jpg",750,425,false],"newsever-featured":["https:\/\/experienciadevida.com.ar\/portalurbano\/wp-content\/uploads\/2020\/08\/Conferencia-galli210820201-1.jpg",750,425,false],"newsever-medium":["https:\/\/experienciadevida.com.ar\/portalurbano\/wp-content\/uploads\/2020\/08\/Conferencia-galli210820201-1.jpg",720,408,false],"web-stories-poster-portrait":["https:\/\/experienciadevida.com.ar\/portalurbano\/wp-content\/uploads\/2020\/08\/Conferencia-galli210820201-1.jpg",640,363,false],"web-stories-publisher-logo":["https:\/\/experienciadevida.com.ar\/portalurbano\/wp-content\/uploads\/2020\/08\/Conferencia-galli210820201-1.jpg",96,54,false],"web-stories-thumbnail":["https:\/\/experienciadevida.com.ar\/portalurbano\/wp-content\/uploads\/2020\/08\/Conferencia-galli210820201-1.jpg",150,85,false]},"author_info":{"display_name":"admpu17wp","author_link":"https:\/\/experienciadevida.com.ar\/portalurbano\/author\/admpu17wp\/"},"category_info":"<a href=\"https:\/\/experienciadevida.com.ar\/portalurbano\/category\/destacadas\/\" rel=\"category tag\">Destacadas<\/a> <a href=\"https:\/\/experienciadevida.com.ar\/portalurbano\/category\/ciudad\/salud\/\" rel=\"category tag\">Salud<\/a>","tag_info":"Salud","comment_count":"0","amp_enabled":true,"_links":{"self":[{"href":"https:\/\/experienciadevida.com.ar\/portalurbano\/wp-json\/wp\/v2\/posts\/121001"}],"collection":[{"href":"https:\/\/experienciadevida.com.ar\/portalurbano\/wp-json\/wp\/v2\/posts"}],"about":[{"href":"https:\/\/experienciadevida.com.ar\/portalurbano\/wp-json\/wp\/v2\/types\/post"}],"author":[{"embeddable":true,"href":"https:\/\/experienciadevida.com.ar\/portalurbano\/wp-json\/wp\/v2\/users\/1"}],"replies":[{"embeddable":true,"href":"https:\/\/experienciadevida.com.ar\/portalurbano\/wp-json\/wp\/v2\/comments?post=121001"}],"version-history":[{"count":3,"href":"https:\/\/experienciadevida.com.ar\/portalurbano\/wp-json\/wp\/v2\/posts\/121001\/revisions"}],"predecessor-version":[{"id":121007,"href":"https:\/\/experienciadevida.com.ar\/portalurbano\/wp-json\/wp\/v2\/posts\/121001\/revisions\/121007"}],"wp:featuredmedia":[{"embeddable":true,"href":"https:\/\/experienciadevida.com.ar\/portalurbano\/wp-json\/wp\/v2\/media\/118837"}],"wp:attachment":[{"href":"https:\/\/experienciadevida.com.ar\/portalurbano\/wp-json\/wp\/v2\/media?parent=121001"}],"wp:term":[{"taxonomy":"category","embeddable":true,"href":"https:\/\/experienciadevida.com.ar\/portalurbano\/wp-json\/wp\/v2\/categories?post=121001"},{"taxonomy":"post_tag","embeddable":true,"href":"https:\/\/experienciadevida.com.ar\/portalurbano\/wp-json\/wp\/v2\/tags?post=121001"}],"curies":[{"name":"wp","href":"https:\/\/api.w.org\/{rel}","templated":true}]}}