{"id":120949,"date":"2020-09-10T15:45:16","date_gmt":"2020-09-10T18:45:16","guid":{"rendered":"https:\/\/experienciadevida.com.ar\/portalurbano\/?p=120949"},"modified":"2020-09-10T15:45:46","modified_gmt":"2020-09-10T18:45:46","slug":"hcd-se-trato-un-proyecto-sobre-el-fondo-especial-de-emergencia","status":"publish","type":"post","link":"https:\/\/experienciadevida.com.ar\/portalurbano\/hcd-se-trato-un-proyecto-sobre-el-fondo-especial-de-emergencia\/","title":{"rendered":"HCD: Se trat\u00f3 un proyecto sobre el Fondo Especial de emergencia"},"content":{"rendered":"<p>En una nueva sesi\u00f3n ordinaria del Concejo Deliberante se debati\u00f3 el <strong>proyecto<\/strong> del interbloque Frente de Todos. La misma comenz\u00f3 a las 9 de la ma\u00f1ana en la Sociedad Espa\u00f1ola, y se transmiti\u00f3 a trav\u00e9s de <a href=\"https:\/\/www.youtube.com\/watch?v=EQMYT28PB0A\">youtube<\/a>.<\/p>\n<p>El <strong>proyecto<\/strong> se trato luego de que aprobaran un pedido a <a href=\"https:\/\/experienciadevida.com.ar\/portalurbano\/sesion-del-hcd-aprobaron-un-proyecto-para-pedirle-a-provincia-un-nuevo-criterio-de-fases\/\">provincia para que se revea las actividades en las fases.\u00a0<\/a><\/p>\n<p>El proyecto que se trato fue el del Interbloque Frente de Todos, sobre una ordenanza preparatoria para la creaci\u00f3n de un fondo especial de emergencia de cultura y deporte.<\/p>\n<p>La primera en tomar la palabra fue Mercedes Landivar &#8220;<em>es un <strong>proyecto<\/strong> que surge de la simple idea de buscar una herramienta necesaria para obtener un poco de ox\u00edgeno para los sectores m\u00e1s golpeados en este contexto, sabemos que no es la soluci\u00f3n de fondo, pero s\u00ed que sirve de ayuda para transitar este dif\u00edcil momento. Es una herramienta concreta, no es simple promesa, no es que podr\u00eda llegar a suceder, esto s\u00ed se puede convertir en una herramienta concreta que podemos dar desde este cuerpo y que podamos velar luego para que se cumpla, esta s\u00ed es una facultad nuestra la de poder presentar este tipo de proyectos, que tramite el camino\u00a0 correspondiente\u00a0 y que se convierta en un beneficio concreto para los vecinos de Olavarr\u00eda&#8221;.<\/em><\/p>\n<p><a href=\"https:\/\/experienciadevida.com.ar\/portalurbano\/hcd-se-trato-un-proyecto-sobre-el-fondo-especial-de-emergencia\/landivar-4\/\" rel=\"attachment wp-att-120950\"><img decoding=\"async\" class=\"aligncenter wp-image-120950 size-full\" src=\"https:\/\/experienciadevida.com.ar\/portalurbano\/wp-content\/uploads\/2020\/09\/Landivar.png\" alt=\"\" width=\"765\" height=\"542\" srcset=\"https:\/\/experienciadevida.com.ar\/portalurbano\/wp-content\/uploads\/2020\/09\/Landivar.png 765w, https:\/\/experienciadevida.com.ar\/portalurbano\/wp-content\/uploads\/2020\/09\/Landivar-300x213.png 300w\" sizes=\"(max-width: 765px) 100vw, 765px\" \/><\/a><\/p>\n<p><em>&#8220;La compleja situaci\u00f3n econ\u00f3mica y social que est\u00e1n atravesando las entidades deportivas y culturales del partido de Olavarr\u00eda, ameritan una decisi\u00f3n urgente sabemos y tenemos presente que lo que m\u00e1s quiere cada uno de los trabajadores que integran estos espacios es poder abrir sus puertas, y poder trabajar en sus lugares generando el ingreso genuino, para poder vivir dignamente. Pero nosotros como representantes del pueblo no podemos mirar para un costado, y as\u00ed como Naci\u00f3n y Provincia han generado un mont\u00f3n de herramientas necesarias para paliar esta situaci\u00f3n como las APT, PPT, los congelamientos de tarifas, la suspensi\u00f3n de cortes de servicio, becas, subsidios, IFE, entre otras medidas que sabemos que muchas veces no alcanza por eso tenemos esta responsabilidad&#8221;.<\/em><\/p>\n<p><a href=\"https:\/\/experienciadevida.com.ar\/portalurbano\/hcd-se-trato-un-proyecto-sobre-el-fondo-especial-de-emergencia\/landivar1-2\/\" rel=\"attachment wp-att-120951\"><img decoding=\"async\" class=\"aligncenter wp-image-120951 size-full\" src=\"https:\/\/experienciadevida.com.ar\/portalurbano\/wp-content\/uploads\/2020\/09\/Landivar1.png\" alt=\"\" width=\"724\" height=\"476\" srcset=\"https:\/\/experienciadevida.com.ar\/portalurbano\/wp-content\/uploads\/2020\/09\/Landivar1.png 724w, https:\/\/experienciadevida.com.ar\/portalurbano\/wp-content\/uploads\/2020\/09\/Landivar1-300x197.png 300w\" sizes=\"(max-width: 724px) 100vw, 724px\" \/><\/a><\/p>\n<p>Por otro lado &#8220;<em>tenemos que seguir pensando como representantes en la generaci\u00f3n de nuevas herramientas para poder transitar este dif\u00edcil momento.\u00a0 Es necesario\u00a0 y urgente que el Municipio tome medidas de \u00edndole econ\u00f3mica e impositiva que ayuden a los sectores\u00a0 culturales y deportivos. El fondo de emergencia es necesario para que se puedan otorgar estos subsidios&#8221;.<\/em><\/p>\n<p>Luego tom\u00f3 la palabra Mart\u00edn Endere y sobre el <strong>proyecto<\/strong> dijo &#8220;<em>debemos tener empat\u00eda con los sectores que la est\u00e1n pasando mal. Pero hay una cosa que no tenemos que hacer es generar falsas expectativas&#8221;.<\/em><\/p>\n<p>Tras un intenso debate de los concejales sobre el <strong>proyecto\u00a0<\/strong>el oficialismo pidi\u00f3 su pase a comisiones.<\/p>\n","protected":false},"excerpt":{"rendered":"<p>En una nueva sesi\u00f3n ordinaria del Concejo Deliberante se debati\u00f3 el proyecto del interbloque Frente&#8230;<\/p>\n","protected":false},"author":1,"featured_media":120952,"comment_status":"closed","ping_status":"closed","sticky":false,"template":"","format":"standard","meta":{"content-type":""},"categories":[51,43],"tags":[],"nelio_content":{"isAutoShareEnabled":false,"autoShareEndMode":"default","automationSources":{"useContentSentences":true,"useSocialTemplates":true,"useCustomSentences":false,"customSentences":[]},"followers":[1],"suggestedReferences":[],"includedReferences":["https:\/\/www.youtube.com\/watch?v=EQMYT28PB0A"],"efiUrl":"","efiAlt":"","highlights":[]},"yoast_head":"<!-- This site is optimized with the Yoast SEO plugin v20.7 - https:\/\/yoast.com\/wordpress\/plugins\/seo\/ -->\n<title>Se trat\u00f3 un proyecto sobre el fondo especial de emergencia en el HCD<\/title>\n<meta name=\"description\" content=\"En una nueva sesi\u00f3n ordinaria del Concejo Deliberante, se trat\u00f3 un proyecto sobre el fondo especial de emergencia para gimnasios y afines.\" \/>\n<meta name=\"robots\" content=\"index, follow, max-snippet:-1, max-image-preview:large, max-video-preview:-1\" \/>\n<link rel=\"canonical\" href=\"https:\/\/experienciadevida.com.ar\/portalurbano\/hcd-se-trato-un-proyecto-sobre-el-fondo-especial-de-emergencia\/\" \/>\n<meta property=\"og:locale\" content=\"es_ES\" \/>\n<meta property=\"og:type\" content=\"article\" \/>\n<meta property=\"og:title\" content=\"Se trat\u00f3 un proyecto sobre el fondo especial de emergencia en el HCD\" \/>\n<meta property=\"og:description\" content=\"En una nueva sesi\u00f3n ordinaria del Concejo Deliberante, se trat\u00f3 un proyecto sobre el fondo especial de emergencia para gimnasios y afines.\" \/>\n<meta property=\"og:url\" content=\"https:\/\/experienciadevida.com.ar\/portalurbano\/hcd-se-trato-un-proyecto-sobre-el-fondo-especial-de-emergencia\/\" \/>\n<meta property=\"article:publisher\" content=\"https:\/\/www.facebook.com\/Portal-Urbano-171542830093757\/\" \/>\n<meta property=\"article:published_time\" content=\"2020-09-10T18:45:16+00:00\" \/>\n<meta property=\"article:modified_time\" content=\"2020-09-10T18:45:46+00:00\" \/>\n<meta property=\"og:image\" content=\"https:\/\/experienciadevida.com.ar\/portalurbano\/wp-content\/uploads\/2020\/09\/Proyecto.jpg\" \/>\n\t<meta property=\"og:image:width\" content=\"765\" \/>\n\t<meta property=\"og:image:height\" content=\"511\" \/>\n\t<meta property=\"og:image:type\" content=\"image\/jpeg\" \/>\n<meta name=\"author\" content=\"admpu17wp\" \/>\n<meta name=\"twitter:card\" content=\"summary_large_image\" \/>\n<meta name=\"twitter:creator\" content=\"@portalurbanook\" \/>\n<meta name=\"twitter:site\" content=\"@portalurbanook\" \/>\n<meta name=\"twitter:label1\" content=\"Escrito por\" \/>\n\t<meta name=\"twitter:data1\" content=\"admpu17wp\" \/>\n\t<meta name=\"twitter:label2\" content=\"Tiempo de lectura\" \/>\n\t<meta name=\"twitter:data2\" content=\"2 minutos\" \/>\n<script type=\"application\/ld+json\" class=\"yoast-schema-graph\">{\"@context\":\"https:\/\/schema.org\",\"@graph\":[{\"@type\":\"Article\",\"@id\":\"https:\/\/experienciadevida.com.ar\/portalurbano\/hcd-se-trato-un-proyecto-sobre-el-fondo-especial-de-emergencia\/#article\",\"isPartOf\":{\"@id\":\"https:\/\/experienciadevida.com.ar\/portalurbano\/hcd-se-trato-un-proyecto-sobre-el-fondo-especial-de-emergencia\/\"},\"author\":{\"name\":\"admpu17wp\",\"@id\":\"https:\/\/experienciadevida.com.ar\/portalurbano\/#\/schema\/person\/02dd326b1c4b056e9cc972486934a3a7\"},\"headline\":\"HCD: Se trat\u00f3 un proyecto sobre el Fondo Especial de emergencia\",\"datePublished\":\"2020-09-10T18:45:16+00:00\",\"dateModified\":\"2020-09-10T18:45:46+00:00\",\"mainEntityOfPage\":{\"@id\":\"https:\/\/experienciadevida.com.ar\/portalurbano\/hcd-se-trato-un-proyecto-sobre-el-fondo-especial-de-emergencia\/\"},\"wordCount\":479,\"publisher\":{\"@id\":\"https:\/\/experienciadevida.com.ar\/portalurbano\/#organization\"},\"articleSection\":[\"Destacadas\",\"Pol\u00edtica\"],\"inLanguage\":\"es\"},{\"@type\":\"WebPage\",\"@id\":\"https:\/\/experienciadevida.com.ar\/portalurbano\/hcd-se-trato-un-proyecto-sobre-el-fondo-especial-de-emergencia\/\",\"url\":\"https:\/\/experienciadevida.com.ar\/portalurbano\/hcd-se-trato-un-proyecto-sobre-el-fondo-especial-de-emergencia\/\",\"name\":\"Se trat\u00f3 un proyecto sobre el fondo especial de emergencia en el HCD\",\"isPartOf\":{\"@id\":\"https:\/\/experienciadevida.com.ar\/portalurbano\/#website\"},\"datePublished\":\"2020-09-10T18:45:16+00:00\",\"dateModified\":\"2020-09-10T18:45:46+00:00\",\"description\":\"En una nueva sesi\u00f3n ordinaria del Concejo Deliberante, se trat\u00f3 un proyecto sobre el fondo especial de emergencia para gimnasios y afines.\",\"breadcrumb\":{\"@id\":\"https:\/\/experienciadevida.com.ar\/portalurbano\/hcd-se-trato-un-proyecto-sobre-el-fondo-especial-de-emergencia\/#breadcrumb\"},\"inLanguage\":\"es\",\"potentialAction\":[{\"@type\":\"ReadAction\",\"target\":[\"https:\/\/experienciadevida.com.ar\/portalurbano\/hcd-se-trato-un-proyecto-sobre-el-fondo-especial-de-emergencia\/\"]}]},{\"@type\":\"BreadcrumbList\",\"@id\":\"https:\/\/experienciadevida.com.ar\/portalurbano\/hcd-se-trato-un-proyecto-sobre-el-fondo-especial-de-emergencia\/#breadcrumb\",\"itemListElement\":[{\"@type\":\"ListItem\",\"position\":1,\"name\":\"Portada\",\"item\":\"https:\/\/experienciadevida.com.ar\/portalurbano\/\"},{\"@type\":\"ListItem\",\"position\":2,\"name\":\"HCD: Se trat\u00f3 un proyecto sobre el Fondo Especial de emergencia\"}]},{\"@type\":\"WebSite\",\"@id\":\"https:\/\/experienciadevida.com.ar\/portalurbano\/#website\",\"url\":\"https:\/\/experienciadevida.com.ar\/portalurbano\/\",\"name\":\"\",\"description\":\"\",\"publisher\":{\"@id\":\"https:\/\/experienciadevida.com.ar\/portalurbano\/#organization\"},\"potentialAction\":[{\"@type\":\"SearchAction\",\"target\":{\"@type\":\"EntryPoint\",\"urlTemplate\":\"https:\/\/experienciadevida.com.ar\/portalurbano\/?s={search_term_string}\"},\"query-input\":\"required name=search_term_string\"}],\"inLanguage\":\"es\"},{\"@type\":\"Organization\",\"@id\":\"https:\/\/experienciadevida.com.ar\/portalurbano\/#organization\",\"name\":\"Portal Urbano\",\"url\":\"https:\/\/experienciadevida.com.ar\/portalurbano\/\",\"logo\":{\"@type\":\"ImageObject\",\"inLanguage\":\"es\",\"@id\":\"https:\/\/experienciadevida.com.ar\/portalurbano\/#\/schema\/logo\/image\/\",\"url\":\"https:\/\/experienciadevida.com.ar\/portalurbano\/wp-content\/uploads\/2019\/09\/Logo-Original.png\",\"contentUrl\":\"https:\/\/experienciadevida.com.ar\/portalurbano\/wp-content\/uploads\/2019\/09\/Logo-Original.png\",\"width\":2236,\"height\":1216,\"caption\":\"Portal Urbano\"},\"image\":{\"@id\":\"https:\/\/experienciadevida.com.ar\/portalurbano\/#\/schema\/logo\/image\/\"},\"sameAs\":[\"https:\/\/www.facebook.com\/Portal-Urbano-171542830093757\/\",\"https:\/\/twitter.com\/portalurbanook\",\"https:\/\/www.instagram.com\/_portalurbano\/\",\"https:\/\/www.youtube.com\/channel\/UCXhagIfszH8KxFiOok79zbA?view_as=subscriber\"]},{\"@type\":\"Person\",\"@id\":\"https:\/\/experienciadevida.com.ar\/portalurbano\/#\/schema\/person\/02dd326b1c4b056e9cc972486934a3a7\",\"name\":\"admpu17wp\",\"image\":{\"@type\":\"ImageObject\",\"inLanguage\":\"es\",\"@id\":\"https:\/\/experienciadevida.com.ar\/portalurbano\/#\/schema\/person\/image\/\",\"url\":\"https:\/\/secure.gravatar.com\/avatar\/830d4c57adaae6630765e449a6908047?s=96&d=mm&r=g\",\"contentUrl\":\"https:\/\/secure.gravatar.com\/avatar\/830d4c57adaae6630765e449a6908047?s=96&d=mm&r=g\",\"caption\":\"admpu17wp\"}}]}<\/script>\n<!-- \/ Yoast SEO plugin. -->","yoast_head_json":{"title":"Se trat\u00f3 un proyecto sobre el fondo especial de emergencia en el HCD","description":"En una nueva sesi\u00f3n ordinaria del Concejo Deliberante, se trat\u00f3 un proyecto sobre el fondo especial de emergencia para gimnasios y afines.","robots":{"index":"index","follow":"follow","max-snippet":"max-snippet:-1","max-image-preview":"max-image-preview:large","max-video-preview":"max-video-preview:-1"},"canonical":"https:\/\/experienciadevida.com.ar\/portalurbano\/hcd-se-trato-un-proyecto-sobre-el-fondo-especial-de-emergencia\/","og_locale":"es_ES","og_type":"article","og_title":"Se trat\u00f3 un proyecto sobre el fondo especial de emergencia en el HCD","og_description":"En una nueva sesi\u00f3n ordinaria del Concejo Deliberante, se trat\u00f3 un proyecto sobre el fondo especial de emergencia para gimnasios y afines.","og_url":"https:\/\/experienciadevida.com.ar\/portalurbano\/hcd-se-trato-un-proyecto-sobre-el-fondo-especial-de-emergencia\/","article_publisher":"https:\/\/www.facebook.com\/Portal-Urbano-171542830093757\/","article_published_time":"2020-09-10T18:45:16+00:00","article_modified_time":"2020-09-10T18:45:46+00:00","og_image":[{"width":765,"height":511,"url":"https:\/\/experienciadevida.com.ar\/portalurbano\/wp-content\/uploads\/2020\/09\/Proyecto.jpg","type":"image\/jpeg"}],"author":"admpu17wp","twitter_card":"summary_large_image","twitter_creator":"@portalurbanook","twitter_site":"@portalurbanook","twitter_misc":{"Escrito por":"admpu17wp","Tiempo de lectura":"2 minutos"},"schema":{"@context":"https:\/\/schema.org","@graph":[{"@type":"Article","@id":"https:\/\/experienciadevida.com.ar\/portalurbano\/hcd-se-trato-un-proyecto-sobre-el-fondo-especial-de-emergencia\/#article","isPartOf":{"@id":"https:\/\/experienciadevida.com.ar\/portalurbano\/hcd-se-trato-un-proyecto-sobre-el-fondo-especial-de-emergencia\/"},"author":{"name":"admpu17wp","@id":"https:\/\/experienciadevida.com.ar\/portalurbano\/#\/schema\/person\/02dd326b1c4b056e9cc972486934a3a7"},"headline":"HCD: Se trat\u00f3 un proyecto sobre el Fondo Especial de emergencia","datePublished":"2020-09-10T18:45:16+00:00","dateModified":"2020-09-10T18:45:46+00:00","mainEntityOfPage":{"@id":"https:\/\/experienciadevida.com.ar\/portalurbano\/hcd-se-trato-un-proyecto-sobre-el-fondo-especial-de-emergencia\/"},"wordCount":479,"publisher":{"@id":"https:\/\/experienciadevida.com.ar\/portalurbano\/#organization"},"articleSection":["Destacadas","Pol\u00edtica"],"inLanguage":"es"},{"@type":"WebPage","@id":"https:\/\/experienciadevida.com.ar\/portalurbano\/hcd-se-trato-un-proyecto-sobre-el-fondo-especial-de-emergencia\/","url":"https:\/\/experienciadevida.com.ar\/portalurbano\/hcd-se-trato-un-proyecto-sobre-el-fondo-especial-de-emergencia\/","name":"Se trat\u00f3 un proyecto sobre el fondo especial de emergencia en el HCD","isPartOf":{"@id":"https:\/\/experienciadevida.com.ar\/portalurbano\/#website"},"datePublished":"2020-09-10T18:45:16+00:00","dateModified":"2020-09-10T18:45:46+00:00","description":"En una nueva sesi\u00f3n ordinaria del Concejo Deliberante, se trat\u00f3 un proyecto sobre el fondo especial de emergencia para gimnasios y afines.","breadcrumb":{"@id":"https:\/\/experienciadevida.com.ar\/portalurbano\/hcd-se-trato-un-proyecto-sobre-el-fondo-especial-de-emergencia\/#breadcrumb"},"inLanguage":"es","potentialAction":[{"@type":"ReadAction","target":["https:\/\/experienciadevida.com.ar\/portalurbano\/hcd-se-trato-un-proyecto-sobre-el-fondo-especial-de-emergencia\/"]}]},{"@type":"BreadcrumbList","@id":"https:\/\/experienciadevida.com.ar\/portalurbano\/hcd-se-trato-un-proyecto-sobre-el-fondo-especial-de-emergencia\/#breadcrumb","itemListElement":[{"@type":"ListItem","position":1,"name":"Portada","item":"https:\/\/experienciadevida.com.ar\/portalurbano\/"},{"@type":"ListItem","position":2,"name":"HCD: Se trat\u00f3 un proyecto sobre el Fondo Especial de emergencia"}]},{"@type":"WebSite","@id":"https:\/\/experienciadevida.com.ar\/portalurbano\/#website","url":"https:\/\/experienciadevida.com.ar\/portalurbano\/","name":"","description":"","publisher":{"@id":"https:\/\/experienciadevida.com.ar\/portalurbano\/#organization"},"potentialAction":[{"@type":"SearchAction","target":{"@type":"EntryPoint","urlTemplate":"https:\/\/experienciadevida.com.ar\/portalurbano\/?s={search_term_string}"},"query-input":"required name=search_term_string"}],"inLanguage":"es"},{"@type":"Organization","@id":"https:\/\/experienciadevida.com.ar\/portalurbano\/#organization","name":"Portal Urbano","url":"https:\/\/experienciadevida.com.ar\/portalurbano\/","logo":{"@type":"ImageObject","inLanguage":"es","@id":"https:\/\/experienciadevida.com.ar\/portalurbano\/#\/schema\/logo\/image\/","url":"https:\/\/experienciadevida.com.ar\/portalurbano\/wp-content\/uploads\/2019\/09\/Logo-Original.png","contentUrl":"https:\/\/experienciadevida.com.ar\/portalurbano\/wp-content\/uploads\/2019\/09\/Logo-Original.png","width":2236,"height":1216,"caption":"Portal Urbano"},"image":{"@id":"https:\/\/experienciadevida.com.ar\/portalurbano\/#\/schema\/logo\/image\/"},"sameAs":["https:\/\/www.facebook.com\/Portal-Urbano-171542830093757\/","https:\/\/twitter.com\/portalurbanook","https:\/\/www.instagram.com\/_portalurbano\/","https:\/\/www.youtube.com\/channel\/UCXhagIfszH8KxFiOok79zbA?view_as=subscriber"]},{"@type":"Person","@id":"https:\/\/experienciadevida.com.ar\/portalurbano\/#\/schema\/person\/02dd326b1c4b056e9cc972486934a3a7","name":"admpu17wp","image":{"@type":"ImageObject","inLanguage":"es","@id":"https:\/\/experienciadevida.com.ar\/portalurbano\/#\/schema\/person\/image\/","url":"https:\/\/secure.gravatar.com\/avatar\/830d4c57adaae6630765e449a6908047?s=96&d=mm&r=g","contentUrl":"https:\/\/secure.gravatar.com\/avatar\/830d4c57adaae6630765e449a6908047?s=96&d=mm&r=g","caption":"admpu17wp"}}]}},"featured_image_urls":{"full":["https:\/\/experienciadevida.com.ar\/portalurbano\/wp-content\/uploads\/2020\/09\/Proyecto.jpg",765,511,false],"thumbnail":["https:\/\/experienciadevida.com.ar\/portalurbano\/wp-content\/uploads\/2020\/09\/Proyecto-150x150.jpg",150,150,true],"medium":["https:\/\/experienciadevida.com.ar\/portalurbano\/wp-content\/uploads\/2020\/09\/Proyecto-300x200.jpg",300,200,true],"medium_large":["https:\/\/experienciadevida.com.ar\/portalurbano\/wp-content\/uploads\/2020\/09\/Proyecto.jpg",640,428,false],"large":["https:\/\/experienciadevida.com.ar\/portalurbano\/wp-content\/uploads\/2020\/09\/Proyecto.jpg",640,428,false],"ug_big":["https:\/\/experienciadevida.com.ar\/portalurbano\/wp-content\/uploads\/2020\/09\/Proyecto.jpg",765,511,false],"1536x1536":["https:\/\/experienciadevida.com.ar\/portalurbano\/wp-content\/uploads\/2020\/09\/Proyecto.jpg",765,511,false],"2048x2048":["https:\/\/experienciadevida.com.ar\/portalurbano\/wp-content\/uploads\/2020\/09\/Proyecto.jpg",765,511,false],"newsever-slider-full":["https:\/\/experienciadevida.com.ar\/portalurbano\/wp-content\/uploads\/2020\/09\/Proyecto.jpg",765,511,false],"newsever-featured":["https:\/\/experienciadevida.com.ar\/portalurbano\/wp-content\/uploads\/2020\/09\/Proyecto.jpg",765,511,false],"newsever-medium":["https:\/\/experienciadevida.com.ar\/portalurbano\/wp-content\/uploads\/2020\/09\/Proyecto.jpg",711,475,false],"web-stories-poster-portrait":["https:\/\/experienciadevida.com.ar\/portalurbano\/wp-content\/uploads\/2020\/09\/Proyecto.jpg",640,428,false],"web-stories-publisher-logo":["https:\/\/experienciadevida.com.ar\/portalurbano\/wp-content\/uploads\/2020\/09\/Proyecto.jpg",96,64,false],"web-stories-thumbnail":["https:\/\/experienciadevida.com.ar\/portalurbano\/wp-content\/uploads\/2020\/09\/Proyecto.jpg",150,100,false]},"author_info":{"display_name":"admpu17wp","author_link":"https:\/\/experienciadevida.com.ar\/portalurbano\/author\/admpu17wp\/"},"category_info":"<a href=\"https:\/\/experienciadevida.com.ar\/portalurbano\/category\/destacadas\/\" rel=\"category tag\">Destacadas<\/a> <a href=\"https:\/\/experienciadevida.com.ar\/portalurbano\/category\/politica\/\" rel=\"category tag\">Pol\u00edtica<\/a>","tag_info":"Pol\u00edtica","comment_count":"0","amp_enabled":true,"_links":{"self":[{"href":"https:\/\/experienciadevida.com.ar\/portalurbano\/wp-json\/wp\/v2\/posts\/120949"}],"collection":[{"href":"https:\/\/experienciadevida.com.ar\/portalurbano\/wp-json\/wp\/v2\/posts"}],"about":[{"href":"https:\/\/experienciadevida.com.ar\/portalurbano\/wp-json\/wp\/v2\/types\/post"}],"author":[{"embeddable":true,"href":"https:\/\/experienciadevida.com.ar\/portalurbano\/wp-json\/wp\/v2\/users\/1"}],"replies":[{"embeddable":true,"href":"https:\/\/experienciadevida.com.ar\/portalurbano\/wp-json\/wp\/v2\/comments?post=120949"}],"version-history":[{"count":2,"href":"https:\/\/experienciadevida.com.ar\/portalurbano\/wp-json\/wp\/v2\/posts\/120949\/revisions"}],"predecessor-version":[{"id":120954,"href":"https:\/\/experienciadevida.com.ar\/portalurbano\/wp-json\/wp\/v2\/posts\/120949\/revisions\/120954"}],"wp:featuredmedia":[{"embeddable":true,"href":"https:\/\/experienciadevida.com.ar\/portalurbano\/wp-json\/wp\/v2\/media\/120952"}],"wp:attachment":[{"href":"https:\/\/experienciadevida.com.ar\/portalurbano\/wp-json\/wp\/v2\/media?parent=120949"}],"wp:term":[{"taxonomy":"category","embeddable":true,"href":"https:\/\/experienciadevida.com.ar\/portalurbano\/wp-json\/wp\/v2\/categories?post=120949"},{"taxonomy":"post_tag","embeddable":true,"href":"https:\/\/experienciadevida.com.ar\/portalurbano\/wp-json\/wp\/v2\/tags?post=120949"}],"curies":[{"name":"wp","href":"https:\/\/api.w.org\/{rel}","templated":true}]}}