{"id":120910,"date":"2020-09-10T11:59:03","date_gmt":"2020-09-10T14:59:03","guid":{"rendered":"https:\/\/experienciadevida.com.ar\/portalurbano\/?p=120910"},"modified":"2020-09-10T11:59:40","modified_gmt":"2020-09-10T14:59:40","slug":"sesion-del-hcd-aprobaron-un-proyecto-para-pedirle-a-provincia-un-nuevo-criterio-de-fases","status":"publish","type":"post","link":"https:\/\/experienciadevida.com.ar\/portalurbano\/sesion-del-hcd-aprobaron-un-proyecto-para-pedirle-a-provincia-un-nuevo-criterio-de-fases\/","title":{"rendered":"Sesi\u00f3n del HCD: Aprobaron un proyecto para pedirle a Provincia un nuevo criterio de fases"},"content":{"rendered":"<p>En la jornada de este jueves, se realiz\u00f3 una nueva <strong>sesi\u00f3n del HCD<\/strong> a partir de las\u00a0 9 de la ma\u00f1ana que es transmitido en vivo a trav\u00e9s de su cuenta de <a href=\"https:\/\/www.youtube.com\/watch?v=EQMYT28PB0A\">youtube<\/a>.\u00a0 La misma comenz\u00f3 con el izamiento de la bandera, con Victoria De bellis.<a href=\"https:\/\/experienciadevida.com.ar\/portalurbano\/sesion-del-hcd-aprobaron-un-proyecto-para-pedirle-a-provincia-un-nuevo-criterio-de-fases\/de-vellis\/\" rel=\"attachment wp-att-120911\"><img decoding=\"async\" class=\"aligncenter wp-image-120911 size-full\" src=\"https:\/\/experienciadevida.com.ar\/portalurbano\/wp-content\/uploads\/2020\/09\/De-vellis-e1599745876496.jpg\" alt=\"Sesi\u00f3n\" width=\"765\" height=\"572\" \/><\/a><\/p>\n<p>Posteriormente, se tom\u00f3 asistencia y se modific\u00f3 el orden del d\u00eda para tratar en primer lugar el proyecto de resoluci\u00f3n solicitando a la jefatura de ministros de la provincia de buenos Aires un nuevo criterio de fases, y autorizaci\u00f3n de rubros determinados.<\/p>\n<p>El primero en tomar la palabra en la<strong> sesi\u00f3n del hcd<\/strong> fue Mar\u00eda Jos\u00e9 Gonz\u00e1lez <em>&#8220;el proyecto de resoluci\u00f3n fue elaborado desde nuestro bloque junto con Mart\u00edn Lastape de UCR donde se solicita a la Provincia que revise las actividades que est\u00e1n incluidas en el sistema de fases&#8221;.<\/em><\/p>\n<p><em>&#8220;Olavarr\u00eda se encuentra encuadrada actualmente en fase 4 en base a la actual situaci\u00f3n sanitaria y epidemiol\u00f3gica de nuestro partido. Las actividades se encuentran comprendidas en fase 5 conforme en el cuadro de actividades por fases establecido en la referida resoluci\u00f3n provincial. No pueden desconocerse no s\u00f3lo los beneficios para la salud que representa la pr\u00e1ctica de actividades f\u00edsicas sino tambi\u00e9n la necesidad apremiante que atraviesan los trabajadores e impulsores de este sector,\u00a0 sin dudas uno de los m\u00e1s importantes de Olavarr\u00eda&#8221;.<\/em><\/p>\n<p><a href=\"https:\/\/experienciadevida.com.ar\/portalurbano\/sesion-del-hcd-aprobaron-un-proyecto-para-pedirle-a-provincia-un-nuevo-criterio-de-fases\/gonzalez\/\" rel=\"attachment wp-att-120912\"><img decoding=\"async\" class=\"aligncenter wp-image-120912 size-full\" src=\"https:\/\/experienciadevida.com.ar\/portalurbano\/wp-content\/uploads\/2020\/09\/Gonzalez.png\" alt=\"\" width=\"692\" height=\"476\" srcset=\"https:\/\/experienciadevida.com.ar\/portalurbano\/wp-content\/uploads\/2020\/09\/Gonzalez.png 692w, https:\/\/experienciadevida.com.ar\/portalurbano\/wp-content\/uploads\/2020\/09\/Gonzalez-300x206.png 300w\" sizes=\"(max-width: 692px) 100vw, 692px\" \/><\/a><\/p>\n<p>Por otro lado &#8220;<em>adem\u00e1s de la preponderancia que tiene su funcionamiento para el normal desarrollo f\u00edsico y social de los vecinos de Olavarr\u00eda, que en el tiempo que transcurri\u00f3 desde el inicio de la pandemia hasta que el municipio fue encuadrado en fase 5 el 10 de agosto, los responsables de estos espacios llevaron adelante todas aquellas modificaciones y adaptaciones exigidas por los estrictos protocolos elaborados por la autoridad competente, para cada actividad para poder funcionar conforme a lo establecido. Su re apertura a partir de dicha fecha represent\u00f3 no s\u00f3lo una alegr\u00eda para quienes dirigen estos espacios sino tambi\u00e9n para todos los Olavarrienses que asisten en forma regular a desarrollar actividades f\u00edsicas, recreativas, y todo aquello que llevan adelante gimnasios\u00a0 y estudios de danza, siendo \u00e9stos \u00faltimos los m\u00e1s representativos del sector debiendo cerrar sus puertas\u00a0 apenas a menos de un mes de su apertura con el pase nuevamente a fase 4&#8243;.<\/em><\/p>\n<p><em>&#8220;El reciente informe del \u00e1rea de salud mental evidencia un aumento del 40% de tratamientos con psicof\u00e1rmacos para trastornos del sue\u00f1o en pacientes con trastornos prevalentes y as\u00edmismo se registra un importante incremento en tratamientos para crisis de angustia y para trastornos depresivos y ansiosos con aumento del 17 y 33% respectivamente desde el inicio de la pandemia. El desarrollo de actividades f\u00edsicas\u00a0 y recreativas bajo estrictas medidas de cuidado personal y de bioseguridad representar\u00eda un riesgo epidemiol\u00f3gico inferior a otras actividades habilitadas en fase 4, ninguno de los contagios que hemos tenido en la ciudad est\u00e1 relacionado con las actividades culturales o de los gimnasios lugares que adem\u00e1s fueron fiscalizados por el Municipio para su correcto funcionamiento conforme a los protocolos vigentes&#8221;.<\/em><\/p>\n<p>Luego tom\u00f3 la palabra Cecilia Krivoechen &#8220;desde el mes de julio que venimos teniendo di\u00e1logo constante con distintos referentes del deporte y tambi\u00e9n de la cultura escuchando esta gran necesidad de volver\u00a0 a retomar su actividades. El 28 de julio en un encuentro virtual con m\u00e1s de 60 personas que integran ACAFSO acompa\u00f1amos p\u00fablicamente su pedido de reapertura, al volver a fase 4 se vieron obligados a cerrar sus puertas nuevamente&#8221;.<\/p>\n<p><a href=\"https:\/\/experienciadevida.com.ar\/portalurbano\/sesion-del-hcd-aprobaron-un-proyecto-para-pedirle-a-provincia-un-nuevo-criterio-de-fases\/krivochen\/\" rel=\"attachment wp-att-120913\"><img decoding=\"async\" class=\"aligncenter wp-image-120913 size-full\" src=\"https:\/\/experienciadevida.com.ar\/portalurbano\/wp-content\/uploads\/2020\/09\/Krivochen.png\" alt=\"\" width=\"765\" height=\"582\" srcset=\"https:\/\/experienciadevida.com.ar\/portalurbano\/wp-content\/uploads\/2020\/09\/Krivochen.png 765w, https:\/\/experienciadevida.com.ar\/portalurbano\/wp-content\/uploads\/2020\/09\/Krivochen-300x228.png 300w\" sizes=\"(max-width: 765px) 100vw, 765px\" \/><\/a><\/p>\n<p><em>&#8220;Esto gener\u00f3 <a href=\"https:\/\/experienciadevida.com.ar\/portalurbano\/galli-pidio-a-provincia-la-apertura-de-gimnasios-y-centros-culturales-en-fase-4\/\">un pedido del gobierno Municipal a provincia para que revea la situaci\u00f3n de la apertura<\/a> de los gimnasios en fase 4, <a href=\"https:\/\/experienciadevida.com.ar\/portalurbano\/provincia-rechazo-la-solicitud-del-gobierno-municipal-para-reabrir-gimnasios\/\">pedido que fue rechazado.<\/a> Solicitamos la reconsideraci\u00f3n de criterio para el funcionamiento de actividades en esta fase.\u00a0 La fase 5 habilitaba todas estas actividades&#8221;.<\/em><\/p>\n<p>Posteriormente en la sesi\u00f3n del HCD habl\u00f3 Celeste Arouxet &#8220;<em>voy a acompa\u00f1ar esta resoluci\u00f3n que se ha solicitado, como cualquier otra medida que sea para dar un alivio a estas actividades\u00a0 y otras actividades que vienen durante estos meses paralizada. Hay dos alternativas una es la que tiene la Provincia y otra la que tiene el Intendente de generar un decreto para que los gimnasios puedan abrir, solicito que en el mientas tanto el Intendente haga un decreto para que puedan empezar a funcionar a la brevedad&#8221;.<\/em><\/p>\n<p><a href=\"https:\/\/experienciadevida.com.ar\/portalurbano\/sesion-del-hcd-aprobaron-un-proyecto-para-pedirle-a-provincia-un-nuevo-criterio-de-fases\/celeste-arouxet\/\" rel=\"attachment wp-att-120914\"><img decoding=\"async\" class=\"aligncenter wp-image-120914 size-full\" src=\"https:\/\/experienciadevida.com.ar\/portalurbano\/wp-content\/uploads\/2020\/09\/Celeste-Arouxet.png\" alt=\"\" width=\"765\" height=\"583\" srcset=\"https:\/\/experienciadevida.com.ar\/portalurbano\/wp-content\/uploads\/2020\/09\/Celeste-Arouxet.png 765w, https:\/\/experienciadevida.com.ar\/portalurbano\/wp-content\/uploads\/2020\/09\/Celeste-Arouxet-300x229.png 300w\" sizes=\"(max-width: 765px) 100vw, 765px\" \/><\/a><\/p>\n<p>Por \u00faltimo Mart\u00edn Endere dijo &#8220;<em>quiero hacer una aclaraci\u00f3n. La decisi\u00f3n del Intendente fue ajustarse al sistema de fases de la Provincia, es un tema serio. A trav\u00e9s de esta resoluci\u00f3n estamos solicitando que los gimnasios puedan volver a funcionar. Nosotros respetamos la decisi\u00f3n establecida respecto de las fases pero no quiere decir que no podamos solicitar su revisi\u00f3n. Es un pedido para que se revea una fase y habilite un mont\u00f3n de trabajadores que no hacen m\u00e1s que trabajar&#8221;.<\/em><\/p>\n<p>El proyecto fue aprobado por unanimidad.<\/p>\n","protected":false},"excerpt":{"rendered":"<p>En la jornada de este jueves, se realiz\u00f3 una nueva sesi\u00f3n del HCD a partir&#8230;<\/p>\n","protected":false},"author":1,"featured_media":120916,"comment_status":"closed","ping_status":"closed","sticky":false,"template":"","format":"standard","meta":{"content-type":""},"categories":[51,43],"tags":[],"nelio_content":{"isAutoShareEnabled":false,"autoShareEndMode":"default","automationSources":{"useContentSentences":true,"useSocialTemplates":true,"useCustomSentences":false,"customSentences":[]},"followers":[1],"suggestedReferences":[],"includedReferences":["https:\/\/www.youtube.com\/watch?v=EQMYT28PB0A"],"efiUrl":"","efiAlt":"","highlights":[]},"yoast_head":"<!-- This site is optimized with the Yoast SEO plugin v20.7 - https:\/\/yoast.com\/wordpress\/plugins\/seo\/ -->\n<title>Sesi\u00f3n del HCD: Aprobaron un pedido para enviar a Provincia<\/title>\n<meta name=\"description\" content=\"En la jornada de este jueves se realiz\u00f3 una nueva sesi\u00f3n del HCD, en el recinto de la Sociedad Espa\u00f1ola a partir de las 9 de la ma\u00f1ana.\" \/>\n<meta name=\"robots\" content=\"index, follow, max-snippet:-1, max-image-preview:large, max-video-preview:-1\" \/>\n<link rel=\"canonical\" href=\"https:\/\/experienciadevida.com.ar\/portalurbano\/sesion-del-hcd-aprobaron-un-proyecto-para-pedirle-a-provincia-un-nuevo-criterio-de-fases\/\" \/>\n<meta property=\"og:locale\" content=\"es_ES\" \/>\n<meta property=\"og:type\" content=\"article\" \/>\n<meta property=\"og:title\" content=\"Sesi\u00f3n del HCD: Aprobaron un pedido para enviar a Provincia\" \/>\n<meta property=\"og:description\" content=\"En la jornada de este jueves se realiz\u00f3 una nueva sesi\u00f3n del HCD, en el recinto de la Sociedad Espa\u00f1ola a partir de las 9 de la ma\u00f1ana.\" \/>\n<meta property=\"og:url\" content=\"https:\/\/experienciadevida.com.ar\/portalurbano\/sesion-del-hcd-aprobaron-un-proyecto-para-pedirle-a-provincia-un-nuevo-criterio-de-fases\/\" \/>\n<meta property=\"article:publisher\" content=\"https:\/\/www.facebook.com\/Portal-Urbano-171542830093757\/\" \/>\n<meta property=\"article:published_time\" content=\"2020-09-10T14:59:03+00:00\" \/>\n<meta property=\"article:modified_time\" content=\"2020-09-10T14:59:40+00:00\" \/>\n<meta property=\"og:image\" content=\"https:\/\/experienciadevida.com.ar\/portalurbano\/wp-content\/uploads\/2020\/09\/Sesion-del-HCD.jpg\" \/>\n\t<meta property=\"og:image:width\" content=\"765\" \/>\n\t<meta property=\"og:image:height\" content=\"511\" \/>\n\t<meta property=\"og:image:type\" content=\"image\/jpeg\" \/>\n<meta name=\"author\" content=\"admpu17wp\" \/>\n<meta name=\"twitter:card\" content=\"summary_large_image\" \/>\n<meta name=\"twitter:creator\" content=\"@portalurbanook\" \/>\n<meta name=\"twitter:site\" content=\"@portalurbanook\" \/>\n<meta name=\"twitter:label1\" content=\"Escrito por\" \/>\n\t<meta name=\"twitter:data1\" content=\"admpu17wp\" \/>\n\t<meta name=\"twitter:label2\" content=\"Tiempo de lectura\" \/>\n\t<meta name=\"twitter:data2\" content=\"4 minutos\" \/>\n<script type=\"application\/ld+json\" class=\"yoast-schema-graph\">{\"@context\":\"https:\/\/schema.org\",\"@graph\":[{\"@type\":\"Article\",\"@id\":\"https:\/\/experienciadevida.com.ar\/portalurbano\/sesion-del-hcd-aprobaron-un-proyecto-para-pedirle-a-provincia-un-nuevo-criterio-de-fases\/#article\",\"isPartOf\":{\"@id\":\"https:\/\/experienciadevida.com.ar\/portalurbano\/sesion-del-hcd-aprobaron-un-proyecto-para-pedirle-a-provincia-un-nuevo-criterio-de-fases\/\"},\"author\":{\"name\":\"admpu17wp\",\"@id\":\"https:\/\/experienciadevida.com.ar\/portalurbano\/#\/schema\/person\/02dd326b1c4b056e9cc972486934a3a7\"},\"headline\":\"Sesi\u00f3n del HCD: Aprobaron un proyecto para pedirle a Provincia un nuevo criterio de fases\",\"datePublished\":\"2020-09-10T14:59:03+00:00\",\"dateModified\":\"2020-09-10T14:59:40+00:00\",\"mainEntityOfPage\":{\"@id\":\"https:\/\/experienciadevida.com.ar\/portalurbano\/sesion-del-hcd-aprobaron-un-proyecto-para-pedirle-a-provincia-un-nuevo-criterio-de-fases\/\"},\"wordCount\":842,\"publisher\":{\"@id\":\"https:\/\/experienciadevida.com.ar\/portalurbano\/#organization\"},\"articleSection\":[\"Destacadas\",\"Pol\u00edtica\"],\"inLanguage\":\"es\"},{\"@type\":\"WebPage\",\"@id\":\"https:\/\/experienciadevida.com.ar\/portalurbano\/sesion-del-hcd-aprobaron-un-proyecto-para-pedirle-a-provincia-un-nuevo-criterio-de-fases\/\",\"url\":\"https:\/\/experienciadevida.com.ar\/portalurbano\/sesion-del-hcd-aprobaron-un-proyecto-para-pedirle-a-provincia-un-nuevo-criterio-de-fases\/\",\"name\":\"Sesi\u00f3n del HCD: Aprobaron un pedido para enviar a Provincia\",\"isPartOf\":{\"@id\":\"https:\/\/experienciadevida.com.ar\/portalurbano\/#website\"},\"datePublished\":\"2020-09-10T14:59:03+00:00\",\"dateModified\":\"2020-09-10T14:59:40+00:00\",\"description\":\"En la jornada de este jueves se realiz\u00f3 una nueva sesi\u00f3n del HCD, en el recinto de la Sociedad Espa\u00f1ola a partir de las 9 de la ma\u00f1ana.\",\"breadcrumb\":{\"@id\":\"https:\/\/experienciadevida.com.ar\/portalurbano\/sesion-del-hcd-aprobaron-un-proyecto-para-pedirle-a-provincia-un-nuevo-criterio-de-fases\/#breadcrumb\"},\"inLanguage\":\"es\",\"potentialAction\":[{\"@type\":\"ReadAction\",\"target\":[\"https:\/\/experienciadevida.com.ar\/portalurbano\/sesion-del-hcd-aprobaron-un-proyecto-para-pedirle-a-provincia-un-nuevo-criterio-de-fases\/\"]}]},{\"@type\":\"BreadcrumbList\",\"@id\":\"https:\/\/experienciadevida.com.ar\/portalurbano\/sesion-del-hcd-aprobaron-un-proyecto-para-pedirle-a-provincia-un-nuevo-criterio-de-fases\/#breadcrumb\",\"itemListElement\":[{\"@type\":\"ListItem\",\"position\":1,\"name\":\"Portada\",\"item\":\"https:\/\/experienciadevida.com.ar\/portalurbano\/\"},{\"@type\":\"ListItem\",\"position\":2,\"name\":\"Sesi\u00f3n del HCD: Aprobaron un proyecto para pedirle a Provincia un nuevo criterio de fases\"}]},{\"@type\":\"WebSite\",\"@id\":\"https:\/\/experienciadevida.com.ar\/portalurbano\/#website\",\"url\":\"https:\/\/experienciadevida.com.ar\/portalurbano\/\",\"name\":\"\",\"description\":\"\",\"publisher\":{\"@id\":\"https:\/\/experienciadevida.com.ar\/portalurbano\/#organization\"},\"potentialAction\":[{\"@type\":\"SearchAction\",\"target\":{\"@type\":\"EntryPoint\",\"urlTemplate\":\"https:\/\/experienciadevida.com.ar\/portalurbano\/?s={search_term_string}\"},\"query-input\":\"required name=search_term_string\"}],\"inLanguage\":\"es\"},{\"@type\":\"Organization\",\"@id\":\"https:\/\/experienciadevida.com.ar\/portalurbano\/#organization\",\"name\":\"Portal Urbano\",\"url\":\"https:\/\/experienciadevida.com.ar\/portalurbano\/\",\"logo\":{\"@type\":\"ImageObject\",\"inLanguage\":\"es\",\"@id\":\"https:\/\/experienciadevida.com.ar\/portalurbano\/#\/schema\/logo\/image\/\",\"url\":\"https:\/\/experienciadevida.com.ar\/portalurbano\/wp-content\/uploads\/2019\/09\/Logo-Original.png\",\"contentUrl\":\"https:\/\/experienciadevida.com.ar\/portalurbano\/wp-content\/uploads\/2019\/09\/Logo-Original.png\",\"width\":2236,\"height\":1216,\"caption\":\"Portal Urbano\"},\"image\":{\"@id\":\"https:\/\/experienciadevida.com.ar\/portalurbano\/#\/schema\/logo\/image\/\"},\"sameAs\":[\"https:\/\/www.facebook.com\/Portal-Urbano-171542830093757\/\",\"https:\/\/twitter.com\/portalurbanook\",\"https:\/\/www.instagram.com\/_portalurbano\/\",\"https:\/\/www.youtube.com\/channel\/UCXhagIfszH8KxFiOok79zbA?view_as=subscriber\"]},{\"@type\":\"Person\",\"@id\":\"https:\/\/experienciadevida.com.ar\/portalurbano\/#\/schema\/person\/02dd326b1c4b056e9cc972486934a3a7\",\"name\":\"admpu17wp\",\"image\":{\"@type\":\"ImageObject\",\"inLanguage\":\"es\",\"@id\":\"https:\/\/experienciadevida.com.ar\/portalurbano\/#\/schema\/person\/image\/\",\"url\":\"https:\/\/secure.gravatar.com\/avatar\/830d4c57adaae6630765e449a6908047?s=96&d=mm&r=g\",\"contentUrl\":\"https:\/\/secure.gravatar.com\/avatar\/830d4c57adaae6630765e449a6908047?s=96&d=mm&r=g\",\"caption\":\"admpu17wp\"}}]}<\/script>\n<!-- \/ Yoast SEO plugin. -->","yoast_head_json":{"title":"Sesi\u00f3n del HCD: Aprobaron un pedido para enviar a Provincia","description":"En la jornada de este jueves se realiz\u00f3 una nueva sesi\u00f3n del HCD, en el recinto de la Sociedad Espa\u00f1ola a partir de las 9 de la ma\u00f1ana.","robots":{"index":"index","follow":"follow","max-snippet":"max-snippet:-1","max-image-preview":"max-image-preview:large","max-video-preview":"max-video-preview:-1"},"canonical":"https:\/\/experienciadevida.com.ar\/portalurbano\/sesion-del-hcd-aprobaron-un-proyecto-para-pedirle-a-provincia-un-nuevo-criterio-de-fases\/","og_locale":"es_ES","og_type":"article","og_title":"Sesi\u00f3n del HCD: Aprobaron un pedido para enviar a Provincia","og_description":"En la jornada de este jueves se realiz\u00f3 una nueva sesi\u00f3n del HCD, en el recinto de la Sociedad Espa\u00f1ola a partir de las 9 de la ma\u00f1ana.","og_url":"https:\/\/experienciadevida.com.ar\/portalurbano\/sesion-del-hcd-aprobaron-un-proyecto-para-pedirle-a-provincia-un-nuevo-criterio-de-fases\/","article_publisher":"https:\/\/www.facebook.com\/Portal-Urbano-171542830093757\/","article_published_time":"2020-09-10T14:59:03+00:00","article_modified_time":"2020-09-10T14:59:40+00:00","og_image":[{"width":765,"height":511,"url":"https:\/\/experienciadevida.com.ar\/portalurbano\/wp-content\/uploads\/2020\/09\/Sesion-del-HCD.jpg","type":"image\/jpeg"}],"author":"admpu17wp","twitter_card":"summary_large_image","twitter_creator":"@portalurbanook","twitter_site":"@portalurbanook","twitter_misc":{"Escrito por":"admpu17wp","Tiempo de lectura":"4 minutos"},"schema":{"@context":"https:\/\/schema.org","@graph":[{"@type":"Article","@id":"https:\/\/experienciadevida.com.ar\/portalurbano\/sesion-del-hcd-aprobaron-un-proyecto-para-pedirle-a-provincia-un-nuevo-criterio-de-fases\/#article","isPartOf":{"@id":"https:\/\/experienciadevida.com.ar\/portalurbano\/sesion-del-hcd-aprobaron-un-proyecto-para-pedirle-a-provincia-un-nuevo-criterio-de-fases\/"},"author":{"name":"admpu17wp","@id":"https:\/\/experienciadevida.com.ar\/portalurbano\/#\/schema\/person\/02dd326b1c4b056e9cc972486934a3a7"},"headline":"Sesi\u00f3n del HCD: Aprobaron un proyecto para pedirle a Provincia un nuevo criterio de fases","datePublished":"2020-09-10T14:59:03+00:00","dateModified":"2020-09-10T14:59:40+00:00","mainEntityOfPage":{"@id":"https:\/\/experienciadevida.com.ar\/portalurbano\/sesion-del-hcd-aprobaron-un-proyecto-para-pedirle-a-provincia-un-nuevo-criterio-de-fases\/"},"wordCount":842,"publisher":{"@id":"https:\/\/experienciadevida.com.ar\/portalurbano\/#organization"},"articleSection":["Destacadas","Pol\u00edtica"],"inLanguage":"es"},{"@type":"WebPage","@id":"https:\/\/experienciadevida.com.ar\/portalurbano\/sesion-del-hcd-aprobaron-un-proyecto-para-pedirle-a-provincia-un-nuevo-criterio-de-fases\/","url":"https:\/\/experienciadevida.com.ar\/portalurbano\/sesion-del-hcd-aprobaron-un-proyecto-para-pedirle-a-provincia-un-nuevo-criterio-de-fases\/","name":"Sesi\u00f3n del HCD: Aprobaron un pedido para enviar a Provincia","isPartOf":{"@id":"https:\/\/experienciadevida.com.ar\/portalurbano\/#website"},"datePublished":"2020-09-10T14:59:03+00:00","dateModified":"2020-09-10T14:59:40+00:00","description":"En la jornada de este jueves se realiz\u00f3 una nueva sesi\u00f3n del HCD, en el recinto de la Sociedad Espa\u00f1ola a partir de las 9 de la ma\u00f1ana.","breadcrumb":{"@id":"https:\/\/experienciadevida.com.ar\/portalurbano\/sesion-del-hcd-aprobaron-un-proyecto-para-pedirle-a-provincia-un-nuevo-criterio-de-fases\/#breadcrumb"},"inLanguage":"es","potentialAction":[{"@type":"ReadAction","target":["https:\/\/experienciadevida.com.ar\/portalurbano\/sesion-del-hcd-aprobaron-un-proyecto-para-pedirle-a-provincia-un-nuevo-criterio-de-fases\/"]}]},{"@type":"BreadcrumbList","@id":"https:\/\/experienciadevida.com.ar\/portalurbano\/sesion-del-hcd-aprobaron-un-proyecto-para-pedirle-a-provincia-un-nuevo-criterio-de-fases\/#breadcrumb","itemListElement":[{"@type":"ListItem","position":1,"name":"Portada","item":"https:\/\/experienciadevida.com.ar\/portalurbano\/"},{"@type":"ListItem","position":2,"name":"Sesi\u00f3n del HCD: Aprobaron un proyecto para pedirle a Provincia un nuevo criterio de fases"}]},{"@type":"WebSite","@id":"https:\/\/experienciadevida.com.ar\/portalurbano\/#website","url":"https:\/\/experienciadevida.com.ar\/portalurbano\/","name":"","description":"","publisher":{"@id":"https:\/\/experienciadevida.com.ar\/portalurbano\/#organization"},"potentialAction":[{"@type":"SearchAction","target":{"@type":"EntryPoint","urlTemplate":"https:\/\/experienciadevida.com.ar\/portalurbano\/?s={search_term_string}"},"query-input":"required name=search_term_string"}],"inLanguage":"es"},{"@type":"Organization","@id":"https:\/\/experienciadevida.com.ar\/portalurbano\/#organization","name":"Portal Urbano","url":"https:\/\/experienciadevida.com.ar\/portalurbano\/","logo":{"@type":"ImageObject","inLanguage":"es","@id":"https:\/\/experienciadevida.com.ar\/portalurbano\/#\/schema\/logo\/image\/","url":"https:\/\/experienciadevida.com.ar\/portalurbano\/wp-content\/uploads\/2019\/09\/Logo-Original.png","contentUrl":"https:\/\/experienciadevida.com.ar\/portalurbano\/wp-content\/uploads\/2019\/09\/Logo-Original.png","width":2236,"height":1216,"caption":"Portal Urbano"},"image":{"@id":"https:\/\/experienciadevida.com.ar\/portalurbano\/#\/schema\/logo\/image\/"},"sameAs":["https:\/\/www.facebook.com\/Portal-Urbano-171542830093757\/","https:\/\/twitter.com\/portalurbanook","https:\/\/www.instagram.com\/_portalurbano\/","https:\/\/www.youtube.com\/channel\/UCXhagIfszH8KxFiOok79zbA?view_as=subscriber"]},{"@type":"Person","@id":"https:\/\/experienciadevida.com.ar\/portalurbano\/#\/schema\/person\/02dd326b1c4b056e9cc972486934a3a7","name":"admpu17wp","image":{"@type":"ImageObject","inLanguage":"es","@id":"https:\/\/experienciadevida.com.ar\/portalurbano\/#\/schema\/person\/image\/","url":"https:\/\/secure.gravatar.com\/avatar\/830d4c57adaae6630765e449a6908047?s=96&d=mm&r=g","contentUrl":"https:\/\/secure.gravatar.com\/avatar\/830d4c57adaae6630765e449a6908047?s=96&d=mm&r=g","caption":"admpu17wp"}}]}},"featured_image_urls":{"full":["https:\/\/experienciadevida.com.ar\/portalurbano\/wp-content\/uploads\/2020\/09\/Sesion-del-HCD.jpg",765,511,false],"thumbnail":["https:\/\/experienciadevida.com.ar\/portalurbano\/wp-content\/uploads\/2020\/09\/Sesion-del-HCD-150x150.jpg",150,150,true],"medium":["https:\/\/experienciadevida.com.ar\/portalurbano\/wp-content\/uploads\/2020\/09\/Sesion-del-HCD-300x200.jpg",300,200,true],"medium_large":["https:\/\/experienciadevida.com.ar\/portalurbano\/wp-content\/uploads\/2020\/09\/Sesion-del-HCD.jpg",640,428,false],"large":["https:\/\/experienciadevida.com.ar\/portalurbano\/wp-content\/uploads\/2020\/09\/Sesion-del-HCD.jpg",640,428,false],"ug_big":["https:\/\/experienciadevida.com.ar\/portalurbano\/wp-content\/uploads\/2020\/09\/Sesion-del-HCD.jpg",765,511,false],"1536x1536":["https:\/\/experienciadevida.com.ar\/portalurbano\/wp-content\/uploads\/2020\/09\/Sesion-del-HCD.jpg",765,511,false],"2048x2048":["https:\/\/experienciadevida.com.ar\/portalurbano\/wp-content\/uploads\/2020\/09\/Sesion-del-HCD.jpg",765,511,false],"newsever-slider-full":["https:\/\/experienciadevida.com.ar\/portalurbano\/wp-content\/uploads\/2020\/09\/Sesion-del-HCD.jpg",765,511,false],"newsever-featured":["https:\/\/experienciadevida.com.ar\/portalurbano\/wp-content\/uploads\/2020\/09\/Sesion-del-HCD.jpg",765,511,false],"newsever-medium":["https:\/\/experienciadevida.com.ar\/portalurbano\/wp-content\/uploads\/2020\/09\/Sesion-del-HCD.jpg",711,475,false],"web-stories-poster-portrait":["https:\/\/experienciadevida.com.ar\/portalurbano\/wp-content\/uploads\/2020\/09\/Sesion-del-HCD.jpg",640,428,false],"web-stories-publisher-logo":["https:\/\/experienciadevida.com.ar\/portalurbano\/wp-content\/uploads\/2020\/09\/Sesion-del-HCD.jpg",96,64,false],"web-stories-thumbnail":["https:\/\/experienciadevida.com.ar\/portalurbano\/wp-content\/uploads\/2020\/09\/Sesion-del-HCD.jpg",150,100,false]},"author_info":{"display_name":"admpu17wp","author_link":"https:\/\/experienciadevida.com.ar\/portalurbano\/author\/admpu17wp\/"},"category_info":"<a href=\"https:\/\/experienciadevida.com.ar\/portalurbano\/category\/destacadas\/\" rel=\"category tag\">Destacadas<\/a> <a href=\"https:\/\/experienciadevida.com.ar\/portalurbano\/category\/politica\/\" rel=\"category tag\">Pol\u00edtica<\/a>","tag_info":"Pol\u00edtica","comment_count":"0","amp_enabled":true,"_links":{"self":[{"href":"https:\/\/experienciadevida.com.ar\/portalurbano\/wp-json\/wp\/v2\/posts\/120910"}],"collection":[{"href":"https:\/\/experienciadevida.com.ar\/portalurbano\/wp-json\/wp\/v2\/posts"}],"about":[{"href":"https:\/\/experienciadevida.com.ar\/portalurbano\/wp-json\/wp\/v2\/types\/post"}],"author":[{"embeddable":true,"href":"https:\/\/experienciadevida.com.ar\/portalurbano\/wp-json\/wp\/v2\/users\/1"}],"replies":[{"embeddable":true,"href":"https:\/\/experienciadevida.com.ar\/portalurbano\/wp-json\/wp\/v2\/comments?post=120910"}],"version-history":[{"count":4,"href":"https:\/\/experienciadevida.com.ar\/portalurbano\/wp-json\/wp\/v2\/posts\/120910\/revisions"}],"predecessor-version":[{"id":120921,"href":"https:\/\/experienciadevida.com.ar\/portalurbano\/wp-json\/wp\/v2\/posts\/120910\/revisions\/120921"}],"wp:featuredmedia":[{"embeddable":true,"href":"https:\/\/experienciadevida.com.ar\/portalurbano\/wp-json\/wp\/v2\/media\/120916"}],"wp:attachment":[{"href":"https:\/\/experienciadevida.com.ar\/portalurbano\/wp-json\/wp\/v2\/media?parent=120910"}],"wp:term":[{"taxonomy":"category","embeddable":true,"href":"https:\/\/experienciadevida.com.ar\/portalurbano\/wp-json\/wp\/v2\/categories?post=120910"},{"taxonomy":"post_tag","embeddable":true,"href":"https:\/\/experienciadevida.com.ar\/portalurbano\/wp-json\/wp\/v2\/tags?post=120910"}],"curies":[{"name":"wp","href":"https:\/\/api.w.org\/{rel}","templated":true}]}}