{"id":120810,"date":"2020-09-09T14:05:06","date_gmt":"2020-09-09T17:05:06","guid":{"rendered":"https:\/\/experienciadevida.com.ar\/portalurbano\/?p=120810"},"modified":"2020-09-09T14:06:28","modified_gmt":"2020-09-09T17:06:28","slug":"comerciantes-unidos-emitio-un-comunicado-sobre-la-tasa-de-seguridad-e-higiene","status":"publish","type":"post","link":"https:\/\/experienciadevida.com.ar\/portalurbano\/comerciantes-unidos-emitio-un-comunicado-sobre-la-tasa-de-seguridad-e-higiene\/","title":{"rendered":"Comerciantes Unidos emiti\u00f3 un comunicado sobre la tasa de seguridad e higiene"},"content":{"rendered":"<p>En la jornada de este mi\u00e9rcoles <a href=\"https:\/\/www.facebook.com\/comerciantesunidosolavarria\">Comerciantes Unidos Olavarr\u00eda,<\/a> emiti\u00f3 un comunicado ya que este jueves en una nueva sesi\u00f3n del HCD, se tratar\u00e1 la <strong>tasa de seguridad e higiene.<\/strong><\/p>\n<p>Por otro lado, desde la <a href=\"https:\/\/experienciadevida.com.ar\/portalurbano\/tasa-de-seguridad-e-higiene-comerciantes-elevaron-un-pedido-al-hcd-y-piden-que-se-extienda\/\">Agrupaci\u00f3n ya hab\u00edan enviado un pedido al HCD sobre la tasa de seguridad e higiene.<\/a><\/p>\n<p>A principios de agosto, &#8220;<em>un comerciante nos advirti\u00f3 que la <\/em><strong>tasa de seguridad e higiene<\/strong><em> le hab\u00eda llegado con un aumento elevado. Para nuestra sorpresa, la suba se deb\u00eda a que ya no ten\u00eda el 50% de descuento, beneficio que hab\u00edamos solicitado considerando la problem\u00e1tica de todos los sectores productivos y comerciales&#8221;.<\/em><\/p>\n<p><em>&#8220;A trav\u00e9s del decreto 1968\/20, nos hab\u00edan confirmado que lo llevar\u00edan a cabo. Sin embargo, luego de llamar a estudios contables, leer mencionado decreto, y conversar con concejales, corroboramos que efectivamente hab\u00eda una trampa: la exenci\u00f3n era s\u00f3lo por julio&#8221;.<\/em><\/p>\n<p>Por otro lado comentaron que desde ese momento &#8220;<em>investigamos qu\u00e9 acciones han llevado adelante diferentes localidades para con los Comercios y, en definitiva, con la ciudadan\u00eda en general. Tomando el caso de Vicente L\u00f3pez, Jorge Macri cre\u00f3 un Programa de Apoyo Econ\u00f3mico a Comercios No Esenciales por el cual se entregan subsidios a 2000 comercios, a su vez, los eximi\u00f3 durante todo el segundo semestre del pago de <strong>tasa de seguridad e higiene<\/strong>, y, con apoyo de la mayor\u00eda de los Bloques del Concejo Deliberante de ese Municipio, se aprob\u00f3 un aumento de impuestos que deber\u00e1n pagar los Hipermercados y las Entidades Bancarias&#8221;.<\/em><\/p>\n<p><em>&#8220;\u00c9stos \u00faltimos puntos nos parecieron excelentes ya que, a principios de junio, presentamos una nota proponiendo exactamente lo mismo en nuestra ciudad: exceptuar del pago de Tasa o, m\u00ednimo, realizar un descuento del 50% a Comercios No Esenciales, Gimnasios, Peloteros y dem\u00e1s actividades que estuvimos mucho tiempo sin poder trabajar y, luego, lo hicimos de manera interrumpida o que directamente nunca pudimos retomar nuestra fuente laboral, pero a su vez, entendiendo el d\u00e9ficit declarado de $354 millones, compensar la recaudaci\u00f3n municipal con un &#8220;aporte solidario&#8221; de los sectores que tuvieron el beneficio de generar ganancias desde el inicio del Aislamiento, como los Hipermercados y los Bancos.<\/em><\/p>\n<p>Por \u00faltimo mencionaron que &#8220;<em>se va a tratar un proyecto de Ordenanza en la sesi\u00f3n del Concejo Deliberante impulsado por diferentes bloques (Cuidemos Olavarria, Frente de Todos y Radicales en Juntos por el Cambio) que, justamente, intenta alivianar la preocupante situaci\u00f3n econ\u00f3mica con la que nos estamos enfrentando no s\u00f3lo los Comercios No Esenciales, sino, tambi\u00e9n, los Cuentapropistas, Gimnasios, todo el sector de Eventos y Turismo, y, b\u00e1sicamente, la comunidad en general&#8221;.<\/em><\/p>\n<p>&#8220;Desde nuestra agrupaci\u00f3n tenemos mucha confianza en que va a recibir la aprobaci\u00f3n de todos los y las concejales de Olavarria, que no desconocen la realidad que estamos viviendo. Estaremos expectantes el Jueves a la ma\u00f1ana y daremos a conocer p\u00fablicamente el resultado&#8221;.<\/p>\n","protected":false},"excerpt":{"rendered":"<p>En la jornada de este mi\u00e9rcoles Comerciantes Unidos Olavarr\u00eda, emiti\u00f3 un comunicado ya que este&#8230;<\/p>\n","protected":false},"author":1,"featured_media":0,"comment_status":"closed","ping_status":"closed","sticky":false,"template":"","format":"standard","meta":{"content-type":""},"categories":[27,51],"tags":[],"nelio_content":{"isAutoShareEnabled":false,"autoShareEndMode":"default","automationSources":{"useContentSentences":true,"useSocialTemplates":true,"useCustomSentences":false,"customSentences":[]},"followers":[1],"suggestedReferences":[],"includedReferences":[],"efiUrl":"","efiAlt":"","highlights":[]},"yoast_head":"<!-- This site is optimized with the Yoast SEO plugin v20.7 - https:\/\/yoast.com\/wordpress\/plugins\/seo\/ -->\n<title>Tasa de seguridad e higiene: Comerciantes unidos emiti\u00f3 un comunicado<\/title>\n<meta name=\"description\" content=\"Tasa de seguridad e higiene: comerciantes unidos emiti\u00f3 un comunicado ya que se tratar\u00e1 en una nueva sesi\u00f3n del HCD este jueves.\" \/>\n<meta name=\"robots\" content=\"index, follow, max-snippet:-1, max-image-preview:large, max-video-preview:-1\" \/>\n<link rel=\"canonical\" href=\"https:\/\/experienciadevida.com.ar\/portalurbano\/comerciantes-unidos-emitio-un-comunicado-sobre-la-tasa-de-seguridad-e-higiene\/\" \/>\n<meta property=\"og:locale\" content=\"es_ES\" \/>\n<meta property=\"og:type\" content=\"article\" \/>\n<meta property=\"og:title\" content=\"Tasa de seguridad e higiene: Comerciantes unidos emiti\u00f3 un comunicado\" \/>\n<meta property=\"og:description\" content=\"Tasa de seguridad e higiene: comerciantes unidos emiti\u00f3 un comunicado ya que se tratar\u00e1 en una nueva sesi\u00f3n del HCD este jueves.\" \/>\n<meta property=\"og:url\" content=\"https:\/\/experienciadevida.com.ar\/portalurbano\/comerciantes-unidos-emitio-un-comunicado-sobre-la-tasa-de-seguridad-e-higiene\/\" \/>\n<meta property=\"article:publisher\" content=\"https:\/\/www.facebook.com\/Portal-Urbano-171542830093757\/\" \/>\n<meta property=\"article:published_time\" content=\"2020-09-09T17:05:06+00:00\" \/>\n<meta property=\"article:modified_time\" content=\"2020-09-09T17:06:28+00:00\" \/>\n<meta property=\"og:image\" content=\"https:\/\/experienciadevida.com.ar\/portalurbano\/wp-content\/uploads\/2018\/08\/HCD-1.jpg\" \/>\n\t<meta property=\"og:image:width\" content=\"667\" \/>\n\t<meta property=\"og:image:height\" content=\"500\" \/>\n\t<meta property=\"og:image:type\" content=\"image\/jpeg\" \/>\n<meta name=\"author\" content=\"admpu17wp\" \/>\n<meta name=\"twitter:card\" content=\"summary_large_image\" \/>\n<meta name=\"twitter:creator\" content=\"@portalurbanook\" \/>\n<meta name=\"twitter:site\" content=\"@portalurbanook\" \/>\n<meta name=\"twitter:label1\" content=\"Escrito por\" \/>\n\t<meta name=\"twitter:data1\" content=\"admpu17wp\" \/>\n\t<meta name=\"twitter:label2\" content=\"Tiempo de lectura\" \/>\n\t<meta name=\"twitter:data2\" content=\"2 minutos\" \/>\n<script type=\"application\/ld+json\" class=\"yoast-schema-graph\">{\"@context\":\"https:\/\/schema.org\",\"@graph\":[{\"@type\":\"Article\",\"@id\":\"https:\/\/experienciadevida.com.ar\/portalurbano\/comerciantes-unidos-emitio-un-comunicado-sobre-la-tasa-de-seguridad-e-higiene\/#article\",\"isPartOf\":{\"@id\":\"https:\/\/experienciadevida.com.ar\/portalurbano\/comerciantes-unidos-emitio-un-comunicado-sobre-la-tasa-de-seguridad-e-higiene\/\"},\"author\":{\"name\":\"admpu17wp\",\"@id\":\"https:\/\/experienciadevida.com.ar\/portalurbano\/#\/schema\/person\/02dd326b1c4b056e9cc972486934a3a7\"},\"headline\":\"Comerciantes Unidos emiti\u00f3 un comunicado sobre la tasa de seguridad e higiene\",\"datePublished\":\"2020-09-09T17:05:06+00:00\",\"dateModified\":\"2020-09-09T17:06:28+00:00\",\"mainEntityOfPage\":{\"@id\":\"https:\/\/experienciadevida.com.ar\/portalurbano\/comerciantes-unidos-emitio-un-comunicado-sobre-la-tasa-de-seguridad-e-higiene\/\"},\"wordCount\":508,\"publisher\":{\"@id\":\"https:\/\/experienciadevida.com.ar\/portalurbano\/#organization\"},\"articleSection\":[\"Ciudad\",\"Destacadas\"],\"inLanguage\":\"es\"},{\"@type\":\"WebPage\",\"@id\":\"https:\/\/experienciadevida.com.ar\/portalurbano\/comerciantes-unidos-emitio-un-comunicado-sobre-la-tasa-de-seguridad-e-higiene\/\",\"url\":\"https:\/\/experienciadevida.com.ar\/portalurbano\/comerciantes-unidos-emitio-un-comunicado-sobre-la-tasa-de-seguridad-e-higiene\/\",\"name\":\"Tasa de seguridad e higiene: Comerciantes unidos emiti\u00f3 un comunicado\",\"isPartOf\":{\"@id\":\"https:\/\/experienciadevida.com.ar\/portalurbano\/#website\"},\"datePublished\":\"2020-09-09T17:05:06+00:00\",\"dateModified\":\"2020-09-09T17:06:28+00:00\",\"description\":\"Tasa de seguridad e higiene: comerciantes unidos emiti\u00f3 un comunicado ya que se tratar\u00e1 en una nueva sesi\u00f3n del HCD este jueves.\",\"breadcrumb\":{\"@id\":\"https:\/\/experienciadevida.com.ar\/portalurbano\/comerciantes-unidos-emitio-un-comunicado-sobre-la-tasa-de-seguridad-e-higiene\/#breadcrumb\"},\"inLanguage\":\"es\",\"potentialAction\":[{\"@type\":\"ReadAction\",\"target\":[\"https:\/\/experienciadevida.com.ar\/portalurbano\/comerciantes-unidos-emitio-un-comunicado-sobre-la-tasa-de-seguridad-e-higiene\/\"]}]},{\"@type\":\"BreadcrumbList\",\"@id\":\"https:\/\/experienciadevida.com.ar\/portalurbano\/comerciantes-unidos-emitio-un-comunicado-sobre-la-tasa-de-seguridad-e-higiene\/#breadcrumb\",\"itemListElement\":[{\"@type\":\"ListItem\",\"position\":1,\"name\":\"Portada\",\"item\":\"https:\/\/experienciadevida.com.ar\/portalurbano\/\"},{\"@type\":\"ListItem\",\"position\":2,\"name\":\"Comerciantes Unidos emiti\u00f3 un comunicado sobre la tasa de seguridad e higiene\"}]},{\"@type\":\"WebSite\",\"@id\":\"https:\/\/experienciadevida.com.ar\/portalurbano\/#website\",\"url\":\"https:\/\/experienciadevida.com.ar\/portalurbano\/\",\"name\":\"\",\"description\":\"\",\"publisher\":{\"@id\":\"https:\/\/experienciadevida.com.ar\/portalurbano\/#organization\"},\"potentialAction\":[{\"@type\":\"SearchAction\",\"target\":{\"@type\":\"EntryPoint\",\"urlTemplate\":\"https:\/\/experienciadevida.com.ar\/portalurbano\/?s={search_term_string}\"},\"query-input\":\"required name=search_term_string\"}],\"inLanguage\":\"es\"},{\"@type\":\"Organization\",\"@id\":\"https:\/\/experienciadevida.com.ar\/portalurbano\/#organization\",\"name\":\"Portal Urbano\",\"url\":\"https:\/\/experienciadevida.com.ar\/portalurbano\/\",\"logo\":{\"@type\":\"ImageObject\",\"inLanguage\":\"es\",\"@id\":\"https:\/\/experienciadevida.com.ar\/portalurbano\/#\/schema\/logo\/image\/\",\"url\":\"https:\/\/experienciadevida.com.ar\/portalurbano\/wp-content\/uploads\/2019\/09\/Logo-Original.png\",\"contentUrl\":\"https:\/\/experienciadevida.com.ar\/portalurbano\/wp-content\/uploads\/2019\/09\/Logo-Original.png\",\"width\":2236,\"height\":1216,\"caption\":\"Portal Urbano\"},\"image\":{\"@id\":\"https:\/\/experienciadevida.com.ar\/portalurbano\/#\/schema\/logo\/image\/\"},\"sameAs\":[\"https:\/\/www.facebook.com\/Portal-Urbano-171542830093757\/\",\"https:\/\/twitter.com\/portalurbanook\",\"https:\/\/www.instagram.com\/_portalurbano\/\",\"https:\/\/www.youtube.com\/channel\/UCXhagIfszH8KxFiOok79zbA?view_as=subscriber\"]},{\"@type\":\"Person\",\"@id\":\"https:\/\/experienciadevida.com.ar\/portalurbano\/#\/schema\/person\/02dd326b1c4b056e9cc972486934a3a7\",\"name\":\"admpu17wp\",\"image\":{\"@type\":\"ImageObject\",\"inLanguage\":\"es\",\"@id\":\"https:\/\/experienciadevida.com.ar\/portalurbano\/#\/schema\/person\/image\/\",\"url\":\"https:\/\/secure.gravatar.com\/avatar\/830d4c57adaae6630765e449a6908047?s=96&d=mm&r=g\",\"contentUrl\":\"https:\/\/secure.gravatar.com\/avatar\/830d4c57adaae6630765e449a6908047?s=96&d=mm&r=g\",\"caption\":\"admpu17wp\"}}]}<\/script>\n<!-- \/ Yoast SEO plugin. -->","yoast_head_json":{"title":"Tasa de seguridad e higiene: Comerciantes unidos emiti\u00f3 un comunicado","description":"Tasa de seguridad e higiene: comerciantes unidos emiti\u00f3 un comunicado ya que se tratar\u00e1 en una nueva sesi\u00f3n del HCD este jueves.","robots":{"index":"index","follow":"follow","max-snippet":"max-snippet:-1","max-image-preview":"max-image-preview:large","max-video-preview":"max-video-preview:-1"},"canonical":"https:\/\/experienciadevida.com.ar\/portalurbano\/comerciantes-unidos-emitio-un-comunicado-sobre-la-tasa-de-seguridad-e-higiene\/","og_locale":"es_ES","og_type":"article","og_title":"Tasa de seguridad e higiene: Comerciantes unidos emiti\u00f3 un comunicado","og_description":"Tasa de seguridad e higiene: comerciantes unidos emiti\u00f3 un comunicado ya que se tratar\u00e1 en una nueva sesi\u00f3n del HCD este jueves.","og_url":"https:\/\/experienciadevida.com.ar\/portalurbano\/comerciantes-unidos-emitio-un-comunicado-sobre-la-tasa-de-seguridad-e-higiene\/","article_publisher":"https:\/\/www.facebook.com\/Portal-Urbano-171542830093757\/","article_published_time":"2020-09-09T17:05:06+00:00","article_modified_time":"2020-09-09T17:06:28+00:00","og_image":[{"width":667,"height":500,"url":"https:\/\/experienciadevida.com.ar\/portalurbano\/wp-content\/uploads\/2018\/08\/HCD-1.jpg","type":"image\/jpeg"}],"author":"admpu17wp","twitter_card":"summary_large_image","twitter_creator":"@portalurbanook","twitter_site":"@portalurbanook","twitter_misc":{"Escrito por":"admpu17wp","Tiempo de lectura":"2 minutos"},"schema":{"@context":"https:\/\/schema.org","@graph":[{"@type":"Article","@id":"https:\/\/experienciadevida.com.ar\/portalurbano\/comerciantes-unidos-emitio-un-comunicado-sobre-la-tasa-de-seguridad-e-higiene\/#article","isPartOf":{"@id":"https:\/\/experienciadevida.com.ar\/portalurbano\/comerciantes-unidos-emitio-un-comunicado-sobre-la-tasa-de-seguridad-e-higiene\/"},"author":{"name":"admpu17wp","@id":"https:\/\/experienciadevida.com.ar\/portalurbano\/#\/schema\/person\/02dd326b1c4b056e9cc972486934a3a7"},"headline":"Comerciantes Unidos emiti\u00f3 un comunicado sobre la tasa de seguridad e higiene","datePublished":"2020-09-09T17:05:06+00:00","dateModified":"2020-09-09T17:06:28+00:00","mainEntityOfPage":{"@id":"https:\/\/experienciadevida.com.ar\/portalurbano\/comerciantes-unidos-emitio-un-comunicado-sobre-la-tasa-de-seguridad-e-higiene\/"},"wordCount":508,"publisher":{"@id":"https:\/\/experienciadevida.com.ar\/portalurbano\/#organization"},"articleSection":["Ciudad","Destacadas"],"inLanguage":"es"},{"@type":"WebPage","@id":"https:\/\/experienciadevida.com.ar\/portalurbano\/comerciantes-unidos-emitio-un-comunicado-sobre-la-tasa-de-seguridad-e-higiene\/","url":"https:\/\/experienciadevida.com.ar\/portalurbano\/comerciantes-unidos-emitio-un-comunicado-sobre-la-tasa-de-seguridad-e-higiene\/","name":"Tasa de seguridad e higiene: Comerciantes unidos emiti\u00f3 un comunicado","isPartOf":{"@id":"https:\/\/experienciadevida.com.ar\/portalurbano\/#website"},"datePublished":"2020-09-09T17:05:06+00:00","dateModified":"2020-09-09T17:06:28+00:00","description":"Tasa de seguridad e higiene: comerciantes unidos emiti\u00f3 un comunicado ya que se tratar\u00e1 en una nueva sesi\u00f3n del HCD este jueves.","breadcrumb":{"@id":"https:\/\/experienciadevida.com.ar\/portalurbano\/comerciantes-unidos-emitio-un-comunicado-sobre-la-tasa-de-seguridad-e-higiene\/#breadcrumb"},"inLanguage":"es","potentialAction":[{"@type":"ReadAction","target":["https:\/\/experienciadevida.com.ar\/portalurbano\/comerciantes-unidos-emitio-un-comunicado-sobre-la-tasa-de-seguridad-e-higiene\/"]}]},{"@type":"BreadcrumbList","@id":"https:\/\/experienciadevida.com.ar\/portalurbano\/comerciantes-unidos-emitio-un-comunicado-sobre-la-tasa-de-seguridad-e-higiene\/#breadcrumb","itemListElement":[{"@type":"ListItem","position":1,"name":"Portada","item":"https:\/\/experienciadevida.com.ar\/portalurbano\/"},{"@type":"ListItem","position":2,"name":"Comerciantes Unidos emiti\u00f3 un comunicado sobre la tasa de seguridad e higiene"}]},{"@type":"WebSite","@id":"https:\/\/experienciadevida.com.ar\/portalurbano\/#website","url":"https:\/\/experienciadevida.com.ar\/portalurbano\/","name":"","description":"","publisher":{"@id":"https:\/\/experienciadevida.com.ar\/portalurbano\/#organization"},"potentialAction":[{"@type":"SearchAction","target":{"@type":"EntryPoint","urlTemplate":"https:\/\/experienciadevida.com.ar\/portalurbano\/?s={search_term_string}"},"query-input":"required name=search_term_string"}],"inLanguage":"es"},{"@type":"Organization","@id":"https:\/\/experienciadevida.com.ar\/portalurbano\/#organization","name":"Portal Urbano","url":"https:\/\/experienciadevida.com.ar\/portalurbano\/","logo":{"@type":"ImageObject","inLanguage":"es","@id":"https:\/\/experienciadevida.com.ar\/portalurbano\/#\/schema\/logo\/image\/","url":"https:\/\/experienciadevida.com.ar\/portalurbano\/wp-content\/uploads\/2019\/09\/Logo-Original.png","contentUrl":"https:\/\/experienciadevida.com.ar\/portalurbano\/wp-content\/uploads\/2019\/09\/Logo-Original.png","width":2236,"height":1216,"caption":"Portal Urbano"},"image":{"@id":"https:\/\/experienciadevida.com.ar\/portalurbano\/#\/schema\/logo\/image\/"},"sameAs":["https:\/\/www.facebook.com\/Portal-Urbano-171542830093757\/","https:\/\/twitter.com\/portalurbanook","https:\/\/www.instagram.com\/_portalurbano\/","https:\/\/www.youtube.com\/channel\/UCXhagIfszH8KxFiOok79zbA?view_as=subscriber"]},{"@type":"Person","@id":"https:\/\/experienciadevida.com.ar\/portalurbano\/#\/schema\/person\/02dd326b1c4b056e9cc972486934a3a7","name":"admpu17wp","image":{"@type":"ImageObject","inLanguage":"es","@id":"https:\/\/experienciadevida.com.ar\/portalurbano\/#\/schema\/person\/image\/","url":"https:\/\/secure.gravatar.com\/avatar\/830d4c57adaae6630765e449a6908047?s=96&d=mm&r=g","contentUrl":"https:\/\/secure.gravatar.com\/avatar\/830d4c57adaae6630765e449a6908047?s=96&d=mm&r=g","caption":"admpu17wp"}}]}},"featured_image_urls":{"full":"","thumbnail":"","medium":"","medium_large":"","large":"","ug_big":"","1536x1536":"","2048x2048":"","newsever-slider-full":"","newsever-featured":"","newsever-medium":"","web-stories-poster-portrait":"","web-stories-publisher-logo":"","web-stories-thumbnail":""},"author_info":{"display_name":"admpu17wp","author_link":"https:\/\/experienciadevida.com.ar\/portalurbano\/author\/admpu17wp\/"},"category_info":"<a href=\"https:\/\/experienciadevida.com.ar\/portalurbano\/category\/ciudad\/\" rel=\"category tag\">Ciudad<\/a> <a href=\"https:\/\/experienciadevida.com.ar\/portalurbano\/category\/destacadas\/\" rel=\"category tag\">Destacadas<\/a>","tag_info":"Destacadas","comment_count":"0","amp_enabled":true,"_links":{"self":[{"href":"https:\/\/experienciadevida.com.ar\/portalurbano\/wp-json\/wp\/v2\/posts\/120810"}],"collection":[{"href":"https:\/\/experienciadevida.com.ar\/portalurbano\/wp-json\/wp\/v2\/posts"}],"about":[{"href":"https:\/\/experienciadevida.com.ar\/portalurbano\/wp-json\/wp\/v2\/types\/post"}],"author":[{"embeddable":true,"href":"https:\/\/experienciadevida.com.ar\/portalurbano\/wp-json\/wp\/v2\/users\/1"}],"replies":[{"embeddable":true,"href":"https:\/\/experienciadevida.com.ar\/portalurbano\/wp-json\/wp\/v2\/comments?post=120810"}],"version-history":[{"count":1,"href":"https:\/\/experienciadevida.com.ar\/portalurbano\/wp-json\/wp\/v2\/posts\/120810\/revisions"}],"predecessor-version":[{"id":120811,"href":"https:\/\/experienciadevida.com.ar\/portalurbano\/wp-json\/wp\/v2\/posts\/120810\/revisions\/120811"}],"wp:attachment":[{"href":"https:\/\/experienciadevida.com.ar\/portalurbano\/wp-json\/wp\/v2\/media?parent=120810"}],"wp:term":[{"taxonomy":"category","embeddable":true,"href":"https:\/\/experienciadevida.com.ar\/portalurbano\/wp-json\/wp\/v2\/categories?post=120810"},{"taxonomy":"post_tag","embeddable":true,"href":"https:\/\/experienciadevida.com.ar\/portalurbano\/wp-json\/wp\/v2\/tags?post=120810"}],"curies":[{"name":"wp","href":"https:\/\/api.w.org\/{rel}","templated":true}]}}