{"id":120799,"date":"2020-09-09T12:11:12","date_gmt":"2020-09-09T15:11:12","guid":{"rendered":"https:\/\/experienciadevida.com.ar\/portalurbano\/?p=120799"},"modified":"2020-09-09T12:13:50","modified_gmt":"2020-09-09T15:13:50","slug":"lanzan-un-programa-de-ayuda-economica-para-victimas-de-violencia-de-genero","status":"publish","type":"post","link":"https:\/\/experienciadevida.com.ar\/portalurbano\/lanzan-un-programa-de-ayuda-economica-para-victimas-de-violencia-de-genero\/","title":{"rendered":"Lanzan un programa de ayuda econ\u00f3mica para v\u00edctimas de violencia de g\u00e9nero"},"content":{"rendered":"<p>Lanzan un programa de ayuda econ\u00f3mica para\u00a0<strong>v\u00edctimas de violencia de g\u00e9nero<\/strong>, la iniciativa &#8220;acompa\u00f1ar&#8221; busca garantizar autonom\u00eda de mujeres y personas del colectivo LGBTI+, mediante una prestaci\u00f3n econ\u00f3mica y el fortalecimiento de redes de contenci\u00f3n.<\/p>\n<p>El Ministerio de las Mujeres, G\u00e9neros y Diversidad y la Administraci\u00f3n Nacional de la Seguridad Social (Anses) oficializaron este mi\u00e9rcoles la puesta en marcha del &#8220;programa de apoyo y acompa\u00f1amiento a personas en situaci\u00f3n de riesgo por violencia de g\u00e9nero (Acompa\u00f1ar)&#8221; para\u00a0<strong>v\u00edctimas de violencia de g\u00e9nero<\/strong>.<\/p>\n<p>A trav\u00e9s del Decreto734\/2020, la normativa estar\u00e1 destinada a promover la autonom\u00eda de las mujeres y personas LGBTI+ que se encuentran en riesgo\u00a0 acreditado dentro de las causales previstas por motivos de g\u00e9nero.<\/p>\n<p>De esta forma, y mediante el otorgamiento de una prestaci\u00f3n econ\u00f3mica y del fortalecimiento de redes de acompa\u00f1amiento, el Estado se compromete en &#8220;cubrir los gastos esenciales de organizaci\u00f3n y desarrollo de un proyecto de vida aut\u00f3nomo y libre de violencias&#8221;.<\/p>\n<p>Las y los interesados deber\u00e1n acreditar la situaci\u00f3n de riesgo por violencia por motivos de g\u00e9nero mediante un informe social de un dispositivo de atenci\u00f3n oficial de violencias local, provincial o de la Ciudad de Buenos Aires.<\/p>\n<p>Adem\u00e1s s\u00f3lo ser\u00e1n contempladas aquellas personas residentes en el pa\u00eds que sea ciudadana argentina nativa, por opci\u00f3n o naturalizada; o extranjera con residencia legal no inferior a un a\u00f1o anterior a la solicitud, a partir de los 18 a\u00f1os de edad.<\/p>\n<p>El monto, que ser\u00e1 liquidado por medio de Anses, consistir\u00e1 en una suma de dinero no reintegrable, de car\u00e1cter personal, no renovable y no contributiva por el valor de un salario m\u00ednimo vital y m\u00f3vil ($16.875), que se abonar\u00e1 durante seis per\u00edodos mensuales consecutivos para\u00a0<strong>v\u00edctimas de violencia de g\u00e9nero<\/strong>.<\/p>\n<p>La prestaci\u00f3n ser\u00e1 compatible con:<\/p>\n<p>Asignaci\u00f3n Universal por hijo o hija (AUH);<br \/>\nAsignaci\u00f3n Universal por Embarazo para Protecci\u00f3n Social (AUE);<br \/>\nAsignaci\u00f3n por hijo o hija con discapacidad;<br \/>\nMonotributo Social,<br \/>\nIngreso Familiar de Emergencia (IFE),<br \/>\nTrabajo registrado bajo el R\u00e9gimen Especial de Contrato de Trabajo para el Personal de Casas Particulares.<\/p>\n<p>No podr\u00e1n accceder:<\/p>\n<p>Ingresos por trabajo en relaci\u00f3n de dependencia registrado en el sector p\u00fablico o privado; monotributo; y r\u00e9gimen de aut\u00f3nomos, excepto la compatibilidad establecida en el ART\u00cdCULO 6\u00b0 incisos d) y f) del presente;<\/p>\n<p>Subsidio o prestaci\u00f3n monetaria no reintegrable con fines de empleo y\/o capacitaci\u00f3n otorgado por el Estado Nacional;<\/p>\n<p>Jubilaciones, Pensiones, o Retiros de car\u00e1cter contributivo o no contributivo, sean nacionales, provinciales, municipales, o de la Ciudad Aut\u00f3noma de Buenos Aires;<\/p>\n<p>Pensi\u00f3n Universal para el Adulto Mayor dispuesta por el Decreto N\u00b0 894\/2016;<\/p>\n<p>Prestaci\u00f3n por desempleo.<\/p>\n<p>En tanto, se dejar\u00e1 de percibir la asistencia a partir del fallecimiento de la persona destinataria, enuncia expresa, por el ingreso a otro programa social de apoyo econ\u00f3mico destinado a personas en situaci\u00f3n de violencia por motivos de g\u00e9nero, o incompatibilidad.<\/p>\n<p>El texto oficial lleva la firma del presidente Alberto Fern\u00e1ndez, el jefe de Gabinete Santiago Cafiero, y la titular de la cartera de g\u00e9nero y minor\u00edas, Elizabeth G\u00f3mez Alcorta.<\/p>\n<p>Fuente: BAE Negocios<\/p>\n","protected":false},"excerpt":{"rendered":"<p>Lanzan un programa de ayuda econ\u00f3mica para\u00a0v\u00edctimas de violencia de g\u00e9nero, la iniciativa &#8220;acompa\u00f1ar&#8221; busca&#8230;<\/p>\n","protected":false},"author":1,"featured_media":120800,"comment_status":"closed","ping_status":"closed","sticky":false,"template":"","format":"standard","meta":{"content-type":""},"categories":[39],"tags":[],"nelio_content":{"isAutoShareEnabled":false,"autoShareEndMode":"default","automationSources":{"useContentSentences":true,"useSocialTemplates":true,"useCustomSentences":false,"customSentences":[]},"followers":[1],"suggestedReferences":[],"includedReferences":[],"efiUrl":"","efiAlt":"","highlights":[]},"yoast_head":"<!-- This site is optimized with the Yoast SEO plugin v20.7 - https:\/\/yoast.com\/wordpress\/plugins\/seo\/ -->\n<title>V\u00edctimas de violencia de g\u00e9nero: Lanzan un programa de ayuda<\/title>\n<meta name=\"description\" content=\"Lanzan un programa de ayuda econ\u00f3mica para v\u00edctimas de violencia de g\u00e9nero, denominado &quot;acompa\u00f1ar&quot; que busca la autonom\u00eda en las mujeres.\" \/>\n<meta name=\"robots\" content=\"index, follow, max-snippet:-1, max-image-preview:large, max-video-preview:-1\" \/>\n<link rel=\"canonical\" href=\"https:\/\/experienciadevida.com.ar\/portalurbano\/lanzan-un-programa-de-ayuda-economica-para-victimas-de-violencia-de-genero\/\" \/>\n<meta property=\"og:locale\" content=\"es_ES\" \/>\n<meta property=\"og:type\" content=\"article\" \/>\n<meta property=\"og:title\" content=\"V\u00edctimas de violencia de g\u00e9nero: Lanzan un programa de ayuda\" \/>\n<meta property=\"og:description\" content=\"Lanzan un programa de ayuda econ\u00f3mica para v\u00edctimas de violencia de g\u00e9nero, denominado &quot;acompa\u00f1ar&quot; que busca la autonom\u00eda en las mujeres.\" \/>\n<meta property=\"og:url\" content=\"https:\/\/experienciadevida.com.ar\/portalurbano\/lanzan-un-programa-de-ayuda-economica-para-victimas-de-violencia-de-genero\/\" \/>\n<meta property=\"article:publisher\" content=\"https:\/\/www.facebook.com\/Portal-Urbano-171542830093757\/\" \/>\n<meta property=\"article:published_time\" content=\"2020-09-09T15:11:12+00:00\" \/>\n<meta property=\"article:modified_time\" content=\"2020-09-09T15:13:50+00:00\" \/>\n<meta property=\"og:image\" content=\"https:\/\/experienciadevida.com.ar\/portalurbano\/wp-content\/uploads\/2020\/09\/victimas-de-violencia-de-genero.jpg\" \/>\n\t<meta property=\"og:image:width\" content=\"970\" \/>\n\t<meta property=\"og:image:height\" content=\"546\" \/>\n\t<meta property=\"og:image:type\" content=\"image\/jpeg\" \/>\n<meta name=\"author\" content=\"admpu17wp\" \/>\n<meta name=\"twitter:card\" content=\"summary_large_image\" \/>\n<meta name=\"twitter:creator\" content=\"@portalurbanook\" \/>\n<meta name=\"twitter:site\" content=\"@portalurbanook\" \/>\n<meta name=\"twitter:label1\" content=\"Escrito por\" \/>\n\t<meta name=\"twitter:data1\" content=\"admpu17wp\" \/>\n\t<meta name=\"twitter:label2\" content=\"Tiempo de lectura\" \/>\n\t<meta name=\"twitter:data2\" content=\"3 minutos\" \/>\n<script type=\"application\/ld+json\" class=\"yoast-schema-graph\">{\"@context\":\"https:\/\/schema.org\",\"@graph\":[{\"@type\":\"Article\",\"@id\":\"https:\/\/experienciadevida.com.ar\/portalurbano\/lanzan-un-programa-de-ayuda-economica-para-victimas-de-violencia-de-genero\/#article\",\"isPartOf\":{\"@id\":\"https:\/\/experienciadevida.com.ar\/portalurbano\/lanzan-un-programa-de-ayuda-economica-para-victimas-de-violencia-de-genero\/\"},\"author\":{\"name\":\"admpu17wp\",\"@id\":\"https:\/\/experienciadevida.com.ar\/portalurbano\/#\/schema\/person\/02dd326b1c4b056e9cc972486934a3a7\"},\"headline\":\"Lanzan un programa de ayuda econ\u00f3mica para v\u00edctimas de violencia de g\u00e9nero\",\"datePublished\":\"2020-09-09T15:11:12+00:00\",\"dateModified\":\"2020-09-09T15:13:50+00:00\",\"mainEntityOfPage\":{\"@id\":\"https:\/\/experienciadevida.com.ar\/portalurbano\/lanzan-un-programa-de-ayuda-economica-para-victimas-de-violencia-de-genero\/\"},\"wordCount\":577,\"publisher\":{\"@id\":\"https:\/\/experienciadevida.com.ar\/portalurbano\/#organization\"},\"articleSection\":[\"Naci\u00f3n\"],\"inLanguage\":\"es\"},{\"@type\":\"WebPage\",\"@id\":\"https:\/\/experienciadevida.com.ar\/portalurbano\/lanzan-un-programa-de-ayuda-economica-para-victimas-de-violencia-de-genero\/\",\"url\":\"https:\/\/experienciadevida.com.ar\/portalurbano\/lanzan-un-programa-de-ayuda-economica-para-victimas-de-violencia-de-genero\/\",\"name\":\"V\u00edctimas de violencia de g\u00e9nero: Lanzan un programa de ayuda\",\"isPartOf\":{\"@id\":\"https:\/\/experienciadevida.com.ar\/portalurbano\/#website\"},\"datePublished\":\"2020-09-09T15:11:12+00:00\",\"dateModified\":\"2020-09-09T15:13:50+00:00\",\"description\":\"Lanzan un programa de ayuda econ\u00f3mica para v\u00edctimas de violencia de g\u00e9nero, denominado \\\"acompa\u00f1ar\\\" que busca la autonom\u00eda en las mujeres.\",\"breadcrumb\":{\"@id\":\"https:\/\/experienciadevida.com.ar\/portalurbano\/lanzan-un-programa-de-ayuda-economica-para-victimas-de-violencia-de-genero\/#breadcrumb\"},\"inLanguage\":\"es\",\"potentialAction\":[{\"@type\":\"ReadAction\",\"target\":[\"https:\/\/experienciadevida.com.ar\/portalurbano\/lanzan-un-programa-de-ayuda-economica-para-victimas-de-violencia-de-genero\/\"]}]},{\"@type\":\"BreadcrumbList\",\"@id\":\"https:\/\/experienciadevida.com.ar\/portalurbano\/lanzan-un-programa-de-ayuda-economica-para-victimas-de-violencia-de-genero\/#breadcrumb\",\"itemListElement\":[{\"@type\":\"ListItem\",\"position\":1,\"name\":\"Portada\",\"item\":\"https:\/\/experienciadevida.com.ar\/portalurbano\/\"},{\"@type\":\"ListItem\",\"position\":2,\"name\":\"Lanzan un programa de ayuda econ\u00f3mica para v\u00edctimas de violencia de g\u00e9nero\"}]},{\"@type\":\"WebSite\",\"@id\":\"https:\/\/experienciadevida.com.ar\/portalurbano\/#website\",\"url\":\"https:\/\/experienciadevida.com.ar\/portalurbano\/\",\"name\":\"\",\"description\":\"\",\"publisher\":{\"@id\":\"https:\/\/experienciadevida.com.ar\/portalurbano\/#organization\"},\"potentialAction\":[{\"@type\":\"SearchAction\",\"target\":{\"@type\":\"EntryPoint\",\"urlTemplate\":\"https:\/\/experienciadevida.com.ar\/portalurbano\/?s={search_term_string}\"},\"query-input\":\"required name=search_term_string\"}],\"inLanguage\":\"es\"},{\"@type\":\"Organization\",\"@id\":\"https:\/\/experienciadevida.com.ar\/portalurbano\/#organization\",\"name\":\"Portal Urbano\",\"url\":\"https:\/\/experienciadevida.com.ar\/portalurbano\/\",\"logo\":{\"@type\":\"ImageObject\",\"inLanguage\":\"es\",\"@id\":\"https:\/\/experienciadevida.com.ar\/portalurbano\/#\/schema\/logo\/image\/\",\"url\":\"https:\/\/experienciadevida.com.ar\/portalurbano\/wp-content\/uploads\/2019\/09\/Logo-Original.png\",\"contentUrl\":\"https:\/\/experienciadevida.com.ar\/portalurbano\/wp-content\/uploads\/2019\/09\/Logo-Original.png\",\"width\":2236,\"height\":1216,\"caption\":\"Portal Urbano\"},\"image\":{\"@id\":\"https:\/\/experienciadevida.com.ar\/portalurbano\/#\/schema\/logo\/image\/\"},\"sameAs\":[\"https:\/\/www.facebook.com\/Portal-Urbano-171542830093757\/\",\"https:\/\/twitter.com\/portalurbanook\",\"https:\/\/www.instagram.com\/_portalurbano\/\",\"https:\/\/www.youtube.com\/channel\/UCXhagIfszH8KxFiOok79zbA?view_as=subscriber\"]},{\"@type\":\"Person\",\"@id\":\"https:\/\/experienciadevida.com.ar\/portalurbano\/#\/schema\/person\/02dd326b1c4b056e9cc972486934a3a7\",\"name\":\"admpu17wp\",\"image\":{\"@type\":\"ImageObject\",\"inLanguage\":\"es\",\"@id\":\"https:\/\/experienciadevida.com.ar\/portalurbano\/#\/schema\/person\/image\/\",\"url\":\"https:\/\/secure.gravatar.com\/avatar\/830d4c57adaae6630765e449a6908047?s=96&d=mm&r=g\",\"contentUrl\":\"https:\/\/secure.gravatar.com\/avatar\/830d4c57adaae6630765e449a6908047?s=96&d=mm&r=g\",\"caption\":\"admpu17wp\"}}]}<\/script>\n<!-- \/ Yoast SEO plugin. -->","yoast_head_json":{"title":"V\u00edctimas de violencia de g\u00e9nero: Lanzan un programa de ayuda","description":"Lanzan un programa de ayuda econ\u00f3mica para v\u00edctimas de violencia de g\u00e9nero, denominado \"acompa\u00f1ar\" que busca la autonom\u00eda en las mujeres.","robots":{"index":"index","follow":"follow","max-snippet":"max-snippet:-1","max-image-preview":"max-image-preview:large","max-video-preview":"max-video-preview:-1"},"canonical":"https:\/\/experienciadevida.com.ar\/portalurbano\/lanzan-un-programa-de-ayuda-economica-para-victimas-de-violencia-de-genero\/","og_locale":"es_ES","og_type":"article","og_title":"V\u00edctimas de violencia de g\u00e9nero: Lanzan un programa de ayuda","og_description":"Lanzan un programa de ayuda econ\u00f3mica para v\u00edctimas de violencia de g\u00e9nero, denominado \"acompa\u00f1ar\" que busca la autonom\u00eda en las mujeres.","og_url":"https:\/\/experienciadevida.com.ar\/portalurbano\/lanzan-un-programa-de-ayuda-economica-para-victimas-de-violencia-de-genero\/","article_publisher":"https:\/\/www.facebook.com\/Portal-Urbano-171542830093757\/","article_published_time":"2020-09-09T15:11:12+00:00","article_modified_time":"2020-09-09T15:13:50+00:00","og_image":[{"width":970,"height":546,"url":"https:\/\/experienciadevida.com.ar\/portalurbano\/wp-content\/uploads\/2020\/09\/victimas-de-violencia-de-genero.jpg","type":"image\/jpeg"}],"author":"admpu17wp","twitter_card":"summary_large_image","twitter_creator":"@portalurbanook","twitter_site":"@portalurbanook","twitter_misc":{"Escrito por":"admpu17wp","Tiempo de lectura":"3 minutos"},"schema":{"@context":"https:\/\/schema.org","@graph":[{"@type":"Article","@id":"https:\/\/experienciadevida.com.ar\/portalurbano\/lanzan-un-programa-de-ayuda-economica-para-victimas-de-violencia-de-genero\/#article","isPartOf":{"@id":"https:\/\/experienciadevida.com.ar\/portalurbano\/lanzan-un-programa-de-ayuda-economica-para-victimas-de-violencia-de-genero\/"},"author":{"name":"admpu17wp","@id":"https:\/\/experienciadevida.com.ar\/portalurbano\/#\/schema\/person\/02dd326b1c4b056e9cc972486934a3a7"},"headline":"Lanzan un programa de ayuda econ\u00f3mica para v\u00edctimas de violencia de g\u00e9nero","datePublished":"2020-09-09T15:11:12+00:00","dateModified":"2020-09-09T15:13:50+00:00","mainEntityOfPage":{"@id":"https:\/\/experienciadevida.com.ar\/portalurbano\/lanzan-un-programa-de-ayuda-economica-para-victimas-de-violencia-de-genero\/"},"wordCount":577,"publisher":{"@id":"https:\/\/experienciadevida.com.ar\/portalurbano\/#organization"},"articleSection":["Naci\u00f3n"],"inLanguage":"es"},{"@type":"WebPage","@id":"https:\/\/experienciadevida.com.ar\/portalurbano\/lanzan-un-programa-de-ayuda-economica-para-victimas-de-violencia-de-genero\/","url":"https:\/\/experienciadevida.com.ar\/portalurbano\/lanzan-un-programa-de-ayuda-economica-para-victimas-de-violencia-de-genero\/","name":"V\u00edctimas de violencia de g\u00e9nero: Lanzan un programa de ayuda","isPartOf":{"@id":"https:\/\/experienciadevida.com.ar\/portalurbano\/#website"},"datePublished":"2020-09-09T15:11:12+00:00","dateModified":"2020-09-09T15:13:50+00:00","description":"Lanzan un programa de ayuda econ\u00f3mica para v\u00edctimas de violencia de g\u00e9nero, denominado \"acompa\u00f1ar\" que busca la autonom\u00eda en las mujeres.","breadcrumb":{"@id":"https:\/\/experienciadevida.com.ar\/portalurbano\/lanzan-un-programa-de-ayuda-economica-para-victimas-de-violencia-de-genero\/#breadcrumb"},"inLanguage":"es","potentialAction":[{"@type":"ReadAction","target":["https:\/\/experienciadevida.com.ar\/portalurbano\/lanzan-un-programa-de-ayuda-economica-para-victimas-de-violencia-de-genero\/"]}]},{"@type":"BreadcrumbList","@id":"https:\/\/experienciadevida.com.ar\/portalurbano\/lanzan-un-programa-de-ayuda-economica-para-victimas-de-violencia-de-genero\/#breadcrumb","itemListElement":[{"@type":"ListItem","position":1,"name":"Portada","item":"https:\/\/experienciadevida.com.ar\/portalurbano\/"},{"@type":"ListItem","position":2,"name":"Lanzan un programa de ayuda econ\u00f3mica para v\u00edctimas de violencia de g\u00e9nero"}]},{"@type":"WebSite","@id":"https:\/\/experienciadevida.com.ar\/portalurbano\/#website","url":"https:\/\/experienciadevida.com.ar\/portalurbano\/","name":"","description":"","publisher":{"@id":"https:\/\/experienciadevida.com.ar\/portalurbano\/#organization"},"potentialAction":[{"@type":"SearchAction","target":{"@type":"EntryPoint","urlTemplate":"https:\/\/experienciadevida.com.ar\/portalurbano\/?s={search_term_string}"},"query-input":"required name=search_term_string"}],"inLanguage":"es"},{"@type":"Organization","@id":"https:\/\/experienciadevida.com.ar\/portalurbano\/#organization","name":"Portal Urbano","url":"https:\/\/experienciadevida.com.ar\/portalurbano\/","logo":{"@type":"ImageObject","inLanguage":"es","@id":"https:\/\/experienciadevida.com.ar\/portalurbano\/#\/schema\/logo\/image\/","url":"https:\/\/experienciadevida.com.ar\/portalurbano\/wp-content\/uploads\/2019\/09\/Logo-Original.png","contentUrl":"https:\/\/experienciadevida.com.ar\/portalurbano\/wp-content\/uploads\/2019\/09\/Logo-Original.png","width":2236,"height":1216,"caption":"Portal Urbano"},"image":{"@id":"https:\/\/experienciadevida.com.ar\/portalurbano\/#\/schema\/logo\/image\/"},"sameAs":["https:\/\/www.facebook.com\/Portal-Urbano-171542830093757\/","https:\/\/twitter.com\/portalurbanook","https:\/\/www.instagram.com\/_portalurbano\/","https:\/\/www.youtube.com\/channel\/UCXhagIfszH8KxFiOok79zbA?view_as=subscriber"]},{"@type":"Person","@id":"https:\/\/experienciadevida.com.ar\/portalurbano\/#\/schema\/person\/02dd326b1c4b056e9cc972486934a3a7","name":"admpu17wp","image":{"@type":"ImageObject","inLanguage":"es","@id":"https:\/\/experienciadevida.com.ar\/portalurbano\/#\/schema\/person\/image\/","url":"https:\/\/secure.gravatar.com\/avatar\/830d4c57adaae6630765e449a6908047?s=96&d=mm&r=g","contentUrl":"https:\/\/secure.gravatar.com\/avatar\/830d4c57adaae6630765e449a6908047?s=96&d=mm&r=g","caption":"admpu17wp"}}]}},"featured_image_urls":{"full":["https:\/\/experienciadevida.com.ar\/portalurbano\/wp-content\/uploads\/2020\/09\/victimas-de-violencia-de-genero.jpg",970,546,false],"thumbnail":["https:\/\/experienciadevida.com.ar\/portalurbano\/wp-content\/uploads\/2020\/09\/victimas-de-violencia-de-genero-150x150.jpg",150,150,true],"medium":["https:\/\/experienciadevida.com.ar\/portalurbano\/wp-content\/uploads\/2020\/09\/victimas-de-violencia-de-genero-300x169.jpg",300,169,true],"medium_large":["https:\/\/experienciadevida.com.ar\/portalurbano\/wp-content\/uploads\/2020\/09\/victimas-de-violencia-de-genero-768x432.jpg",640,360,true],"large":["https:\/\/experienciadevida.com.ar\/portalurbano\/wp-content\/uploads\/2020\/09\/victimas-de-violencia-de-genero.jpg",640,360,false],"ug_big":["https:\/\/experienciadevida.com.ar\/portalurbano\/wp-content\/uploads\/2020\/09\/victimas-de-violencia-de-genero-768x432.jpg",768,432,true],"1536x1536":["https:\/\/experienciadevida.com.ar\/portalurbano\/wp-content\/uploads\/2020\/09\/victimas-de-violencia-de-genero.jpg",970,546,false],"2048x2048":["https:\/\/experienciadevida.com.ar\/portalurbano\/wp-content\/uploads\/2020\/09\/victimas-de-violencia-de-genero.jpg",970,546,false],"newsever-slider-full":["https:\/\/experienciadevida.com.ar\/portalurbano\/wp-content\/uploads\/2020\/09\/victimas-de-violencia-de-genero.jpg",970,546,false],"newsever-featured":["https:\/\/experienciadevida.com.ar\/portalurbano\/wp-content\/uploads\/2020\/09\/victimas-de-violencia-de-genero.jpg",970,546,false],"newsever-medium":["https:\/\/experienciadevida.com.ar\/portalurbano\/wp-content\/uploads\/2020\/09\/victimas-de-violencia-de-genero.jpg",720,405,false],"web-stories-poster-portrait":["https:\/\/experienciadevida.com.ar\/portalurbano\/wp-content\/uploads\/2020\/09\/victimas-de-violencia-de-genero.jpg",640,360,false],"web-stories-publisher-logo":["https:\/\/experienciadevida.com.ar\/portalurbano\/wp-content\/uploads\/2020\/09\/victimas-de-violencia-de-genero.jpg",96,54,false],"web-stories-thumbnail":["https:\/\/experienciadevida.com.ar\/portalurbano\/wp-content\/uploads\/2020\/09\/victimas-de-violencia-de-genero.jpg",150,84,false]},"author_info":{"display_name":"admpu17wp","author_link":"https:\/\/experienciadevida.com.ar\/portalurbano\/author\/admpu17wp\/"},"category_info":"<a href=\"https:\/\/experienciadevida.com.ar\/portalurbano\/category\/nacion\/\" rel=\"category tag\">Naci\u00f3n<\/a>","tag_info":"Naci\u00f3n","comment_count":"0","amp_enabled":true,"_links":{"self":[{"href":"https:\/\/experienciadevida.com.ar\/portalurbano\/wp-json\/wp\/v2\/posts\/120799"}],"collection":[{"href":"https:\/\/experienciadevida.com.ar\/portalurbano\/wp-json\/wp\/v2\/posts"}],"about":[{"href":"https:\/\/experienciadevida.com.ar\/portalurbano\/wp-json\/wp\/v2\/types\/post"}],"author":[{"embeddable":true,"href":"https:\/\/experienciadevida.com.ar\/portalurbano\/wp-json\/wp\/v2\/users\/1"}],"replies":[{"embeddable":true,"href":"https:\/\/experienciadevida.com.ar\/portalurbano\/wp-json\/wp\/v2\/comments?post=120799"}],"version-history":[{"count":1,"href":"https:\/\/experienciadevida.com.ar\/portalurbano\/wp-json\/wp\/v2\/posts\/120799\/revisions"}],"predecessor-version":[{"id":120801,"href":"https:\/\/experienciadevida.com.ar\/portalurbano\/wp-json\/wp\/v2\/posts\/120799\/revisions\/120801"}],"wp:featuredmedia":[{"embeddable":true,"href":"https:\/\/experienciadevida.com.ar\/portalurbano\/wp-json\/wp\/v2\/media\/120800"}],"wp:attachment":[{"href":"https:\/\/experienciadevida.com.ar\/portalurbano\/wp-json\/wp\/v2\/media?parent=120799"}],"wp:term":[{"taxonomy":"category","embeddable":true,"href":"https:\/\/experienciadevida.com.ar\/portalurbano\/wp-json\/wp\/v2\/categories?post=120799"},{"taxonomy":"post_tag","embeddable":true,"href":"https:\/\/experienciadevida.com.ar\/portalurbano\/wp-json\/wp\/v2\/tags?post=120799"}],"curies":[{"name":"wp","href":"https:\/\/api.w.org\/{rel}","templated":true}]}}